{"id":12809,"date":"2024-04-09T11:54:50","date_gmt":"2024-04-09T09:54:50","guid":{"rendered":"https:\/\/www.renouvelle.be\/?p=12809"},"modified":"2024-04-09T11:54:56","modified_gmt":"2024-04-09T09:54:56","slug":"belgique-energie-eolienne-solaire-offre-plus-que-la-demande","status":"publish","type":"post","link":"https:\/\/www.renouvelle.be\/fr\/belgique-energie-eolienne-solaire-offre-plus-que-la-demande\/","title":{"rendered":"Week-end record en Belgique : l&rsquo;\u00e9nergie \u00e9olienne et solaire offre plus que la demande\u00a0"},"content":{"rendered":"\n<p>Ces p\u00e9riodes de production exc\u00e9dentaire, atteignant jusqu&rsquo;\u00e0 146% le samedi de 11h45 \u00e0 12h, ont dur\u00e9 pr\u00e8s de 6 heures cons\u00e9cutives le samedi et 3 heures cons\u00e9cutives le dimanche.&nbsp;&nbsp;<\/p>\n\n\n\n<p>C\u2019est un record\u202f! En effet cette situation ne s\u2019\u00e9tait jusqu\u2019\u00e0 pr\u00e9sent produite qu\u2019une seule fois dans l\u2019\u00e8re de la f\u00e9e \u00e9lectricit\u00e9, le 29 mai 2023 durant 30 minutes (<a href=\"https:\/\/www.renouvelle.be\/fr\/100-de-la-consommation-electrique-belge-a-ete-assuree-par-le-renouvelable-ce-30-mai-sur-le-temps-de-midi\/\" target=\"_blank\" rel=\"noreferrer noopener\">100% de la consommation \u00e9lectrique belge a \u00e9t\u00e9 assur\u00e9e par le renouvelable ce 29 mai de midi &#8211; Renouvelle<\/a>)&nbsp;<\/p>\n\n\n\n<p>Cette situation d\u00e9coule de l&rsquo;augmentation des capacit\u00e9s install\u00e9es dans les \u00e9nergies renouvelables, telles que l&rsquo;\u00e9olien et le photovolta\u00efque en 2024, ainsi que de conditions m\u00e9t\u00e9orologiques favorables, combinant un fort ensoleillement et un vent soutenu.&nbsp;&nbsp;<\/p>\n\n\n\n<p>\u00c0 noter que ces \u00e9v\u00e9nements se sont produits pendant les week-ends, p\u00e9riodes traditionnellement caract\u00e9ris\u00e9es par une demande \u00e9lectrique plus faible que les jours de semaine.&nbsp;<\/p>\n\n\n\n<figure class=\"wp-block-image size-full\"><img loading=\"lazy\" decoding=\"async\" width=\"1440\" height=\"583\" src=\"https:\/\/www.renouvelle.be\/wp-content\/uploads\/2024\/04\/Capture-decran-2024-04-09-114306.jpg\" alt=\"record Belgique \u00e9nergie solaire \u00e9nergie \u00e9olienne week-end\" class=\"wp-image-12818\" srcset=\"https:\/\/www.renouvelle.be\/wp-content\/uploads\/2024\/04\/Capture-decran-2024-04-09-114306.jpg 1440w, https:\/\/www.renouvelle.be\/wp-content\/uploads\/2024\/04\/Capture-decran-2024-04-09-114306-300x121.jpg 300w, https:\/\/www.renouvelle.be\/wp-content\/uploads\/2024\/04\/Capture-decran-2024-04-09-114306-1024x415.jpg 1024w, https:\/\/www.renouvelle.be\/wp-content\/uploads\/2024\/04\/Capture-decran-2024-04-09-114306-768x311.jpg 768w, https:\/\/www.renouvelle.be\/wp-content\/uploads\/2024\/04\/Capture-decran-2024-04-09-114306-1200x486.jpg 1200w\" sizes=\"auto, (max-width: 1440px) 100vw, 1440px\" \/><figcaption class=\"wp-element-caption\">Figure 1 Energie Commune, chiffres Elia\u00a0<\/figcaption><\/figure>\n\n\n\n<p><\/p>\n\n\n\n<p>\u202fCette bonne nouvelle soul\u00e8ve des d\u00e9fis qui n\u00e9cessiteront des adaptations \u00e0 l\u2019avenir\u202f :<\/p>\n\n\n\n<ol class=\"wp-block-list\" start=\"1\">\n<li><strong>Des d\u00e9crochages locaux d\u2019onduleurs<\/strong>\u00a0<\/li>\n<\/ol>\n\n\n\n<p>Certains prosumers ont constat\u00e9 l&rsquo;arr\u00eat de leurs installations de production lorsque la production locale atteignait la capacit\u00e9 maximale du r\u00e9seau \u00e0 l&rsquo;absorber. Bien que ce ph\u00e9nom\u00e8ne soit en partie ind\u00e9pendant de l&rsquo;\u00e9nergie \u00e9olienne, les onduleurs peuvent d\u00e9crocher m\u00eame en l&rsquo;absence de vent, comme cela a \u00e9t\u00e9 observ\u00e9 ce week-end.&nbsp;<\/p>\n\n\n\n<ol class=\"wp-block-list\" start=\"2\">\n<li><strong>Des prix n\u00e9gatifs sur le march\u00e9 de l\u2019\u00e9lectricit\u00e9<\/strong>\u00a0<\/li>\n<\/ol>\n\n\n\n<p>Sur le march\u00e9 de gros, qui r\u00e9pond par la loi de l&rsquo;offre et de la demande, une offre abondante entra\u00eene une baisse des prix pour le lendemain. De vendredi \u00e0 dimanche, certains prix de l&rsquo;\u00e9lectricit\u00e9 sont m\u00eame descendus \u00e0 0\u20ac ou moins pendant 26 heures. Si cela pr\u00e9sente un int\u00e9r\u00eat pour les consommateurs, en particulier les industriels, qui ont la capacit\u00e9 de d\u00e9placer leur consommation de mani\u00e8re significative (et donc d&rsquo;\u00eatre r\u00e9mun\u00e9r\u00e9s pour consommer), cela pose probl\u00e8me pour les producteurs.&nbsp;<\/p>\n\n\n\n<p>Ce type de situation d&rsquo;abondance, d\u00e9passant les 100% de la consommation int\u00e9rieure, devrait se reproduire plusieurs fois en 2024 et est appel\u00e9 \u00e0 devenir une norme, surtout lors des journ\u00e9es de faible consommation.&nbsp;&nbsp;<\/p>\n\n\n\n<p>Les besoins en flexibilit\u00e9, que ce soit par le biais d&rsquo;une consommation d\u00e9plac\u00e9e dans le temps ou du stockage, sont d\u00e9sormais une r\u00e9alit\u00e9 tangible qui nous poussera \u00e0 modifier nos comportements, \u00e0 faire \u00e9voluer nos technologies et m\u00eame \u00e0 \u00e9tablir de nouvelles normes : accepter de ne pas produire \u00e0 tout prix.&nbsp;<\/p>\n","protected":false},"excerpt":{"rendered":"<p>Ces p\u00e9riodes de production exc\u00e9dentaire, atteignant jusqu&rsquo;\u00e0 146% le samedi de 11h45 \u00e0 12h, ont dur\u00e9 pr\u00e8s de 6 heures cons\u00e9cutives le samedi et 3 heures cons\u00e9cutives le dimanche.&nbsp;&nbsp; C\u2019est un record\u202f! En effet cette situation ne s\u2019\u00e9tait jusqu\u2019\u00e0 pr\u00e9sent produite qu\u2019une seule fois dans l\u2019\u00e8re de la f\u00e9e \u00e9lectricit\u00e9, le 29 mai 2023 durant 30 minutes (100% de la consommation \u00e9lectrique belge a \u00e9t\u00e9 assur\u00e9e par le renouvelable ce 29 mai de midi &#8211; Renouvelle)&nbsp; Cette situation d\u00e9coule de l&rsquo;augmentation des capacit\u00e9s install\u00e9es dans les \u00e9nergies renouvelables, telles que l&rsquo;\u00e9olien et le photovolta\u00efque en 2024, ainsi que de conditions m\u00e9t\u00e9orologiques favorables, combinant un fort ensoleillement et un vent soutenu.&nbsp;&nbsp; \u00c0 noter que ces \u00e9v\u00e9nements se sont produits pendant les week-ends, p\u00e9riodes traditionnellement caract\u00e9ris\u00e9es par une demande \u00e9lectrique plus faible que les jours de semaine.&nbsp; \u202fCette bonne nouvelle soul\u00e8ve des d\u00e9fis qui n\u00e9cessiteront des adaptations \u00e0 l\u2019avenir\u202f : Certains prosumers ont constat\u00e9 l&rsquo;arr\u00eat de leurs installations de production lorsque la production locale atteignait la capacit\u00e9 maximale du r\u00e9seau \u00e0 l&rsquo;absorber. Bien que ce ph\u00e9nom\u00e8ne soit en partie ind\u00e9pendant de l&rsquo;\u00e9nergie \u00e9olienne, les onduleurs peuvent d\u00e9crocher m\u00eame en l&rsquo;absence de vent, comme cela a \u00e9t\u00e9 observ\u00e9 ce week-end.&nbsp; Sur le march\u00e9 de gros, qui r\u00e9pond par la loi de l&rsquo;offre et de la demande, une offre abondante entra\u00eene une baisse des prix pour le lendemain. De vendredi \u00e0 dimanche, certains prix de l&rsquo;\u00e9lectricit\u00e9 sont m\u00eame descendus \u00e0 0\u20ac ou moins pendant 26 heures. Si cela pr\u00e9sente un int\u00e9r\u00eat pour les consommateurs, en particulier les industriels, qui ont la capacit\u00e9 de d\u00e9placer leur consommation de mani\u00e8re significative (et donc d&rsquo;\u00eatre r\u00e9mun\u00e9r\u00e9s pour consommer), cela pose probl\u00e8me pour les producteurs.&nbsp; Ce type de situation d&rsquo;abondance, d\u00e9passant les 100% de la consommation int\u00e9rieure, devrait &hellip; <a href=\"https:\/\/www.renouvelle.be\/fr\/belgique-energie-eolienne-solaire-offre-plus-que-la-demande\/\" class=\"more-link\">Continue reading<span class=\"screen-reader-text\"> \u00ab\u00a0Week-end record en Belgique : l&rsquo;\u00e9nergie \u00e9olienne et solaire offre plus que la demande\u00a0\u00ab\u00a0<\/span><\/a><\/p>\n","protected":false},"author":17,"featured_media":12822,"comment_status":"closed","ping_status":"closed","sticky":false,"template":"","format":"standard","meta":{"_acf_changed":false,"footnotes":""},"categories":[17],"tags":[],"section":[8],"class_list":["post-12809","post","type-post","status-publish","format-standard","has-post-thumbnail","hentry","category-actualite-en-belgique","section-energie-renouvelables"],"acf":[],"yoast_head":"<!-- This site is optimized with the Yoast SEO plugin v27.5 - https:\/\/yoast.com\/product\/yoast-seo-wordpress\/ -->\n<title>Week-end record en Belgique : l&#039;\u00e9nergie \u00e9olienne et solaire offre plus que la demande\u00a0 - Renouvelle<\/title>\n<meta name=\"description\" content=\"La Belgique a enregistr\u00e9 deux p\u00e9riodes o\u00f9 la production d&#039;\u00e9nergie \u00e9olienne et solaire combin\u00e9e a d\u00e9pass\u00e9 la consommation \u00e9lectrique totale.\" \/>\n<meta name=\"robots\" content=\"index, follow, max-snippet:-1, max-image-preview:large, max-video-preview:-1\" \/>\n<link rel=\"canonical\" href=\"https:\/\/www.renouvelle.be\/fr\/belgique-energie-eolienne-solaire-offre-plus-que-la-demande\/\" \/>\n<meta property=\"og:locale\" content=\"fr_FR\" \/>\n<meta property=\"og:type\" content=\"article\" \/>\n<meta property=\"og:title\" content=\"Week-end record en Belgique : l&#039;\u00e9nergie \u00e9olienne et solaire offre plus que la demande\u00a0 - Renouvelle\" \/>\n<meta property=\"og:description\" content=\"La Belgique a enregistr\u00e9 deux p\u00e9riodes o\u00f9 la production d&#039;\u00e9nergie \u00e9olienne et solaire combin\u00e9e a d\u00e9pass\u00e9 la consommation \u00e9lectrique totale.\" \/>\n<meta property=\"og:url\" content=\"https:\/\/www.renouvelle.be\/fr\/belgique-energie-eolienne-solaire-offre-plus-que-la-demande\/\" \/>\n<meta property=\"og:site_name\" content=\"Renouvelle\" \/>\n<meta property=\"article:published_time\" content=\"2024-04-09T09:54:50+00:00\" \/>\n<meta property=\"article:modified_time\" content=\"2024-04-09T09:54:56+00:00\" \/>\n<meta property=\"og:image\" content=\"https:\/\/www.renouvelle.be\/wp-content\/uploads\/2024\/04\/karsten-wurth-0w-uTa0Xz7w-unsplash-scaled.jpg\" \/>\n\t<meta property=\"og:image:width\" content=\"2560\" \/>\n\t<meta property=\"og:image:height\" content=\"1707\" \/>\n\t<meta property=\"og:image:type\" content=\"image\/jpeg\" \/>\n<meta name=\"author\" content=\"Benjamin WILKIN\" \/>\n<meta name=\"twitter:card\" content=\"summary_large_image\" \/>\n<script type=\"application\/ld+json\" class=\"yoast-schema-graph\">{\"@context\":\"https:\\\/\\\/schema.org\",\"@graph\":[{\"@type\":\"Article\",\"@id\":\"https:\\\/\\\/www.renouvelle.be\\\/fr\\\/belgique-energie-eolienne-solaire-offre-plus-que-la-demande\\\/#article\",\"isPartOf\":{\"@id\":\"https:\\\/\\\/www.renouvelle.be\\\/fr\\\/belgique-energie-eolienne-solaire-offre-plus-que-la-demande\\\/\"},\"author\":{\"name\":\"Benjamin WILKIN\",\"@id\":\"https:\\\/\\\/www.renouvelle.be\\\/fr\\\/#\\\/schema\\\/person\\\/20d41a25c5a48ee6500cc1a14288f058\"},\"headline\":\"Week-end record en Belgique : l&rsquo;\u00e9nergie \u00e9olienne et solaire offre plus que la demande\u00a0\",\"datePublished\":\"2024-04-09T09:54:50+00:00\",\"dateModified\":\"2024-04-09T09:54:56+00:00\",\"mainEntityOfPage\":{\"@id\":\"https:\\\/\\\/www.renouvelle.be\\\/fr\\\/belgique-energie-eolienne-solaire-offre-plus-que-la-demande\\\/\"},\"wordCount\":446,\"image\":{\"@id\":\"https:\\\/\\\/www.renouvelle.be\\\/fr\\\/belgique-energie-eolienne-solaire-offre-plus-que-la-demande\\\/#primaryimage\"},\"thumbnailUrl\":\"https:\\\/\\\/www.renouvelle.be\\\/wp-content\\\/uploads\\\/2024\\\/04\\\/karsten-wurth-0w-uTa0Xz7w-unsplash-scaled.jpg\",\"articleSection\":[\"Actualit\u00e9 en Belgique\"],\"inLanguage\":\"fr-FR\"},{\"@type\":\"WebPage\",\"@id\":\"https:\\\/\\\/www.renouvelle.be\\\/fr\\\/belgique-energie-eolienne-solaire-offre-plus-que-la-demande\\\/\",\"url\":\"https:\\\/\\\/www.renouvelle.be\\\/fr\\\/belgique-energie-eolienne-solaire-offre-plus-que-la-demande\\\/\",\"name\":\"Week-end record en Belgique : l'\u00e9nergie \u00e9olienne et solaire offre plus que la demande\u00a0 - Renouvelle\",\"isPartOf\":{\"@id\":\"https:\\\/\\\/www.renouvelle.be\\\/fr\\\/#website\"},\"primaryImageOfPage\":{\"@id\":\"https:\\\/\\\/www.renouvelle.be\\\/fr\\\/belgique-energie-eolienne-solaire-offre-plus-que-la-demande\\\/#primaryimage\"},\"image\":{\"@id\":\"https:\\\/\\\/www.renouvelle.be\\\/fr\\\/belgique-energie-eolienne-solaire-offre-plus-que-la-demande\\\/#primaryimage\"},\"thumbnailUrl\":\"https:\\\/\\\/www.renouvelle.be\\\/wp-content\\\/uploads\\\/2024\\\/04\\\/karsten-wurth-0w-uTa0Xz7w-unsplash-scaled.jpg\",\"datePublished\":\"2024-04-09T09:54:50+00:00\",\"dateModified\":\"2024-04-09T09:54:56+00:00\",\"author\":{\"@id\":\"https:\\\/\\\/www.renouvelle.be\\\/fr\\\/#\\\/schema\\\/person\\\/20d41a25c5a48ee6500cc1a14288f058\"},\"description\":\"La Belgique a enregistr\u00e9 deux p\u00e9riodes o\u00f9 la production d'\u00e9nergie \u00e9olienne et solaire combin\u00e9e a d\u00e9pass\u00e9 la consommation \u00e9lectrique totale.\",\"breadcrumb\":{\"@id\":\"https:\\\/\\\/www.renouvelle.be\\\/fr\\\/belgique-energie-eolienne-solaire-offre-plus-que-la-demande\\\/#breadcrumb\"},\"inLanguage\":\"fr-FR\",\"potentialAction\":[{\"@type\":\"ReadAction\",\"target\":[\"https:\\\/\\\/www.renouvelle.be\\\/fr\\\/belgique-energie-eolienne-solaire-offre-plus-que-la-demande\\\/\"]}]},{\"@type\":\"ImageObject\",\"inLanguage\":\"fr-FR\",\"@id\":\"https:\\\/\\\/www.renouvelle.be\\\/fr\\\/belgique-energie-eolienne-solaire-offre-plus-que-la-demande\\\/#primaryimage\",\"url\":\"https:\\\/\\\/www.renouvelle.be\\\/wp-content\\\/uploads\\\/2024\\\/04\\\/karsten-wurth-0w-uTa0Xz7w-unsplash-scaled.jpg\",\"contentUrl\":\"https:\\\/\\\/www.renouvelle.be\\\/wp-content\\\/uploads\\\/2024\\\/04\\\/karsten-wurth-0w-uTa0Xz7w-unsplash-scaled.jpg\",\"width\":2560,\"height\":1707,\"caption\":\"record Belgique \u00e9nergie solaire et \u00e9olienne\"},{\"@type\":\"BreadcrumbList\",\"@id\":\"https:\\\/\\\/www.renouvelle.be\\\/fr\\\/belgique-energie-eolienne-solaire-offre-plus-que-la-demande\\\/#breadcrumb\",\"itemListElement\":[{\"@type\":\"ListItem\",\"position\":1,\"name\":\"Accueil\",\"item\":\"https:\\\/\\\/www.renouvelle.be\\\/fr\\\/\"},{\"@type\":\"ListItem\",\"position\":2,\"name\":\"Week-end record en Belgique : l&rsquo;\u00e9nergie \u00e9olienne et solaire offre plus que la demande\u00a0\"}]},{\"@type\":\"WebSite\",\"@id\":\"https:\\\/\\\/www.renouvelle.be\\\/fr\\\/#website\",\"url\":\"https:\\\/\\\/www.renouvelle.be\\\/fr\\\/\",\"name\":\"Renouvelle\",\"description\":\"L&#039;actualit\u00e9 de l&#039;\u00e9nergie durable\",\"potentialAction\":[{\"@type\":\"SearchAction\",\"target\":{\"@type\":\"EntryPoint\",\"urlTemplate\":\"https:\\\/\\\/www.renouvelle.be\\\/fr\\\/?s={search_term_string}\"},\"query-input\":{\"@type\":\"PropertyValueSpecification\",\"valueRequired\":true,\"valueName\":\"search_term_string\"}}],\"inLanguage\":\"fr-FR\"},{\"@type\":\"Person\",\"@id\":\"https:\\\/\\\/www.renouvelle.be\\\/fr\\\/#\\\/schema\\\/person\\\/20d41a25c5a48ee6500cc1a14288f058\",\"name\":\"Benjamin WILKIN\",\"url\":\"https:\\\/\\\/www.renouvelle.be\\\/fr\\\/author\\\/benjaminwilkin\\\/\"}]}<\/script>\n<!-- \/ Yoast SEO plugin. -->","yoast_head_json":{"title":"Week-end record en Belgique : l'\u00e9nergie \u00e9olienne et solaire offre plus que la demande\u00a0 - Renouvelle","description":"La Belgique a enregistr\u00e9 deux p\u00e9riodes o\u00f9 la production d'\u00e9nergie \u00e9olienne et solaire combin\u00e9e a d\u00e9pass\u00e9 la consommation \u00e9lectrique totale.","robots":{"index":"index","follow":"follow","max-snippet":"max-snippet:-1","max-image-preview":"max-image-preview:large","max-video-preview":"max-video-preview:-1"},"canonical":"https:\/\/www.renouvelle.be\/fr\/belgique-energie-eolienne-solaire-offre-plus-que-la-demande\/","og_locale":"fr_FR","og_type":"article","og_title":"Week-end record en Belgique : l'\u00e9nergie \u00e9olienne et solaire offre plus que la demande\u00a0 - Renouvelle","og_description":"La Belgique a enregistr\u00e9 deux p\u00e9riodes o\u00f9 la production d'\u00e9nergie \u00e9olienne et solaire combin\u00e9e a d\u00e9pass\u00e9 la consommation \u00e9lectrique totale.","og_url":"https:\/\/www.renouvelle.be\/fr\/belgique-energie-eolienne-solaire-offre-plus-que-la-demande\/","og_site_name":"Renouvelle","article_published_time":"2024-04-09T09:54:50+00:00","article_modified_time":"2024-04-09T09:54:56+00:00","og_image":[{"width":2560,"height":1707,"url":"https:\/\/www.renouvelle.be\/wp-content\/uploads\/2024\/04\/karsten-wurth-0w-uTa0Xz7w-unsplash-scaled.jpg","type":"image\/jpeg"}],"author":"Benjamin WILKIN","twitter_card":"summary_large_image","schema":{"@context":"https:\/\/schema.org","@graph":[{"@type":"Article","@id":"https:\/\/www.renouvelle.be\/fr\/belgique-energie-eolienne-solaire-offre-plus-que-la-demande\/#article","isPartOf":{"@id":"https:\/\/www.renouvelle.be\/fr\/belgique-energie-eolienne-solaire-offre-plus-que-la-demande\/"},"author":{"name":"Benjamin WILKIN","@id":"https:\/\/www.renouvelle.be\/fr\/#\/schema\/person\/20d41a25c5a48ee6500cc1a14288f058"},"headline":"Week-end record en Belgique : l&rsquo;\u00e9nergie \u00e9olienne et solaire offre plus que la demande\u00a0","datePublished":"2024-04-09T09:54:50+00:00","dateModified":"2024-04-09T09:54:56+00:00","mainEntityOfPage":{"@id":"https:\/\/www.renouvelle.be\/fr\/belgique-energie-eolienne-solaire-offre-plus-que-la-demande\/"},"wordCount":446,"image":{"@id":"https:\/\/www.renouvelle.be\/fr\/belgique-energie-eolienne-solaire-offre-plus-que-la-demande\/#primaryimage"},"thumbnailUrl":"https:\/\/www.renouvelle.be\/wp-content\/uploads\/2024\/04\/karsten-wurth-0w-uTa0Xz7w-unsplash-scaled.jpg","articleSection":["Actualit\u00e9 en Belgique"],"inLanguage":"fr-FR"},{"@type":"WebPage","@id":"https:\/\/www.renouvelle.be\/fr\/belgique-energie-eolienne-solaire-offre-plus-que-la-demande\/","url":"https:\/\/www.renouvelle.be\/fr\/belgique-energie-eolienne-solaire-offre-plus-que-la-demande\/","name":"Week-end record en Belgique : l'\u00e9nergie \u00e9olienne et solaire offre plus que la demande\u00a0 - Renouvelle","isPartOf":{"@id":"https:\/\/www.renouvelle.be\/fr\/#website"},"primaryImageOfPage":{"@id":"https:\/\/www.renouvelle.be\/fr\/belgique-energie-eolienne-solaire-offre-plus-que-la-demande\/#primaryimage"},"image":{"@id":"https:\/\/www.renouvelle.be\/fr\/belgique-energie-eolienne-solaire-offre-plus-que-la-demande\/#primaryimage"},"thumbnailUrl":"https:\/\/www.renouvelle.be\/wp-content\/uploads\/2024\/04\/karsten-wurth-0w-uTa0Xz7w-unsplash-scaled.jpg","datePublished":"2024-04-09T09:54:50+00:00","dateModified":"2024-04-09T09:54:56+00:00","author":{"@id":"https:\/\/www.renouvelle.be\/fr\/#\/schema\/person\/20d41a25c5a48ee6500cc1a14288f058"},"description":"La Belgique a enregistr\u00e9 deux p\u00e9riodes o\u00f9 la production d'\u00e9nergie \u00e9olienne et solaire combin\u00e9e a d\u00e9pass\u00e9 la consommation \u00e9lectrique totale.","breadcrumb":{"@id":"https:\/\/www.renouvelle.be\/fr\/belgique-energie-eolienne-solaire-offre-plus-que-la-demande\/#breadcrumb"},"inLanguage":"fr-FR","potentialAction":[{"@type":"ReadAction","target":["https:\/\/www.renouvelle.be\/fr\/belgique-energie-eolienne-solaire-offre-plus-que-la-demande\/"]}]},{"@type":"ImageObject","inLanguage":"fr-FR","@id":"https:\/\/www.renouvelle.be\/fr\/belgique-energie-eolienne-solaire-offre-plus-que-la-demande\/#primaryimage","url":"https:\/\/www.renouvelle.be\/wp-content\/uploads\/2024\/04\/karsten-wurth-0w-uTa0Xz7w-unsplash-scaled.jpg","contentUrl":"https:\/\/www.renouvelle.be\/wp-content\/uploads\/2024\/04\/karsten-wurth-0w-uTa0Xz7w-unsplash-scaled.jpg","width":2560,"height":1707,"caption":"record Belgique \u00e9nergie solaire et \u00e9olienne"},{"@type":"BreadcrumbList","@id":"https:\/\/www.renouvelle.be\/fr\/belgique-energie-eolienne-solaire-offre-plus-que-la-demande\/#breadcrumb","itemListElement":[{"@type":"ListItem","position":1,"name":"Accueil","item":"https:\/\/www.renouvelle.be\/fr\/"},{"@type":"ListItem","position":2,"name":"Week-end record en Belgique : l&rsquo;\u00e9nergie \u00e9olienne et solaire offre plus que la demande\u00a0"}]},{"@type":"WebSite","@id":"https:\/\/www.renouvelle.be\/fr\/#website","url":"https:\/\/www.renouvelle.be\/fr\/","name":"Renouvelle","description":"L&#039;actualit\u00e9 de l&#039;\u00e9nergie durable","potentialAction":[{"@type":"SearchAction","target":{"@type":"EntryPoint","urlTemplate":"https:\/\/www.renouvelle.be\/fr\/?s={search_term_string}"},"query-input":{"@type":"PropertyValueSpecification","valueRequired":true,"valueName":"search_term_string"}}],"inLanguage":"fr-FR"},{"@type":"Person","@id":"https:\/\/www.renouvelle.be\/fr\/#\/schema\/person\/20d41a25c5a48ee6500cc1a14288f058","name":"Benjamin WILKIN","url":"https:\/\/www.renouvelle.be\/fr\/author\/benjaminwilkin\/"}]}},"_links":{"self":[{"href":"https:\/\/www.renouvelle.be\/fr\/wp-json\/wp\/v2\/posts\/12809","targetHints":{"allow":["GET"]}}],"collection":[{"href":"https:\/\/www.renouvelle.be\/fr\/wp-json\/wp\/v2\/posts"}],"about":[{"href":"https:\/\/www.renouvelle.be\/fr\/wp-json\/wp\/v2\/types\/post"}],"author":[{"embeddable":true,"href":"https:\/\/www.renouvelle.be\/fr\/wp-json\/wp\/v2\/users\/17"}],"replies":[{"embeddable":true,"href":"https:\/\/www.renouvelle.be\/fr\/wp-json\/wp\/v2\/comments?post=12809"}],"version-history":[{"count":9,"href":"https:\/\/www.renouvelle.be\/fr\/wp-json\/wp\/v2\/posts\/12809\/revisions"}],"predecessor-version":[{"id":12826,"href":"https:\/\/www.renouvelle.be\/fr\/wp-json\/wp\/v2\/posts\/12809\/revisions\/12826"}],"wp:featuredmedia":[{"embeddable":true,"href":"https:\/\/www.renouvelle.be\/fr\/wp-json\/wp\/v2\/media\/12822"}],"wp:attachment":[{"href":"https:\/\/www.renouvelle.be\/fr\/wp-json\/wp\/v2\/media?parent=12809"}],"wp:term":[{"taxonomy":"category","embeddable":true,"href":"https:\/\/www.renouvelle.be\/fr\/wp-json\/wp\/v2\/categories?post=12809"},{"taxonomy":"post_tag","embeddable":true,"href":"https:\/\/www.renouvelle.be\/fr\/wp-json\/wp\/v2\/tags?post=12809"},{"taxonomy":"section","embeddable":true,"href":"https:\/\/www.renouvelle.be\/fr\/wp-json\/wp\/v2\/section?post=12809"}],"curies":[{"name":"wp","href":"https:\/\/api.w.org\/{rel}","templated":true}]}}