{"id":12791,"date":"2024-04-08T12:09:01","date_gmt":"2024-04-08T10:09:01","guid":{"rendered":"https:\/\/www.renouvelle.be\/?p=12791"},"modified":"2024-04-08T12:09:11","modified_gmt":"2024-04-08T10:09:11","slug":"fermeture-de-15-centrales-a-charbon-en-allemagne","status":"publish","type":"post","link":"https:\/\/www.renouvelle.be\/fr\/fermeture-de-15-centrales-a-charbon-en-allemagne\/","title":{"rendered":"Fermeture de 15 centrales \u00e0 charbon en Allemagne"},"content":{"rendered":"\n<p>Cons\u00e9quence de la guerre en Ukraine, l\u2019inflation des prix de l\u2019\u00e9nergie avait forc\u00e9 le maintien en vie de ces centrales \u00e0 charbon, par mesure de pr\u00e9caution, afin d\u2019assurer la production \u00e9lectrique du pays.<\/p>\n\n\n\n<p>Avec des prix qui se stabilisent enfin et une \u00e9lectricit\u00e9 provenant, de plus en plus, des \u00e9nergies renouvelables, ces 15 centrales ont \u00e9t\u00e9 d\u00e9clar\u00e9es comme <em>\u00ab\u00a0ni n\u00e9cessaires ni rentables\u00a0\u00bb<\/em> par le ministre f\u00e9d\u00e9ral de l&rsquo;\u00c9conomie et du Climat, Robert Habeck.<\/p>\n\n\n\n<p>Concr\u00e8tement, ce sont 4,4 GW issus de ces 15 centrales \u00e0 charbon qui ont \u00e9t\u00e9 retir\u00e9s du r\u00e9seau. Malgr\u00e9 la seconde position o\u00f9 se place le charbon dans les sources d\u2019\u00e9nergie du pays, ces fermetures sont un geste fort pour la transition \u00e9nerg\u00e9tique.<\/p>\n\n\n\n<p>La part de l\u2019\u00e9nergie provenant des centrales \u00e0 charbon a connu une baisse importante en Allemagne, passant de 33,2% en 2022 \u00e0 26,1% en 2023. Une diminution qui s\u2019applique \u00e9galement et plus largement \u00e0 l\u2019<a href=\"https:\/\/www.renouvelle.be\/fr\/record-2023-27-electricite-solaire-eolien-ue\/\">UE<\/a>.<\/p>\n","protected":false},"excerpt":{"rendered":"<p>Cons\u00e9quence de la guerre en Ukraine, l\u2019inflation des prix de l\u2019\u00e9nergie avait forc\u00e9 le maintien en vie de ces centrales \u00e0 charbon, par mesure de pr\u00e9caution, afin d\u2019assurer la production \u00e9lectrique du pays. Avec des prix qui se stabilisent enfin et une \u00e9lectricit\u00e9 provenant, de plus en plus, des \u00e9nergies renouvelables, ces 15 centrales ont \u00e9t\u00e9 d\u00e9clar\u00e9es comme \u00ab\u00a0ni n\u00e9cessaires ni rentables\u00a0\u00bb par le ministre f\u00e9d\u00e9ral de l&rsquo;\u00c9conomie et du Climat, Robert Habeck. Concr\u00e8tement, ce sont 4,4 GW issus de ces 15 centrales \u00e0 charbon qui ont \u00e9t\u00e9 retir\u00e9s du r\u00e9seau. Malgr\u00e9 la seconde position o\u00f9 se place le charbon dans les sources d\u2019\u00e9nergie du pays, ces fermetures sont un geste fort pour la transition \u00e9nerg\u00e9tique. La part de l\u2019\u00e9nergie provenant des centrales \u00e0 charbon a connu une baisse importante en Allemagne, passant de 33,2% en 2022 \u00e0 26,1% en 2023. Une diminution qui s\u2019applique \u00e9galement et plus largement \u00e0 l\u2019UE.<\/p>\n","protected":false},"author":38,"featured_media":12797,"comment_status":"closed","ping_status":"closed","sticky":false,"template":"","format":"standard","meta":{"_acf_changed":false,"footnotes":""},"categories":[18],"tags":[],"section":[8],"class_list":["post-12791","post","type-post","status-publish","format-standard","has-post-thumbnail","hentry","category-actualite-internationale","section-energie-renouvelables"],"acf":[],"yoast_head":"<!-- This site is optimized with the Yoast SEO plugin v27.5 - https:\/\/yoast.com\/product\/yoast-seo-wordpress\/ -->\n<title>Fermeture de 15 centrales \u00e0 charbon en Allemagne - Renouvelle<\/title>\n<meta name=\"description\" content=\"La transition \u00e9nerg\u00e9tique se poursuit en Allemagne avec la fermeture de 15 centrales \u00e0 charbon. Un geste fort pour le pays.\" \/>\n<meta name=\"robots\" content=\"index, follow, max-snippet:-1, max-image-preview:large, max-video-preview:-1\" \/>\n<link rel=\"canonical\" href=\"https:\/\/www.renouvelle.be\/fr\/fermeture-de-15-centrales-a-charbon-en-allemagne\/\" \/>\n<meta property=\"og:locale\" content=\"fr_FR\" \/>\n<meta property=\"og:type\" content=\"article\" \/>\n<meta property=\"og:title\" content=\"Fermeture de 15 centrales \u00e0 charbon en Allemagne - Renouvelle\" \/>\n<meta property=\"og:description\" content=\"La transition \u00e9nerg\u00e9tique se poursuit en Allemagne avec la fermeture de 15 centrales \u00e0 charbon. Un geste fort pour le pays.\" \/>\n<meta property=\"og:url\" content=\"https:\/\/www.renouvelle.be\/fr\/fermeture-de-15-centrales-a-charbon-en-allemagne\/\" \/>\n<meta property=\"og:site_name\" content=\"Renouvelle\" \/>\n<meta property=\"article:published_time\" content=\"2024-04-08T10:09:01+00:00\" \/>\n<meta property=\"article:modified_time\" content=\"2024-04-08T10:09:11+00:00\" \/>\n<meta property=\"og:image\" content=\"https:\/\/www.renouvelle.be\/wp-content\/uploads\/2024\/04\/pexels-pixabay-459728.jpg\" \/>\n\t<meta property=\"og:image:width\" content=\"2048\" \/>\n\t<meta property=\"og:image:height\" content=\"1365\" \/>\n\t<meta property=\"og:image:type\" content=\"image\/jpeg\" \/>\n<meta name=\"author\" content=\"Samuel Alves\" \/>\n<meta name=\"twitter:card\" content=\"summary_large_image\" \/>\n<script type=\"application\/ld+json\" class=\"yoast-schema-graph\">{\"@context\":\"https:\\\/\\\/schema.org\",\"@graph\":[{\"@type\":\"Article\",\"@id\":\"https:\\\/\\\/www.renouvelle.be\\\/fr\\\/fermeture-de-15-centrales-a-charbon-en-allemagne\\\/#article\",\"isPartOf\":{\"@id\":\"https:\\\/\\\/www.renouvelle.be\\\/fr\\\/fermeture-de-15-centrales-a-charbon-en-allemagne\\\/\"},\"author\":{\"name\":\"Samuel Alves\",\"@id\":\"https:\\\/\\\/www.renouvelle.be\\\/fr\\\/#\\\/schema\\\/person\\\/9d743366fb269eeceaa8d60e98d289d3\"},\"headline\":\"Fermeture de 15 centrales \u00e0 charbon en Allemagne\",\"datePublished\":\"2024-04-08T10:09:01+00:00\",\"dateModified\":\"2024-04-08T10:09:11+00:00\",\"mainEntityOfPage\":{\"@id\":\"https:\\\/\\\/www.renouvelle.be\\\/fr\\\/fermeture-de-15-centrales-a-charbon-en-allemagne\\\/\"},\"wordCount\":164,\"image\":{\"@id\":\"https:\\\/\\\/www.renouvelle.be\\\/fr\\\/fermeture-de-15-centrales-a-charbon-en-allemagne\\\/#primaryimage\"},\"thumbnailUrl\":\"https:\\\/\\\/www.renouvelle.be\\\/wp-content\\\/uploads\\\/2024\\\/04\\\/pexels-pixabay-459728.jpg\",\"articleSection\":[\"Actualit\u00e9 internationale\"],\"inLanguage\":\"fr-FR\"},{\"@type\":\"WebPage\",\"@id\":\"https:\\\/\\\/www.renouvelle.be\\\/fr\\\/fermeture-de-15-centrales-a-charbon-en-allemagne\\\/\",\"url\":\"https:\\\/\\\/www.renouvelle.be\\\/fr\\\/fermeture-de-15-centrales-a-charbon-en-allemagne\\\/\",\"name\":\"Fermeture de 15 centrales \u00e0 charbon en Allemagne - Renouvelle\",\"isPartOf\":{\"@id\":\"https:\\\/\\\/www.renouvelle.be\\\/fr\\\/#website\"},\"primaryImageOfPage\":{\"@id\":\"https:\\\/\\\/www.renouvelle.be\\\/fr\\\/fermeture-de-15-centrales-a-charbon-en-allemagne\\\/#primaryimage\"},\"image\":{\"@id\":\"https:\\\/\\\/www.renouvelle.be\\\/fr\\\/fermeture-de-15-centrales-a-charbon-en-allemagne\\\/#primaryimage\"},\"thumbnailUrl\":\"https:\\\/\\\/www.renouvelle.be\\\/wp-content\\\/uploads\\\/2024\\\/04\\\/pexels-pixabay-459728.jpg\",\"datePublished\":\"2024-04-08T10:09:01+00:00\",\"dateModified\":\"2024-04-08T10:09:11+00:00\",\"author\":{\"@id\":\"https:\\\/\\\/www.renouvelle.be\\\/fr\\\/#\\\/schema\\\/person\\\/9d743366fb269eeceaa8d60e98d289d3\"},\"description\":\"La transition \u00e9nerg\u00e9tique se poursuit en Allemagne avec la fermeture de 15 centrales \u00e0 charbon. Un geste fort pour le pays.\",\"breadcrumb\":{\"@id\":\"https:\\\/\\\/www.renouvelle.be\\\/fr\\\/fermeture-de-15-centrales-a-charbon-en-allemagne\\\/#breadcrumb\"},\"inLanguage\":\"fr-FR\",\"potentialAction\":[{\"@type\":\"ReadAction\",\"target\":[\"https:\\\/\\\/www.renouvelle.be\\\/fr\\\/fermeture-de-15-centrales-a-charbon-en-allemagne\\\/\"]}]},{\"@type\":\"ImageObject\",\"inLanguage\":\"fr-FR\",\"@id\":\"https:\\\/\\\/www.renouvelle.be\\\/fr\\\/fermeture-de-15-centrales-a-charbon-en-allemagne\\\/#primaryimage\",\"url\":\"https:\\\/\\\/www.renouvelle.be\\\/wp-content\\\/uploads\\\/2024\\\/04\\\/pexels-pixabay-459728.jpg\",\"contentUrl\":\"https:\\\/\\\/www.renouvelle.be\\\/wp-content\\\/uploads\\\/2024\\\/04\\\/pexels-pixabay-459728.jpg\",\"width\":2048,\"height\":1365,\"caption\":\"centrales \u00e0 charbon\"},{\"@type\":\"BreadcrumbList\",\"@id\":\"https:\\\/\\\/www.renouvelle.be\\\/fr\\\/fermeture-de-15-centrales-a-charbon-en-allemagne\\\/#breadcrumb\",\"itemListElement\":[{\"@type\":\"ListItem\",\"position\":1,\"name\":\"Accueil\",\"item\":\"https:\\\/\\\/www.renouvelle.be\\\/fr\\\/\"},{\"@type\":\"ListItem\",\"position\":2,\"name\":\"Fermeture de 15 centrales \u00e0 charbon en Allemagne\"}]},{\"@type\":\"WebSite\",\"@id\":\"https:\\\/\\\/www.renouvelle.be\\\/fr\\\/#website\",\"url\":\"https:\\\/\\\/www.renouvelle.be\\\/fr\\\/\",\"name\":\"Renouvelle\",\"description\":\"L&#039;actualit\u00e9 de l&#039;\u00e9nergie durable\",\"potentialAction\":[{\"@type\":\"SearchAction\",\"target\":{\"@type\":\"EntryPoint\",\"urlTemplate\":\"https:\\\/\\\/www.renouvelle.be\\\/fr\\\/?s={search_term_string}\"},\"query-input\":{\"@type\":\"PropertyValueSpecification\",\"valueRequired\":true,\"valueName\":\"search_term_string\"}}],\"inLanguage\":\"fr-FR\"},{\"@type\":\"Person\",\"@id\":\"https:\\\/\\\/www.renouvelle.be\\\/fr\\\/#\\\/schema\\\/person\\\/9d743366fb269eeceaa8d60e98d289d3\",\"name\":\"Samuel Alves\",\"url\":\"https:\\\/\\\/www.renouvelle.be\\\/fr\\\/author\\\/salves\\\/\"}]}<\/script>\n<!-- \/ Yoast SEO plugin. -->","yoast_head_json":{"title":"Fermeture de 15 centrales \u00e0 charbon en Allemagne - Renouvelle","description":"La transition \u00e9nerg\u00e9tique se poursuit en Allemagne avec la fermeture de 15 centrales \u00e0 charbon. Un geste fort pour le pays.","robots":{"index":"index","follow":"follow","max-snippet":"max-snippet:-1","max-image-preview":"max-image-preview:large","max-video-preview":"max-video-preview:-1"},"canonical":"https:\/\/www.renouvelle.be\/fr\/fermeture-de-15-centrales-a-charbon-en-allemagne\/","og_locale":"fr_FR","og_type":"article","og_title":"Fermeture de 15 centrales \u00e0 charbon en Allemagne - Renouvelle","og_description":"La transition \u00e9nerg\u00e9tique se poursuit en Allemagne avec la fermeture de 15 centrales \u00e0 charbon. Un geste fort pour le pays.","og_url":"https:\/\/www.renouvelle.be\/fr\/fermeture-de-15-centrales-a-charbon-en-allemagne\/","og_site_name":"Renouvelle","article_published_time":"2024-04-08T10:09:01+00:00","article_modified_time":"2024-04-08T10:09:11+00:00","og_image":[{"width":2048,"height":1365,"url":"https:\/\/www.renouvelle.be\/wp-content\/uploads\/2024\/04\/pexels-pixabay-459728.jpg","type":"image\/jpeg"}],"author":"Samuel Alves","twitter_card":"summary_large_image","schema":{"@context":"https:\/\/schema.org","@graph":[{"@type":"Article","@id":"https:\/\/www.renouvelle.be\/fr\/fermeture-de-15-centrales-a-charbon-en-allemagne\/#article","isPartOf":{"@id":"https:\/\/www.renouvelle.be\/fr\/fermeture-de-15-centrales-a-charbon-en-allemagne\/"},"author":{"name":"Samuel Alves","@id":"https:\/\/www.renouvelle.be\/fr\/#\/schema\/person\/9d743366fb269eeceaa8d60e98d289d3"},"headline":"Fermeture de 15 centrales \u00e0 charbon en Allemagne","datePublished":"2024-04-08T10:09:01+00:00","dateModified":"2024-04-08T10:09:11+00:00","mainEntityOfPage":{"@id":"https:\/\/www.renouvelle.be\/fr\/fermeture-de-15-centrales-a-charbon-en-allemagne\/"},"wordCount":164,"image":{"@id":"https:\/\/www.renouvelle.be\/fr\/fermeture-de-15-centrales-a-charbon-en-allemagne\/#primaryimage"},"thumbnailUrl":"https:\/\/www.renouvelle.be\/wp-content\/uploads\/2024\/04\/pexels-pixabay-459728.jpg","articleSection":["Actualit\u00e9 internationale"],"inLanguage":"fr-FR"},{"@type":"WebPage","@id":"https:\/\/www.renouvelle.be\/fr\/fermeture-de-15-centrales-a-charbon-en-allemagne\/","url":"https:\/\/www.renouvelle.be\/fr\/fermeture-de-15-centrales-a-charbon-en-allemagne\/","name":"Fermeture de 15 centrales \u00e0 charbon en Allemagne - Renouvelle","isPartOf":{"@id":"https:\/\/www.renouvelle.be\/fr\/#website"},"primaryImageOfPage":{"@id":"https:\/\/www.renouvelle.be\/fr\/fermeture-de-15-centrales-a-charbon-en-allemagne\/#primaryimage"},"image":{"@id":"https:\/\/www.renouvelle.be\/fr\/fermeture-de-15-centrales-a-charbon-en-allemagne\/#primaryimage"},"thumbnailUrl":"https:\/\/www.renouvelle.be\/wp-content\/uploads\/2024\/04\/pexels-pixabay-459728.jpg","datePublished":"2024-04-08T10:09:01+00:00","dateModified":"2024-04-08T10:09:11+00:00","author":{"@id":"https:\/\/www.renouvelle.be\/fr\/#\/schema\/person\/9d743366fb269eeceaa8d60e98d289d3"},"description":"La transition \u00e9nerg\u00e9tique se poursuit en Allemagne avec la fermeture de 15 centrales \u00e0 charbon. Un geste fort pour le pays.","breadcrumb":{"@id":"https:\/\/www.renouvelle.be\/fr\/fermeture-de-15-centrales-a-charbon-en-allemagne\/#breadcrumb"},"inLanguage":"fr-FR","potentialAction":[{"@type":"ReadAction","target":["https:\/\/www.renouvelle.be\/fr\/fermeture-de-15-centrales-a-charbon-en-allemagne\/"]}]},{"@type":"ImageObject","inLanguage":"fr-FR","@id":"https:\/\/www.renouvelle.be\/fr\/fermeture-de-15-centrales-a-charbon-en-allemagne\/#primaryimage","url":"https:\/\/www.renouvelle.be\/wp-content\/uploads\/2024\/04\/pexels-pixabay-459728.jpg","contentUrl":"https:\/\/www.renouvelle.be\/wp-content\/uploads\/2024\/04\/pexels-pixabay-459728.jpg","width":2048,"height":1365,"caption":"centrales \u00e0 charbon"},{"@type":"BreadcrumbList","@id":"https:\/\/www.renouvelle.be\/fr\/fermeture-de-15-centrales-a-charbon-en-allemagne\/#breadcrumb","itemListElement":[{"@type":"ListItem","position":1,"name":"Accueil","item":"https:\/\/www.renouvelle.be\/fr\/"},{"@type":"ListItem","position":2,"name":"Fermeture de 15 centrales \u00e0 charbon en Allemagne"}]},{"@type":"WebSite","@id":"https:\/\/www.renouvelle.be\/fr\/#website","url":"https:\/\/www.renouvelle.be\/fr\/","name":"Renouvelle","description":"L&#039;actualit\u00e9 de l&#039;\u00e9nergie durable","potentialAction":[{"@type":"SearchAction","target":{"@type":"EntryPoint","urlTemplate":"https:\/\/www.renouvelle.be\/fr\/?s={search_term_string}"},"query-input":{"@type":"PropertyValueSpecification","valueRequired":true,"valueName":"search_term_string"}}],"inLanguage":"fr-FR"},{"@type":"Person","@id":"https:\/\/www.renouvelle.be\/fr\/#\/schema\/person\/9d743366fb269eeceaa8d60e98d289d3","name":"Samuel Alves","url":"https:\/\/www.renouvelle.be\/fr\/author\/salves\/"}]}},"_links":{"self":[{"href":"https:\/\/www.renouvelle.be\/fr\/wp-json\/wp\/v2\/posts\/12791","targetHints":{"allow":["GET"]}}],"collection":[{"href":"https:\/\/www.renouvelle.be\/fr\/wp-json\/wp\/v2\/posts"}],"about":[{"href":"https:\/\/www.renouvelle.be\/fr\/wp-json\/wp\/v2\/types\/post"}],"author":[{"embeddable":true,"href":"https:\/\/www.renouvelle.be\/fr\/wp-json\/wp\/v2\/users\/38"}],"replies":[{"embeddable":true,"href":"https:\/\/www.renouvelle.be\/fr\/wp-json\/wp\/v2\/comments?post=12791"}],"version-history":[{"count":6,"href":"https:\/\/www.renouvelle.be\/fr\/wp-json\/wp\/v2\/posts\/12791\/revisions"}],"predecessor-version":[{"id":12799,"href":"https:\/\/www.renouvelle.be\/fr\/wp-json\/wp\/v2\/posts\/12791\/revisions\/12799"}],"wp:featuredmedia":[{"embeddable":true,"href":"https:\/\/www.renouvelle.be\/fr\/wp-json\/wp\/v2\/media\/12797"}],"wp:attachment":[{"href":"https:\/\/www.renouvelle.be\/fr\/wp-json\/wp\/v2\/media?parent=12791"}],"wp:term":[{"taxonomy":"category","embeddable":true,"href":"https:\/\/www.renouvelle.be\/fr\/wp-json\/wp\/v2\/categories?post=12791"},{"taxonomy":"post_tag","embeddable":true,"href":"https:\/\/www.renouvelle.be\/fr\/wp-json\/wp\/v2\/tags?post=12791"},{"taxonomy":"section","embeddable":true,"href":"https:\/\/www.renouvelle.be\/fr\/wp-json\/wp\/v2\/section?post=12791"}],"curies":[{"name":"wp","href":"https:\/\/api.w.org\/{rel}","templated":true}]}}