{"id":12735,"date":"2024-03-28T09:44:12","date_gmt":"2024-03-28T08:44:12","guid":{"rendered":"https:\/\/www.renouvelle.be\/?p=12735"},"modified":"2024-03-28T09:44:17","modified_gmt":"2024-03-28T08:44:17","slug":"biomethanisation-wallonie-ou-en-est-on","status":"publish","type":"post","link":"https:\/\/www.renouvelle.be\/fr\/biomethanisation-wallonie-ou-en-est-on\/","title":{"rendered":"Biom\u00e9thanisation en Wallonie, o\u00f9 en est-on ?"},"content":{"rendered":"\n<p>Les chiffres pour 2022 partag\u00e9s par Valbiom dans l\u2019\u00e9dition de 2023 de son panorama nous en dit plus sur l\u2019\u00e9tat du secteur en Wallonie.<\/p>\n\n\n\n<p>Mais d&rsquo;abord, un petit cours de rattrapage express. La biom\u00e9thanisation est un processus de fermentation o\u00f9 des micro-organismes d\u00e9composent, dans une sorte de grande cuve, de la mati\u00e8re organique. C\u2019est un proc\u00e9d\u00e9 qui se d\u00e9roule dans des conditions ana\u00e9robiques, c\u2019est-\u00e0-dire, sans oxyg\u00e8ne et avec une temp\u00e9rature constante de 40\u00b0.<\/p>\n\n\n\n<p>De ce processus, on obtient, d\u2019une part, du digestat (du fertilisant, si vous pr\u00e9f\u00e9rez) et d\u2019autre part, du biogaz pour la production d&rsquo;\u00e9lectricit\u00e9 propre.<\/p>\n\n\n<div class=\"wp-block-image\">\n<figure class=\"aligncenter size-full\"><img loading=\"lazy\" decoding=\"async\" width=\"706\" height=\"466\" src=\"https:\/\/www.renouvelle.be\/wp-content\/uploads\/2024\/03\/Biome01.png\" alt=\"\" class=\"wp-image-12737\" srcset=\"https:\/\/www.renouvelle.be\/wp-content\/uploads\/2024\/03\/Biome01.png 706w, https:\/\/www.renouvelle.be\/wp-content\/uploads\/2024\/03\/Biome01-300x198.png 300w, https:\/\/www.renouvelle.be\/wp-content\/uploads\/2024\/03\/Biome01-100x65.png 100w\" sizes=\"auto, (max-width: 706px) 100vw, 706px\" \/><figcaption class=\"wp-element-caption\">Processus de biom\u00e9thanisation. Source : Valbiom.<\/figcaption><\/figure>\n<\/div>\n\n\n<h2 class=\"wp-block-heading\"><strong>La biom\u00e9thanisation en Wallonie en quelques chiffres<\/strong><\/h2>\n\n\n\n<p>Comment se porte la biom\u00e9thanisation en Wallonie&nbsp;? Actuellement, il en existe 47 unit\u00e9s dont la majorit\u00e9 va au secteur agricole avec 27 sites. L\u2019ann\u00e9e pass\u00e9e plusieurs unit\u00e9s \u00e9taient en construction.<\/p>\n\n\n\n<p>Bien que la biom\u00e9thanisation ait connu une progression stable entre 2014 et 2021, 2022 marque, pour la premi\u00e8re fois, une baisse dans celle-ci. Malgr\u00e9 cette (faible) diminution, le nombre d\u2019unit\u00e9s agricoles continue de cro\u00eetre et en a compt\u00e9 une suppl\u00e9mentaire sur la m\u00eame p\u00e9riode.<\/p>\n\n\n\n<p>Valoris\u00e9e surtout sous forme de biogaz via la cog\u00e9n\u00e9ration, l\u2019\u00e9nergie produite a pu compter sur une puissance \u00e9lectrique install\u00e9e de 38,5 MW, la biom\u00e9thanisation agricole s\u2019y taillant une belle part, et sur une puissance thermique install\u00e9e de 55,3 MW.<\/p>\n\n\n\n<p>En 2022, ce sont 760.000 tonnes de mati\u00e8res organiques qui ont \u00e9t\u00e9 valoris\u00e9es dans la fili\u00e8re de la biom\u00e9thanisation.<\/p>\n\n\n\n<p>Celle-ci a entrain\u00e9 une production \u00e9lectrique de 249 GWh dont 239 GWh ont \u00e9t\u00e9 consomm\u00e9s sur site ou revendus. A noter qu\u2019il faut bien diff\u00e9rencier l\u2019autoconsommation de la consommation sur site, ici, la part autoconsomm\u00e9e correspond \u00e0 l\u2019\u00e9nergie n\u00e9cessaire au processus de biom\u00e9thanisation tandis que la part consomm\u00e9e sur site correspond \u00e0 celle utilis\u00e9e pour les activit\u00e9s hors du processus comme le chauffage de l\u2019eau de traite, entre autres.<\/p>\n\n\n\n<p>En ce qui concerne la production thermique, 345 GWh ont \u00e9t\u00e9 produits dont 200 GWh pour la consommation sur place ou la revente.<\/p>\n\n\n\n<p>Biogaz ou digestat, la biom\u00e9thanisation en Wallonie contribue \u00e0 la transition \u00e9nerg\u00e9tique en rempla\u00e7ant les \u00e9nergies fossiles, \u00e9vitant ainsi leur production ou leur extraction. Sans oublier que ne pas utiliser d\u2019engrais chimiques, en les rempla\u00e7ant par le digestat, permet d\u2019\u00e9viter la fabrication \u00e9nergivore de ces engrais chimiques.<\/p>\n\n\n\n<p>Le rapport complet de Valbiom est \u00e0 lire <a href=\"https:\/\/www.valbiom.be\/sites\/default\/files\/tool\/file\/Panorama%20de%20la%20Biom%C3%A9thanisation%20-%20Valbiom%20-%20Edition%202023%20%28web%29.pdf\" target=\"_blank\" rel=\"noreferrer noopener\">ici<\/a>.<\/p>\n","protected":false},"excerpt":{"rendered":"<p>Les chiffres pour 2022 partag\u00e9s par Valbiom dans l\u2019\u00e9dition de 2023 de son panorama nous en dit plus sur l\u2019\u00e9tat du secteur en Wallonie. Mais d&rsquo;abord, un petit cours de rattrapage express. La biom\u00e9thanisation est un processus de fermentation o\u00f9 des micro-organismes d\u00e9composent, dans une sorte de grande cuve, de la mati\u00e8re organique. C\u2019est un proc\u00e9d\u00e9 qui se d\u00e9roule dans des conditions ana\u00e9robiques, c\u2019est-\u00e0-dire, sans oxyg\u00e8ne et avec une temp\u00e9rature constante de 40\u00b0. De ce processus, on obtient, d\u2019une part, du digestat (du fertilisant, si vous pr\u00e9f\u00e9rez) et d\u2019autre part, du biogaz pour la production d&rsquo;\u00e9lectricit\u00e9 propre. La biom\u00e9thanisation en Wallonie en quelques chiffres Comment se porte la biom\u00e9thanisation en Wallonie&nbsp;? Actuellement, il en existe 47 unit\u00e9s dont la majorit\u00e9 va au secteur agricole avec 27 sites. L\u2019ann\u00e9e pass\u00e9e plusieurs unit\u00e9s \u00e9taient en construction. Bien que la biom\u00e9thanisation ait connu une progression stable entre 2014 et 2021, 2022 marque, pour la premi\u00e8re fois, une baisse dans celle-ci. Malgr\u00e9 cette (faible) diminution, le nombre d\u2019unit\u00e9s agricoles continue de cro\u00eetre et en a compt\u00e9 une suppl\u00e9mentaire sur la m\u00eame p\u00e9riode. Valoris\u00e9e surtout sous forme de biogaz via la cog\u00e9n\u00e9ration, l\u2019\u00e9nergie produite a pu compter sur une puissance \u00e9lectrique install\u00e9e de 38,5 MW, la biom\u00e9thanisation agricole s\u2019y taillant une belle part, et sur une puissance thermique install\u00e9e de 55,3 MW. En 2022, ce sont 760.000 tonnes de mati\u00e8res organiques qui ont \u00e9t\u00e9 valoris\u00e9es dans la fili\u00e8re de la biom\u00e9thanisation. Celle-ci a entrain\u00e9 une production \u00e9lectrique de 249 GWh dont 239 GWh ont \u00e9t\u00e9 consomm\u00e9s sur site ou revendus. A noter qu\u2019il faut bien diff\u00e9rencier l\u2019autoconsommation de la consommation sur site, ici, la part autoconsomm\u00e9e correspond \u00e0 l\u2019\u00e9nergie n\u00e9cessaire au processus de biom\u00e9thanisation tandis que la part consomm\u00e9e sur site correspond \u00e0 celle utilis\u00e9e &hellip; <a href=\"https:\/\/www.renouvelle.be\/fr\/biomethanisation-wallonie-ou-en-est-on\/\" class=\"more-link\">Continue reading<span class=\"screen-reader-text\"> \u00ab\u00a0Biom\u00e9thanisation en Wallonie, o\u00f9 en est-on ?\u00a0\u00bb<\/span><\/a><\/p>\n","protected":false},"author":38,"featured_media":12741,"comment_status":"closed","ping_status":"closed","sticky":false,"template":"","format":"standard","meta":{"_acf_changed":false,"footnotes":""},"categories":[20],"tags":[],"section":[4],"class_list":["post-12735","post","type-post","status-publish","format-standard","has-post-thumbnail","hentry","category-technologies","section-biomasse-energie"],"acf":[],"yoast_head":"<!-- This site is optimized with the Yoast SEO plugin v27.4 - https:\/\/yoast.com\/product\/yoast-seo-wordpress\/ -->\n<title>Biom\u00e9thanisation en Wallonie, o\u00f9 en est-on ? - Renouvelle<\/title>\n<meta name=\"description\" content=\"Il n&#039;y a pas que le solaire ou le photovolta\u00efque en Wallonie, il y a aussi la biom\u00e9thanisation ! Valbiom en partage les chiffres pour 2022.\" \/>\n<meta name=\"robots\" content=\"index, follow, max-snippet:-1, max-image-preview:large, max-video-preview:-1\" \/>\n<link rel=\"canonical\" href=\"https:\/\/www.renouvelle.be\/fr\/biomethanisation-wallonie-ou-en-est-on\/\" \/>\n<meta property=\"og:locale\" content=\"fr_FR\" \/>\n<meta property=\"og:type\" content=\"article\" \/>\n<meta property=\"og:title\" content=\"Biom\u00e9thanisation en Wallonie, o\u00f9 en est-on ? - Renouvelle\" \/>\n<meta property=\"og:description\" content=\"Il n&#039;y a pas que le solaire ou le photovolta\u00efque en Wallonie, il y a aussi la biom\u00e9thanisation ! Valbiom en partage les chiffres pour 2022.\" \/>\n<meta property=\"og:url\" content=\"https:\/\/www.renouvelle.be\/fr\/biomethanisation-wallonie-ou-en-est-on\/\" \/>\n<meta property=\"og:site_name\" content=\"Renouvelle\" \/>\n<meta property=\"article:published_time\" content=\"2024-03-28T08:44:12+00:00\" \/>\n<meta property=\"article:modified_time\" content=\"2024-03-28T08:44:17+00:00\" \/>\n<meta property=\"og:image\" content=\"https:\/\/www.renouvelle.be\/wp-content\/uploads\/2024\/03\/iStock-479657576-e1711468002444.jpg\" \/>\n\t<meta property=\"og:image:width\" content=\"2119\" \/>\n\t<meta property=\"og:image:height\" content=\"1313\" \/>\n\t<meta property=\"og:image:type\" content=\"image\/jpeg\" \/>\n<meta name=\"author\" content=\"Samuel Alves\" \/>\n<meta name=\"twitter:card\" content=\"summary_large_image\" \/>\n<script type=\"application\/ld+json\" class=\"yoast-schema-graph\">{\"@context\":\"https:\\\/\\\/schema.org\",\"@graph\":[{\"@type\":\"Article\",\"@id\":\"https:\\\/\\\/www.renouvelle.be\\\/fr\\\/biomethanisation-wallonie-ou-en-est-on\\\/#article\",\"isPartOf\":{\"@id\":\"https:\\\/\\\/www.renouvelle.be\\\/fr\\\/biomethanisation-wallonie-ou-en-est-on\\\/\"},\"author\":{\"name\":\"Samuel Alves\",\"@id\":\"https:\\\/\\\/www.renouvelle.be\\\/fr\\\/#\\\/schema\\\/person\\\/9d743366fb269eeceaa8d60e98d289d3\"},\"headline\":\"Biom\u00e9thanisation en Wallonie, o\u00f9 en est-on ?\",\"datePublished\":\"2024-03-28T08:44:12+00:00\",\"dateModified\":\"2024-03-28T08:44:17+00:00\",\"mainEntityOfPage\":{\"@id\":\"https:\\\/\\\/www.renouvelle.be\\\/fr\\\/biomethanisation-wallonie-ou-en-est-on\\\/\"},\"wordCount\":443,\"image\":{\"@id\":\"https:\\\/\\\/www.renouvelle.be\\\/fr\\\/biomethanisation-wallonie-ou-en-est-on\\\/#primaryimage\"},\"thumbnailUrl\":\"https:\\\/\\\/www.renouvelle.be\\\/wp-content\\\/uploads\\\/2024\\\/03\\\/iStock-479657576-e1711468002444.jpg\",\"articleSection\":[\"Technologies\"],\"inLanguage\":\"fr-FR\"},{\"@type\":\"WebPage\",\"@id\":\"https:\\\/\\\/www.renouvelle.be\\\/fr\\\/biomethanisation-wallonie-ou-en-est-on\\\/\",\"url\":\"https:\\\/\\\/www.renouvelle.be\\\/fr\\\/biomethanisation-wallonie-ou-en-est-on\\\/\",\"name\":\"Biom\u00e9thanisation en Wallonie, o\u00f9 en est-on ? - Renouvelle\",\"isPartOf\":{\"@id\":\"https:\\\/\\\/www.renouvelle.be\\\/fr\\\/#website\"},\"primaryImageOfPage\":{\"@id\":\"https:\\\/\\\/www.renouvelle.be\\\/fr\\\/biomethanisation-wallonie-ou-en-est-on\\\/#primaryimage\"},\"image\":{\"@id\":\"https:\\\/\\\/www.renouvelle.be\\\/fr\\\/biomethanisation-wallonie-ou-en-est-on\\\/#primaryimage\"},\"thumbnailUrl\":\"https:\\\/\\\/www.renouvelle.be\\\/wp-content\\\/uploads\\\/2024\\\/03\\\/iStock-479657576-e1711468002444.jpg\",\"datePublished\":\"2024-03-28T08:44:12+00:00\",\"dateModified\":\"2024-03-28T08:44:17+00:00\",\"author\":{\"@id\":\"https:\\\/\\\/www.renouvelle.be\\\/fr\\\/#\\\/schema\\\/person\\\/9d743366fb269eeceaa8d60e98d289d3\"},\"description\":\"Il n'y a pas que le solaire ou le photovolta\u00efque en Wallonie, il y a aussi la biom\u00e9thanisation ! Valbiom en partage les chiffres pour 2022.\",\"breadcrumb\":{\"@id\":\"https:\\\/\\\/www.renouvelle.be\\\/fr\\\/biomethanisation-wallonie-ou-en-est-on\\\/#breadcrumb\"},\"inLanguage\":\"fr-FR\",\"potentialAction\":[{\"@type\":\"ReadAction\",\"target\":[\"https:\\\/\\\/www.renouvelle.be\\\/fr\\\/biomethanisation-wallonie-ou-en-est-on\\\/\"]}]},{\"@type\":\"ImageObject\",\"inLanguage\":\"fr-FR\",\"@id\":\"https:\\\/\\\/www.renouvelle.be\\\/fr\\\/biomethanisation-wallonie-ou-en-est-on\\\/#primaryimage\",\"url\":\"https:\\\/\\\/www.renouvelle.be\\\/wp-content\\\/uploads\\\/2024\\\/03\\\/iStock-479657576-e1711468002444.jpg\",\"contentUrl\":\"https:\\\/\\\/www.renouvelle.be\\\/wp-content\\\/uploads\\\/2024\\\/03\\\/iStock-479657576-e1711468002444.jpg\",\"width\":2119,\"height\":1313,\"caption\":\"Biom\u00e9thanisation Wallonie\"},{\"@type\":\"BreadcrumbList\",\"@id\":\"https:\\\/\\\/www.renouvelle.be\\\/fr\\\/biomethanisation-wallonie-ou-en-est-on\\\/#breadcrumb\",\"itemListElement\":[{\"@type\":\"ListItem\",\"position\":1,\"name\":\"Accueil\",\"item\":\"https:\\\/\\\/www.renouvelle.be\\\/fr\\\/\"},{\"@type\":\"ListItem\",\"position\":2,\"name\":\"Biom\u00e9thanisation en Wallonie, o\u00f9 en est-on ?\"}]},{\"@type\":\"WebSite\",\"@id\":\"https:\\\/\\\/www.renouvelle.be\\\/fr\\\/#website\",\"url\":\"https:\\\/\\\/www.renouvelle.be\\\/fr\\\/\",\"name\":\"Renouvelle\",\"description\":\"L&#039;actualit\u00e9 de l&#039;\u00e9nergie durable\",\"potentialAction\":[{\"@type\":\"SearchAction\",\"target\":{\"@type\":\"EntryPoint\",\"urlTemplate\":\"https:\\\/\\\/www.renouvelle.be\\\/fr\\\/?s={search_term_string}\"},\"query-input\":{\"@type\":\"PropertyValueSpecification\",\"valueRequired\":true,\"valueName\":\"search_term_string\"}}],\"inLanguage\":\"fr-FR\"},{\"@type\":\"Person\",\"@id\":\"https:\\\/\\\/www.renouvelle.be\\\/fr\\\/#\\\/schema\\\/person\\\/9d743366fb269eeceaa8d60e98d289d3\",\"name\":\"Samuel Alves\",\"url\":\"https:\\\/\\\/www.renouvelle.be\\\/fr\\\/author\\\/salves\\\/\"}]}<\/script>\n<!-- \/ Yoast SEO plugin. -->","yoast_head_json":{"title":"Biom\u00e9thanisation en Wallonie, o\u00f9 en est-on ? - Renouvelle","description":"Il n'y a pas que le solaire ou le photovolta\u00efque en Wallonie, il y a aussi la biom\u00e9thanisation ! Valbiom en partage les chiffres pour 2022.","robots":{"index":"index","follow":"follow","max-snippet":"max-snippet:-1","max-image-preview":"max-image-preview:large","max-video-preview":"max-video-preview:-1"},"canonical":"https:\/\/www.renouvelle.be\/fr\/biomethanisation-wallonie-ou-en-est-on\/","og_locale":"fr_FR","og_type":"article","og_title":"Biom\u00e9thanisation en Wallonie, o\u00f9 en est-on ? - Renouvelle","og_description":"Il n'y a pas que le solaire ou le photovolta\u00efque en Wallonie, il y a aussi la biom\u00e9thanisation ! Valbiom en partage les chiffres pour 2022.","og_url":"https:\/\/www.renouvelle.be\/fr\/biomethanisation-wallonie-ou-en-est-on\/","og_site_name":"Renouvelle","article_published_time":"2024-03-28T08:44:12+00:00","article_modified_time":"2024-03-28T08:44:17+00:00","og_image":[{"width":2119,"height":1313,"url":"https:\/\/www.renouvelle.be\/wp-content\/uploads\/2024\/03\/iStock-479657576-e1711468002444.jpg","type":"image\/jpeg"}],"author":"Samuel Alves","twitter_card":"summary_large_image","schema":{"@context":"https:\/\/schema.org","@graph":[{"@type":"Article","@id":"https:\/\/www.renouvelle.be\/fr\/biomethanisation-wallonie-ou-en-est-on\/#article","isPartOf":{"@id":"https:\/\/www.renouvelle.be\/fr\/biomethanisation-wallonie-ou-en-est-on\/"},"author":{"name":"Samuel Alves","@id":"https:\/\/www.renouvelle.be\/fr\/#\/schema\/person\/9d743366fb269eeceaa8d60e98d289d3"},"headline":"Biom\u00e9thanisation en Wallonie, o\u00f9 en est-on ?","datePublished":"2024-03-28T08:44:12+00:00","dateModified":"2024-03-28T08:44:17+00:00","mainEntityOfPage":{"@id":"https:\/\/www.renouvelle.be\/fr\/biomethanisation-wallonie-ou-en-est-on\/"},"wordCount":443,"image":{"@id":"https:\/\/www.renouvelle.be\/fr\/biomethanisation-wallonie-ou-en-est-on\/#primaryimage"},"thumbnailUrl":"https:\/\/www.renouvelle.be\/wp-content\/uploads\/2024\/03\/iStock-479657576-e1711468002444.jpg","articleSection":["Technologies"],"inLanguage":"fr-FR"},{"@type":"WebPage","@id":"https:\/\/www.renouvelle.be\/fr\/biomethanisation-wallonie-ou-en-est-on\/","url":"https:\/\/www.renouvelle.be\/fr\/biomethanisation-wallonie-ou-en-est-on\/","name":"Biom\u00e9thanisation en Wallonie, o\u00f9 en est-on ? - Renouvelle","isPartOf":{"@id":"https:\/\/www.renouvelle.be\/fr\/#website"},"primaryImageOfPage":{"@id":"https:\/\/www.renouvelle.be\/fr\/biomethanisation-wallonie-ou-en-est-on\/#primaryimage"},"image":{"@id":"https:\/\/www.renouvelle.be\/fr\/biomethanisation-wallonie-ou-en-est-on\/#primaryimage"},"thumbnailUrl":"https:\/\/www.renouvelle.be\/wp-content\/uploads\/2024\/03\/iStock-479657576-e1711468002444.jpg","datePublished":"2024-03-28T08:44:12+00:00","dateModified":"2024-03-28T08:44:17+00:00","author":{"@id":"https:\/\/www.renouvelle.be\/fr\/#\/schema\/person\/9d743366fb269eeceaa8d60e98d289d3"},"description":"Il n'y a pas que le solaire ou le photovolta\u00efque en Wallonie, il y a aussi la biom\u00e9thanisation ! Valbiom en partage les chiffres pour 2022.","breadcrumb":{"@id":"https:\/\/www.renouvelle.be\/fr\/biomethanisation-wallonie-ou-en-est-on\/#breadcrumb"},"inLanguage":"fr-FR","potentialAction":[{"@type":"ReadAction","target":["https:\/\/www.renouvelle.be\/fr\/biomethanisation-wallonie-ou-en-est-on\/"]}]},{"@type":"ImageObject","inLanguage":"fr-FR","@id":"https:\/\/www.renouvelle.be\/fr\/biomethanisation-wallonie-ou-en-est-on\/#primaryimage","url":"https:\/\/www.renouvelle.be\/wp-content\/uploads\/2024\/03\/iStock-479657576-e1711468002444.jpg","contentUrl":"https:\/\/www.renouvelle.be\/wp-content\/uploads\/2024\/03\/iStock-479657576-e1711468002444.jpg","width":2119,"height":1313,"caption":"Biom\u00e9thanisation Wallonie"},{"@type":"BreadcrumbList","@id":"https:\/\/www.renouvelle.be\/fr\/biomethanisation-wallonie-ou-en-est-on\/#breadcrumb","itemListElement":[{"@type":"ListItem","position":1,"name":"Accueil","item":"https:\/\/www.renouvelle.be\/fr\/"},{"@type":"ListItem","position":2,"name":"Biom\u00e9thanisation en Wallonie, o\u00f9 en est-on ?"}]},{"@type":"WebSite","@id":"https:\/\/www.renouvelle.be\/fr\/#website","url":"https:\/\/www.renouvelle.be\/fr\/","name":"Renouvelle","description":"L&#039;actualit\u00e9 de l&#039;\u00e9nergie durable","potentialAction":[{"@type":"SearchAction","target":{"@type":"EntryPoint","urlTemplate":"https:\/\/www.renouvelle.be\/fr\/?s={search_term_string}"},"query-input":{"@type":"PropertyValueSpecification","valueRequired":true,"valueName":"search_term_string"}}],"inLanguage":"fr-FR"},{"@type":"Person","@id":"https:\/\/www.renouvelle.be\/fr\/#\/schema\/person\/9d743366fb269eeceaa8d60e98d289d3","name":"Samuel Alves","url":"https:\/\/www.renouvelle.be\/fr\/author\/salves\/"}]}},"_links":{"self":[{"href":"https:\/\/www.renouvelle.be\/fr\/wp-json\/wp\/v2\/posts\/12735","targetHints":{"allow":["GET"]}}],"collection":[{"href":"https:\/\/www.renouvelle.be\/fr\/wp-json\/wp\/v2\/posts"}],"about":[{"href":"https:\/\/www.renouvelle.be\/fr\/wp-json\/wp\/v2\/types\/post"}],"author":[{"embeddable":true,"href":"https:\/\/www.renouvelle.be\/fr\/wp-json\/wp\/v2\/users\/38"}],"replies":[{"embeddable":true,"href":"https:\/\/www.renouvelle.be\/fr\/wp-json\/wp\/v2\/comments?post=12735"}],"version-history":[{"count":9,"href":"https:\/\/www.renouvelle.be\/fr\/wp-json\/wp\/v2\/posts\/12735\/revisions"}],"predecessor-version":[{"id":12748,"href":"https:\/\/www.renouvelle.be\/fr\/wp-json\/wp\/v2\/posts\/12735\/revisions\/12748"}],"wp:featuredmedia":[{"embeddable":true,"href":"https:\/\/www.renouvelle.be\/fr\/wp-json\/wp\/v2\/media\/12741"}],"wp:attachment":[{"href":"https:\/\/www.renouvelle.be\/fr\/wp-json\/wp\/v2\/media?parent=12735"}],"wp:term":[{"taxonomy":"category","embeddable":true,"href":"https:\/\/www.renouvelle.be\/fr\/wp-json\/wp\/v2\/categories?post=12735"},{"taxonomy":"post_tag","embeddable":true,"href":"https:\/\/www.renouvelle.be\/fr\/wp-json\/wp\/v2\/tags?post=12735"},{"taxonomy":"section","embeddable":true,"href":"https:\/\/www.renouvelle.be\/fr\/wp-json\/wp\/v2\/section?post=12735"}],"curies":[{"name":"wp","href":"https:\/\/api.w.org\/{rel}","templated":true}]}}