{"id":12722,"date":"2024-03-25T10:03:00","date_gmt":"2024-03-25T09:03:00","guid":{"rendered":"https:\/\/www.renouvelle.be\/?p=12722"},"modified":"2024-03-25T10:03:05","modified_gmt":"2024-03-25T09:03:05","slug":"traite-sur-la-charte-de-energie-par-ici-la-sortie","status":"publish","type":"post","link":"https:\/\/www.renouvelle.be\/fr\/traite-sur-la-charte-de-energie-par-ici-la-sortie\/","title":{"rendered":"Trait\u00e9 sur la charte de l&rsquo;\u00e9nergie, par ici la sortie"},"content":{"rendered":"\n<p>Sign\u00e9 en 1994, peu apr\u00e8s la Guerre froide, le Trait\u00e9 sur la charte de l\u2019\u00e9nergie permet, entre autres, aux entreprises d\u2019\u00e9nergies fossiles (ou multinationales ayant investi dans ces derni\u00e8res) d\u2019attaquer un \u00c9tat dont les d\u00e9cisions mettent \u00e0 mal leurs int\u00e9r\u00eats comme des l\u00e9gislations \u0153uvrant pour la transition climatique et \u00e9nerg\u00e9tique.<\/p>\n\n\n\n<p>V\u00e9ritable m\u00e9canisme \u00e0 la fois offensif, d\u00e9fensif et dissuasif, sa protection permet aux multinationales d\u2019obtenir des millions d\u2019euros en guise de d\u00e9dommagement de la part des \u00c9tats comme l\u2019Italie qui, en 2022, a d\u00fb d\u00e9bourser 200 millions d\u2019euros \u00e0 Rockhopper, compagnie p\u00e9troli\u00e8re anglaise, pour avoir refus\u00e9 un permis de forage offshore. En 2023, c\u2019\u00e9taient l\u2019Allemagne et le Danemark qui en faisaient les frais suite \u00e0 <a href=\"https:\/\/www.alternatives-economiques.fr\/mathilde-dupre\/leurope-de-nouveau-attaquee-investisseurs-fossiles\/00108695\" target=\"_blank\" rel=\"noreferrer noopener\">une plainte de Klesch<\/a>. La raison\u00a0? Une taxe sur les b\u00e9n\u00e9fices exceptionnels s\u2019\u00e9levant \u00e0 95 millions d\u2019euros dont Klesch demandait le remboursement int\u00e9gral.<\/p>\n\n\n\n<p>Fort de son \u00ab&nbsp;succ\u00e8s&nbsp;\u00bb, le TCE est le trait\u00e9 qui g\u00e9n\u00e8re le plus de plaintes en arbitrage&nbsp;: 150 plaintes d\u00e9pos\u00e9es (environ) pour 50 milliards de d\u00e9dommagements aux multinationales. Le tout pay\u00e9 par le contribuable europ\u00e9en.<\/p>\n\n\n\n<p>Prenant conscience du danger que repr\u00e9sente le TCE, dix pays ont d\u00e9j\u00e0 quitt\u00e9 ce dernier ou en ont annonc\u00e9 leur sortie&nbsp;: l\u2019Italie (sans surprise), l\u2019Allemagne, la France, les Pays-Bas, la Pologne, le Luxembourg, le Portugal, la Slov\u00e9nie, l\u2019Irlande et le Danemark.<\/p>\n\n\n\n<p>D\u00e9but mars, l\u2019UE prenait la d\u00e9cision de passer \u00e0 l\u2019action en soumettant une proposition de retrait coordonn\u00e9 et collectif de ses \u00c9tats. Cependant, ceux qui le souhaitent pourront rester dans le trait\u00e9 \u00e0 condition qu\u2019il ait \u00e9t\u00e9 modernis\u00e9\u2026 La proposition devrait \u00eatre approuv\u00e9e d\u2019ici le mois de mai.<\/p>\n\n\n\n<p>Surr\u00e9aliste comme \u00e0 son habitude, on notera que bien que la Belgique pr\u00e9side actuellement le Conseil de l&rsquo;UE et travaille \u00e0 la concr\u00e9tisation de la sortie du Trait\u00e9 sur la charte de l&rsquo;\u00e9nergie, elle ne s\u2019est toujours pas r\u00e9solue \u00e0 le quitter.<\/p>\n","protected":false},"excerpt":{"rendered":"<p>Sign\u00e9 en 1994, peu apr\u00e8s la Guerre froide, le Trait\u00e9 sur la charte de l\u2019\u00e9nergie permet, entre autres, aux entreprises d\u2019\u00e9nergies fossiles (ou multinationales ayant investi dans ces derni\u00e8res) d\u2019attaquer un \u00c9tat dont les d\u00e9cisions mettent \u00e0 mal leurs int\u00e9r\u00eats comme des l\u00e9gislations \u0153uvrant pour la transition climatique et \u00e9nerg\u00e9tique. V\u00e9ritable m\u00e9canisme \u00e0 la fois offensif, d\u00e9fensif et dissuasif, sa protection permet aux multinationales d\u2019obtenir des millions d\u2019euros en guise de d\u00e9dommagement de la part des \u00c9tats comme l\u2019Italie qui, en 2022, a d\u00fb d\u00e9bourser 200 millions d\u2019euros \u00e0 Rockhopper, compagnie p\u00e9troli\u00e8re anglaise, pour avoir refus\u00e9 un permis de forage offshore. En 2023, c\u2019\u00e9taient l\u2019Allemagne et le Danemark qui en faisaient les frais suite \u00e0 une plainte de Klesch. La raison\u00a0? Une taxe sur les b\u00e9n\u00e9fices exceptionnels s\u2019\u00e9levant \u00e0 95 millions d\u2019euros dont Klesch demandait le remboursement int\u00e9gral. Fort de son \u00ab&nbsp;succ\u00e8s&nbsp;\u00bb, le TCE est le trait\u00e9 qui g\u00e9n\u00e8re le plus de plaintes en arbitrage&nbsp;: 150 plaintes d\u00e9pos\u00e9es (environ) pour 50 milliards de d\u00e9dommagements aux multinationales. Le tout pay\u00e9 par le contribuable europ\u00e9en. Prenant conscience du danger que repr\u00e9sente le TCE, dix pays ont d\u00e9j\u00e0 quitt\u00e9 ce dernier ou en ont annonc\u00e9 leur sortie&nbsp;: l\u2019Italie (sans surprise), l\u2019Allemagne, la France, les Pays-Bas, la Pologne, le Luxembourg, le Portugal, la Slov\u00e9nie, l\u2019Irlande et le Danemark. D\u00e9but mars, l\u2019UE prenait la d\u00e9cision de passer \u00e0 l\u2019action en soumettant une proposition de retrait coordonn\u00e9 et collectif de ses \u00c9tats. Cependant, ceux qui le souhaitent pourront rester dans le trait\u00e9 \u00e0 condition qu\u2019il ait \u00e9t\u00e9 modernis\u00e9\u2026 La proposition devrait \u00eatre approuv\u00e9e d\u2019ici le mois de mai. Surr\u00e9aliste comme \u00e0 son habitude, on notera que bien que la Belgique pr\u00e9side actuellement le Conseil de l&rsquo;UE et travaille \u00e0 la concr\u00e9tisation de la sortie du Trait\u00e9 &hellip; <a href=\"https:\/\/www.renouvelle.be\/fr\/traite-sur-la-charte-de-energie-par-ici-la-sortie\/\" class=\"more-link\">Continue reading<span class=\"screen-reader-text\"> \u00ab\u00a0Trait\u00e9 sur la charte de l&rsquo;\u00e9nergie, par ici la sortie\u00a0\u00bb<\/span><\/a><\/p>\n","protected":false},"author":38,"featured_media":12725,"comment_status":"closed","ping_status":"closed","sticky":false,"template":"","format":"standard","meta":{"_acf_changed":false,"footnotes":""},"categories":[18],"tags":[],"section":[8],"class_list":["post-12722","post","type-post","status-publish","format-standard","has-post-thumbnail","hentry","category-actualite-internationale","section-energie-renouvelables"],"acf":[],"yoast_head":"<!-- This site is optimized with the Yoast SEO plugin v27.5 - https:\/\/yoast.com\/product\/yoast-seo-wordpress\/ -->\n<title>Trait\u00e9 sur la charte de l&#039;\u00e9nergie, par ici la sortie - Renouvelle<\/title>\n<meta name=\"description\" content=\"L&#039;UE se pr\u00e9pare \u00e0 quitter le Trait\u00e9 sur la charte de l&#039;\u00e9nergie. Mais les \u00c9tats qui le veulent pourront le conserver.\" \/>\n<meta name=\"robots\" content=\"index, follow, max-snippet:-1, max-image-preview:large, max-video-preview:-1\" \/>\n<link rel=\"canonical\" href=\"https:\/\/www.renouvelle.be\/fr\/traite-sur-la-charte-de-energie-par-ici-la-sortie\/\" \/>\n<meta property=\"og:locale\" content=\"fr_FR\" \/>\n<meta property=\"og:type\" content=\"article\" \/>\n<meta property=\"og:title\" content=\"Trait\u00e9 sur la charte de l&#039;\u00e9nergie, par ici la sortie - Renouvelle\" \/>\n<meta property=\"og:description\" content=\"L&#039;UE se pr\u00e9pare \u00e0 quitter le Trait\u00e9 sur la charte de l&#039;\u00e9nergie. Mais les \u00c9tats qui le veulent pourront le conserver.\" \/>\n<meta property=\"og:url\" content=\"https:\/\/www.renouvelle.be\/fr\/traite-sur-la-charte-de-energie-par-ici-la-sortie\/\" \/>\n<meta property=\"og:site_name\" content=\"Renouvelle\" \/>\n<meta property=\"article:published_time\" content=\"2024-03-25T09:03:00+00:00\" \/>\n<meta property=\"article:modified_time\" content=\"2024-03-25T09:03:05+00:00\" \/>\n<meta property=\"og:image\" content=\"https:\/\/www.renouvelle.be\/wp-content\/uploads\/2024\/03\/iStock-1453122811.jpg\" \/>\n\t<meta property=\"og:image:width\" content=\"1313\" \/>\n\t<meta property=\"og:image:height\" content=\"798\" \/>\n\t<meta property=\"og:image:type\" content=\"image\/jpeg\" \/>\n<meta name=\"author\" content=\"Samuel Alves\" \/>\n<meta name=\"twitter:card\" content=\"summary_large_image\" \/>\n<script type=\"application\/ld+json\" class=\"yoast-schema-graph\">{\"@context\":\"https:\\\/\\\/schema.org\",\"@graph\":[{\"@type\":\"Article\",\"@id\":\"https:\\\/\\\/www.renouvelle.be\\\/fr\\\/traite-sur-la-charte-de-energie-par-ici-la-sortie\\\/#article\",\"isPartOf\":{\"@id\":\"https:\\\/\\\/www.renouvelle.be\\\/fr\\\/traite-sur-la-charte-de-energie-par-ici-la-sortie\\\/\"},\"author\":{\"name\":\"Samuel Alves\",\"@id\":\"https:\\\/\\\/www.renouvelle.be\\\/fr\\\/#\\\/schema\\\/person\\\/9d743366fb269eeceaa8d60e98d289d3\"},\"headline\":\"Trait\u00e9 sur la charte de l&rsquo;\u00e9nergie, par ici la sortie\",\"datePublished\":\"2024-03-25T09:03:00+00:00\",\"dateModified\":\"2024-03-25T09:03:05+00:00\",\"mainEntityOfPage\":{\"@id\":\"https:\\\/\\\/www.renouvelle.be\\\/fr\\\/traite-sur-la-charte-de-energie-par-ici-la-sortie\\\/\"},\"wordCount\":357,\"image\":{\"@id\":\"https:\\\/\\\/www.renouvelle.be\\\/fr\\\/traite-sur-la-charte-de-energie-par-ici-la-sortie\\\/#primaryimage\"},\"thumbnailUrl\":\"https:\\\/\\\/www.renouvelle.be\\\/wp-content\\\/uploads\\\/2024\\\/03\\\/iStock-1453122811.jpg\",\"articleSection\":[\"Actualit\u00e9 internationale\"],\"inLanguage\":\"fr-FR\"},{\"@type\":\"WebPage\",\"@id\":\"https:\\\/\\\/www.renouvelle.be\\\/fr\\\/traite-sur-la-charte-de-energie-par-ici-la-sortie\\\/\",\"url\":\"https:\\\/\\\/www.renouvelle.be\\\/fr\\\/traite-sur-la-charte-de-energie-par-ici-la-sortie\\\/\",\"name\":\"Trait\u00e9 sur la charte de l'\u00e9nergie, par ici la sortie - Renouvelle\",\"isPartOf\":{\"@id\":\"https:\\\/\\\/www.renouvelle.be\\\/fr\\\/#website\"},\"primaryImageOfPage\":{\"@id\":\"https:\\\/\\\/www.renouvelle.be\\\/fr\\\/traite-sur-la-charte-de-energie-par-ici-la-sortie\\\/#primaryimage\"},\"image\":{\"@id\":\"https:\\\/\\\/www.renouvelle.be\\\/fr\\\/traite-sur-la-charte-de-energie-par-ici-la-sortie\\\/#primaryimage\"},\"thumbnailUrl\":\"https:\\\/\\\/www.renouvelle.be\\\/wp-content\\\/uploads\\\/2024\\\/03\\\/iStock-1453122811.jpg\",\"datePublished\":\"2024-03-25T09:03:00+00:00\",\"dateModified\":\"2024-03-25T09:03:05+00:00\",\"author\":{\"@id\":\"https:\\\/\\\/www.renouvelle.be\\\/fr\\\/#\\\/schema\\\/person\\\/9d743366fb269eeceaa8d60e98d289d3\"},\"description\":\"L'UE se pr\u00e9pare \u00e0 quitter le Trait\u00e9 sur la charte de l'\u00e9nergie. Mais les \u00c9tats qui le veulent pourront le conserver.\",\"breadcrumb\":{\"@id\":\"https:\\\/\\\/www.renouvelle.be\\\/fr\\\/traite-sur-la-charte-de-energie-par-ici-la-sortie\\\/#breadcrumb\"},\"inLanguage\":\"fr-FR\",\"potentialAction\":[{\"@type\":\"ReadAction\",\"target\":[\"https:\\\/\\\/www.renouvelle.be\\\/fr\\\/traite-sur-la-charte-de-energie-par-ici-la-sortie\\\/\"]}]},{\"@type\":\"ImageObject\",\"inLanguage\":\"fr-FR\",\"@id\":\"https:\\\/\\\/www.renouvelle.be\\\/fr\\\/traite-sur-la-charte-de-energie-par-ici-la-sortie\\\/#primaryimage\",\"url\":\"https:\\\/\\\/www.renouvelle.be\\\/wp-content\\\/uploads\\\/2024\\\/03\\\/iStock-1453122811.jpg\",\"contentUrl\":\"https:\\\/\\\/www.renouvelle.be\\\/wp-content\\\/uploads\\\/2024\\\/03\\\/iStock-1453122811.jpg\",\"width\":1313,\"height\":798,\"caption\":\"trait\u00e9 sur la charte de l'\u00e9nergie UE\"},{\"@type\":\"BreadcrumbList\",\"@id\":\"https:\\\/\\\/www.renouvelle.be\\\/fr\\\/traite-sur-la-charte-de-energie-par-ici-la-sortie\\\/#breadcrumb\",\"itemListElement\":[{\"@type\":\"ListItem\",\"position\":1,\"name\":\"Accueil\",\"item\":\"https:\\\/\\\/www.renouvelle.be\\\/fr\\\/\"},{\"@type\":\"ListItem\",\"position\":2,\"name\":\"Trait\u00e9 sur la charte de l&rsquo;\u00e9nergie, par ici la sortie\"}]},{\"@type\":\"WebSite\",\"@id\":\"https:\\\/\\\/www.renouvelle.be\\\/fr\\\/#website\",\"url\":\"https:\\\/\\\/www.renouvelle.be\\\/fr\\\/\",\"name\":\"Renouvelle\",\"description\":\"L&#039;actualit\u00e9 de l&#039;\u00e9nergie durable\",\"potentialAction\":[{\"@type\":\"SearchAction\",\"target\":{\"@type\":\"EntryPoint\",\"urlTemplate\":\"https:\\\/\\\/www.renouvelle.be\\\/fr\\\/?s={search_term_string}\"},\"query-input\":{\"@type\":\"PropertyValueSpecification\",\"valueRequired\":true,\"valueName\":\"search_term_string\"}}],\"inLanguage\":\"fr-FR\"},{\"@type\":\"Person\",\"@id\":\"https:\\\/\\\/www.renouvelle.be\\\/fr\\\/#\\\/schema\\\/person\\\/9d743366fb269eeceaa8d60e98d289d3\",\"name\":\"Samuel Alves\",\"url\":\"https:\\\/\\\/www.renouvelle.be\\\/fr\\\/author\\\/salves\\\/\"}]}<\/script>\n<!-- \/ Yoast SEO plugin. -->","yoast_head_json":{"title":"Trait\u00e9 sur la charte de l'\u00e9nergie, par ici la sortie - Renouvelle","description":"L'UE se pr\u00e9pare \u00e0 quitter le Trait\u00e9 sur la charte de l'\u00e9nergie. Mais les \u00c9tats qui le veulent pourront le conserver.","robots":{"index":"index","follow":"follow","max-snippet":"max-snippet:-1","max-image-preview":"max-image-preview:large","max-video-preview":"max-video-preview:-1"},"canonical":"https:\/\/www.renouvelle.be\/fr\/traite-sur-la-charte-de-energie-par-ici-la-sortie\/","og_locale":"fr_FR","og_type":"article","og_title":"Trait\u00e9 sur la charte de l'\u00e9nergie, par ici la sortie - Renouvelle","og_description":"L'UE se pr\u00e9pare \u00e0 quitter le Trait\u00e9 sur la charte de l'\u00e9nergie. Mais les \u00c9tats qui le veulent pourront le conserver.","og_url":"https:\/\/www.renouvelle.be\/fr\/traite-sur-la-charte-de-energie-par-ici-la-sortie\/","og_site_name":"Renouvelle","article_published_time":"2024-03-25T09:03:00+00:00","article_modified_time":"2024-03-25T09:03:05+00:00","og_image":[{"width":1313,"height":798,"url":"https:\/\/www.renouvelle.be\/wp-content\/uploads\/2024\/03\/iStock-1453122811.jpg","type":"image\/jpeg"}],"author":"Samuel Alves","twitter_card":"summary_large_image","schema":{"@context":"https:\/\/schema.org","@graph":[{"@type":"Article","@id":"https:\/\/www.renouvelle.be\/fr\/traite-sur-la-charte-de-energie-par-ici-la-sortie\/#article","isPartOf":{"@id":"https:\/\/www.renouvelle.be\/fr\/traite-sur-la-charte-de-energie-par-ici-la-sortie\/"},"author":{"name":"Samuel Alves","@id":"https:\/\/www.renouvelle.be\/fr\/#\/schema\/person\/9d743366fb269eeceaa8d60e98d289d3"},"headline":"Trait\u00e9 sur la charte de l&rsquo;\u00e9nergie, par ici la sortie","datePublished":"2024-03-25T09:03:00+00:00","dateModified":"2024-03-25T09:03:05+00:00","mainEntityOfPage":{"@id":"https:\/\/www.renouvelle.be\/fr\/traite-sur-la-charte-de-energie-par-ici-la-sortie\/"},"wordCount":357,"image":{"@id":"https:\/\/www.renouvelle.be\/fr\/traite-sur-la-charte-de-energie-par-ici-la-sortie\/#primaryimage"},"thumbnailUrl":"https:\/\/www.renouvelle.be\/wp-content\/uploads\/2024\/03\/iStock-1453122811.jpg","articleSection":["Actualit\u00e9 internationale"],"inLanguage":"fr-FR"},{"@type":"WebPage","@id":"https:\/\/www.renouvelle.be\/fr\/traite-sur-la-charte-de-energie-par-ici-la-sortie\/","url":"https:\/\/www.renouvelle.be\/fr\/traite-sur-la-charte-de-energie-par-ici-la-sortie\/","name":"Trait\u00e9 sur la charte de l'\u00e9nergie, par ici la sortie - Renouvelle","isPartOf":{"@id":"https:\/\/www.renouvelle.be\/fr\/#website"},"primaryImageOfPage":{"@id":"https:\/\/www.renouvelle.be\/fr\/traite-sur-la-charte-de-energie-par-ici-la-sortie\/#primaryimage"},"image":{"@id":"https:\/\/www.renouvelle.be\/fr\/traite-sur-la-charte-de-energie-par-ici-la-sortie\/#primaryimage"},"thumbnailUrl":"https:\/\/www.renouvelle.be\/wp-content\/uploads\/2024\/03\/iStock-1453122811.jpg","datePublished":"2024-03-25T09:03:00+00:00","dateModified":"2024-03-25T09:03:05+00:00","author":{"@id":"https:\/\/www.renouvelle.be\/fr\/#\/schema\/person\/9d743366fb269eeceaa8d60e98d289d3"},"description":"L'UE se pr\u00e9pare \u00e0 quitter le Trait\u00e9 sur la charte de l'\u00e9nergie. Mais les \u00c9tats qui le veulent pourront le conserver.","breadcrumb":{"@id":"https:\/\/www.renouvelle.be\/fr\/traite-sur-la-charte-de-energie-par-ici-la-sortie\/#breadcrumb"},"inLanguage":"fr-FR","potentialAction":[{"@type":"ReadAction","target":["https:\/\/www.renouvelle.be\/fr\/traite-sur-la-charte-de-energie-par-ici-la-sortie\/"]}]},{"@type":"ImageObject","inLanguage":"fr-FR","@id":"https:\/\/www.renouvelle.be\/fr\/traite-sur-la-charte-de-energie-par-ici-la-sortie\/#primaryimage","url":"https:\/\/www.renouvelle.be\/wp-content\/uploads\/2024\/03\/iStock-1453122811.jpg","contentUrl":"https:\/\/www.renouvelle.be\/wp-content\/uploads\/2024\/03\/iStock-1453122811.jpg","width":1313,"height":798,"caption":"trait\u00e9 sur la charte de l'\u00e9nergie UE"},{"@type":"BreadcrumbList","@id":"https:\/\/www.renouvelle.be\/fr\/traite-sur-la-charte-de-energie-par-ici-la-sortie\/#breadcrumb","itemListElement":[{"@type":"ListItem","position":1,"name":"Accueil","item":"https:\/\/www.renouvelle.be\/fr\/"},{"@type":"ListItem","position":2,"name":"Trait\u00e9 sur la charte de l&rsquo;\u00e9nergie, par ici la sortie"}]},{"@type":"WebSite","@id":"https:\/\/www.renouvelle.be\/fr\/#website","url":"https:\/\/www.renouvelle.be\/fr\/","name":"Renouvelle","description":"L&#039;actualit\u00e9 de l&#039;\u00e9nergie durable","potentialAction":[{"@type":"SearchAction","target":{"@type":"EntryPoint","urlTemplate":"https:\/\/www.renouvelle.be\/fr\/?s={search_term_string}"},"query-input":{"@type":"PropertyValueSpecification","valueRequired":true,"valueName":"search_term_string"}}],"inLanguage":"fr-FR"},{"@type":"Person","@id":"https:\/\/www.renouvelle.be\/fr\/#\/schema\/person\/9d743366fb269eeceaa8d60e98d289d3","name":"Samuel Alves","url":"https:\/\/www.renouvelle.be\/fr\/author\/salves\/"}]}},"_links":{"self":[{"href":"https:\/\/www.renouvelle.be\/fr\/wp-json\/wp\/v2\/posts\/12722","targetHints":{"allow":["GET"]}}],"collection":[{"href":"https:\/\/www.renouvelle.be\/fr\/wp-json\/wp\/v2\/posts"}],"about":[{"href":"https:\/\/www.renouvelle.be\/fr\/wp-json\/wp\/v2\/types\/post"}],"author":[{"embeddable":true,"href":"https:\/\/www.renouvelle.be\/fr\/wp-json\/wp\/v2\/users\/38"}],"replies":[{"embeddable":true,"href":"https:\/\/www.renouvelle.be\/fr\/wp-json\/wp\/v2\/comments?post=12722"}],"version-history":[{"count":6,"href":"https:\/\/www.renouvelle.be\/fr\/wp-json\/wp\/v2\/posts\/12722\/revisions"}],"predecessor-version":[{"id":12730,"href":"https:\/\/www.renouvelle.be\/fr\/wp-json\/wp\/v2\/posts\/12722\/revisions\/12730"}],"wp:featuredmedia":[{"embeddable":true,"href":"https:\/\/www.renouvelle.be\/fr\/wp-json\/wp\/v2\/media\/12725"}],"wp:attachment":[{"href":"https:\/\/www.renouvelle.be\/fr\/wp-json\/wp\/v2\/media?parent=12722"}],"wp:term":[{"taxonomy":"category","embeddable":true,"href":"https:\/\/www.renouvelle.be\/fr\/wp-json\/wp\/v2\/categories?post=12722"},{"taxonomy":"post_tag","embeddable":true,"href":"https:\/\/www.renouvelle.be\/fr\/wp-json\/wp\/v2\/tags?post=12722"},{"taxonomy":"section","embeddable":true,"href":"https:\/\/www.renouvelle.be\/fr\/wp-json\/wp\/v2\/section?post=12722"}],"curies":[{"name":"wp","href":"https:\/\/api.w.org\/{rel}","templated":true}]}}