{"id":12698,"date":"2024-03-21T09:27:14","date_gmt":"2024-03-21T08:27:14","guid":{"rendered":"https:\/\/www.renouvelle.be\/?p=12698"},"modified":"2024-03-21T09:27:18","modified_gmt":"2024-03-21T08:27:18","slug":"ue-approuve-le-reglement-sur-les-matieres-premieres-critiques","status":"publish","type":"post","link":"https:\/\/www.renouvelle.be\/fr\/ue-approuve-le-reglement-sur-les-matieres-premieres-critiques\/","title":{"rendered":"L\u2019UE approuve le r\u00e8glement sur les mati\u00e8res premi\u00e8res critiques"},"content":{"rendered":"\n<p>Cette derni\u00e8re \u00e9tape d\u00e9cisionnelle permet au <em><a href=\"https:\/\/single-market-economy.ec.europa.eu\/publications\/european-critical-raw-materials-act_en\" target=\"_blank\" rel=\"noreferrer noopener\">Critical Raw Materials Act<\/a> <\/em>de rentrer officiellement en vigueur. On le sait, en ce qui concerne les mati\u00e8res premi\u00e8res critiques, <a href=\"https:\/\/www.renouvelle.be\/fr\/criticite-materiaux-de-la-transition-energetique-sous-haute-tension\/\" target=\"_blank\" rel=\"noreferrer noopener\">les pays europ\u00e9ens sont d\u00e9pendants<\/a> de cha\u00eenes d\u2019approvisionnement de pays tiers comme la Chine qui en d\u00e9tient le monopole.<\/p>\n\n\n\n<p>Le r\u00e8glement pr\u00e9voit des d\u00e9lais pr\u00e9cis quant \u00e0 l\u2019octroi d&rsquo;autorisations pour des projets d\u2019extraction de l\u2019UE, tout en permettant \u00e0 la Commission, ainsi qu\u2019aux \u00c9tats membres, de juger de la validit\u00e9 strat\u00e9gique de ces projets. L\u2019\u00e9valuation des risques li\u00e9s est \u00e9galement pr\u00e9vue dans la l\u00e9gislation.<\/p>\n\n\n\n<p>Deux listes de mati\u00e8res premi\u00e8res ont \u00e9t\u00e9 dress\u00e9es, la premi\u00e8re reprend 34 mati\u00e8res critiques et la seconde 17 mati\u00e8res strat\u00e9giques. Dans les deux cas, ces derni\u00e8res sont essentielles pour assurer la transition \u00e9cologique.<\/p>\n\n\n\n<p>La future consommation annuelle de l\u2019UE devra comprendre au minimum 10 % de mati\u00e8res provenant d&rsquo;exploitations locales, 40 % de composants transform\u00e9s sur son territoire, et 25 % de mat\u00e9riaux recycl\u00e9s au sein de l\u2019Union.<\/p>\n\n\n\n<p>Les projets d&rsquo;extraction recevront leurs autorisations dans un d\u00e9lais de 27 mois maximum, alors que celles pour les projets de recyclage et de transformation devraient \u00eatre obtenues en 15 mois, sauf dans les cas n\u00e9cessitant un dialogue approfondi avec les communaut\u00e9s locales et une \u00e9valuation d\u00e9taill\u00e9e des impacts environnementaux.<\/p>\n\n\n\n<p>Les grandes entreprises fabriquant des technologies strat\u00e9giques, comme les producteurs de batteries, d&rsquo;hydrog\u00e8ne ou de g\u00e9n\u00e9rateurs d&rsquo;\u00e9nergie renouvelable, devront \u00e9valuer les risques de leurs cha\u00eenes d&rsquo;approvisionnement pour identifier les points faibles.<\/p>\n","protected":false},"excerpt":{"rendered":"<p>Cette derni\u00e8re \u00e9tape d\u00e9cisionnelle permet au Critical Raw Materials Act de rentrer officiellement en vigueur. On le sait, en ce qui concerne les mati\u00e8res premi\u00e8res critiques, les pays europ\u00e9ens sont d\u00e9pendants de cha\u00eenes d\u2019approvisionnement de pays tiers comme la Chine qui en d\u00e9tient le monopole. Le r\u00e8glement pr\u00e9voit des d\u00e9lais pr\u00e9cis quant \u00e0 l\u2019octroi d&rsquo;autorisations pour des projets d\u2019extraction de l\u2019UE, tout en permettant \u00e0 la Commission, ainsi qu\u2019aux \u00c9tats membres, de juger de la validit\u00e9 strat\u00e9gique de ces projets. L\u2019\u00e9valuation des risques li\u00e9s est \u00e9galement pr\u00e9vue dans la l\u00e9gislation. Deux listes de mati\u00e8res premi\u00e8res ont \u00e9t\u00e9 dress\u00e9es, la premi\u00e8re reprend 34 mati\u00e8res critiques et la seconde 17 mati\u00e8res strat\u00e9giques. Dans les deux cas, ces derni\u00e8res sont essentielles pour assurer la transition \u00e9cologique. La future consommation annuelle de l\u2019UE devra comprendre au minimum 10 % de mati\u00e8res provenant d&rsquo;exploitations locales, 40 % de composants transform\u00e9s sur son territoire, et 25 % de mat\u00e9riaux recycl\u00e9s au sein de l\u2019Union. Les projets d&rsquo;extraction recevront leurs autorisations dans un d\u00e9lais de 27 mois maximum, alors que celles pour les projets de recyclage et de transformation devraient \u00eatre obtenues en 15 mois, sauf dans les cas n\u00e9cessitant un dialogue approfondi avec les communaut\u00e9s locales et une \u00e9valuation d\u00e9taill\u00e9e des impacts environnementaux. Les grandes entreprises fabriquant des technologies strat\u00e9giques, comme les producteurs de batteries, d&rsquo;hydrog\u00e8ne ou de g\u00e9n\u00e9rateurs d&rsquo;\u00e9nergie renouvelable, devront \u00e9valuer les risques de leurs cha\u00eenes d&rsquo;approvisionnement pour identifier les points faibles.<\/p>\n","protected":false},"author":38,"featured_media":12700,"comment_status":"closed","ping_status":"closed","sticky":false,"template":"","format":"standard","meta":{"_acf_changed":false,"footnotes":""},"categories":[18],"tags":[],"section":[8],"class_list":["post-12698","post","type-post","status-publish","format-standard","has-post-thumbnail","hentry","category-actualite-internationale","section-energie-renouvelables"],"acf":[],"yoast_head":"<!-- This site is optimized with the Yoast SEO plugin v27.5 - https:\/\/yoast.com\/product\/yoast-seo-wordpress\/ -->\n<title>L\u2019UE approuve le r\u00e8glement sur les mati\u00e8res premi\u00e8res critiques - Renouvelle<\/title>\n<meta name=\"description\" content=\"Le Conseil de l&#039;Union europ\u00e9enne adopte la l\u00e9gislation sur les mati\u00e8res premi\u00e8res critiques afin d&#039;en assurer leur approvisionnement.\" \/>\n<meta name=\"robots\" content=\"index, follow, max-snippet:-1, max-image-preview:large, max-video-preview:-1\" \/>\n<link rel=\"canonical\" href=\"https:\/\/www.renouvelle.be\/fr\/ue-approuve-le-reglement-sur-les-matieres-premieres-critiques\/\" \/>\n<meta property=\"og:locale\" content=\"fr_FR\" \/>\n<meta property=\"og:type\" content=\"article\" \/>\n<meta property=\"og:title\" content=\"L\u2019UE approuve le r\u00e8glement sur les mati\u00e8res premi\u00e8res critiques - Renouvelle\" \/>\n<meta property=\"og:description\" content=\"Le Conseil de l&#039;Union europ\u00e9enne adopte la l\u00e9gislation sur les mati\u00e8res premi\u00e8res critiques afin d&#039;en assurer leur approvisionnement.\" \/>\n<meta property=\"og:url\" content=\"https:\/\/www.renouvelle.be\/fr\/ue-approuve-le-reglement-sur-les-matieres-premieres-critiques\/\" \/>\n<meta property=\"og:site_name\" content=\"Renouvelle\" \/>\n<meta property=\"article:published_time\" content=\"2024-03-21T08:27:14+00:00\" \/>\n<meta property=\"article:modified_time\" content=\"2024-03-21T08:27:18+00:00\" \/>\n<meta property=\"og:image\" content=\"https:\/\/www.renouvelle.be\/wp-content\/uploads\/2024\/03\/iStock-163263590-e1711009331575.jpg\" \/>\n\t<meta property=\"og:image:width\" content=\"1254\" \/>\n\t<meta property=\"og:image:height\" content=\"773\" \/>\n\t<meta property=\"og:image:type\" content=\"image\/jpeg\" \/>\n<meta name=\"author\" content=\"Samuel Alves\" \/>\n<meta name=\"twitter:card\" content=\"summary_large_image\" \/>\n<script type=\"application\/ld+json\" class=\"yoast-schema-graph\">{\"@context\":\"https:\\\/\\\/schema.org\",\"@graph\":[{\"@type\":\"Article\",\"@id\":\"https:\\\/\\\/www.renouvelle.be\\\/fr\\\/ue-approuve-le-reglement-sur-les-matieres-premieres-critiques\\\/#article\",\"isPartOf\":{\"@id\":\"https:\\\/\\\/www.renouvelle.be\\\/fr\\\/ue-approuve-le-reglement-sur-les-matieres-premieres-critiques\\\/\"},\"author\":{\"name\":\"Samuel Alves\",\"@id\":\"https:\\\/\\\/www.renouvelle.be\\\/fr\\\/#\\\/schema\\\/person\\\/9d743366fb269eeceaa8d60e98d289d3\"},\"headline\":\"L\u2019UE approuve le r\u00e8glement sur les mati\u00e8res premi\u00e8res critiques\",\"datePublished\":\"2024-03-21T08:27:14+00:00\",\"dateModified\":\"2024-03-21T08:27:18+00:00\",\"mainEntityOfPage\":{\"@id\":\"https:\\\/\\\/www.renouvelle.be\\\/fr\\\/ue-approuve-le-reglement-sur-les-matieres-premieres-critiques\\\/\"},\"wordCount\":291,\"image\":{\"@id\":\"https:\\\/\\\/www.renouvelle.be\\\/fr\\\/ue-approuve-le-reglement-sur-les-matieres-premieres-critiques\\\/#primaryimage\"},\"thumbnailUrl\":\"https:\\\/\\\/www.renouvelle.be\\\/wp-content\\\/uploads\\\/2024\\\/03\\\/iStock-163263590-e1711009331575.jpg\",\"articleSection\":[\"Actualit\u00e9 internationale\"],\"inLanguage\":\"fr-FR\"},{\"@type\":\"WebPage\",\"@id\":\"https:\\\/\\\/www.renouvelle.be\\\/fr\\\/ue-approuve-le-reglement-sur-les-matieres-premieres-critiques\\\/\",\"url\":\"https:\\\/\\\/www.renouvelle.be\\\/fr\\\/ue-approuve-le-reglement-sur-les-matieres-premieres-critiques\\\/\",\"name\":\"L\u2019UE approuve le r\u00e8glement sur les mati\u00e8res premi\u00e8res critiques - Renouvelle\",\"isPartOf\":{\"@id\":\"https:\\\/\\\/www.renouvelle.be\\\/fr\\\/#website\"},\"primaryImageOfPage\":{\"@id\":\"https:\\\/\\\/www.renouvelle.be\\\/fr\\\/ue-approuve-le-reglement-sur-les-matieres-premieres-critiques\\\/#primaryimage\"},\"image\":{\"@id\":\"https:\\\/\\\/www.renouvelle.be\\\/fr\\\/ue-approuve-le-reglement-sur-les-matieres-premieres-critiques\\\/#primaryimage\"},\"thumbnailUrl\":\"https:\\\/\\\/www.renouvelle.be\\\/wp-content\\\/uploads\\\/2024\\\/03\\\/iStock-163263590-e1711009331575.jpg\",\"datePublished\":\"2024-03-21T08:27:14+00:00\",\"dateModified\":\"2024-03-21T08:27:18+00:00\",\"author\":{\"@id\":\"https:\\\/\\\/www.renouvelle.be\\\/fr\\\/#\\\/schema\\\/person\\\/9d743366fb269eeceaa8d60e98d289d3\"},\"description\":\"Le Conseil de l'Union europ\u00e9enne adopte la l\u00e9gislation sur les mati\u00e8res premi\u00e8res critiques afin d'en assurer leur approvisionnement.\",\"breadcrumb\":{\"@id\":\"https:\\\/\\\/www.renouvelle.be\\\/fr\\\/ue-approuve-le-reglement-sur-les-matieres-premieres-critiques\\\/#breadcrumb\"},\"inLanguage\":\"fr-FR\",\"potentialAction\":[{\"@type\":\"ReadAction\",\"target\":[\"https:\\\/\\\/www.renouvelle.be\\\/fr\\\/ue-approuve-le-reglement-sur-les-matieres-premieres-critiques\\\/\"]}]},{\"@type\":\"ImageObject\",\"inLanguage\":\"fr-FR\",\"@id\":\"https:\\\/\\\/www.renouvelle.be\\\/fr\\\/ue-approuve-le-reglement-sur-les-matieres-premieres-critiques\\\/#primaryimage\",\"url\":\"https:\\\/\\\/www.renouvelle.be\\\/wp-content\\\/uploads\\\/2024\\\/03\\\/iStock-163263590-e1711009331575.jpg\",\"contentUrl\":\"https:\\\/\\\/www.renouvelle.be\\\/wp-content\\\/uploads\\\/2024\\\/03\\\/iStock-163263590-e1711009331575.jpg\",\"width\":1254,\"height\":773,\"caption\":\"UE mati\u00e8res premi\u00e8res critiques\"},{\"@type\":\"BreadcrumbList\",\"@id\":\"https:\\\/\\\/www.renouvelle.be\\\/fr\\\/ue-approuve-le-reglement-sur-les-matieres-premieres-critiques\\\/#breadcrumb\",\"itemListElement\":[{\"@type\":\"ListItem\",\"position\":1,\"name\":\"Accueil\",\"item\":\"https:\\\/\\\/www.renouvelle.be\\\/fr\\\/\"},{\"@type\":\"ListItem\",\"position\":2,\"name\":\"L\u2019UE approuve le r\u00e8glement sur les mati\u00e8res premi\u00e8res critiques\"}]},{\"@type\":\"WebSite\",\"@id\":\"https:\\\/\\\/www.renouvelle.be\\\/fr\\\/#website\",\"url\":\"https:\\\/\\\/www.renouvelle.be\\\/fr\\\/\",\"name\":\"Renouvelle\",\"description\":\"L&#039;actualit\u00e9 de l&#039;\u00e9nergie durable\",\"potentialAction\":[{\"@type\":\"SearchAction\",\"target\":{\"@type\":\"EntryPoint\",\"urlTemplate\":\"https:\\\/\\\/www.renouvelle.be\\\/fr\\\/?s={search_term_string}\"},\"query-input\":{\"@type\":\"PropertyValueSpecification\",\"valueRequired\":true,\"valueName\":\"search_term_string\"}}],\"inLanguage\":\"fr-FR\"},{\"@type\":\"Person\",\"@id\":\"https:\\\/\\\/www.renouvelle.be\\\/fr\\\/#\\\/schema\\\/person\\\/9d743366fb269eeceaa8d60e98d289d3\",\"name\":\"Samuel Alves\",\"url\":\"https:\\\/\\\/www.renouvelle.be\\\/fr\\\/author\\\/salves\\\/\"}]}<\/script>\n<!-- \/ Yoast SEO plugin. -->","yoast_head_json":{"title":"L\u2019UE approuve le r\u00e8glement sur les mati\u00e8res premi\u00e8res critiques - Renouvelle","description":"Le Conseil de l'Union europ\u00e9enne adopte la l\u00e9gislation sur les mati\u00e8res premi\u00e8res critiques afin d'en assurer leur approvisionnement.","robots":{"index":"index","follow":"follow","max-snippet":"max-snippet:-1","max-image-preview":"max-image-preview:large","max-video-preview":"max-video-preview:-1"},"canonical":"https:\/\/www.renouvelle.be\/fr\/ue-approuve-le-reglement-sur-les-matieres-premieres-critiques\/","og_locale":"fr_FR","og_type":"article","og_title":"L\u2019UE approuve le r\u00e8glement sur les mati\u00e8res premi\u00e8res critiques - Renouvelle","og_description":"Le Conseil de l'Union europ\u00e9enne adopte la l\u00e9gislation sur les mati\u00e8res premi\u00e8res critiques afin d'en assurer leur approvisionnement.","og_url":"https:\/\/www.renouvelle.be\/fr\/ue-approuve-le-reglement-sur-les-matieres-premieres-critiques\/","og_site_name":"Renouvelle","article_published_time":"2024-03-21T08:27:14+00:00","article_modified_time":"2024-03-21T08:27:18+00:00","og_image":[{"width":1254,"height":773,"url":"https:\/\/www.renouvelle.be\/wp-content\/uploads\/2024\/03\/iStock-163263590-e1711009331575.jpg","type":"image\/jpeg"}],"author":"Samuel Alves","twitter_card":"summary_large_image","schema":{"@context":"https:\/\/schema.org","@graph":[{"@type":"Article","@id":"https:\/\/www.renouvelle.be\/fr\/ue-approuve-le-reglement-sur-les-matieres-premieres-critiques\/#article","isPartOf":{"@id":"https:\/\/www.renouvelle.be\/fr\/ue-approuve-le-reglement-sur-les-matieres-premieres-critiques\/"},"author":{"name":"Samuel Alves","@id":"https:\/\/www.renouvelle.be\/fr\/#\/schema\/person\/9d743366fb269eeceaa8d60e98d289d3"},"headline":"L\u2019UE approuve le r\u00e8glement sur les mati\u00e8res premi\u00e8res critiques","datePublished":"2024-03-21T08:27:14+00:00","dateModified":"2024-03-21T08:27:18+00:00","mainEntityOfPage":{"@id":"https:\/\/www.renouvelle.be\/fr\/ue-approuve-le-reglement-sur-les-matieres-premieres-critiques\/"},"wordCount":291,"image":{"@id":"https:\/\/www.renouvelle.be\/fr\/ue-approuve-le-reglement-sur-les-matieres-premieres-critiques\/#primaryimage"},"thumbnailUrl":"https:\/\/www.renouvelle.be\/wp-content\/uploads\/2024\/03\/iStock-163263590-e1711009331575.jpg","articleSection":["Actualit\u00e9 internationale"],"inLanguage":"fr-FR"},{"@type":"WebPage","@id":"https:\/\/www.renouvelle.be\/fr\/ue-approuve-le-reglement-sur-les-matieres-premieres-critiques\/","url":"https:\/\/www.renouvelle.be\/fr\/ue-approuve-le-reglement-sur-les-matieres-premieres-critiques\/","name":"L\u2019UE approuve le r\u00e8glement sur les mati\u00e8res premi\u00e8res critiques - Renouvelle","isPartOf":{"@id":"https:\/\/www.renouvelle.be\/fr\/#website"},"primaryImageOfPage":{"@id":"https:\/\/www.renouvelle.be\/fr\/ue-approuve-le-reglement-sur-les-matieres-premieres-critiques\/#primaryimage"},"image":{"@id":"https:\/\/www.renouvelle.be\/fr\/ue-approuve-le-reglement-sur-les-matieres-premieres-critiques\/#primaryimage"},"thumbnailUrl":"https:\/\/www.renouvelle.be\/wp-content\/uploads\/2024\/03\/iStock-163263590-e1711009331575.jpg","datePublished":"2024-03-21T08:27:14+00:00","dateModified":"2024-03-21T08:27:18+00:00","author":{"@id":"https:\/\/www.renouvelle.be\/fr\/#\/schema\/person\/9d743366fb269eeceaa8d60e98d289d3"},"description":"Le Conseil de l'Union europ\u00e9enne adopte la l\u00e9gislation sur les mati\u00e8res premi\u00e8res critiques afin d'en assurer leur approvisionnement.","breadcrumb":{"@id":"https:\/\/www.renouvelle.be\/fr\/ue-approuve-le-reglement-sur-les-matieres-premieres-critiques\/#breadcrumb"},"inLanguage":"fr-FR","potentialAction":[{"@type":"ReadAction","target":["https:\/\/www.renouvelle.be\/fr\/ue-approuve-le-reglement-sur-les-matieres-premieres-critiques\/"]}]},{"@type":"ImageObject","inLanguage":"fr-FR","@id":"https:\/\/www.renouvelle.be\/fr\/ue-approuve-le-reglement-sur-les-matieres-premieres-critiques\/#primaryimage","url":"https:\/\/www.renouvelle.be\/wp-content\/uploads\/2024\/03\/iStock-163263590-e1711009331575.jpg","contentUrl":"https:\/\/www.renouvelle.be\/wp-content\/uploads\/2024\/03\/iStock-163263590-e1711009331575.jpg","width":1254,"height":773,"caption":"UE mati\u00e8res premi\u00e8res critiques"},{"@type":"BreadcrumbList","@id":"https:\/\/www.renouvelle.be\/fr\/ue-approuve-le-reglement-sur-les-matieres-premieres-critiques\/#breadcrumb","itemListElement":[{"@type":"ListItem","position":1,"name":"Accueil","item":"https:\/\/www.renouvelle.be\/fr\/"},{"@type":"ListItem","position":2,"name":"L\u2019UE approuve le r\u00e8glement sur les mati\u00e8res premi\u00e8res critiques"}]},{"@type":"WebSite","@id":"https:\/\/www.renouvelle.be\/fr\/#website","url":"https:\/\/www.renouvelle.be\/fr\/","name":"Renouvelle","description":"L&#039;actualit\u00e9 de l&#039;\u00e9nergie durable","potentialAction":[{"@type":"SearchAction","target":{"@type":"EntryPoint","urlTemplate":"https:\/\/www.renouvelle.be\/fr\/?s={search_term_string}"},"query-input":{"@type":"PropertyValueSpecification","valueRequired":true,"valueName":"search_term_string"}}],"inLanguage":"fr-FR"},{"@type":"Person","@id":"https:\/\/www.renouvelle.be\/fr\/#\/schema\/person\/9d743366fb269eeceaa8d60e98d289d3","name":"Samuel Alves","url":"https:\/\/www.renouvelle.be\/fr\/author\/salves\/"}]}},"_links":{"self":[{"href":"https:\/\/www.renouvelle.be\/fr\/wp-json\/wp\/v2\/posts\/12698","targetHints":{"allow":["GET"]}}],"collection":[{"href":"https:\/\/www.renouvelle.be\/fr\/wp-json\/wp\/v2\/posts"}],"about":[{"href":"https:\/\/www.renouvelle.be\/fr\/wp-json\/wp\/v2\/types\/post"}],"author":[{"embeddable":true,"href":"https:\/\/www.renouvelle.be\/fr\/wp-json\/wp\/v2\/users\/38"}],"replies":[{"embeddable":true,"href":"https:\/\/www.renouvelle.be\/fr\/wp-json\/wp\/v2\/comments?post=12698"}],"version-history":[{"count":4,"href":"https:\/\/www.renouvelle.be\/fr\/wp-json\/wp\/v2\/posts\/12698\/revisions"}],"predecessor-version":[{"id":12704,"href":"https:\/\/www.renouvelle.be\/fr\/wp-json\/wp\/v2\/posts\/12698\/revisions\/12704"}],"wp:featuredmedia":[{"embeddable":true,"href":"https:\/\/www.renouvelle.be\/fr\/wp-json\/wp\/v2\/media\/12700"}],"wp:attachment":[{"href":"https:\/\/www.renouvelle.be\/fr\/wp-json\/wp\/v2\/media?parent=12698"}],"wp:term":[{"taxonomy":"category","embeddable":true,"href":"https:\/\/www.renouvelle.be\/fr\/wp-json\/wp\/v2\/categories?post=12698"},{"taxonomy":"post_tag","embeddable":true,"href":"https:\/\/www.renouvelle.be\/fr\/wp-json\/wp\/v2\/tags?post=12698"},{"taxonomy":"section","embeddable":true,"href":"https:\/\/www.renouvelle.be\/fr\/wp-json\/wp\/v2\/section?post=12698"}],"curies":[{"name":"wp","href":"https:\/\/api.w.org\/{rel}","templated":true}]}}