{"id":12657,"date":"2024-03-18T09:35:28","date_gmt":"2024-03-18T08:35:28","guid":{"rendered":"https:\/\/www.renouvelle.be\/?p=12657"},"modified":"2024-03-18T09:35:35","modified_gmt":"2024-03-18T08:35:35","slug":"les-eoliennes-de-seconde-main-dans-le-vent-de-lepoque","status":"publish","type":"post","link":"https:\/\/www.renouvelle.be\/fr\/les-eoliennes-de-seconde-main-dans-le-vent-de-lepoque\/","title":{"rendered":"Les \u00e9oliennes de seconde main dans le vent de l&rsquo;\u00e9poque"},"content":{"rendered":"\n<p>En Wallonie, les exploitants des parcs qui atteindront bient\u00f4t 20 ans de fonctionnement s\u2019int\u00e9ressent aujourd\u2019hui au repowering (on peut noter des projets \u00e0 Perwez, Pont-\u00e0-Celles, Dour, B\u00fctgenbach, Villers-le-Bouillet\u2026). Mais d\u2019autres pays, comme la France, n\u2019attendent pas cet anniversaire. Apr\u00e8s 15 ans de service et une fois rentabilis\u00e9es, il y est assez fr\u00e9quent de d\u00e9manteler les \u00e9oliennes, le prix d\u2019injection fixe de l\u2019\u00e9lectricit\u00e9 n\u2019\u00e9tant aussi plus garanti.<\/p>\n\n\n\n<p><a href=\"https:\/\/windeurope.org\/newsroom\/press-releases\/what-happens-when-wind-turbines-get-old-new-industry-guidance-document-for-dismantling-and-decommissioning\/\" target=\"_blank\" rel=\"noreferrer noopener\">WindEurope estimait, fin 2020<\/a>, que 20 GW des parcs \u00e9oliens en Europe allaient subir un repowering dans les 10 ans, soit 10% de la capacit\u00e9 totale install\u00e9e. A c\u00f4t\u00e9 de l\u2019option du recyclage des turbines, avec des taux de recyclabilit\u00e9 de 98% du poids <a href=\"https:\/\/www.renouvelle.be\/fr\/criticite-materiaux-de-la-transition-energetique-sous-haute-tension\/\" target=\"_blank\" rel=\"noreferrer noopener\">des mat\u00e9riaux<\/a> et de <a href=\"https:\/\/www.info-eolien.fr\/le-recyclage-des-eoliennes\/\" target=\"_blank\" rel=\"noreferrer noopener\">recyclage r\u00e9el autour de 90%<\/a>, le march\u00e9 de la seconde main des \u00e9oliennes devient assez actif.<\/p>\n\n\n\n<p>Les op\u00e9rations de r\u00e9novation des \u00e9oliennes, pour prolonger leur dur\u00e9e de vie et les rendre plus performantes, ainsi que leur reconditionnement, ouvrent des nouveaux march\u00e9s, li\u00e9s, entre autres, \u00e0 la vente des composants, \u00e0 la maintenance ou au conseil aux exploitants (analyses de dur\u00e9e de vie r\u00e9siduelle de la machine et de ses composants structurels).<\/p>\n\n\n\n<p>On assiste donc aujourd\u2019hui au d\u00e9veloppement d\u2019un march\u00e9 europ\u00e9en d\u2019\u00e9oliennes de seconde main avec des acteurs comme la soci\u00e9t\u00e9 <a href=\"https:\/\/www.mywindparts.com\/\" target=\"_blank\" rel=\"noreferrer noopener\">Mywindparts<\/a> ou <a href=\"https:\/\/mdwind.com\/\" target=\"_blank\" rel=\"noreferrer noopener\">MD Wind<\/a>. Les composants principaux (multiplicateur, g\u00e9n\u00e9ratrice, transformateur, axe principal) sont reconditionn\u00e9s puis vendus \u00e0 un prix entre 30 et 50% du prix neuf.<\/p>\n\n\n\n<h2 class=\"wp-block-heading\">Le progr\u00e8s des technologies \u00e9oliennes<\/h2>\n\n\n\n<p>Pour capter un maximum de vent et produire plus d\u2019\u00e9nergie, l\u2019\u00e9volution technologique des \u00e9oliennes suit une tendance \u00e0 l\u2019augmentation de la hauteur du mat et\/ou \u00e0 l\u2019allongement des pales. Les nouvelles machines disponibles sont donc de plus en plus hautes. Le standard de 150m devenant progressivement rare, les nouveaux projets voient souvent leurs \u00e9oliennes culminer \u00e0 180m, 200m voire 230m.<\/p>\n\n\n\n<p>Les parcs \u00e9oliens de 20 ans qui font, aujourd\u2019hui, l\u2019objet de <a href=\"https:\/\/www.renouvelle.be\/fr\/premier-repowering-de-parc-eolien-en-wallonie\/\" target=\"_blank\" rel=\"noreferrer noopener\">repowering<\/a> avec des machines neuves permettent ainsi d\u2019en r\u00e9duire le nombre install\u00e9 sur un site, tout en produisant plus d\u2019\u00e9nergie. Pour les sites o\u00f9 ce dernier n\u2019est pas possible, une extension de 5 \u00e0 10 ans de la dur\u00e9e des permis peut \u00eatre int\u00e9ressante. L\u2019exp\u00e9rience montre que les \u00e9oliennes peuvent encore produire pendant cette dur\u00e9e moyennant des entretiens et, en cas de besoin, le remplacement de composants pour maintenir les machines en production.<\/p>\n\n\n\n<p>Toujours \u00e0 propos de repowering, les statistiques de <a href=\"https:\/\/windeurope.org\/newsroom\/press-releases\/european-wind-industry-reinforces-sustainability-commitments\/\" target=\"_blank\" rel=\"noreferrer noopener\">WindEurope<\/a> montrent une diminution de 27% du nombre d\u2019\u00e9oliennes par parc, un doublement de capacit\u00e9 install\u00e9e et un triplement de l\u2019\u00e9nergie produite.<\/p>\n\n\n\n<figure class=\"wp-block-image size-large\"><img decoding=\"async\" src=\"https:\/\/www.renouvelle.be\/wp-content\/uploads\/2024\/03\/iStock-1443099519-1024x576.jpg\" alt=\"\" class=\"wp-image-12671\"\/><\/figure>\n\n\n\n<h2 class=\"wp-block-heading\">Pourquoi choisir des \u00e9oliennes de seconde main<\/h2>\n\n\n\n<p>En Flandre, un premier projet d\u2019installation d\u2019\u00e9oliennes de seconde main se concr\u00e9tise \u00e0 <a href=\"https:\/\/www.tijd.be\/ondernemen\/milieu-energie\/eerste-tweedehandswindmolen-op-komst-in-belgie\/10502437.html\" target=\"_blank\" rel=\"noreferrer noopener\">Maasmechelen<\/a>. \u00c0 l\u2019instar de certains projets wallons, le permis n\u00e9cessaire \u00e0 son ex\u00e9cution est conditionn\u00e9 par des crit\u00e8res de hauteur pour des raisons de s\u00e9curit\u00e9 a\u00e9ronautique, civile ou militaire.<\/p>\n\n\n\n<p>Par ailleurs, certains permis octroy\u00e9s, il y a quelques ann\u00e9es, se basaient aussi sur des machines plus petites mais n\u2019ont pas encore pu se concr\u00e9tiser d\u00fb \u00e0 un long d\u00e9lai de recours au Conseil d\u2019Etat. Vu l\u2019\u00e9volution technologique, le march\u00e9 ne permet plus toujours d\u2019acqu\u00e9rir, \u00e0 l\u2019\u00e9tat neuf, la machine pr\u00e9vue dans le permis une fois celui-ci purg\u00e9 de tous recours.<\/p>\n\n\n\n<p>Enfin, si une turbine dans un parc a subi un dommage ou une panne importante, il est parfois plus int\u00e9ressant pour l\u2019exploitant de la remplacer par un mod\u00e8le \u00e9quivalent, notamment pour des raisons op\u00e9rationnelles (gestion\/maintenance) ou paysag\u00e8res.<\/p>\n\n\n\n<p>Dans chacun de ces cas et comme r\u00e9ponse aux contraintes, la seconde main offre la possibilit\u00e9 de trouver des \u00e9oliennes de plus faible hauteur (150 m ou m\u00eame moins).<\/p>\n\n\n\n<h2 class=\"wp-block-heading\"><strong>Reconditionnement et garanties<\/strong><\/h2>\n\n\n\n<p>Des strat\u00e9gies d&rsquo;investissement existent pour le futur exploitant d&rsquo;une \u00e9olienne de seconde main : choisir d\u2019investir plus ou moins dans le CAPEX, un reconditionnement plus massif en d\u00e9but de projet avant l\u2019installation, ou dans l\u2019OPEX, maintenance et r\u00e9paration de la machine durant son cycle de vie. Le prix d\u2019achat de l\u2019\u00e9olienne de seconde main d\u00e9pendant de cette strat\u00e9gie.<\/p>\n\n\n\n<p>Certains op\u00e9rateurs peuvent ainsi choisir de reconditionner compl\u00e8tement les machines, avec le remplacement complet de composants majeurs comme la bo\u00eete de vitesse, un recoating complet des pales,\u2026 Les \u00e9l\u00e9ments reconditionn\u00e9s font alors l\u2019objet de garanties sp\u00e9cifiques, de 2 \u00e0 3 ans, offertes par les fournisseurs et prestataires.<\/p>\n\n\n\n<p>A c\u00f4t\u00e9 de ces garanties, des entreprises de maintenance envisagent de proposer des contrats pour les \u00e9oliennes de seconde main, comme il en est pour les \u00e9oliennes install\u00e9es \u00e0 neuf, avec des garanties de disponibilit\u00e9, pour des dur\u00e9es de 5 \u00e0 10 ans.<\/p>\n\n\n\n<h2 class=\"wp-block-heading\">Et aujourd&rsquo;hui en Wallonie ?<\/h2>\n\n\n\n<p>Toutes les \u00e9oliennes install\u00e9es aujourd\u2019hui en Wallonie proviennent de fournisseurs de mat\u00e9riel neuf. Les d\u00e9veloppeurs wallons n\u2019ont pas encore fait appel au march\u00e9 de seconde main mais le secteur s\u2019y int\u00e9resse n\u00e9anmoins de pr\u00e8s. Il est attendu qu\u2019une demande se d\u00e9veloppe dans les ann\u00e9es \u00e0 venir. Prolonger la dur\u00e9e de vie des \u00e9oliennes gr\u00e2ce \u00e0 leur reconditionnement contribuerait \u00e0 l\u2019\u00e9conomie de mat\u00e9riaux et \u00e0 l\u2019\u00e9mergence d\u2019une \u00e9conomie circulaire en Wallonie. Le recours accru aux fili\u00e8res de seconde main permettrait \u00e9galement de revaloriser des emplois locaux dans les domaines de la m\u00e9canique, de l\u2019\u00e9lectrom\u00e9canique et de l\u2019\u00e9lectricit\u00e9, entre autres.<\/p>\n","protected":false},"excerpt":{"rendered":"<p>En Wallonie, les exploitants des parcs qui atteindront bient\u00f4t 20 ans de fonctionnement s\u2019int\u00e9ressent aujourd\u2019hui au repowering (on peut noter des projets \u00e0 Perwez, Pont-\u00e0-Celles, Dour, B\u00fctgenbach, Villers-le-Bouillet\u2026). Mais d\u2019autres pays, comme la France, n\u2019attendent pas cet anniversaire. Apr\u00e8s 15 ans de service et une fois rentabilis\u00e9es, il y est assez fr\u00e9quent de d\u00e9manteler les \u00e9oliennes, le prix d\u2019injection fixe de l\u2019\u00e9lectricit\u00e9 n\u2019\u00e9tant aussi plus garanti. WindEurope estimait, fin 2020, que 20 GW des parcs \u00e9oliens en Europe allaient subir un repowering dans les 10 ans, soit 10% de la capacit\u00e9 totale install\u00e9e. A c\u00f4t\u00e9 de l\u2019option du recyclage des turbines, avec des taux de recyclabilit\u00e9 de 98% du poids des mat\u00e9riaux et de recyclage r\u00e9el autour de 90%, le march\u00e9 de la seconde main des \u00e9oliennes devient assez actif. Les op\u00e9rations de r\u00e9novation des \u00e9oliennes, pour prolonger leur dur\u00e9e de vie et les rendre plus performantes, ainsi que leur reconditionnement, ouvrent des nouveaux march\u00e9s, li\u00e9s, entre autres, \u00e0 la vente des composants, \u00e0 la maintenance ou au conseil aux exploitants (analyses de dur\u00e9e de vie r\u00e9siduelle de la machine et de ses composants structurels). On assiste donc aujourd\u2019hui au d\u00e9veloppement d\u2019un march\u00e9 europ\u00e9en d\u2019\u00e9oliennes de seconde main avec des acteurs comme la soci\u00e9t\u00e9 Mywindparts ou MD Wind. Les composants principaux (multiplicateur, g\u00e9n\u00e9ratrice, transformateur, axe principal) sont reconditionn\u00e9s puis vendus \u00e0 un prix entre 30 et 50% du prix neuf. Le progr\u00e8s des technologies \u00e9oliennes Pour capter un maximum de vent et produire plus d\u2019\u00e9nergie, l\u2019\u00e9volution technologique des \u00e9oliennes suit une tendance \u00e0 l\u2019augmentation de la hauteur du mat et\/ou \u00e0 l\u2019allongement des pales. Les nouvelles machines disponibles sont donc de plus en plus hautes. Le standard de 150m devenant progressivement rare, les nouveaux projets voient souvent leurs \u00e9oliennes culminer &hellip; <a href=\"https:\/\/www.renouvelle.be\/fr\/les-eoliennes-de-seconde-main-dans-le-vent-de-lepoque\/\" class=\"more-link\">Continue reading<span class=\"screen-reader-text\"> \u00ab\u00a0Les \u00e9oliennes de seconde main dans le vent de l&rsquo;\u00e9poque\u00a0\u00bb<\/span><\/a><\/p>\n","protected":false},"author":9,"featured_media":12669,"comment_status":"closed","ping_status":"closed","sticky":false,"template":"","format":"standard","meta":{"_acf_changed":false,"footnotes":""},"categories":[20],"tags":[],"section":[6],"class_list":["post-12657","post","type-post","status-publish","format-standard","has-post-thumbnail","hentry","category-technologies","section-eolien"],"acf":[],"yoast_head":"<!-- This site is optimized with the Yoast SEO plugin v27.5 - https:\/\/yoast.com\/product\/yoast-seo-wordpress\/ -->\n<title>Les \u00e9oliennes de seconde main dans le vent de l&#039;\u00e9poque - Renouvelle<\/title>\n<meta name=\"description\" content=\"Avec des parcs \u00e9oliens qui atteignent bient\u00f4t leur fin de vie, les \u00e9oliennes de seconde main deviendront une bonne alternative efficace.\" \/>\n<meta name=\"robots\" content=\"index, follow, max-snippet:-1, max-image-preview:large, max-video-preview:-1\" \/>\n<link rel=\"canonical\" href=\"https:\/\/www.renouvelle.be\/fr\/les-eoliennes-de-seconde-main-dans-le-vent-de-lepoque\/\" \/>\n<meta property=\"og:locale\" content=\"fr_FR\" \/>\n<meta property=\"og:type\" content=\"article\" \/>\n<meta property=\"og:title\" content=\"Les \u00e9oliennes de seconde main dans le vent de l&#039;\u00e9poque - Renouvelle\" \/>\n<meta property=\"og:description\" content=\"Avec des parcs \u00e9oliens qui atteignent bient\u00f4t leur fin de vie, les \u00e9oliennes de seconde main deviendront une bonne alternative efficace.\" \/>\n<meta property=\"og:url\" content=\"https:\/\/www.renouvelle.be\/fr\/les-eoliennes-de-seconde-main-dans-le-vent-de-lepoque\/\" \/>\n<meta property=\"og:site_name\" content=\"Renouvelle\" \/>\n<meta property=\"article:published_time\" content=\"2024-03-18T08:35:28+00:00\" \/>\n<meta property=\"article:modified_time\" content=\"2024-03-18T08:35:35+00:00\" \/>\n<meta property=\"og:image\" content=\"https:\/\/www.renouvelle.be\/wp-content\/uploads\/2024\/03\/iStock-1324856004-e1710501168447.jpg\" \/>\n\t<meta property=\"og:image:width\" content=\"2121\" \/>\n\t<meta property=\"og:image:height\" content=\"1350\" \/>\n\t<meta property=\"og:image:type\" content=\"image\/jpeg\" \/>\n<meta name=\"author\" content=\"Johanna D&#039;hernoncourt\" \/>\n<meta name=\"twitter:card\" content=\"summary_large_image\" \/>\n<script type=\"application\/ld+json\" class=\"yoast-schema-graph\">{\"@context\":\"https:\\\/\\\/schema.org\",\"@graph\":[{\"@type\":\"Article\",\"@id\":\"https:\\\/\\\/www.renouvelle.be\\\/fr\\\/les-eoliennes-de-seconde-main-dans-le-vent-de-lepoque\\\/#article\",\"isPartOf\":{\"@id\":\"https:\\\/\\\/www.renouvelle.be\\\/fr\\\/les-eoliennes-de-seconde-main-dans-le-vent-de-lepoque\\\/\"},\"author\":{\"name\":\"Johanna D'hernoncourt\",\"@id\":\"https:\\\/\\\/www.renouvelle.be\\\/fr\\\/#\\\/schema\\\/person\\\/f4eff35e1c33b24317aedb9f1834fa6e\"},\"headline\":\"Les \u00e9oliennes de seconde main dans le vent de l&rsquo;\u00e9poque\",\"datePublished\":\"2024-03-18T08:35:28+00:00\",\"dateModified\":\"2024-03-18T08:35:35+00:00\",\"mainEntityOfPage\":{\"@id\":\"https:\\\/\\\/www.renouvelle.be\\\/fr\\\/les-eoliennes-de-seconde-main-dans-le-vent-de-lepoque\\\/\"},\"wordCount\":938,\"image\":{\"@id\":\"https:\\\/\\\/www.renouvelle.be\\\/fr\\\/les-eoliennes-de-seconde-main-dans-le-vent-de-lepoque\\\/#primaryimage\"},\"thumbnailUrl\":\"https:\\\/\\\/www.renouvelle.be\\\/wp-content\\\/uploads\\\/2024\\\/03\\\/iStock-1324856004-e1710501168447.jpg\",\"articleSection\":[\"Technologies\"],\"inLanguage\":\"fr-FR\"},{\"@type\":\"WebPage\",\"@id\":\"https:\\\/\\\/www.renouvelle.be\\\/fr\\\/les-eoliennes-de-seconde-main-dans-le-vent-de-lepoque\\\/\",\"url\":\"https:\\\/\\\/www.renouvelle.be\\\/fr\\\/les-eoliennes-de-seconde-main-dans-le-vent-de-lepoque\\\/\",\"name\":\"Les \u00e9oliennes de seconde main dans le vent de l'\u00e9poque - Renouvelle\",\"isPartOf\":{\"@id\":\"https:\\\/\\\/www.renouvelle.be\\\/fr\\\/#website\"},\"primaryImageOfPage\":{\"@id\":\"https:\\\/\\\/www.renouvelle.be\\\/fr\\\/les-eoliennes-de-seconde-main-dans-le-vent-de-lepoque\\\/#primaryimage\"},\"image\":{\"@id\":\"https:\\\/\\\/www.renouvelle.be\\\/fr\\\/les-eoliennes-de-seconde-main-dans-le-vent-de-lepoque\\\/#primaryimage\"},\"thumbnailUrl\":\"https:\\\/\\\/www.renouvelle.be\\\/wp-content\\\/uploads\\\/2024\\\/03\\\/iStock-1324856004-e1710501168447.jpg\",\"datePublished\":\"2024-03-18T08:35:28+00:00\",\"dateModified\":\"2024-03-18T08:35:35+00:00\",\"author\":{\"@id\":\"https:\\\/\\\/www.renouvelle.be\\\/fr\\\/#\\\/schema\\\/person\\\/f4eff35e1c33b24317aedb9f1834fa6e\"},\"description\":\"Avec des parcs \u00e9oliens qui atteignent bient\u00f4t leur fin de vie, les \u00e9oliennes de seconde main deviendront une bonne alternative efficace.\",\"breadcrumb\":{\"@id\":\"https:\\\/\\\/www.renouvelle.be\\\/fr\\\/les-eoliennes-de-seconde-main-dans-le-vent-de-lepoque\\\/#breadcrumb\"},\"inLanguage\":\"fr-FR\",\"potentialAction\":[{\"@type\":\"ReadAction\",\"target\":[\"https:\\\/\\\/www.renouvelle.be\\\/fr\\\/les-eoliennes-de-seconde-main-dans-le-vent-de-lepoque\\\/\"]}]},{\"@type\":\"ImageObject\",\"inLanguage\":\"fr-FR\",\"@id\":\"https:\\\/\\\/www.renouvelle.be\\\/fr\\\/les-eoliennes-de-seconde-main-dans-le-vent-de-lepoque\\\/#primaryimage\",\"url\":\"https:\\\/\\\/www.renouvelle.be\\\/wp-content\\\/uploads\\\/2024\\\/03\\\/iStock-1324856004-e1710501168447.jpg\",\"contentUrl\":\"https:\\\/\\\/www.renouvelle.be\\\/wp-content\\\/uploads\\\/2024\\\/03\\\/iStock-1324856004-e1710501168447.jpg\",\"width\":2121,\"height\":1350,\"caption\":\"\u00e9oliennes de seconde main Wallonie\"},{\"@type\":\"BreadcrumbList\",\"@id\":\"https:\\\/\\\/www.renouvelle.be\\\/fr\\\/les-eoliennes-de-seconde-main-dans-le-vent-de-lepoque\\\/#breadcrumb\",\"itemListElement\":[{\"@type\":\"ListItem\",\"position\":1,\"name\":\"Accueil\",\"item\":\"https:\\\/\\\/www.renouvelle.be\\\/fr\\\/\"},{\"@type\":\"ListItem\",\"position\":2,\"name\":\"Les \u00e9oliennes de seconde main dans le vent de l&rsquo;\u00e9poque\"}]},{\"@type\":\"WebSite\",\"@id\":\"https:\\\/\\\/www.renouvelle.be\\\/fr\\\/#website\",\"url\":\"https:\\\/\\\/www.renouvelle.be\\\/fr\\\/\",\"name\":\"Renouvelle\",\"description\":\"L&#039;actualit\u00e9 de l&#039;\u00e9nergie durable\",\"potentialAction\":[{\"@type\":\"SearchAction\",\"target\":{\"@type\":\"EntryPoint\",\"urlTemplate\":\"https:\\\/\\\/www.renouvelle.be\\\/fr\\\/?s={search_term_string}\"},\"query-input\":{\"@type\":\"PropertyValueSpecification\",\"valueRequired\":true,\"valueName\":\"search_term_string\"}}],\"inLanguage\":\"fr-FR\"},{\"@type\":\"Person\",\"@id\":\"https:\\\/\\\/www.renouvelle.be\\\/fr\\\/#\\\/schema\\\/person\\\/f4eff35e1c33b24317aedb9f1834fa6e\",\"name\":\"Johanna D'hernoncourt\",\"url\":\"https:\\\/\\\/www.renouvelle.be\\\/fr\\\/author\\\/johannadhernoncourt\\\/\"}]}<\/script>\n<!-- \/ Yoast SEO plugin. -->","yoast_head_json":{"title":"Les \u00e9oliennes de seconde main dans le vent de l'\u00e9poque - Renouvelle","description":"Avec des parcs \u00e9oliens qui atteignent bient\u00f4t leur fin de vie, les \u00e9oliennes de seconde main deviendront une bonne alternative efficace.","robots":{"index":"index","follow":"follow","max-snippet":"max-snippet:-1","max-image-preview":"max-image-preview:large","max-video-preview":"max-video-preview:-1"},"canonical":"https:\/\/www.renouvelle.be\/fr\/les-eoliennes-de-seconde-main-dans-le-vent-de-lepoque\/","og_locale":"fr_FR","og_type":"article","og_title":"Les \u00e9oliennes de seconde main dans le vent de l'\u00e9poque - Renouvelle","og_description":"Avec des parcs \u00e9oliens qui atteignent bient\u00f4t leur fin de vie, les \u00e9oliennes de seconde main deviendront une bonne alternative efficace.","og_url":"https:\/\/www.renouvelle.be\/fr\/les-eoliennes-de-seconde-main-dans-le-vent-de-lepoque\/","og_site_name":"Renouvelle","article_published_time":"2024-03-18T08:35:28+00:00","article_modified_time":"2024-03-18T08:35:35+00:00","og_image":[{"width":2121,"height":1350,"url":"https:\/\/www.renouvelle.be\/wp-content\/uploads\/2024\/03\/iStock-1324856004-e1710501168447.jpg","type":"image\/jpeg"}],"author":"Johanna D'hernoncourt","twitter_card":"summary_large_image","schema":{"@context":"https:\/\/schema.org","@graph":[{"@type":"Article","@id":"https:\/\/www.renouvelle.be\/fr\/les-eoliennes-de-seconde-main-dans-le-vent-de-lepoque\/#article","isPartOf":{"@id":"https:\/\/www.renouvelle.be\/fr\/les-eoliennes-de-seconde-main-dans-le-vent-de-lepoque\/"},"author":{"name":"Johanna D'hernoncourt","@id":"https:\/\/www.renouvelle.be\/fr\/#\/schema\/person\/f4eff35e1c33b24317aedb9f1834fa6e"},"headline":"Les \u00e9oliennes de seconde main dans le vent de l&rsquo;\u00e9poque","datePublished":"2024-03-18T08:35:28+00:00","dateModified":"2024-03-18T08:35:35+00:00","mainEntityOfPage":{"@id":"https:\/\/www.renouvelle.be\/fr\/les-eoliennes-de-seconde-main-dans-le-vent-de-lepoque\/"},"wordCount":938,"image":{"@id":"https:\/\/www.renouvelle.be\/fr\/les-eoliennes-de-seconde-main-dans-le-vent-de-lepoque\/#primaryimage"},"thumbnailUrl":"https:\/\/www.renouvelle.be\/wp-content\/uploads\/2024\/03\/iStock-1324856004-e1710501168447.jpg","articleSection":["Technologies"],"inLanguage":"fr-FR"},{"@type":"WebPage","@id":"https:\/\/www.renouvelle.be\/fr\/les-eoliennes-de-seconde-main-dans-le-vent-de-lepoque\/","url":"https:\/\/www.renouvelle.be\/fr\/les-eoliennes-de-seconde-main-dans-le-vent-de-lepoque\/","name":"Les \u00e9oliennes de seconde main dans le vent de l'\u00e9poque - Renouvelle","isPartOf":{"@id":"https:\/\/www.renouvelle.be\/fr\/#website"},"primaryImageOfPage":{"@id":"https:\/\/www.renouvelle.be\/fr\/les-eoliennes-de-seconde-main-dans-le-vent-de-lepoque\/#primaryimage"},"image":{"@id":"https:\/\/www.renouvelle.be\/fr\/les-eoliennes-de-seconde-main-dans-le-vent-de-lepoque\/#primaryimage"},"thumbnailUrl":"https:\/\/www.renouvelle.be\/wp-content\/uploads\/2024\/03\/iStock-1324856004-e1710501168447.jpg","datePublished":"2024-03-18T08:35:28+00:00","dateModified":"2024-03-18T08:35:35+00:00","author":{"@id":"https:\/\/www.renouvelle.be\/fr\/#\/schema\/person\/f4eff35e1c33b24317aedb9f1834fa6e"},"description":"Avec des parcs \u00e9oliens qui atteignent bient\u00f4t leur fin de vie, les \u00e9oliennes de seconde main deviendront une bonne alternative efficace.","breadcrumb":{"@id":"https:\/\/www.renouvelle.be\/fr\/les-eoliennes-de-seconde-main-dans-le-vent-de-lepoque\/#breadcrumb"},"inLanguage":"fr-FR","potentialAction":[{"@type":"ReadAction","target":["https:\/\/www.renouvelle.be\/fr\/les-eoliennes-de-seconde-main-dans-le-vent-de-lepoque\/"]}]},{"@type":"ImageObject","inLanguage":"fr-FR","@id":"https:\/\/www.renouvelle.be\/fr\/les-eoliennes-de-seconde-main-dans-le-vent-de-lepoque\/#primaryimage","url":"https:\/\/www.renouvelle.be\/wp-content\/uploads\/2024\/03\/iStock-1324856004-e1710501168447.jpg","contentUrl":"https:\/\/www.renouvelle.be\/wp-content\/uploads\/2024\/03\/iStock-1324856004-e1710501168447.jpg","width":2121,"height":1350,"caption":"\u00e9oliennes de seconde main Wallonie"},{"@type":"BreadcrumbList","@id":"https:\/\/www.renouvelle.be\/fr\/les-eoliennes-de-seconde-main-dans-le-vent-de-lepoque\/#breadcrumb","itemListElement":[{"@type":"ListItem","position":1,"name":"Accueil","item":"https:\/\/www.renouvelle.be\/fr\/"},{"@type":"ListItem","position":2,"name":"Les \u00e9oliennes de seconde main dans le vent de l&rsquo;\u00e9poque"}]},{"@type":"WebSite","@id":"https:\/\/www.renouvelle.be\/fr\/#website","url":"https:\/\/www.renouvelle.be\/fr\/","name":"Renouvelle","description":"L&#039;actualit\u00e9 de l&#039;\u00e9nergie durable","potentialAction":[{"@type":"SearchAction","target":{"@type":"EntryPoint","urlTemplate":"https:\/\/www.renouvelle.be\/fr\/?s={search_term_string}"},"query-input":{"@type":"PropertyValueSpecification","valueRequired":true,"valueName":"search_term_string"}}],"inLanguage":"fr-FR"},{"@type":"Person","@id":"https:\/\/www.renouvelle.be\/fr\/#\/schema\/person\/f4eff35e1c33b24317aedb9f1834fa6e","name":"Johanna D'hernoncourt","url":"https:\/\/www.renouvelle.be\/fr\/author\/johannadhernoncourt\/"}]}},"_links":{"self":[{"href":"https:\/\/www.renouvelle.be\/fr\/wp-json\/wp\/v2\/posts\/12657","targetHints":{"allow":["GET"]}}],"collection":[{"href":"https:\/\/www.renouvelle.be\/fr\/wp-json\/wp\/v2\/posts"}],"about":[{"href":"https:\/\/www.renouvelle.be\/fr\/wp-json\/wp\/v2\/types\/post"}],"author":[{"embeddable":true,"href":"https:\/\/www.renouvelle.be\/fr\/wp-json\/wp\/v2\/users\/9"}],"replies":[{"embeddable":true,"href":"https:\/\/www.renouvelle.be\/fr\/wp-json\/wp\/v2\/comments?post=12657"}],"version-history":[{"count":10,"href":"https:\/\/www.renouvelle.be\/fr\/wp-json\/wp\/v2\/posts\/12657\/revisions"}],"predecessor-version":[{"id":12676,"href":"https:\/\/www.renouvelle.be\/fr\/wp-json\/wp\/v2\/posts\/12657\/revisions\/12676"}],"wp:featuredmedia":[{"embeddable":true,"href":"https:\/\/www.renouvelle.be\/fr\/wp-json\/wp\/v2\/media\/12669"}],"wp:attachment":[{"href":"https:\/\/www.renouvelle.be\/fr\/wp-json\/wp\/v2\/media?parent=12657"}],"wp:term":[{"taxonomy":"category","embeddable":true,"href":"https:\/\/www.renouvelle.be\/fr\/wp-json\/wp\/v2\/categories?post=12657"},{"taxonomy":"post_tag","embeddable":true,"href":"https:\/\/www.renouvelle.be\/fr\/wp-json\/wp\/v2\/tags?post=12657"},{"taxonomy":"section","embeddable":true,"href":"https:\/\/www.renouvelle.be\/fr\/wp-json\/wp\/v2\/section?post=12657"}],"curies":[{"name":"wp","href":"https:\/\/api.w.org\/{rel}","templated":true}]}}