{"id":12648,"date":"2024-03-14T15:40:29","date_gmt":"2024-03-14T14:40:29","guid":{"rendered":"https:\/\/www.renouvelle.be\/?p=12648"},"modified":"2024-03-14T16:20:31","modified_gmt":"2024-03-14T15:20:31","slug":"ue-veut-des-batiments-a-zero-emissions-a-partir-de-2030","status":"publish","type":"post","link":"https:\/\/www.renouvelle.be\/fr\/ue-veut-des-batiments-a-zero-emissions-a-partir-de-2030\/","title":{"rendered":"L\u2019UE veut des b\u00e2timents \u00e0 z\u00e9ro \u00e9missions \u00e0 partir de 2030"},"content":{"rendered":"\n<p>Mardi 12 mars, les eurod\u00e9put\u00e9s ont adopt\u00e9 <a href=\"https:\/\/energy.ec.europa.eu\/topics\/energy-efficiency\/energy-efficient-buildings\/energy-performance-buildings-directive_en\" target=\"_blank\" rel=\"noreferrer noopener\">un plan<\/a> visant \u00e0 am\u00e9liorer la performance \u00e9nerg\u00e9tique des b\u00e2timents pour r\u00e9duire leur consommation d&rsquo;\u00e9nergie et les \u00e9missions de gaz \u00e0 effet de serre associ\u00e9es.<\/p>\n\n\n\n<p>&nbsp;Selon la Commission europ\u00e9enne, les b\u00e2timents de l&rsquo;UE repr\u00e9senteraient 40% de la consommation \u00e9nerg\u00e9tique et 36% des \u00e9missions de gaz \u00e0 effet de serre. \u00c0 partir de 2030, tous les b\u00e2timents devront \u00eatre \u00e0 z\u00e9ro \u00e9mission et climatiquement neutres d&rsquo;ici 2050. Pour y parvenir, le texte adopt\u00e9 pr\u00e9voit notamment la r\u00e9novation des b\u00e2timents existants et l&rsquo;am\u00e9lioration du partage de donn\u00e9es sur leur performance \u00e9nerg\u00e9tique.<\/p>\n\n\n\n<p>Pour les biens immobiliers des autorit\u00e9s publiques, la date limite est avanc\u00e9e \u00e0 2028. Dans le secteur r\u00e9sidentiel, des mesures seront prises pour r\u00e9duire la consommation moyenne d&rsquo;\u00e9nergie primaire d&rsquo;au moins 16% d&rsquo;ici 2030 et de 20% d&rsquo;ici 2035. De plus, 16% des b\u00e2timents non r\u00e9sidentiels les moins performants devront \u00eatre r\u00e9nov\u00e9s d\u2019ici 2030 et 26% d\u2019ici 2033. Les b\u00e2timents agricoles et du patrimoine seront exempt\u00e9s de ces exigences.<\/p>\n\n\n\n<p>La directive pr\u00e9voit l\u2019abandon progressif des syst\u00e8mes de chauffage fonctionnant aux combustibles fossiles avec une \u00e9ch\u00e9ance fix\u00e9e \u00e0 2040 mais les subventions des chaudi\u00e8res utilisant ces m\u00eames combustibles seront interdites \u00e0 partir de 2025.<\/p>\n\n\n\n<p>Pour continuer \u00e0 faire de plus en plus appel aux <a href=\"https:\/\/www.renouvelle.be\/fr\/record-2023-27-electricite-solaire-eolien-ue\/\" target=\"_blank\" rel=\"noreferrer noopener\">\u00e9nergies renouvelables<\/a>, le texte encourage \u00e9galement les \u00c9tats membres de l&rsquo;UE \u00e0 \u00e9quiper les infrastructures publiques et non r\u00e9sidentielles de panneaux photovolta\u00efques, dans la mesure de leurs moyens. Cette r\u00e8gle devra n\u00e9anmoins \u00eatre appliqu\u00e9e pour les nouveaux b\u00e2timents r\u00e9sidentiels d\u2019ici 2030.<br><br>Les investissements, pour cette r\u00e9novation, \u00e9valu\u00e9s par la Commission grimpent \u00e0 275 milliards d&rsquo;euros annuels, soit 152 milliards de plus qu&rsquo;actuellement.<\/p>\n\n\n\n<p>Toutes ces diverses mesures entreront en vigueur \u00e0 partir de fin 2026 for\u00e7ant les \u00c9tats membres \u00e0 fournir une feuille de route concr\u00e8te dans ce cadre.<\/p>\n","protected":false},"excerpt":{"rendered":"<p>Mardi 12 mars, les eurod\u00e9put\u00e9s ont adopt\u00e9 un plan visant \u00e0 am\u00e9liorer la performance \u00e9nerg\u00e9tique des b\u00e2timents pour r\u00e9duire leur consommation d&rsquo;\u00e9nergie et les \u00e9missions de gaz \u00e0 effet de serre associ\u00e9es. &nbsp;Selon la Commission europ\u00e9enne, les b\u00e2timents de l&rsquo;UE repr\u00e9senteraient 40% de la consommation \u00e9nerg\u00e9tique et 36% des \u00e9missions de gaz \u00e0 effet de serre. \u00c0 partir de 2030, tous les b\u00e2timents devront \u00eatre \u00e0 z\u00e9ro \u00e9mission et climatiquement neutres d&rsquo;ici 2050. Pour y parvenir, le texte adopt\u00e9 pr\u00e9voit notamment la r\u00e9novation des b\u00e2timents existants et l&rsquo;am\u00e9lioration du partage de donn\u00e9es sur leur performance \u00e9nerg\u00e9tique. Pour les biens immobiliers des autorit\u00e9s publiques, la date limite est avanc\u00e9e \u00e0 2028. Dans le secteur r\u00e9sidentiel, des mesures seront prises pour r\u00e9duire la consommation moyenne d&rsquo;\u00e9nergie primaire d&rsquo;au moins 16% d&rsquo;ici 2030 et de 20% d&rsquo;ici 2035. De plus, 16% des b\u00e2timents non r\u00e9sidentiels les moins performants devront \u00eatre r\u00e9nov\u00e9s d\u2019ici 2030 et 26% d\u2019ici 2033. Les b\u00e2timents agricoles et du patrimoine seront exempt\u00e9s de ces exigences. La directive pr\u00e9voit l\u2019abandon progressif des syst\u00e8mes de chauffage fonctionnant aux combustibles fossiles avec une \u00e9ch\u00e9ance fix\u00e9e \u00e0 2040 mais les subventions des chaudi\u00e8res utilisant ces m\u00eames combustibles seront interdites \u00e0 partir de 2025. Pour continuer \u00e0 faire de plus en plus appel aux \u00e9nergies renouvelables, le texte encourage \u00e9galement les \u00c9tats membres de l&rsquo;UE \u00e0 \u00e9quiper les infrastructures publiques et non r\u00e9sidentielles de panneaux photovolta\u00efques, dans la mesure de leurs moyens. Cette r\u00e8gle devra n\u00e9anmoins \u00eatre appliqu\u00e9e pour les nouveaux b\u00e2timents r\u00e9sidentiels d\u2019ici 2030. Les investissements, pour cette r\u00e9novation, \u00e9valu\u00e9s par la Commission grimpent \u00e0 275 milliards d&rsquo;euros annuels, soit 152 milliards de plus qu&rsquo;actuellement. Toutes ces diverses mesures entreront en vigueur \u00e0 partir de fin 2026 for\u00e7ant les \u00c9tats membres \u00e0 fournir une &hellip; <a href=\"https:\/\/www.renouvelle.be\/fr\/ue-veut-des-batiments-a-zero-emissions-a-partir-de-2030\/\" class=\"more-link\">Continue reading<span class=\"screen-reader-text\"> \u00ab\u00a0L\u2019UE veut des b\u00e2timents \u00e0 z\u00e9ro \u00e9missions \u00e0 partir de 2030\u00a0\u00bb<\/span><\/a><\/p>\n","protected":false},"author":38,"featured_media":12650,"comment_status":"closed","ping_status":"closed","sticky":false,"template":"","format":"standard","meta":{"_acf_changed":false,"footnotes":""},"categories":[18],"tags":[],"section":[8],"class_list":["post-12648","post","type-post","status-publish","format-standard","has-post-thumbnail","hentry","category-actualite-internationale","section-energie-renouvelables"],"acf":[],"yoast_head":"<!-- This site is optimized with the Yoast SEO plugin v27.4 - https:\/\/yoast.com\/product\/yoast-seo-wordpress\/ -->\n<title>L\u2019UE veut des b\u00e2timents \u00e0 z\u00e9ro \u00e9missions \u00e0 partir de 2030 - Renouvelle<\/title>\n<meta name=\"description\" content=\"Les b\u00e2timents de l&#039;UE, bient\u00f4t \u00e0 z\u00e9ro \u00e9missions ? Le Parlement europ\u00e9en le souhaite avec sa l\u00e9gislation sur la performance \u00e9nerg\u00e9tique.\" \/>\n<meta name=\"robots\" content=\"index, follow, max-snippet:-1, max-image-preview:large, max-video-preview:-1\" \/>\n<link rel=\"canonical\" href=\"https:\/\/www.renouvelle.be\/fr\/ue-veut-des-batiments-a-zero-emissions-a-partir-de-2030\/\" \/>\n<meta property=\"og:locale\" content=\"fr_FR\" \/>\n<meta property=\"og:type\" content=\"article\" \/>\n<meta property=\"og:title\" content=\"L\u2019UE veut des b\u00e2timents \u00e0 z\u00e9ro \u00e9missions \u00e0 partir de 2030 - Renouvelle\" \/>\n<meta property=\"og:description\" content=\"Les b\u00e2timents de l&#039;UE, bient\u00f4t \u00e0 z\u00e9ro \u00e9missions ? Le Parlement europ\u00e9en le souhaite avec sa l\u00e9gislation sur la performance \u00e9nerg\u00e9tique.\" \/>\n<meta property=\"og:url\" content=\"https:\/\/www.renouvelle.be\/fr\/ue-veut-des-batiments-a-zero-emissions-a-partir-de-2030\/\" \/>\n<meta property=\"og:site_name\" content=\"Renouvelle\" \/>\n<meta property=\"article:published_time\" content=\"2024-03-14T14:40:29+00:00\" \/>\n<meta property=\"article:modified_time\" content=\"2024-03-14T15:20:31+00:00\" \/>\n<meta property=\"og:image\" content=\"https:\/\/www.renouvelle.be\/wp-content\/uploads\/2024\/03\/iStock-1182211257.jpg\" \/>\n\t<meta property=\"og:image:width\" content=\"2121\" \/>\n\t<meta property=\"og:image:height\" content=\"1414\" \/>\n\t<meta property=\"og:image:type\" content=\"image\/jpeg\" \/>\n<meta name=\"author\" content=\"Samuel Alves\" \/>\n<meta name=\"twitter:card\" content=\"summary_large_image\" \/>\n<script type=\"application\/ld+json\" class=\"yoast-schema-graph\">{\"@context\":\"https:\\\/\\\/schema.org\",\"@graph\":[{\"@type\":\"Article\",\"@id\":\"https:\\\/\\\/www.renouvelle.be\\\/fr\\\/ue-veut-des-batiments-a-zero-emissions-a-partir-de-2030\\\/#article\",\"isPartOf\":{\"@id\":\"https:\\\/\\\/www.renouvelle.be\\\/fr\\\/ue-veut-des-batiments-a-zero-emissions-a-partir-de-2030\\\/\"},\"author\":{\"name\":\"Samuel Alves\",\"@id\":\"https:\\\/\\\/www.renouvelle.be\\\/fr\\\/#\\\/schema\\\/person\\\/9d743366fb269eeceaa8d60e98d289d3\"},\"headline\":\"L\u2019UE veut des b\u00e2timents \u00e0 z\u00e9ro \u00e9missions \u00e0 partir de 2030\",\"datePublished\":\"2024-03-14T14:40:29+00:00\",\"dateModified\":\"2024-03-14T15:20:31+00:00\",\"mainEntityOfPage\":{\"@id\":\"https:\\\/\\\/www.renouvelle.be\\\/fr\\\/ue-veut-des-batiments-a-zero-emissions-a-partir-de-2030\\\/\"},\"wordCount\":337,\"image\":{\"@id\":\"https:\\\/\\\/www.renouvelle.be\\\/fr\\\/ue-veut-des-batiments-a-zero-emissions-a-partir-de-2030\\\/#primaryimage\"},\"thumbnailUrl\":\"https:\\\/\\\/www.renouvelle.be\\\/wp-content\\\/uploads\\\/2024\\\/03\\\/iStock-1182211257.jpg\",\"articleSection\":[\"Actualit\u00e9 internationale\"],\"inLanguage\":\"fr-FR\"},{\"@type\":\"WebPage\",\"@id\":\"https:\\\/\\\/www.renouvelle.be\\\/fr\\\/ue-veut-des-batiments-a-zero-emissions-a-partir-de-2030\\\/\",\"url\":\"https:\\\/\\\/www.renouvelle.be\\\/fr\\\/ue-veut-des-batiments-a-zero-emissions-a-partir-de-2030\\\/\",\"name\":\"L\u2019UE veut des b\u00e2timents \u00e0 z\u00e9ro \u00e9missions \u00e0 partir de 2030 - Renouvelle\",\"isPartOf\":{\"@id\":\"https:\\\/\\\/www.renouvelle.be\\\/fr\\\/#website\"},\"primaryImageOfPage\":{\"@id\":\"https:\\\/\\\/www.renouvelle.be\\\/fr\\\/ue-veut-des-batiments-a-zero-emissions-a-partir-de-2030\\\/#primaryimage\"},\"image\":{\"@id\":\"https:\\\/\\\/www.renouvelle.be\\\/fr\\\/ue-veut-des-batiments-a-zero-emissions-a-partir-de-2030\\\/#primaryimage\"},\"thumbnailUrl\":\"https:\\\/\\\/www.renouvelle.be\\\/wp-content\\\/uploads\\\/2024\\\/03\\\/iStock-1182211257.jpg\",\"datePublished\":\"2024-03-14T14:40:29+00:00\",\"dateModified\":\"2024-03-14T15:20:31+00:00\",\"author\":{\"@id\":\"https:\\\/\\\/www.renouvelle.be\\\/fr\\\/#\\\/schema\\\/person\\\/9d743366fb269eeceaa8d60e98d289d3\"},\"description\":\"Les b\u00e2timents de l'UE, bient\u00f4t \u00e0 z\u00e9ro \u00e9missions ? Le Parlement europ\u00e9en le souhaite avec sa l\u00e9gislation sur la performance \u00e9nerg\u00e9tique.\",\"breadcrumb\":{\"@id\":\"https:\\\/\\\/www.renouvelle.be\\\/fr\\\/ue-veut-des-batiments-a-zero-emissions-a-partir-de-2030\\\/#breadcrumb\"},\"inLanguage\":\"fr-FR\",\"potentialAction\":[{\"@type\":\"ReadAction\",\"target\":[\"https:\\\/\\\/www.renouvelle.be\\\/fr\\\/ue-veut-des-batiments-a-zero-emissions-a-partir-de-2030\\\/\"]}]},{\"@type\":\"ImageObject\",\"inLanguage\":\"fr-FR\",\"@id\":\"https:\\\/\\\/www.renouvelle.be\\\/fr\\\/ue-veut-des-batiments-a-zero-emissions-a-partir-de-2030\\\/#primaryimage\",\"url\":\"https:\\\/\\\/www.renouvelle.be\\\/wp-content\\\/uploads\\\/2024\\\/03\\\/iStock-1182211257.jpg\",\"contentUrl\":\"https:\\\/\\\/www.renouvelle.be\\\/wp-content\\\/uploads\\\/2024\\\/03\\\/iStock-1182211257.jpg\",\"width\":2121,\"height\":1414,\"caption\":\"L'UE veut des b\u00e2timents \u00e0 z\u00e9ro \u00e9missions\"},{\"@type\":\"BreadcrumbList\",\"@id\":\"https:\\\/\\\/www.renouvelle.be\\\/fr\\\/ue-veut-des-batiments-a-zero-emissions-a-partir-de-2030\\\/#breadcrumb\",\"itemListElement\":[{\"@type\":\"ListItem\",\"position\":1,\"name\":\"Accueil\",\"item\":\"https:\\\/\\\/www.renouvelle.be\\\/fr\\\/\"},{\"@type\":\"ListItem\",\"position\":2,\"name\":\"L\u2019UE veut des b\u00e2timents \u00e0 z\u00e9ro \u00e9missions \u00e0 partir de 2030\"}]},{\"@type\":\"WebSite\",\"@id\":\"https:\\\/\\\/www.renouvelle.be\\\/fr\\\/#website\",\"url\":\"https:\\\/\\\/www.renouvelle.be\\\/fr\\\/\",\"name\":\"Renouvelle\",\"description\":\"L&#039;actualit\u00e9 de l&#039;\u00e9nergie durable\",\"potentialAction\":[{\"@type\":\"SearchAction\",\"target\":{\"@type\":\"EntryPoint\",\"urlTemplate\":\"https:\\\/\\\/www.renouvelle.be\\\/fr\\\/?s={search_term_string}\"},\"query-input\":{\"@type\":\"PropertyValueSpecification\",\"valueRequired\":true,\"valueName\":\"search_term_string\"}}],\"inLanguage\":\"fr-FR\"},{\"@type\":\"Person\",\"@id\":\"https:\\\/\\\/www.renouvelle.be\\\/fr\\\/#\\\/schema\\\/person\\\/9d743366fb269eeceaa8d60e98d289d3\",\"name\":\"Samuel Alves\",\"url\":\"https:\\\/\\\/www.renouvelle.be\\\/fr\\\/author\\\/salves\\\/\"}]}<\/script>\n<!-- \/ Yoast SEO plugin. -->","yoast_head_json":{"title":"L\u2019UE veut des b\u00e2timents \u00e0 z\u00e9ro \u00e9missions \u00e0 partir de 2030 - Renouvelle","description":"Les b\u00e2timents de l'UE, bient\u00f4t \u00e0 z\u00e9ro \u00e9missions ? Le Parlement europ\u00e9en le souhaite avec sa l\u00e9gislation sur la performance \u00e9nerg\u00e9tique.","robots":{"index":"index","follow":"follow","max-snippet":"max-snippet:-1","max-image-preview":"max-image-preview:large","max-video-preview":"max-video-preview:-1"},"canonical":"https:\/\/www.renouvelle.be\/fr\/ue-veut-des-batiments-a-zero-emissions-a-partir-de-2030\/","og_locale":"fr_FR","og_type":"article","og_title":"L\u2019UE veut des b\u00e2timents \u00e0 z\u00e9ro \u00e9missions \u00e0 partir de 2030 - Renouvelle","og_description":"Les b\u00e2timents de l'UE, bient\u00f4t \u00e0 z\u00e9ro \u00e9missions ? Le Parlement europ\u00e9en le souhaite avec sa l\u00e9gislation sur la performance \u00e9nerg\u00e9tique.","og_url":"https:\/\/www.renouvelle.be\/fr\/ue-veut-des-batiments-a-zero-emissions-a-partir-de-2030\/","og_site_name":"Renouvelle","article_published_time":"2024-03-14T14:40:29+00:00","article_modified_time":"2024-03-14T15:20:31+00:00","og_image":[{"width":2121,"height":1414,"url":"https:\/\/www.renouvelle.be\/wp-content\/uploads\/2024\/03\/iStock-1182211257.jpg","type":"image\/jpeg"}],"author":"Samuel Alves","twitter_card":"summary_large_image","schema":{"@context":"https:\/\/schema.org","@graph":[{"@type":"Article","@id":"https:\/\/www.renouvelle.be\/fr\/ue-veut-des-batiments-a-zero-emissions-a-partir-de-2030\/#article","isPartOf":{"@id":"https:\/\/www.renouvelle.be\/fr\/ue-veut-des-batiments-a-zero-emissions-a-partir-de-2030\/"},"author":{"name":"Samuel Alves","@id":"https:\/\/www.renouvelle.be\/fr\/#\/schema\/person\/9d743366fb269eeceaa8d60e98d289d3"},"headline":"L\u2019UE veut des b\u00e2timents \u00e0 z\u00e9ro \u00e9missions \u00e0 partir de 2030","datePublished":"2024-03-14T14:40:29+00:00","dateModified":"2024-03-14T15:20:31+00:00","mainEntityOfPage":{"@id":"https:\/\/www.renouvelle.be\/fr\/ue-veut-des-batiments-a-zero-emissions-a-partir-de-2030\/"},"wordCount":337,"image":{"@id":"https:\/\/www.renouvelle.be\/fr\/ue-veut-des-batiments-a-zero-emissions-a-partir-de-2030\/#primaryimage"},"thumbnailUrl":"https:\/\/www.renouvelle.be\/wp-content\/uploads\/2024\/03\/iStock-1182211257.jpg","articleSection":["Actualit\u00e9 internationale"],"inLanguage":"fr-FR"},{"@type":"WebPage","@id":"https:\/\/www.renouvelle.be\/fr\/ue-veut-des-batiments-a-zero-emissions-a-partir-de-2030\/","url":"https:\/\/www.renouvelle.be\/fr\/ue-veut-des-batiments-a-zero-emissions-a-partir-de-2030\/","name":"L\u2019UE veut des b\u00e2timents \u00e0 z\u00e9ro \u00e9missions \u00e0 partir de 2030 - Renouvelle","isPartOf":{"@id":"https:\/\/www.renouvelle.be\/fr\/#website"},"primaryImageOfPage":{"@id":"https:\/\/www.renouvelle.be\/fr\/ue-veut-des-batiments-a-zero-emissions-a-partir-de-2030\/#primaryimage"},"image":{"@id":"https:\/\/www.renouvelle.be\/fr\/ue-veut-des-batiments-a-zero-emissions-a-partir-de-2030\/#primaryimage"},"thumbnailUrl":"https:\/\/www.renouvelle.be\/wp-content\/uploads\/2024\/03\/iStock-1182211257.jpg","datePublished":"2024-03-14T14:40:29+00:00","dateModified":"2024-03-14T15:20:31+00:00","author":{"@id":"https:\/\/www.renouvelle.be\/fr\/#\/schema\/person\/9d743366fb269eeceaa8d60e98d289d3"},"description":"Les b\u00e2timents de l'UE, bient\u00f4t \u00e0 z\u00e9ro \u00e9missions ? Le Parlement europ\u00e9en le souhaite avec sa l\u00e9gislation sur la performance \u00e9nerg\u00e9tique.","breadcrumb":{"@id":"https:\/\/www.renouvelle.be\/fr\/ue-veut-des-batiments-a-zero-emissions-a-partir-de-2030\/#breadcrumb"},"inLanguage":"fr-FR","potentialAction":[{"@type":"ReadAction","target":["https:\/\/www.renouvelle.be\/fr\/ue-veut-des-batiments-a-zero-emissions-a-partir-de-2030\/"]}]},{"@type":"ImageObject","inLanguage":"fr-FR","@id":"https:\/\/www.renouvelle.be\/fr\/ue-veut-des-batiments-a-zero-emissions-a-partir-de-2030\/#primaryimage","url":"https:\/\/www.renouvelle.be\/wp-content\/uploads\/2024\/03\/iStock-1182211257.jpg","contentUrl":"https:\/\/www.renouvelle.be\/wp-content\/uploads\/2024\/03\/iStock-1182211257.jpg","width":2121,"height":1414,"caption":"L'UE veut des b\u00e2timents \u00e0 z\u00e9ro \u00e9missions"},{"@type":"BreadcrumbList","@id":"https:\/\/www.renouvelle.be\/fr\/ue-veut-des-batiments-a-zero-emissions-a-partir-de-2030\/#breadcrumb","itemListElement":[{"@type":"ListItem","position":1,"name":"Accueil","item":"https:\/\/www.renouvelle.be\/fr\/"},{"@type":"ListItem","position":2,"name":"L\u2019UE veut des b\u00e2timents \u00e0 z\u00e9ro \u00e9missions \u00e0 partir de 2030"}]},{"@type":"WebSite","@id":"https:\/\/www.renouvelle.be\/fr\/#website","url":"https:\/\/www.renouvelle.be\/fr\/","name":"Renouvelle","description":"L&#039;actualit\u00e9 de l&#039;\u00e9nergie durable","potentialAction":[{"@type":"SearchAction","target":{"@type":"EntryPoint","urlTemplate":"https:\/\/www.renouvelle.be\/fr\/?s={search_term_string}"},"query-input":{"@type":"PropertyValueSpecification","valueRequired":true,"valueName":"search_term_string"}}],"inLanguage":"fr-FR"},{"@type":"Person","@id":"https:\/\/www.renouvelle.be\/fr\/#\/schema\/person\/9d743366fb269eeceaa8d60e98d289d3","name":"Samuel Alves","url":"https:\/\/www.renouvelle.be\/fr\/author\/salves\/"}]}},"_links":{"self":[{"href":"https:\/\/www.renouvelle.be\/fr\/wp-json\/wp\/v2\/posts\/12648","targetHints":{"allow":["GET"]}}],"collection":[{"href":"https:\/\/www.renouvelle.be\/fr\/wp-json\/wp\/v2\/posts"}],"about":[{"href":"https:\/\/www.renouvelle.be\/fr\/wp-json\/wp\/v2\/types\/post"}],"author":[{"embeddable":true,"href":"https:\/\/www.renouvelle.be\/fr\/wp-json\/wp\/v2\/users\/38"}],"replies":[{"embeddable":true,"href":"https:\/\/www.renouvelle.be\/fr\/wp-json\/wp\/v2\/comments?post=12648"}],"version-history":[{"count":5,"href":"https:\/\/www.renouvelle.be\/fr\/wp-json\/wp\/v2\/posts\/12648\/revisions"}],"predecessor-version":[{"id":12656,"href":"https:\/\/www.renouvelle.be\/fr\/wp-json\/wp\/v2\/posts\/12648\/revisions\/12656"}],"wp:featuredmedia":[{"embeddable":true,"href":"https:\/\/www.renouvelle.be\/fr\/wp-json\/wp\/v2\/media\/12650"}],"wp:attachment":[{"href":"https:\/\/www.renouvelle.be\/fr\/wp-json\/wp\/v2\/media?parent=12648"}],"wp:term":[{"taxonomy":"category","embeddable":true,"href":"https:\/\/www.renouvelle.be\/fr\/wp-json\/wp\/v2\/categories?post=12648"},{"taxonomy":"post_tag","embeddable":true,"href":"https:\/\/www.renouvelle.be\/fr\/wp-json\/wp\/v2\/tags?post=12648"},{"taxonomy":"section","embeddable":true,"href":"https:\/\/www.renouvelle.be\/fr\/wp-json\/wp\/v2\/section?post=12648"}],"curies":[{"name":"wp","href":"https:\/\/api.w.org\/{rel}","templated":true}]}}