{"id":12626,"date":"2024-03-14T09:23:29","date_gmt":"2024-03-14T08:23:29","guid":{"rendered":"https:\/\/www.renouvelle.be\/?p=12626"},"modified":"2024-03-14T15:28:38","modified_gmt":"2024-03-14T14:28:38","slug":"18-gw-capacite-eolienne-installee-europe-2023","status":"publish","type":"post","link":"https:\/\/www.renouvelle.be\/fr\/18-gw-capacite-eolienne-installee-europe-2023\/","title":{"rendered":"Plus de 18 GW de capacit\u00e9 \u00e9olienne install\u00e9e en Europe en 2023"},"content":{"rendered":"\n<p>Comme le montrent les chiffres partag\u00e9s par WindEurope, c&rsquo;est un peu plus de 18 GW de capacit\u00e9 \u00e9olienne suppl\u00e9mentaire qui a \u00e9t\u00e9 install\u00e9e, 18,3 GW pr\u00e9cis\u00e9ment, dont 16,2 dans l\u2019Union europ\u00e9enne.<\/p>\n\n\n\n<p>L\u2019\u00e9olien onshore s\u2019est taill\u00e9 une belle part de ces 18,3 GW avec 79% des nouvelles installations totalisant 14,5 GW. D\u2019ici 2030, il repr\u00e9sentera deux tiers de la future capacit\u00e9 \u00e9olienne.<\/p>\n\n\n\n<p>L\u2019offshore, \u00e9galement en croissance, affiche ses 3,8 GW au tableau des records europ\u00e9ens. Il devrait surtout conna\u00eetre une forte croissance \u00e0 la fin de la d\u00e9cennie et pourra certainement compter sur des projets comme <a href=\"https:\/\/www.renouvelle.be\/fr\/ile-energetique-princesse-elisabeth-permis-environnement\/\" target=\"_blank\" rel=\"noreferrer noopener\">l\u2019\u00eele \u00e9nerg\u00e9tique Princesse Elisabeth<\/a> qui devrait \u00eatre totalement op\u00e9rationnelle \u00e0 cette p\u00e9riode.<\/p>\n\n\n\n<p><a href=\"https:\/\/windeurope.org\/intelligence-platform\/product\/wind-energy-in-europe-2023-statistics-and-the-outlook-for-2024-2030\/\" target=\"_blank\" rel=\"noreferrer noopener\">WindEurope<\/a> pr\u00e9voit 260 GW de capacit\u00e9 install\u00e9e additionnelle en Europe d\u2019ici 2030 dont 200 GW dans l\u2019Union europ\u00e9enne. Ces derniers \u00e9quivalent \u00e0 une installation de 29 GW par an soit un peu moins que les 33 GW annuels n\u00e9cessaires pour atteindre son objectif de 425 GW. Un rythme d\u2019installation insuffisant qui risquerait de g\u00e9n\u00e9rer un retard de 30 GW sur l\u2019objectif total de ces 425 GW pour atteindre la cible des 42,5% d\u2019\u00e9nergie issus du renouvelable en UE.<\/p>\n\n\n\n<figure data-wp-context=\"{&quot;imageId&quot;:&quot;69f1c9f6284a9&quot;}\" data-wp-interactive=\"core\/image\" data-wp-key=\"69f1c9f6284a9\" class=\"wp-block-image size-large wp-lightbox-container\"><img loading=\"lazy\" decoding=\"async\" width=\"1024\" height=\"236\" data-wp-class--hide=\"state.isContentHidden\" data-wp-class--show=\"state.isContentVisible\" data-wp-init=\"callbacks.setButtonStyles\" data-wp-on--click=\"actions.showLightbox\" data-wp-on--load=\"callbacks.setButtonStyles\" data-wp-on-window--resize=\"callbacks.setButtonStyles\" src=\"https:\/\/www.renouvelle.be\/wp-content\/uploads\/2024\/03\/WE_Stats-1024x236.png\" alt=\"Plus de 18 GW de capacit\u00e9 \u00e9olienne install\u00e9e en Europe en 2023\" class=\"wp-image-12642\" srcset=\"https:\/\/www.renouvelle.be\/wp-content\/uploads\/2024\/03\/WE_Stats-1024x236.png 1024w, https:\/\/www.renouvelle.be\/wp-content\/uploads\/2024\/03\/WE_Stats-300x69.png 300w, https:\/\/www.renouvelle.be\/wp-content\/uploads\/2024\/03\/WE_Stats-768x177.png 768w, https:\/\/www.renouvelle.be\/wp-content\/uploads\/2024\/03\/WE_Stats-1536x354.png 1536w, https:\/\/www.renouvelle.be\/wp-content\/uploads\/2024\/03\/WE_Stats-2048x472.png 2048w, https:\/\/www.renouvelle.be\/wp-content\/uploads\/2024\/03\/WE_Stats-1200x277.png 1200w\" sizes=\"auto, (max-width: 1024px) 100vw, 1024px\" \/><button\n\t\t\tclass=\"lightbox-trigger\"\n\t\t\ttype=\"button\"\n\t\t\taria-haspopup=\"dialog\"\n\t\t\taria-label=\"Agrandir\"\n\t\t\tdata-wp-init=\"callbacks.initTriggerButton\"\n\t\t\tdata-wp-on--click=\"actions.showLightbox\"\n\t\t\tdata-wp-style--right=\"state.imageButtonRight\"\n\t\t\tdata-wp-style--top=\"state.imageButtonTop\"\n\t\t>\n\t\t\t<svg xmlns=\"http:\/\/www.w3.org\/2000\/svg\" width=\"12\" height=\"12\" fill=\"none\" viewBox=\"0 0 12 12\">\n\t\t\t\t<path fill=\"#fff\" d=\"M2 0a2 2 0 0 0-2 2v2h1.5V2a.5.5 0 0 1 .5-.5h2V0H2Zm2 10.5H2a.5.5 0 0 1-.5-.5V8H0v2a2 2 0 0 0 2 2h2v-1.5ZM8 12v-1.5h2a.5.5 0 0 0 .5-.5V8H12v2a2 2 0 0 1-2 2H8Zm2-12a2 2 0 0 1 2 2v2h-1.5V2a.5.5 0 0 0-.5-.5H8V0h2Z\" \/>\n\t\t\t<\/svg>\n\t\t<\/button><figcaption class=\"wp-element-caption\">Gauche : Capacit\u00e9 \u00e9olienne annuelle install\u00e9e en Europe. Source : WindEurope<br>Droite : Nouvelles installations \u00e9oliennes en Europe en 2023. Source : WindEurope<\/figcaption><\/figure>\n\n\n\n<h2 class=\"wp-block-heading\"><strong>Palmar\u00e8s<\/strong> de la capacit\u00e9 \u00e9olienne install\u00e9e<\/h2>\n\n\n\n<p>C\u2019est l\u2019Allemagne qui a install\u00e9 le plus de capacit\u00e9 en 2023 avec 3,9 GW dont 92% \u00e9taient issus de l\u2019onshore. Elle est suivie des 2,4 GW records des Pays-Bas dont 78% tiraient leur origine de l\u2019offshore. Rien qu\u2019\u00e0 eux seuls, les chiffres des Pays-Bas repr\u00e9sentent la moiti\u00e9 du total des installations offshore en Europe. &nbsp;La Su\u00e8de, quant \u00e0 elle, comptabilise 2 GW de capacit\u00e9 \u00e9olienne install\u00e9s et, dans son cas, enti\u00e8rement onshore.<\/p>\n\n\n\n<p>Dans leur mix \u00e9nerg\u00e9tique, le Danemark et l\u2019Irlande laissent place \u00e0 l\u2019\u00e9olien pour y prendre, respectivement, une part de 56% et 36%.<\/p>\n\n\n\n<p>Il aura \u00e9galement couvert au moins 20% de la demande d&rsquo;\u00e9lectricit\u00e9 dans huit autres pays : l&rsquo;Allemagne (31%), le Royaume-Uni (29%), les Pays-Bas (27%), l&rsquo;Espagne (27%), la Su\u00e8de (26%), le Portugal (26%), la Lituanie (21%) et la Gr\u00e8ce (20%).<\/p>\n\n\n\n<p>M\u00eame si l\u2019UE doit revoir quelque peu ses ambitions d\u2019installation \u00e0 la hausse, tous ces chiffres sont encourageant pour la suite de la transition \u00e9nerg\u00e9tique qui ne semble plus vouloir s\u2019arr\u00eater. Et c&rsquo;est tant mieux !<a id=\"_msocom_2\"><\/a><\/p>\n\n\n\n<p><\/p>\n","protected":false},"excerpt":{"rendered":"<p>Comme le montrent les chiffres partag\u00e9s par WindEurope, c&rsquo;est un peu plus de 18 GW de capacit\u00e9 \u00e9olienne suppl\u00e9mentaire qui a \u00e9t\u00e9 install\u00e9e, 18,3 GW pr\u00e9cis\u00e9ment, dont 16,2 dans l\u2019Union europ\u00e9enne. L\u2019\u00e9olien onshore s\u2019est taill\u00e9 une belle part de ces 18,3 GW avec 79% des nouvelles installations totalisant 14,5 GW. D\u2019ici 2030, il repr\u00e9sentera deux tiers de la future capacit\u00e9 \u00e9olienne. L\u2019offshore, \u00e9galement en croissance, affiche ses 3,8 GW au tableau des records europ\u00e9ens. Il devrait surtout conna\u00eetre une forte croissance \u00e0 la fin de la d\u00e9cennie et pourra certainement compter sur des projets comme l\u2019\u00eele \u00e9nerg\u00e9tique Princesse Elisabeth qui devrait \u00eatre totalement op\u00e9rationnelle \u00e0 cette p\u00e9riode. WindEurope pr\u00e9voit 260 GW de capacit\u00e9 install\u00e9e additionnelle en Europe d\u2019ici 2030 dont 200 GW dans l\u2019Union europ\u00e9enne. Ces derniers \u00e9quivalent \u00e0 une installation de 29 GW par an soit un peu moins que les 33 GW annuels n\u00e9cessaires pour atteindre son objectif de 425 GW. Un rythme d\u2019installation insuffisant qui risquerait de g\u00e9n\u00e9rer un retard de 30 GW sur l\u2019objectif total de ces 425 GW pour atteindre la cible des 42,5% d\u2019\u00e9nergie issus du renouvelable en UE. Palmar\u00e8s de la capacit\u00e9 \u00e9olienne install\u00e9e C\u2019est l\u2019Allemagne qui a install\u00e9 le plus de capacit\u00e9 en 2023 avec 3,9 GW dont 92% \u00e9taient issus de l\u2019onshore. Elle est suivie des 2,4 GW records des Pays-Bas dont 78% tiraient leur origine de l\u2019offshore. Rien qu\u2019\u00e0 eux seuls, les chiffres des Pays-Bas repr\u00e9sentent la moiti\u00e9 du total des installations offshore en Europe. &nbsp;La Su\u00e8de, quant \u00e0 elle, comptabilise 2 GW de capacit\u00e9 \u00e9olienne install\u00e9s et, dans son cas, enti\u00e8rement onshore. Dans leur mix \u00e9nerg\u00e9tique, le Danemark et l\u2019Irlande laissent place \u00e0 l\u2019\u00e9olien pour y prendre, respectivement, une part de 56% et 36%. Il aura \u00e9galement couvert au &hellip; <a href=\"https:\/\/www.renouvelle.be\/fr\/18-gw-capacite-eolienne-installee-europe-2023\/\" class=\"more-link\">Continue reading<span class=\"screen-reader-text\"> \u00ab\u00a0Plus de 18 GW de capacit\u00e9 \u00e9olienne install\u00e9e en Europe en 2023\u00a0\u00bb<\/span><\/a><\/p>\n","protected":false},"author":38,"featured_media":12631,"comment_status":"closed","ping_status":"closed","sticky":false,"template":"","format":"standard","meta":{"_acf_changed":false,"footnotes":""},"categories":[18],"tags":[],"section":[6],"class_list":["post-12626","post","type-post","status-publish","format-standard","has-post-thumbnail","hentry","category-actualite-internationale","section-eolien"],"acf":[],"yoast_head":"<!-- This site is optimized with the Yoast SEO plugin v27.5 - https:\/\/yoast.com\/product\/yoast-seo-wordpress\/ -->\n<title>Plus de 18 GW de capacit\u00e9 \u00e9olienne install\u00e9e en Europe en 2023 - Renouvelle<\/title>\n<meta name=\"description\" content=\"Pour l&#039;Europe, c&#039;est une capacit\u00e9 \u00e9olienne de plus de 18 GW qui a \u00e9t\u00e9 install\u00e9e en 2023. Les pr\u00e9visions annoncent 260 GW de plus, d&#039;ici 2030.\" \/>\n<meta name=\"robots\" content=\"index, follow, max-snippet:-1, max-image-preview:large, max-video-preview:-1\" \/>\n<link rel=\"canonical\" href=\"https:\/\/www.renouvelle.be\/fr\/18-gw-capacite-eolienne-installee-europe-2023\/\" \/>\n<meta property=\"og:locale\" content=\"fr_FR\" \/>\n<meta property=\"og:type\" content=\"article\" \/>\n<meta property=\"og:title\" content=\"Plus de 18 GW de capacit\u00e9 \u00e9olienne install\u00e9e en Europe en 2023 - Renouvelle\" \/>\n<meta property=\"og:description\" content=\"Pour l&#039;Europe, c&#039;est une capacit\u00e9 \u00e9olienne de plus de 18 GW qui a \u00e9t\u00e9 install\u00e9e en 2023. Les pr\u00e9visions annoncent 260 GW de plus, d&#039;ici 2030.\" \/>\n<meta property=\"og:url\" content=\"https:\/\/www.renouvelle.be\/fr\/18-gw-capacite-eolienne-installee-europe-2023\/\" \/>\n<meta property=\"og:site_name\" content=\"Renouvelle\" \/>\n<meta property=\"article:published_time\" content=\"2024-03-14T08:23:29+00:00\" \/>\n<meta property=\"article:modified_time\" content=\"2024-03-14T14:28:38+00:00\" \/>\n<meta property=\"og:image\" content=\"https:\/\/www.renouvelle.be\/wp-content\/uploads\/2024\/03\/iStock-1385713636-e1710327129437-1024x594.jpg\" \/>\n\t<meta property=\"og:image:width\" content=\"1024\" \/>\n\t<meta property=\"og:image:height\" content=\"594\" \/>\n\t<meta property=\"og:image:type\" content=\"image\/jpeg\" \/>\n<meta name=\"author\" content=\"Samuel Alves\" \/>\n<meta name=\"twitter:card\" content=\"summary_large_image\" \/>\n<script type=\"application\/ld+json\" class=\"yoast-schema-graph\">{\"@context\":\"https:\\\/\\\/schema.org\",\"@graph\":[{\"@type\":\"Article\",\"@id\":\"https:\\\/\\\/www.renouvelle.be\\\/fr\\\/18-gw-capacite-eolienne-installee-europe-2023\\\/#article\",\"isPartOf\":{\"@id\":\"https:\\\/\\\/www.renouvelle.be\\\/fr\\\/18-gw-capacite-eolienne-installee-europe-2023\\\/\"},\"author\":{\"name\":\"Samuel Alves\",\"@id\":\"https:\\\/\\\/www.renouvelle.be\\\/fr\\\/#\\\/schema\\\/person\\\/9d743366fb269eeceaa8d60e98d289d3\"},\"headline\":\"Plus de 18 GW de capacit\u00e9 \u00e9olienne install\u00e9e en Europe en 2023\",\"datePublished\":\"2024-03-14T08:23:29+00:00\",\"dateModified\":\"2024-03-14T14:28:38+00:00\",\"mainEntityOfPage\":{\"@id\":\"https:\\\/\\\/www.renouvelle.be\\\/fr\\\/18-gw-capacite-eolienne-installee-europe-2023\\\/\"},\"wordCount\":404,\"image\":{\"@id\":\"https:\\\/\\\/www.renouvelle.be\\\/fr\\\/18-gw-capacite-eolienne-installee-europe-2023\\\/#primaryimage\"},\"thumbnailUrl\":\"https:\\\/\\\/www.renouvelle.be\\\/wp-content\\\/uploads\\\/2024\\\/03\\\/iStock-1385713636-e1710327129437.jpg\",\"articleSection\":[\"Actualit\u00e9 internationale\"],\"inLanguage\":\"fr-FR\"},{\"@type\":\"WebPage\",\"@id\":\"https:\\\/\\\/www.renouvelle.be\\\/fr\\\/18-gw-capacite-eolienne-installee-europe-2023\\\/\",\"url\":\"https:\\\/\\\/www.renouvelle.be\\\/fr\\\/18-gw-capacite-eolienne-installee-europe-2023\\\/\",\"name\":\"Plus de 18 GW de capacit\u00e9 \u00e9olienne install\u00e9e en Europe en 2023 - Renouvelle\",\"isPartOf\":{\"@id\":\"https:\\\/\\\/www.renouvelle.be\\\/fr\\\/#website\"},\"primaryImageOfPage\":{\"@id\":\"https:\\\/\\\/www.renouvelle.be\\\/fr\\\/18-gw-capacite-eolienne-installee-europe-2023\\\/#primaryimage\"},\"image\":{\"@id\":\"https:\\\/\\\/www.renouvelle.be\\\/fr\\\/18-gw-capacite-eolienne-installee-europe-2023\\\/#primaryimage\"},\"thumbnailUrl\":\"https:\\\/\\\/www.renouvelle.be\\\/wp-content\\\/uploads\\\/2024\\\/03\\\/iStock-1385713636-e1710327129437.jpg\",\"datePublished\":\"2024-03-14T08:23:29+00:00\",\"dateModified\":\"2024-03-14T14:28:38+00:00\",\"author\":{\"@id\":\"https:\\\/\\\/www.renouvelle.be\\\/fr\\\/#\\\/schema\\\/person\\\/9d743366fb269eeceaa8d60e98d289d3\"},\"description\":\"Pour l'Europe, c'est une capacit\u00e9 \u00e9olienne de plus de 18 GW qui a \u00e9t\u00e9 install\u00e9e en 2023. Les pr\u00e9visions annoncent 260 GW de plus, d'ici 2030.\",\"breadcrumb\":{\"@id\":\"https:\\\/\\\/www.renouvelle.be\\\/fr\\\/18-gw-capacite-eolienne-installee-europe-2023\\\/#breadcrumb\"},\"inLanguage\":\"fr-FR\",\"potentialAction\":[{\"@type\":\"ReadAction\",\"target\":[\"https:\\\/\\\/www.renouvelle.be\\\/fr\\\/18-gw-capacite-eolienne-installee-europe-2023\\\/\"]}]},{\"@type\":\"ImageObject\",\"inLanguage\":\"fr-FR\",\"@id\":\"https:\\\/\\\/www.renouvelle.be\\\/fr\\\/18-gw-capacite-eolienne-installee-europe-2023\\\/#primaryimage\",\"url\":\"https:\\\/\\\/www.renouvelle.be\\\/wp-content\\\/uploads\\\/2024\\\/03\\\/iStock-1385713636-e1710327129437.jpg\",\"contentUrl\":\"https:\\\/\\\/www.renouvelle.be\\\/wp-content\\\/uploads\\\/2024\\\/03\\\/iStock-1385713636-e1710327129437.jpg\",\"width\":2177,\"height\":1262,\"caption\":\"Plus de 18 GW de capacit\u00e9 install\u00e9e pour l'\u00e9olien en Europe en 2023\"},{\"@type\":\"BreadcrumbList\",\"@id\":\"https:\\\/\\\/www.renouvelle.be\\\/fr\\\/18-gw-capacite-eolienne-installee-europe-2023\\\/#breadcrumb\",\"itemListElement\":[{\"@type\":\"ListItem\",\"position\":1,\"name\":\"Accueil\",\"item\":\"https:\\\/\\\/www.renouvelle.be\\\/fr\\\/\"},{\"@type\":\"ListItem\",\"position\":2,\"name\":\"Plus de 18 GW de capacit\u00e9 \u00e9olienne install\u00e9e en Europe en 2023\"}]},{\"@type\":\"WebSite\",\"@id\":\"https:\\\/\\\/www.renouvelle.be\\\/fr\\\/#website\",\"url\":\"https:\\\/\\\/www.renouvelle.be\\\/fr\\\/\",\"name\":\"Renouvelle\",\"description\":\"L&#039;actualit\u00e9 de l&#039;\u00e9nergie durable\",\"potentialAction\":[{\"@type\":\"SearchAction\",\"target\":{\"@type\":\"EntryPoint\",\"urlTemplate\":\"https:\\\/\\\/www.renouvelle.be\\\/fr\\\/?s={search_term_string}\"},\"query-input\":{\"@type\":\"PropertyValueSpecification\",\"valueRequired\":true,\"valueName\":\"search_term_string\"}}],\"inLanguage\":\"fr-FR\"},{\"@type\":\"Person\",\"@id\":\"https:\\\/\\\/www.renouvelle.be\\\/fr\\\/#\\\/schema\\\/person\\\/9d743366fb269eeceaa8d60e98d289d3\",\"name\":\"Samuel Alves\",\"url\":\"https:\\\/\\\/www.renouvelle.be\\\/fr\\\/author\\\/salves\\\/\"}]}<\/script>\n<!-- \/ Yoast SEO plugin. -->","yoast_head_json":{"title":"Plus de 18 GW de capacit\u00e9 \u00e9olienne install\u00e9e en Europe en 2023 - Renouvelle","description":"Pour l'Europe, c'est une capacit\u00e9 \u00e9olienne de plus de 18 GW qui a \u00e9t\u00e9 install\u00e9e en 2023. Les pr\u00e9visions annoncent 260 GW de plus, d'ici 2030.","robots":{"index":"index","follow":"follow","max-snippet":"max-snippet:-1","max-image-preview":"max-image-preview:large","max-video-preview":"max-video-preview:-1"},"canonical":"https:\/\/www.renouvelle.be\/fr\/18-gw-capacite-eolienne-installee-europe-2023\/","og_locale":"fr_FR","og_type":"article","og_title":"Plus de 18 GW de capacit\u00e9 \u00e9olienne install\u00e9e en Europe en 2023 - Renouvelle","og_description":"Pour l'Europe, c'est une capacit\u00e9 \u00e9olienne de plus de 18 GW qui a \u00e9t\u00e9 install\u00e9e en 2023. Les pr\u00e9visions annoncent 260 GW de plus, d'ici 2030.","og_url":"https:\/\/www.renouvelle.be\/fr\/18-gw-capacite-eolienne-installee-europe-2023\/","og_site_name":"Renouvelle","article_published_time":"2024-03-14T08:23:29+00:00","article_modified_time":"2024-03-14T14:28:38+00:00","og_image":[{"width":1024,"height":594,"url":"https:\/\/www.renouvelle.be\/wp-content\/uploads\/2024\/03\/iStock-1385713636-e1710327129437-1024x594.jpg","type":"image\/jpeg"}],"author":"Samuel Alves","twitter_card":"summary_large_image","schema":{"@context":"https:\/\/schema.org","@graph":[{"@type":"Article","@id":"https:\/\/www.renouvelle.be\/fr\/18-gw-capacite-eolienne-installee-europe-2023\/#article","isPartOf":{"@id":"https:\/\/www.renouvelle.be\/fr\/18-gw-capacite-eolienne-installee-europe-2023\/"},"author":{"name":"Samuel Alves","@id":"https:\/\/www.renouvelle.be\/fr\/#\/schema\/person\/9d743366fb269eeceaa8d60e98d289d3"},"headline":"Plus de 18 GW de capacit\u00e9 \u00e9olienne install\u00e9e en Europe en 2023","datePublished":"2024-03-14T08:23:29+00:00","dateModified":"2024-03-14T14:28:38+00:00","mainEntityOfPage":{"@id":"https:\/\/www.renouvelle.be\/fr\/18-gw-capacite-eolienne-installee-europe-2023\/"},"wordCount":404,"image":{"@id":"https:\/\/www.renouvelle.be\/fr\/18-gw-capacite-eolienne-installee-europe-2023\/#primaryimage"},"thumbnailUrl":"https:\/\/www.renouvelle.be\/wp-content\/uploads\/2024\/03\/iStock-1385713636-e1710327129437.jpg","articleSection":["Actualit\u00e9 internationale"],"inLanguage":"fr-FR"},{"@type":"WebPage","@id":"https:\/\/www.renouvelle.be\/fr\/18-gw-capacite-eolienne-installee-europe-2023\/","url":"https:\/\/www.renouvelle.be\/fr\/18-gw-capacite-eolienne-installee-europe-2023\/","name":"Plus de 18 GW de capacit\u00e9 \u00e9olienne install\u00e9e en Europe en 2023 - Renouvelle","isPartOf":{"@id":"https:\/\/www.renouvelle.be\/fr\/#website"},"primaryImageOfPage":{"@id":"https:\/\/www.renouvelle.be\/fr\/18-gw-capacite-eolienne-installee-europe-2023\/#primaryimage"},"image":{"@id":"https:\/\/www.renouvelle.be\/fr\/18-gw-capacite-eolienne-installee-europe-2023\/#primaryimage"},"thumbnailUrl":"https:\/\/www.renouvelle.be\/wp-content\/uploads\/2024\/03\/iStock-1385713636-e1710327129437.jpg","datePublished":"2024-03-14T08:23:29+00:00","dateModified":"2024-03-14T14:28:38+00:00","author":{"@id":"https:\/\/www.renouvelle.be\/fr\/#\/schema\/person\/9d743366fb269eeceaa8d60e98d289d3"},"description":"Pour l'Europe, c'est une capacit\u00e9 \u00e9olienne de plus de 18 GW qui a \u00e9t\u00e9 install\u00e9e en 2023. Les pr\u00e9visions annoncent 260 GW de plus, d'ici 2030.","breadcrumb":{"@id":"https:\/\/www.renouvelle.be\/fr\/18-gw-capacite-eolienne-installee-europe-2023\/#breadcrumb"},"inLanguage":"fr-FR","potentialAction":[{"@type":"ReadAction","target":["https:\/\/www.renouvelle.be\/fr\/18-gw-capacite-eolienne-installee-europe-2023\/"]}]},{"@type":"ImageObject","inLanguage":"fr-FR","@id":"https:\/\/www.renouvelle.be\/fr\/18-gw-capacite-eolienne-installee-europe-2023\/#primaryimage","url":"https:\/\/www.renouvelle.be\/wp-content\/uploads\/2024\/03\/iStock-1385713636-e1710327129437.jpg","contentUrl":"https:\/\/www.renouvelle.be\/wp-content\/uploads\/2024\/03\/iStock-1385713636-e1710327129437.jpg","width":2177,"height":1262,"caption":"Plus de 18 GW de capacit\u00e9 install\u00e9e pour l'\u00e9olien en Europe en 2023"},{"@type":"BreadcrumbList","@id":"https:\/\/www.renouvelle.be\/fr\/18-gw-capacite-eolienne-installee-europe-2023\/#breadcrumb","itemListElement":[{"@type":"ListItem","position":1,"name":"Accueil","item":"https:\/\/www.renouvelle.be\/fr\/"},{"@type":"ListItem","position":2,"name":"Plus de 18 GW de capacit\u00e9 \u00e9olienne install\u00e9e en Europe en 2023"}]},{"@type":"WebSite","@id":"https:\/\/www.renouvelle.be\/fr\/#website","url":"https:\/\/www.renouvelle.be\/fr\/","name":"Renouvelle","description":"L&#039;actualit\u00e9 de l&#039;\u00e9nergie durable","potentialAction":[{"@type":"SearchAction","target":{"@type":"EntryPoint","urlTemplate":"https:\/\/www.renouvelle.be\/fr\/?s={search_term_string}"},"query-input":{"@type":"PropertyValueSpecification","valueRequired":true,"valueName":"search_term_string"}}],"inLanguage":"fr-FR"},{"@type":"Person","@id":"https:\/\/www.renouvelle.be\/fr\/#\/schema\/person\/9d743366fb269eeceaa8d60e98d289d3","name":"Samuel Alves","url":"https:\/\/www.renouvelle.be\/fr\/author\/salves\/"}]}},"_links":{"self":[{"href":"https:\/\/www.renouvelle.be\/fr\/wp-json\/wp\/v2\/posts\/12626","targetHints":{"allow":["GET"]}}],"collection":[{"href":"https:\/\/www.renouvelle.be\/fr\/wp-json\/wp\/v2\/posts"}],"about":[{"href":"https:\/\/www.renouvelle.be\/fr\/wp-json\/wp\/v2\/types\/post"}],"author":[{"embeddable":true,"href":"https:\/\/www.renouvelle.be\/fr\/wp-json\/wp\/v2\/users\/38"}],"replies":[{"embeddable":true,"href":"https:\/\/www.renouvelle.be\/fr\/wp-json\/wp\/v2\/comments?post=12626"}],"version-history":[{"count":17,"href":"https:\/\/www.renouvelle.be\/fr\/wp-json\/wp\/v2\/posts\/12626\/revisions"}],"predecessor-version":[{"id":12647,"href":"https:\/\/www.renouvelle.be\/fr\/wp-json\/wp\/v2\/posts\/12626\/revisions\/12647"}],"wp:featuredmedia":[{"embeddable":true,"href":"https:\/\/www.renouvelle.be\/fr\/wp-json\/wp\/v2\/media\/12631"}],"wp:attachment":[{"href":"https:\/\/www.renouvelle.be\/fr\/wp-json\/wp\/v2\/media?parent=12626"}],"wp:term":[{"taxonomy":"category","embeddable":true,"href":"https:\/\/www.renouvelle.be\/fr\/wp-json\/wp\/v2\/categories?post=12626"},{"taxonomy":"post_tag","embeddable":true,"href":"https:\/\/www.renouvelle.be\/fr\/wp-json\/wp\/v2\/tags?post=12626"},{"taxonomy":"section","embeddable":true,"href":"https:\/\/www.renouvelle.be\/fr\/wp-json\/wp\/v2\/section?post=12626"}],"curies":[{"name":"wp","href":"https:\/\/api.w.org\/{rel}","templated":true}]}}