{"id":12513,"date":"2024-03-04T14:06:53","date_gmt":"2024-03-04T13:06:53","guid":{"rendered":"https:\/\/www.renouvelle.be\/?p=12513"},"modified":"2024-03-04T14:07:01","modified_gmt":"2024-03-04T13:07:01","slug":"le-solaire-chinois-aveugle-industrie-photovoltaique-europeenne","status":"publish","type":"post","link":"https:\/\/www.renouvelle.be\/fr\/le-solaire-chinois-aveugle-industrie-photovoltaique-europeenne\/","title":{"rendered":"Le solaire chinois aveugle l\u2019industrie photovolta\u00efque europ\u00e9enne"},"content":{"rendered":"\n<p>Il y a quelques jours, le dernier grand producteur de panneaux solaires d&rsquo;Allemagne, Meyer Burger, d\u00e9cidait de fermer les portes de son usine de Freiberg. Face \u00e0 la f\u00e9rocit\u00e9 de l\u2019industrie du solaire chinois de ces derni\u00e8res ann\u00e9es et au manque de m\u00e9canismes de protection de l\u2019Europe, la soci\u00e9t\u00e9 a pr\u00e9f\u00e9r\u00e9 d\u00e9localiser ses activit\u00e9s aux \u00c9tats-Unis.<\/p>\n\n\n\n<p>Avec quelles cons\u00e9quences pour l\u2019UE&nbsp;? Une diminution de 10% de sa force de production de panneaux solaires, des industriels du photovolta\u00efque au bord du gouffre et une d\u00e9pendance toujours aussi forte aux panneaux solaires provenant de Chine.<\/p>\n\n\n\n<p><strong>D\u2019\u00e9clatants records rayonnent partout en Europe<\/strong><\/p>\n\n\n\n<p>Depuis le d\u00e9but de cette ann\u00e9e, diff\u00e9rents rapports faisaient \u00e9tat de record sur record, en Europe, quant \u00e0 la production et \u00e0 la consommation \u00e9lectrique issues des \u00e9nergies renouvelables. En <a href=\"https:\/\/www.renouvelle.be\/fr\/belgique-30-consommation-electricite-energies-renouvelables\/\" target=\"_blank\" rel=\"noreferrer noopener\">Belgique<\/a>, par exemple, 30% de sa consommation provenait du renouvelable. Et que dire du record allemand dont les \u00e9missions \u00e9lectriques ont atteint leur niveau le plus faible depuis 70 ans avec un d\u00e9passement du seuil de 50% de production renouvelable, tout \u00e7a, entre autres, gr\u00e2ce \u00e0 une installation de capacit\u00e9 solaire suppl\u00e9mentaire de 14 GW.<\/p>\n\n\n\n<p>Du c\u00f4t\u00e9 de l\u2019Autriche, la production \u00e9lectrique issue des \u00e9nergies renouvelables a atteint 87%&nbsp;! Un progr\u00e8s cons\u00e9quent attribu\u00e9 \u00e0 l\u2019\u00e9nergie solaire qui a pourvu un peu plus de 4% d\u2019\u00e9lectricit\u00e9. Le Portugal, lui, a comptabilis\u00e9 61% d\u2019\u00e9lectricit\u00e9 issue du renouvelable (31,2 TWh). Et encore une fois, le photovolta\u00efque a jou\u00e9 un r\u00f4le important avec une hausse cons\u00e9quente de 43% de production.<\/p>\n\n\n\n<p>Bien que ces r\u00e9sultats soient la combinaison d\u2019\u00e9nergies renouvelables, on notera que le solaire est, \u00e0 chaque fois, cit\u00e9 comme gros contributeur. D\u2019apr\u00e8s l\u2019<a href=\"https:\/\/www.iea.org\/reports\/renewables-2023\" target=\"_blank\" rel=\"noreferrer noopener\">IEA<\/a>, 61% de l\u2019\u00e9lectricit\u00e9 europ\u00e9enne sera issue du renouvelable d\u2019ici 2028 gr\u00e2ce, notamment, \u00e0 une augmentation importante des installations photovolta\u00efques.<\/p>\n\n\n\n<p>Mais alors comment expliquer le choix de fabricants de panneaux solaires, comme Meyer Burger, de se d\u00e9localiser ou de cesser ses activit\u00e9s comme Exasun aux Pays-Bas&nbsp;?<\/p>\n\n\n\n<p><strong>Pour ne pas se br\u00fbler les ailes&nbsp;: s\u2019\u00e9loigner du solaire chinois<\/strong><\/p>\n\n\n\n<p>Gr\u00e2ce \u00e0 d\u2019importantes subventions, la Chine a connu une surproduction de panneaux solaires. Ces derniers, suivant un m\u00e9canisme de concurrence agressive, ont donc \u00e9t\u00e9 export\u00e9s \u00e0 prix brad\u00e9, vendus en-dessous de leur co\u00fbt de fabrication. Mais depuis l\u2019instauration du <a href=\"https:\/\/www.whitehouse.gov\/cleanenergy\/inflation-reduction-act-guidebook\/\" target=\"_blank\" rel=\"noreferrer noopener\">Inflation Reduction Act<\/a> aux \u00c9tats-Unis, ces panneaux n\u2019ont plus acc\u00e8s au march\u00e9 am\u00e9ricain. Un geste qui avait pour but, entre autres, de relancer les fili\u00e8res locales en \u00e9vitant la d\u00e9pendance aux productions \u00e9trang\u00e8res, un argument de poids s\u00e9duisant les entreprises europ\u00e9ennes qui d\u00e9cident donc de s\u2019y d\u00e9localiser.<\/p>\n\n\n\n<p>Fatalement, avec un march\u00e9 am\u00e9ricain qui leur ferme les portes, c\u2019est vers le march\u00e9 europ\u00e9en que cette vague de panneaux solaires chinois bon march\u00e9 d\u00e9ferle. Les stocks de ceux-ci s\u2019accumulent et entrainent <a href=\"https:\/\/www.solarpowereurope.org\/press-releases\/record-low-solar-pv-prices-risk-eu-s-open-strategic-autonomy\" target=\"_blank\" rel=\"noreferrer noopener\">un effondrement des prix de 25%,<\/a> mettant en danger la survie des entreprises du secteur (avec les seuls stocks aux Pays-Bas, les besoins de l\u2019Europe sont couverts pour quasi deux ans). Une situation absurde lorsqu\u2019on sait que l\u2019UE vise 40% de production de panneaux solaires d\u2019ici 2030 comme fix\u00e9 dans le <a href=\"https:\/\/single-market-economy.ec.europa.eu\/industry\/sustainability\/net-zero-industry-act_en?prefLang=fr\" target=\"_blank\" rel=\"noreferrer noopener\">Net Zero Industry Act<\/a> qui pr\u00e9voit que 30% des appels d\u2019offre d\u2019\u00e9nergies renouvelables soient r\u00e9serv\u00e9s aux produits fabriqu\u00e9s en Europe.<\/p>\n\n\n\n<p><strong>Se mettre \u00e0 l\u2019ombre des instances europ\u00e9ennes<\/strong><\/p>\n\n\n\n<p>Plusieurs fabricants avaient d\u2019ores et d\u00e9j\u00e0 annonc\u00e9 leur intention de fermer ou d\u00e9localiser leur ligne de productions si l\u2019Europe trainait \u00e0 prendre des mesures d\u2019urgences afin de soutenir le secteur. Demande \u00e9manant \u00e9galement du <a href=\"https:\/\/esmc.solar\/press-release-race-against-time-safeguarding-the-european-solar-industry-is-still-possible\/\" target=\"_blank\" rel=\"noreferrer noopener\">Conseil europ\u00e9en de l\u2019industrie solaire (ESMC)<\/a>.<\/p>\n\n\n\n<p>Ce dernier demande \u00e0 mettre en place un syst\u00e8me de rachat de leurs stocks accumul\u00e9s ainsi que le financement de projets utilisant des modules photovolta\u00efques europ\u00e9ens. Sans oublier, des mesures temporaires d\u2019ici la mise en place du Net Zero Industry Act.<\/p>\n\n\n\n<p>En esp\u00e9rant \u00e9viter un effet domino dans les prochaines semaines, la fermeture de Meyer Burger est un appel aux instances europ\u00e9ennes \u00e0 assumer leurs responsabilit\u00e9s imm\u00e9diatement et soutenir v\u00e9ritablement son industrie renouvelable.<\/p>\n","protected":false},"excerpt":{"rendered":"<p>Il y a quelques jours, le dernier grand producteur de panneaux solaires d&rsquo;Allemagne, Meyer Burger, d\u00e9cidait de fermer les portes de son usine de Freiberg. Face \u00e0 la f\u00e9rocit\u00e9 de l\u2019industrie du solaire chinois de ces derni\u00e8res ann\u00e9es et au manque de m\u00e9canismes de protection de l\u2019Europe, la soci\u00e9t\u00e9 a pr\u00e9f\u00e9r\u00e9 d\u00e9localiser ses activit\u00e9s aux \u00c9tats-Unis. Avec quelles cons\u00e9quences pour l\u2019UE&nbsp;? Une diminution de 10% de sa force de production de panneaux solaires, des industriels du photovolta\u00efque au bord du gouffre et une d\u00e9pendance toujours aussi forte aux panneaux solaires provenant de Chine. D\u2019\u00e9clatants records rayonnent partout en Europe Depuis le d\u00e9but de cette ann\u00e9e, diff\u00e9rents rapports faisaient \u00e9tat de record sur record, en Europe, quant \u00e0 la production et \u00e0 la consommation \u00e9lectrique issues des \u00e9nergies renouvelables. En Belgique, par exemple, 30% de sa consommation provenait du renouvelable. Et que dire du record allemand dont les \u00e9missions \u00e9lectriques ont atteint leur niveau le plus faible depuis 70 ans avec un d\u00e9passement du seuil de 50% de production renouvelable, tout \u00e7a, entre autres, gr\u00e2ce \u00e0 une installation de capacit\u00e9 solaire suppl\u00e9mentaire de 14 GW. Du c\u00f4t\u00e9 de l\u2019Autriche, la production \u00e9lectrique issue des \u00e9nergies renouvelables a atteint 87%&nbsp;! Un progr\u00e8s cons\u00e9quent attribu\u00e9 \u00e0 l\u2019\u00e9nergie solaire qui a pourvu un peu plus de 4% d\u2019\u00e9lectricit\u00e9. Le Portugal, lui, a comptabilis\u00e9 61% d\u2019\u00e9lectricit\u00e9 issue du renouvelable (31,2 TWh). Et encore une fois, le photovolta\u00efque a jou\u00e9 un r\u00f4le important avec une hausse cons\u00e9quente de 43% de production. Bien que ces r\u00e9sultats soient la combinaison d\u2019\u00e9nergies renouvelables, on notera que le solaire est, \u00e0 chaque fois, cit\u00e9 comme gros contributeur. D\u2019apr\u00e8s l\u2019IEA, 61% de l\u2019\u00e9lectricit\u00e9 europ\u00e9enne sera issue du renouvelable d\u2019ici 2028 gr\u00e2ce, notamment, \u00e0 une augmentation importante des installations photovolta\u00efques. Mais alors &hellip; <a href=\"https:\/\/www.renouvelle.be\/fr\/le-solaire-chinois-aveugle-industrie-photovoltaique-europeenne\/\" class=\"more-link\">Continue reading<span class=\"screen-reader-text\"> \u00ab\u00a0Le solaire chinois aveugle l\u2019industrie photovolta\u00efque europ\u00e9enne\u00a0\u00bb<\/span><\/a><\/p>\n","protected":false},"author":38,"featured_media":12517,"comment_status":"closed","ping_status":"closed","sticky":false,"template":"","format":"standard","meta":{"_acf_changed":false,"footnotes":""},"categories":[18],"tags":[],"section":[13],"class_list":["post-12513","post","type-post","status-publish","format-standard","has-post-thumbnail","hentry","category-actualite-internationale","section-solaire"],"acf":[],"yoast_head":"<!-- This site is optimized with the Yoast SEO plugin v27.5 - https:\/\/yoast.com\/product\/yoast-seo-wordpress\/ -->\n<title>Le solaire chinois aveugle l\u2019industrie photovolta\u00efque europ\u00e9enne - Renouvelle<\/title>\n<meta name=\"description\" content=\"Le photovolta\u00efque europ\u00e9en est en d\u00e9clin face \u00e0 la concurrence du solaire chinois. Plusieurs fabricants comptent se d\u00e9localiser.\" \/>\n<meta name=\"robots\" content=\"index, follow, max-snippet:-1, max-image-preview:large, max-video-preview:-1\" \/>\n<link rel=\"canonical\" href=\"https:\/\/www.renouvelle.be\/fr\/le-solaire-chinois-aveugle-industrie-photovoltaique-europeenne\/\" \/>\n<meta property=\"og:locale\" content=\"fr_FR\" \/>\n<meta property=\"og:type\" content=\"article\" \/>\n<meta property=\"og:title\" content=\"Le solaire chinois aveugle l\u2019industrie photovolta\u00efque europ\u00e9enne - Renouvelle\" \/>\n<meta property=\"og:description\" content=\"Le photovolta\u00efque europ\u00e9en est en d\u00e9clin face \u00e0 la concurrence du solaire chinois. Plusieurs fabricants comptent se d\u00e9localiser.\" \/>\n<meta property=\"og:url\" content=\"https:\/\/www.renouvelle.be\/fr\/le-solaire-chinois-aveugle-industrie-photovoltaique-europeenne\/\" \/>\n<meta property=\"og:site_name\" content=\"Renouvelle\" \/>\n<meta property=\"article:published_time\" content=\"2024-03-04T13:06:53+00:00\" \/>\n<meta property=\"article:modified_time\" content=\"2024-03-04T13:07:01+00:00\" \/>\n<meta property=\"og:image\" content=\"https:\/\/www.renouvelle.be\/wp-content\/uploads\/2024\/03\/pexels-lukas-296234-scaled-e1709297895175.jpg\" \/>\n\t<meta property=\"og:image:width\" content=\"2560\" \/>\n\t<meta property=\"og:image:height\" content=\"1544\" \/>\n\t<meta property=\"og:image:type\" content=\"image\/jpeg\" \/>\n<meta name=\"author\" content=\"Samuel Alves\" \/>\n<meta name=\"twitter:card\" content=\"summary_large_image\" \/>\n<script type=\"application\/ld+json\" class=\"yoast-schema-graph\">{\"@context\":\"https:\\\/\\\/schema.org\",\"@graph\":[{\"@type\":\"Article\",\"@id\":\"https:\\\/\\\/www.renouvelle.be\\\/fr\\\/le-solaire-chinois-aveugle-industrie-photovoltaique-europeenne\\\/#article\",\"isPartOf\":{\"@id\":\"https:\\\/\\\/www.renouvelle.be\\\/fr\\\/le-solaire-chinois-aveugle-industrie-photovoltaique-europeenne\\\/\"},\"author\":{\"name\":\"Samuel Alves\",\"@id\":\"https:\\\/\\\/www.renouvelle.be\\\/fr\\\/#\\\/schema\\\/person\\\/9d743366fb269eeceaa8d60e98d289d3\"},\"headline\":\"Le solaire chinois aveugle l\u2019industrie photovolta\u00efque europ\u00e9enne\",\"datePublished\":\"2024-03-04T13:06:53+00:00\",\"dateModified\":\"2024-03-04T13:07:01+00:00\",\"mainEntityOfPage\":{\"@id\":\"https:\\\/\\\/www.renouvelle.be\\\/fr\\\/le-solaire-chinois-aveugle-industrie-photovoltaique-europeenne\\\/\"},\"wordCount\":718,\"image\":{\"@id\":\"https:\\\/\\\/www.renouvelle.be\\\/fr\\\/le-solaire-chinois-aveugle-industrie-photovoltaique-europeenne\\\/#primaryimage\"},\"thumbnailUrl\":\"https:\\\/\\\/www.renouvelle.be\\\/wp-content\\\/uploads\\\/2024\\\/03\\\/pexels-lukas-296234-scaled-e1709297895175.jpg\",\"articleSection\":[\"Actualit\u00e9 internationale\"],\"inLanguage\":\"fr-FR\"},{\"@type\":\"WebPage\",\"@id\":\"https:\\\/\\\/www.renouvelle.be\\\/fr\\\/le-solaire-chinois-aveugle-industrie-photovoltaique-europeenne\\\/\",\"url\":\"https:\\\/\\\/www.renouvelle.be\\\/fr\\\/le-solaire-chinois-aveugle-industrie-photovoltaique-europeenne\\\/\",\"name\":\"Le solaire chinois aveugle l\u2019industrie photovolta\u00efque europ\u00e9enne - Renouvelle\",\"isPartOf\":{\"@id\":\"https:\\\/\\\/www.renouvelle.be\\\/fr\\\/#website\"},\"primaryImageOfPage\":{\"@id\":\"https:\\\/\\\/www.renouvelle.be\\\/fr\\\/le-solaire-chinois-aveugle-industrie-photovoltaique-europeenne\\\/#primaryimage\"},\"image\":{\"@id\":\"https:\\\/\\\/www.renouvelle.be\\\/fr\\\/le-solaire-chinois-aveugle-industrie-photovoltaique-europeenne\\\/#primaryimage\"},\"thumbnailUrl\":\"https:\\\/\\\/www.renouvelle.be\\\/wp-content\\\/uploads\\\/2024\\\/03\\\/pexels-lukas-296234-scaled-e1709297895175.jpg\",\"datePublished\":\"2024-03-04T13:06:53+00:00\",\"dateModified\":\"2024-03-04T13:07:01+00:00\",\"author\":{\"@id\":\"https:\\\/\\\/www.renouvelle.be\\\/fr\\\/#\\\/schema\\\/person\\\/9d743366fb269eeceaa8d60e98d289d3\"},\"description\":\"Le photovolta\u00efque europ\u00e9en est en d\u00e9clin face \u00e0 la concurrence du solaire chinois. Plusieurs fabricants comptent se d\u00e9localiser.\",\"breadcrumb\":{\"@id\":\"https:\\\/\\\/www.renouvelle.be\\\/fr\\\/le-solaire-chinois-aveugle-industrie-photovoltaique-europeenne\\\/#breadcrumb\"},\"inLanguage\":\"fr-FR\",\"potentialAction\":[{\"@type\":\"ReadAction\",\"target\":[\"https:\\\/\\\/www.renouvelle.be\\\/fr\\\/le-solaire-chinois-aveugle-industrie-photovoltaique-europeenne\\\/\"]}]},{\"@type\":\"ImageObject\",\"inLanguage\":\"fr-FR\",\"@id\":\"https:\\\/\\\/www.renouvelle.be\\\/fr\\\/le-solaire-chinois-aveugle-industrie-photovoltaique-europeenne\\\/#primaryimage\",\"url\":\"https:\\\/\\\/www.renouvelle.be\\\/wp-content\\\/uploads\\\/2024\\\/03\\\/pexels-lukas-296234-scaled-e1709297895175.jpg\",\"contentUrl\":\"https:\\\/\\\/www.renouvelle.be\\\/wp-content\\\/uploads\\\/2024\\\/03\\\/pexels-lukas-296234-scaled-e1709297895175.jpg\",\"width\":2560,\"height\":1544,\"caption\":\"solaire chinois photovolta\u00efque Meyer Burger\"},{\"@type\":\"BreadcrumbList\",\"@id\":\"https:\\\/\\\/www.renouvelle.be\\\/fr\\\/le-solaire-chinois-aveugle-industrie-photovoltaique-europeenne\\\/#breadcrumb\",\"itemListElement\":[{\"@type\":\"ListItem\",\"position\":1,\"name\":\"Accueil\",\"item\":\"https:\\\/\\\/www.renouvelle.be\\\/fr\\\/\"},{\"@type\":\"ListItem\",\"position\":2,\"name\":\"Le solaire chinois aveugle l\u2019industrie photovolta\u00efque europ\u00e9enne\"}]},{\"@type\":\"WebSite\",\"@id\":\"https:\\\/\\\/www.renouvelle.be\\\/fr\\\/#website\",\"url\":\"https:\\\/\\\/www.renouvelle.be\\\/fr\\\/\",\"name\":\"Renouvelle\",\"description\":\"L&#039;actualit\u00e9 de l&#039;\u00e9nergie durable\",\"potentialAction\":[{\"@type\":\"SearchAction\",\"target\":{\"@type\":\"EntryPoint\",\"urlTemplate\":\"https:\\\/\\\/www.renouvelle.be\\\/fr\\\/?s={search_term_string}\"},\"query-input\":{\"@type\":\"PropertyValueSpecification\",\"valueRequired\":true,\"valueName\":\"search_term_string\"}}],\"inLanguage\":\"fr-FR\"},{\"@type\":\"Person\",\"@id\":\"https:\\\/\\\/www.renouvelle.be\\\/fr\\\/#\\\/schema\\\/person\\\/9d743366fb269eeceaa8d60e98d289d3\",\"name\":\"Samuel Alves\",\"url\":\"https:\\\/\\\/www.renouvelle.be\\\/fr\\\/author\\\/salves\\\/\"}]}<\/script>\n<!-- \/ Yoast SEO plugin. -->","yoast_head_json":{"title":"Le solaire chinois aveugle l\u2019industrie photovolta\u00efque europ\u00e9enne - Renouvelle","description":"Le photovolta\u00efque europ\u00e9en est en d\u00e9clin face \u00e0 la concurrence du solaire chinois. Plusieurs fabricants comptent se d\u00e9localiser.","robots":{"index":"index","follow":"follow","max-snippet":"max-snippet:-1","max-image-preview":"max-image-preview:large","max-video-preview":"max-video-preview:-1"},"canonical":"https:\/\/www.renouvelle.be\/fr\/le-solaire-chinois-aveugle-industrie-photovoltaique-europeenne\/","og_locale":"fr_FR","og_type":"article","og_title":"Le solaire chinois aveugle l\u2019industrie photovolta\u00efque europ\u00e9enne - Renouvelle","og_description":"Le photovolta\u00efque europ\u00e9en est en d\u00e9clin face \u00e0 la concurrence du solaire chinois. Plusieurs fabricants comptent se d\u00e9localiser.","og_url":"https:\/\/www.renouvelle.be\/fr\/le-solaire-chinois-aveugle-industrie-photovoltaique-europeenne\/","og_site_name":"Renouvelle","article_published_time":"2024-03-04T13:06:53+00:00","article_modified_time":"2024-03-04T13:07:01+00:00","og_image":[{"width":2560,"height":1544,"url":"https:\/\/www.renouvelle.be\/wp-content\/uploads\/2024\/03\/pexels-lukas-296234-scaled-e1709297895175.jpg","type":"image\/jpeg"}],"author":"Samuel Alves","twitter_card":"summary_large_image","schema":{"@context":"https:\/\/schema.org","@graph":[{"@type":"Article","@id":"https:\/\/www.renouvelle.be\/fr\/le-solaire-chinois-aveugle-industrie-photovoltaique-europeenne\/#article","isPartOf":{"@id":"https:\/\/www.renouvelle.be\/fr\/le-solaire-chinois-aveugle-industrie-photovoltaique-europeenne\/"},"author":{"name":"Samuel Alves","@id":"https:\/\/www.renouvelle.be\/fr\/#\/schema\/person\/9d743366fb269eeceaa8d60e98d289d3"},"headline":"Le solaire chinois aveugle l\u2019industrie photovolta\u00efque europ\u00e9enne","datePublished":"2024-03-04T13:06:53+00:00","dateModified":"2024-03-04T13:07:01+00:00","mainEntityOfPage":{"@id":"https:\/\/www.renouvelle.be\/fr\/le-solaire-chinois-aveugle-industrie-photovoltaique-europeenne\/"},"wordCount":718,"image":{"@id":"https:\/\/www.renouvelle.be\/fr\/le-solaire-chinois-aveugle-industrie-photovoltaique-europeenne\/#primaryimage"},"thumbnailUrl":"https:\/\/www.renouvelle.be\/wp-content\/uploads\/2024\/03\/pexels-lukas-296234-scaled-e1709297895175.jpg","articleSection":["Actualit\u00e9 internationale"],"inLanguage":"fr-FR"},{"@type":"WebPage","@id":"https:\/\/www.renouvelle.be\/fr\/le-solaire-chinois-aveugle-industrie-photovoltaique-europeenne\/","url":"https:\/\/www.renouvelle.be\/fr\/le-solaire-chinois-aveugle-industrie-photovoltaique-europeenne\/","name":"Le solaire chinois aveugle l\u2019industrie photovolta\u00efque europ\u00e9enne - Renouvelle","isPartOf":{"@id":"https:\/\/www.renouvelle.be\/fr\/#website"},"primaryImageOfPage":{"@id":"https:\/\/www.renouvelle.be\/fr\/le-solaire-chinois-aveugle-industrie-photovoltaique-europeenne\/#primaryimage"},"image":{"@id":"https:\/\/www.renouvelle.be\/fr\/le-solaire-chinois-aveugle-industrie-photovoltaique-europeenne\/#primaryimage"},"thumbnailUrl":"https:\/\/www.renouvelle.be\/wp-content\/uploads\/2024\/03\/pexels-lukas-296234-scaled-e1709297895175.jpg","datePublished":"2024-03-04T13:06:53+00:00","dateModified":"2024-03-04T13:07:01+00:00","author":{"@id":"https:\/\/www.renouvelle.be\/fr\/#\/schema\/person\/9d743366fb269eeceaa8d60e98d289d3"},"description":"Le photovolta\u00efque europ\u00e9en est en d\u00e9clin face \u00e0 la concurrence du solaire chinois. Plusieurs fabricants comptent se d\u00e9localiser.","breadcrumb":{"@id":"https:\/\/www.renouvelle.be\/fr\/le-solaire-chinois-aveugle-industrie-photovoltaique-europeenne\/#breadcrumb"},"inLanguage":"fr-FR","potentialAction":[{"@type":"ReadAction","target":["https:\/\/www.renouvelle.be\/fr\/le-solaire-chinois-aveugle-industrie-photovoltaique-europeenne\/"]}]},{"@type":"ImageObject","inLanguage":"fr-FR","@id":"https:\/\/www.renouvelle.be\/fr\/le-solaire-chinois-aveugle-industrie-photovoltaique-europeenne\/#primaryimage","url":"https:\/\/www.renouvelle.be\/wp-content\/uploads\/2024\/03\/pexels-lukas-296234-scaled-e1709297895175.jpg","contentUrl":"https:\/\/www.renouvelle.be\/wp-content\/uploads\/2024\/03\/pexels-lukas-296234-scaled-e1709297895175.jpg","width":2560,"height":1544,"caption":"solaire chinois photovolta\u00efque Meyer Burger"},{"@type":"BreadcrumbList","@id":"https:\/\/www.renouvelle.be\/fr\/le-solaire-chinois-aveugle-industrie-photovoltaique-europeenne\/#breadcrumb","itemListElement":[{"@type":"ListItem","position":1,"name":"Accueil","item":"https:\/\/www.renouvelle.be\/fr\/"},{"@type":"ListItem","position":2,"name":"Le solaire chinois aveugle l\u2019industrie photovolta\u00efque europ\u00e9enne"}]},{"@type":"WebSite","@id":"https:\/\/www.renouvelle.be\/fr\/#website","url":"https:\/\/www.renouvelle.be\/fr\/","name":"Renouvelle","description":"L&#039;actualit\u00e9 de l&#039;\u00e9nergie durable","potentialAction":[{"@type":"SearchAction","target":{"@type":"EntryPoint","urlTemplate":"https:\/\/www.renouvelle.be\/fr\/?s={search_term_string}"},"query-input":{"@type":"PropertyValueSpecification","valueRequired":true,"valueName":"search_term_string"}}],"inLanguage":"fr-FR"},{"@type":"Person","@id":"https:\/\/www.renouvelle.be\/fr\/#\/schema\/person\/9d743366fb269eeceaa8d60e98d289d3","name":"Samuel Alves","url":"https:\/\/www.renouvelle.be\/fr\/author\/salves\/"}]}},"_links":{"self":[{"href":"https:\/\/www.renouvelle.be\/fr\/wp-json\/wp\/v2\/posts\/12513","targetHints":{"allow":["GET"]}}],"collection":[{"href":"https:\/\/www.renouvelle.be\/fr\/wp-json\/wp\/v2\/posts"}],"about":[{"href":"https:\/\/www.renouvelle.be\/fr\/wp-json\/wp\/v2\/types\/post"}],"author":[{"embeddable":true,"href":"https:\/\/www.renouvelle.be\/fr\/wp-json\/wp\/v2\/users\/38"}],"replies":[{"embeddable":true,"href":"https:\/\/www.renouvelle.be\/fr\/wp-json\/wp\/v2\/comments?post=12513"}],"version-history":[{"count":4,"href":"https:\/\/www.renouvelle.be\/fr\/wp-json\/wp\/v2\/posts\/12513\/revisions"}],"predecessor-version":[{"id":12519,"href":"https:\/\/www.renouvelle.be\/fr\/wp-json\/wp\/v2\/posts\/12513\/revisions\/12519"}],"wp:featuredmedia":[{"embeddable":true,"href":"https:\/\/www.renouvelle.be\/fr\/wp-json\/wp\/v2\/media\/12517"}],"wp:attachment":[{"href":"https:\/\/www.renouvelle.be\/fr\/wp-json\/wp\/v2\/media?parent=12513"}],"wp:term":[{"taxonomy":"category","embeddable":true,"href":"https:\/\/www.renouvelle.be\/fr\/wp-json\/wp\/v2\/categories?post=12513"},{"taxonomy":"post_tag","embeddable":true,"href":"https:\/\/www.renouvelle.be\/fr\/wp-json\/wp\/v2\/tags?post=12513"},{"taxonomy":"section","embeddable":true,"href":"https:\/\/www.renouvelle.be\/fr\/wp-json\/wp\/v2\/section?post=12513"}],"curies":[{"name":"wp","href":"https:\/\/api.w.org\/{rel}","templated":true}]}}