{"id":12471,"date":"2024-02-28T13:57:43","date_gmt":"2024-02-28T12:57:43","guid":{"rendered":"https:\/\/www.renouvelle.be\/?p=12471"},"modified":"2024-02-28T13:57:51","modified_gmt":"2024-02-28T12:57:51","slug":"belgique-2023-record-installations-photovoltaiques","status":"publish","type":"post","link":"https:\/\/www.renouvelle.be\/fr\/belgique-2023-record-installations-photovoltaiques\/","title":{"rendered":"Installations photovolta\u00efques : un record pour la Belgique en 2023"},"content":{"rendered":"\n<p>Repr\u00e9sentant 70% de plus que l\u2019ann\u00e9e pr\u00e9c\u00e9dente, cela porte la fili\u00e8re \u00e0 une puissance cumul\u00e9e de pratiquement 10 GWc.\u00a0\u00a0On peut donc dire que le march\u00e9 s\u2019est bien port\u00e9.<\/p>\n\n\n\n<figure data-wp-context=\"{&quot;imageId&quot;:&quot;69f1ca5c30e55&quot;}\" data-wp-interactive=\"core\/image\" data-wp-key=\"69f1ca5c30e55\" class=\"wp-block-image size-large wp-lightbox-container\"><img loading=\"lazy\" decoding=\"async\" width=\"1024\" height=\"598\" data-wp-class--hide=\"state.isContentHidden\" data-wp-class--show=\"state.isContentVisible\" data-wp-init=\"callbacks.setButtonStyles\" data-wp-on--click=\"actions.showLightbox\" data-wp-on--load=\"callbacks.setButtonStyles\" data-wp-on-window--resize=\"callbacks.setButtonStyles\" src=\"https:\/\/www.renouvelle.be\/wp-content\/uploads\/2024\/02\/StatsSol01-1024x598.png\" alt=\"installations photovolta\u00efques Belgique, donn\u00e9es Energie Commune\" class=\"wp-image-12480\" srcset=\"https:\/\/www.renouvelle.be\/wp-content\/uploads\/2024\/02\/StatsSol01-1024x598.png 1024w, https:\/\/www.renouvelle.be\/wp-content\/uploads\/2024\/02\/StatsSol01-300x175.png 300w, https:\/\/www.renouvelle.be\/wp-content\/uploads\/2024\/02\/StatsSol01-768x449.png 768w, https:\/\/www.renouvelle.be\/wp-content\/uploads\/2024\/02\/StatsSol01.png 1162w\" sizes=\"auto, (max-width: 1024px) 100vw, 1024px\" \/><button\n\t\t\tclass=\"lightbox-trigger\"\n\t\t\ttype=\"button\"\n\t\t\taria-haspopup=\"dialog\"\n\t\t\taria-label=\"Agrandir\"\n\t\t\tdata-wp-init=\"callbacks.initTriggerButton\"\n\t\t\tdata-wp-on--click=\"actions.showLightbox\"\n\t\t\tdata-wp-style--right=\"state.imageButtonRight\"\n\t\t\tdata-wp-style--top=\"state.imageButtonTop\"\n\t\t>\n\t\t\t<svg xmlns=\"http:\/\/www.w3.org\/2000\/svg\" width=\"12\" height=\"12\" fill=\"none\" viewBox=\"0 0 12 12\">\n\t\t\t\t<path fill=\"#fff\" d=\"M2 0a2 2 0 0 0-2 2v2h1.5V2a.5.5 0 0 1 .5-.5h2V0H2Zm2 10.5H2a.5.5 0 0 1-.5-.5V8H0v2a2 2 0 0 0 2 2h2v-1.5ZM8 12v-1.5h2a.5.5 0 0 0 .5-.5V8H12v2a2 2 0 0 1-2 2H8Zm2-12a2 2 0 0 1 2 2v2h-1.5V2a.5.5 0 0 0-.5-.5H8V0h2Z\" \/>\n\t\t\t<\/svg>\n\t\t<\/button><figcaption class=\"wp-element-caption\"><a href=\"https:\/\/energiecommune.be\/statistique\/observatoire-photovoltaique\/\" target=\"_blank\" rel=\"noreferrer noopener\">Voir les statistiques d&rsquo;Energie Commune sur le site<\/a><\/figcaption><\/figure>\n\n\n\n<h2 class=\"wp-block-heading\">La Flandre<\/h2>\n\n\n\n<p>C&rsquo;est principalement dans le nord du pays que l&rsquo;on observe la plus forte croissance des installations photovolta\u00efques, avec 1,4 GWc (\u00e9quivalent \u00e0 la puissance d&rsquo;un des deux r\u00e9acteurs nucl\u00e9aires pr\u00e9vus \u00e0 Flamanvillle). La Flandre continue d&rsquo;investir dans l&rsquo;\u00e9nergie solaire, affichant une croissance spectaculaire de 60% par rapport \u00e0 l&rsquo;ann\u00e9e pr\u00e9c\u00e9dente (809 MWc en 2022), battant ainsi son propre record de 2020 (1,1 GWc).<\/p>\n\n\n\n<figure data-wp-context=\"{&quot;imageId&quot;:&quot;69f1ca5c316bb&quot;}\" data-wp-interactive=\"core\/image\" data-wp-key=\"69f1ca5c316bb\" class=\"wp-block-image size-full wp-lightbox-container\"><img loading=\"lazy\" decoding=\"async\" width=\"908\" height=\"532\" data-wp-class--hide=\"state.isContentHidden\" data-wp-class--show=\"state.isContentVisible\" data-wp-init=\"callbacks.setButtonStyles\" data-wp-on--click=\"actions.showLightbox\" data-wp-on--load=\"callbacks.setButtonStyles\" data-wp-on-window--resize=\"callbacks.setButtonStyles\" src=\"https:\/\/www.renouvelle.be\/wp-content\/uploads\/2024\/02\/StatsSol02.png\" alt=\"installations photovolta\u00efques Flandre, donn\u00e9es Energie Commune\" class=\"wp-image-12483\" srcset=\"https:\/\/www.renouvelle.be\/wp-content\/uploads\/2024\/02\/StatsSol02.png 908w, https:\/\/www.renouvelle.be\/wp-content\/uploads\/2024\/02\/StatsSol02-300x176.png 300w, https:\/\/www.renouvelle.be\/wp-content\/uploads\/2024\/02\/StatsSol02-768x450.png 768w\" sizes=\"auto, (max-width: 908px) 100vw, 908px\" \/><button\n\t\t\tclass=\"lightbox-trigger\"\n\t\t\ttype=\"button\"\n\t\t\taria-haspopup=\"dialog\"\n\t\t\taria-label=\"Agrandir\"\n\t\t\tdata-wp-init=\"callbacks.initTriggerButton\"\n\t\t\tdata-wp-on--click=\"actions.showLightbox\"\n\t\t\tdata-wp-style--right=\"state.imageButtonRight\"\n\t\t\tdata-wp-style--top=\"state.imageButtonTop\"\n\t\t>\n\t\t\t<svg xmlns=\"http:\/\/www.w3.org\/2000\/svg\" width=\"12\" height=\"12\" fill=\"none\" viewBox=\"0 0 12 12\">\n\t\t\t\t<path fill=\"#fff\" d=\"M2 0a2 2 0 0 0-2 2v2h1.5V2a.5.5 0 0 1 .5-.5h2V0H2Zm2 10.5H2a.5.5 0 0 1-.5-.5V8H0v2a2 2 0 0 0 2 2h2v-1.5ZM8 12v-1.5h2a.5.5 0 0 0 .5-.5V8H12v2a2 2 0 0 1-2 2H8Zm2-12a2 2 0 0 1 2 2v2h-1.5V2a.5.5 0 0 0-.5-.5H8V0h2Z\" \/>\n\t\t\t<\/svg>\n\t\t<\/button><figcaption class=\"wp-element-caption\"><a href=\"https:\/\/energiecommune.be\/statistique\/observatoire-photovoltaique\/\" target=\"_blank\" rel=\"noreferrer noopener\">Voir les statistiques d&rsquo;Energie Commune sur le site<\/a><\/figcaption><\/figure>\n\n\n\n<p>En 2023, le secteur r\u00e9sidentiel a jou\u00e9 un r\u00f4le majeur dans les installations solaires photovolta\u00efques en R\u00e9gion flamande, repr\u00e9sentant 65% de la capacit\u00e9 totale install\u00e9e, principalement avec des syst\u00e8mes de moins de 10 kVA. Cette performance peut s\u2019expliquer par plusieurs facteurs\u202f:&nbsp;<\/p>\n\n\n\n<ul class=\"wp-block-list\">\n<li>La persistance de la crise \u00e9nerg\u00e9tique de 2022 jusqu\u2019en 2023.&nbsp;<\/li>\n\n\n\n<li>La fin de la prime \u00e0 l\u2019investissement pour les installations r\u00e9sidentielles \u00e0 partir du 1<sup>er<\/sup> janvier 2024.&nbsp;<\/li>\n\n\n\n<li>La fin de la r\u00e9duction temporaire de la TVA \u00e0 6% pour l\u2019installation de panneaux solaires sur les nouvelles constructions de moins de 10 ans \u00e0 partir du 1<sup>er<\/sup> janvier 2024.&nbsp;<\/li>\n\n\n\n<li>La fin du subside pour les batteries domestiques.&nbsp;&nbsp;<\/li>\n<\/ul>\n\n\n\n<p>De plus, une croissance significative a \u00e9t\u00e9 observ\u00e9e dans les installations de plus de 40 kW, due \u00e0 l&rsquo;augmentation des prix de l&rsquo;\u00e9nergie et \u00e0 l&rsquo;appel de soutien en vigueur en Flandre. Ce m\u00e9canisme a favoris\u00e9 plusieurs centaines de grands projets photovolta\u00efques, avec une augmentation de 180% pour les installations commerciales et industrielles par rapport \u00e0 2022. \u00c0 noter que le gouvernement avait d\u00e9j\u00e0 pr\u00e9vu de mettre fin \u00e0 ces appels de soutien \u00e0 partir de 2024.&nbsp;<\/p>\n\n\n\n<h2 class=\"wp-block-heading\">La Wallonie&nbsp;<\/h2>\n\n\n\n<p>Apr\u00e8s de multiples annonces sur la fin du syst\u00e8me de compensation pour les petites installations (&lt; 10 kW) et une ann\u00e9e difficile en 2022 en termes de factures d&rsquo;\u00e9lectricit\u00e9, les Wallons ont massivement investi en 2023, surpassant ainsi le pr\u00e9c\u00e9dent record de 2012. Avec 426 MWc raccord\u00e9s au r\u00e9seau wallon, soit une augmentation de 76% par rapport \u00e0 l&rsquo;ann\u00e9e pr\u00e9c\u00e9dente (245 MWc), le secteur r\u00e9sidentiel a jou\u00e9 un r\u00f4le pr\u00e9pond\u00e9rant, repr\u00e9sentant 82% de la capacit\u00e9 suppl\u00e9mentaire ajout\u00e9e au r\u00e9seau \u00e9lectrique. Cependant, cette augmentation a commenc\u00e9 \u00e0 poser quelques probl\u00e8mes de d\u00e9crochage sur certaines parties du r\u00e9seau qui n&rsquo;ont pas \u00e9t\u00e9 renforc\u00e9es.&nbsp;<\/p>\n\n\n\n<figure data-wp-context=\"{&quot;imageId&quot;:&quot;69f1ca5c31f98&quot;}\" data-wp-interactive=\"core\/image\" data-wp-key=\"69f1ca5c31f98\" class=\"wp-block-image size-large wp-lightbox-container\"><img loading=\"lazy\" decoding=\"async\" width=\"1024\" height=\"597\" data-wp-class--hide=\"state.isContentHidden\" data-wp-class--show=\"state.isContentVisible\" data-wp-init=\"callbacks.setButtonStyles\" data-wp-on--click=\"actions.showLightbox\" data-wp-on--load=\"callbacks.setButtonStyles\" data-wp-on-window--resize=\"callbacks.setButtonStyles\" src=\"https:\/\/www.renouvelle.be\/wp-content\/uploads\/2024\/02\/StatsSol03-1024x597.png\" alt=\"installations photovolta\u00efques Wallonie, donn\u00e9es Energie Commune\" class=\"wp-image-12486\" srcset=\"https:\/\/www.renouvelle.be\/wp-content\/uploads\/2024\/02\/StatsSol03-1024x597.png 1024w, https:\/\/www.renouvelle.be\/wp-content\/uploads\/2024\/02\/StatsSol03-300x175.png 300w, https:\/\/www.renouvelle.be\/wp-content\/uploads\/2024\/02\/StatsSol03-768x448.png 768w, https:\/\/www.renouvelle.be\/wp-content\/uploads\/2024\/02\/StatsSol03.png 1114w\" sizes=\"auto, (max-width: 1024px) 100vw, 1024px\" \/><button\n\t\t\tclass=\"lightbox-trigger\"\n\t\t\ttype=\"button\"\n\t\t\taria-haspopup=\"dialog\"\n\t\t\taria-label=\"Agrandir\"\n\t\t\tdata-wp-init=\"callbacks.initTriggerButton\"\n\t\t\tdata-wp-on--click=\"actions.showLightbox\"\n\t\t\tdata-wp-style--right=\"state.imageButtonRight\"\n\t\t\tdata-wp-style--top=\"state.imageButtonTop\"\n\t\t>\n\t\t\t<svg xmlns=\"http:\/\/www.w3.org\/2000\/svg\" width=\"12\" height=\"12\" fill=\"none\" viewBox=\"0 0 12 12\">\n\t\t\t\t<path fill=\"#fff\" d=\"M2 0a2 2 0 0 0-2 2v2h1.5V2a.5.5 0 0 1 .5-.5h2V0H2Zm2 10.5H2a.5.5 0 0 1-.5-.5V8H0v2a2 2 0 0 0 2 2h2v-1.5ZM8 12v-1.5h2a.5.5 0 0 0 .5-.5V8H12v2a2 2 0 0 1-2 2H8Zm2-12a2 2 0 0 1 2 2v2h-1.5V2a.5.5 0 0 0-.5-.5H8V0h2Z\" \/>\n\t\t\t<\/svg>\n\t\t<\/button><figcaption class=\"wp-element-caption\"><a href=\"https:\/\/energiecommune.be\/statistique\/observatoire-photovoltaique\/\" target=\"_blank\" rel=\"noreferrer noopener\">Voir les statistiques d&rsquo;Energie Commune sur le site<\/a><\/figcaption><\/figure>\n\n\n\n<h2 class=\"wp-block-heading\">Bruxelles<\/h2>\n\n\n\n<p>En 2023, une augmentation de 11 MWc a \u00e9t\u00e9 enregistr\u00e9e dans les installations existantes, marquant une baisse par rapport aux ann\u00e9es pr\u00e9c\u00e9dentes. Cette diminution est principalement due \u00e0 un ralentissement dans le d\u00e9ploiement des installations de grande taille (&gt;100 kWc).<\/p>\n\n\n\n<figure data-wp-context=\"{&quot;imageId&quot;:&quot;69f1ca5c326cd&quot;}\" data-wp-interactive=\"core\/image\" data-wp-key=\"69f1ca5c326cd\" class=\"wp-block-image size-large wp-lightbox-container\"><img loading=\"lazy\" decoding=\"async\" width=\"1024\" height=\"577\" data-wp-class--hide=\"state.isContentHidden\" data-wp-class--show=\"state.isContentVisible\" data-wp-init=\"callbacks.setButtonStyles\" data-wp-on--click=\"actions.showLightbox\" data-wp-on--load=\"callbacks.setButtonStyles\" data-wp-on-window--resize=\"callbacks.setButtonStyles\" src=\"https:\/\/www.renouvelle.be\/wp-content\/uploads\/2024\/02\/StatsSol04-1024x577.png\" alt=\"installations photovolta\u00efques Bruxelles, donn\u00e9es Energie Commune\" class=\"wp-image-12488\" srcset=\"https:\/\/www.renouvelle.be\/wp-content\/uploads\/2024\/02\/StatsSol04-1024x577.png 1024w, https:\/\/www.renouvelle.be\/wp-content\/uploads\/2024\/02\/StatsSol04-300x169.png 300w, https:\/\/www.renouvelle.be\/wp-content\/uploads\/2024\/02\/StatsSol04-768x433.png 768w, https:\/\/www.renouvelle.be\/wp-content\/uploads\/2024\/02\/StatsSol04.png 1126w\" sizes=\"auto, (max-width: 1024px) 100vw, 1024px\" \/><button\n\t\t\tclass=\"lightbox-trigger\"\n\t\t\ttype=\"button\"\n\t\t\taria-haspopup=\"dialog\"\n\t\t\taria-label=\"Agrandir\"\n\t\t\tdata-wp-init=\"callbacks.initTriggerButton\"\n\t\t\tdata-wp-on--click=\"actions.showLightbox\"\n\t\t\tdata-wp-style--right=\"state.imageButtonRight\"\n\t\t\tdata-wp-style--top=\"state.imageButtonTop\"\n\t\t>\n\t\t\t<svg xmlns=\"http:\/\/www.w3.org\/2000\/svg\" width=\"12\" height=\"12\" fill=\"none\" viewBox=\"0 0 12 12\">\n\t\t\t\t<path fill=\"#fff\" d=\"M2 0a2 2 0 0 0-2 2v2h1.5V2a.5.5 0 0 1 .5-.5h2V0H2Zm2 10.5H2a.5.5 0 0 1-.5-.5V8H0v2a2 2 0 0 0 2 2h2v-1.5ZM8 12v-1.5h2a.5.5 0 0 0 .5-.5V8H12v2a2 2 0 0 1-2 2H8Zm2-12a2 2 0 0 1 2 2v2h-1.5V2a.5.5 0 0 0-.5-.5H8V0h2Z\" \/>\n\t\t\t<\/svg>\n\t\t<\/button><figcaption class=\"wp-element-caption\"><a href=\"https:\/\/energiecommune.be\/statistique\/observatoire-photovoltaique\/\" target=\"_blank\" rel=\"noreferrer noopener\">Voir les statistiques d&rsquo;Energie Commune sur le site<\/a><\/figcaption><\/figure>\n\n\n\n<p>Les grandes installations \u00e0 Bruxelles sont principalement financ\u00e9es par le tiers investissement, un syst\u00e8me qui continue de fonctionner gr\u00e2ce au maintien du syst\u00e8me de certificats verts pour toutes tailles d&rsquo;installations de production d&rsquo;\u00e9lectricit\u00e9 verte. Cependant, la r\u00e9duction du taux d&rsquo;octroi de certificats verts pour cette cat\u00e9gorie d&rsquo;installations en 2023 pourrait expliquer cette baisse. De plus, la stagnation des grandes toitures disponibles pourrait \u00e9galement \u00eatre une raison de la diminution des installations de tr\u00e8s grande taille (&gt; 250 kWc).<\/p>\n\n\n\n<p>Malgr\u00e9 ces d\u00e9fis, l&rsquo;\u00e9nergie solaire photovolta\u00efque demeure la principale source d&rsquo;\u00e9lectricit\u00e9 renouvelable install\u00e9e \u00e0 Bruxelles en 2023, repr\u00e9sentant 72% du total de la capacit\u00e9 \u00e9nerg\u00e9tique renouvelable install\u00e9e.<\/p>\n\n\n\n<h2 class=\"wp-block-heading\">Point commun aux trois R\u00e9gions<\/h2>\n\n\n\n<p>La hausse des prix de l&rsquo;\u00e9nergie et de l&rsquo;\u00e9lectricit\u00e9 a fortement impact\u00e9 la Belgique, comme la plupart des pays europ\u00e9ens, motivant ainsi certains \u00e0 investir dans une installation photovolta\u00efque.<\/p>\n\n\n\n<p>Les trois R\u00e9gions ont b\u00e9n\u00e9fici\u00e9 d&rsquo;une baisse temporaire du taux de TVA \u00e0 6% pour l&rsquo;achat d&rsquo;une installation photovolta\u00efque, install\u00e9e sur des b\u00e2timents r\u00e9sidentiels de moins de 10 ans (les plus anciens b\u00e9n\u00e9ficiant d\u00e9j\u00e0 d&rsquo;un taux permanent \u00e0 6%).<\/p>\n\n\n\n<h2 class=\"wp-block-heading\">Donn\u00e9es incompl\u00e8tes\u202f<\/h2>\n\n\n\n<p>Les donn\u00e9es collect\u00e9es jusqu&rsquo;\u00e0 pr\u00e9sent pour l&rsquo;ann\u00e9e 2023 pourraient ne pas \u00eatre enti\u00e8rement compl\u00e8tes. En effet, le laps de temps entre le raccordement de l&rsquo;installation au r\u00e9seau et la transmission de l&rsquo;information au service de comptabilisation peut \u00eatre de plusieurs mois. \u00c9tant donn\u00e9 que de nombreux installateurs en Wallonie et en Flandre ont travaill\u00e9 jusqu&rsquo;au 31 d\u00e9cembre pour r\u00e9pondre \u00e0 la forte demande du secteur r\u00e9sidentiel, nous estimons qu&rsquo;au minimum 200 MWc pourraient manquer dans les donn\u00e9es finales collect\u00e9es. Ainsi, il est probable que la Belgique ait d\u00e9pass\u00e9 les 10 GWc de puissance install\u00e9e d&rsquo;ici au 31 d\u00e9cembre 2023.<\/p>\n\n\n\n<h2 class=\"wp-block-heading\">Une production record en 2023<\/h2>\n\n\n\n<p>Gr\u00e2ce \u00e0 ces nouvelles installations, l&rsquo;ann\u00e9e 2023 a vu l&rsquo;atteinte de nouveaux records de production solaire. Selon Elia, le mois de juin 2023 est devenu le mois le plus productif en \u00e9lectricit\u00e9 photovolta\u00efque, avec 1 170 GWh produits. La production totale d&rsquo;\u00e9nergie solaire a \u00e9galement fortement augment\u00e9, atteignant 7 193 GWh pour l&rsquo;ann\u00e9e, soit une augmentation de 12,2% par rapport \u00e0 2022. De plus, le 3 juin 2023 est devenu la journ\u00e9e la plus productive en termes d&rsquo;\u00e9nergie solaire de tous les temps en Belgique, avec une production de 48,8 GWh, d\u00e9passant l&rsquo;ancien record de 41 GWh \u00e9tabli le 14 juin 2022.<\/p>\n\n\n\n<p>Cependant, il convient de noter qu&rsquo;Elia, l&rsquo;op\u00e9rateur de transport d&rsquo;\u00e9lectricit\u00e9, a nuanc\u00e9 ces r\u00e9sultats en expliquant qu&rsquo;une m\u00e9thodologie plus compl\u00e8te pour \u00e9valuer la capacit\u00e9 totale install\u00e9e a \u00e9t\u00e9 mise en place depuis mars 2022. Auparavant, une partie des unit\u00e9s \u00e9tait manquante dans leur base de donn\u00e9es, ce qui sous-estimait la capacit\u00e9 install\u00e9e. Cette mise \u00e0 jour explique en partie la forte augmentation des donn\u00e9es observ\u00e9e cette ann\u00e9e.<\/p>\n\n\n\n<figure data-wp-context=\"{&quot;imageId&quot;:&quot;69f1ca5c33099&quot;}\" data-wp-interactive=\"core\/image\" data-wp-key=\"69f1ca5c33099\" class=\"wp-block-image size-large wp-lightbox-container\"><img loading=\"lazy\" decoding=\"async\" width=\"1024\" height=\"347\" data-wp-class--hide=\"state.isContentHidden\" data-wp-class--show=\"state.isContentVisible\" data-wp-init=\"callbacks.setButtonStyles\" data-wp-on--click=\"actions.showLightbox\" data-wp-on--load=\"callbacks.setButtonStyles\" data-wp-on-window--resize=\"callbacks.setButtonStyles\" src=\"https:\/\/www.renouvelle.be\/wp-content\/uploads\/2024\/02\/StatsSol05-1024x347.png\" alt=\"installation photovolta\u00efque Belgique, donn\u00e9es Energie Commune\" class=\"wp-image-12490\" srcset=\"https:\/\/www.renouvelle.be\/wp-content\/uploads\/2024\/02\/StatsSol05-1024x347.png 1024w, https:\/\/www.renouvelle.be\/wp-content\/uploads\/2024\/02\/StatsSol05-300x102.png 300w, https:\/\/www.renouvelle.be\/wp-content\/uploads\/2024\/02\/StatsSol05-768x260.png 768w, https:\/\/www.renouvelle.be\/wp-content\/uploads\/2024\/02\/StatsSol05.png 1098w\" sizes=\"auto, (max-width: 1024px) 100vw, 1024px\" \/><button\n\t\t\tclass=\"lightbox-trigger\"\n\t\t\ttype=\"button\"\n\t\t\taria-haspopup=\"dialog\"\n\t\t\taria-label=\"Agrandir\"\n\t\t\tdata-wp-init=\"callbacks.initTriggerButton\"\n\t\t\tdata-wp-on--click=\"actions.showLightbox\"\n\t\t\tdata-wp-style--right=\"state.imageButtonRight\"\n\t\t\tdata-wp-style--top=\"state.imageButtonTop\"\n\t\t>\n\t\t\t<svg xmlns=\"http:\/\/www.w3.org\/2000\/svg\" width=\"12\" height=\"12\" fill=\"none\" viewBox=\"0 0 12 12\">\n\t\t\t\t<path fill=\"#fff\" d=\"M2 0a2 2 0 0 0-2 2v2h1.5V2a.5.5 0 0 1 .5-.5h2V0H2Zm2 10.5H2a.5.5 0 0 1-.5-.5V8H0v2a2 2 0 0 0 2 2h2v-1.5ZM8 12v-1.5h2a.5.5 0 0 0 .5-.5V8H12v2a2 2 0 0 1-2 2H8Zm2-12a2 2 0 0 1 2 2v2h-1.5V2a.5.5 0 0 0-.5-.5H8V0h2Z\" \/>\n\t\t\t<\/svg>\n\t\t<\/button><\/figure>\n\n\n\n<h2 class=\"wp-block-heading\">Le futur des installations photovolta\u00efques<\/h2>\n\n\n\n<p>En 2023, la Belgique se positionne au 8e rang des pays de l&rsquo;UE pour les installations photovolta\u00efques, d\u00e9passant la Gr\u00e8ce avec 1,4 GWc mais se situant derri\u00e8re l&rsquo;Autriche avec 2,2 GWc. Cependant, chaque R\u00e9gion poursuit ses propres objectifs en mati\u00e8re de d\u00e9veloppement des \u00e9nergies renouvelables.<\/p>\n\n\n\n<p>La Flandre semble \u00eatre sur la bonne voie pour surpasser ses objectifs d&rsquo;ici 2030, tandis que pour la Wallonie, il sera n\u00e9cessaire d&rsquo;installer au moins 460 MWc chaque ann\u00e9e pour atteindre son objectif de 5,6 GWc d&rsquo;ici 2030.<\/p>\n\n\n\n<p>Concernant la R\u00e9gion bruxelloise, elle vise \u00e0 installer 334 MWc d&rsquo;\u00e9nergie solaire d&rsquo;ici 2030 pour r\u00e9pondre \u00e0 ses propres objectifs. Globalement, la Belgique se rapproche de sa nouvelle trajectoire \u00e9tablie dans le Plan National Energie Climat (PNEC) actualis\u00e9 en avril 2023, visant une capacit\u00e9 photovolta\u00efque de 14,8 GWc d&rsquo;ici 2030.<\/p>\n\n\n\n<p>Toutes les statistiques de l&rsquo;Observatoire d&rsquo;<a href=\"https:\/\/energiecommune.be\/\" target=\"_blank\" rel=\"noreferrer noopener\">Energie Commune<\/a> peuvent \u00eatre retrouv\u00e9es <a href=\"https:\/\/energiecommune.be\/statistique\/observatoire-photovoltaique\/\" target=\"_blank\" rel=\"noreferrer noopener\">ici<\/a>.<\/p>\n","protected":false},"excerpt":{"rendered":"<p>Repr\u00e9sentant 70% de plus que l\u2019ann\u00e9e pr\u00e9c\u00e9dente, cela porte la fili\u00e8re \u00e0 une puissance cumul\u00e9e de pratiquement 10 GWc.\u00a0\u00a0On peut donc dire que le march\u00e9 s\u2019est bien port\u00e9. La Flandre C&rsquo;est principalement dans le nord du pays que l&rsquo;on observe la plus forte croissance des installations photovolta\u00efques, avec 1,4 GWc (\u00e9quivalent \u00e0 la puissance d&rsquo;un des deux r\u00e9acteurs nucl\u00e9aires pr\u00e9vus \u00e0 Flamanvillle). La Flandre continue d&rsquo;investir dans l&rsquo;\u00e9nergie solaire, affichant une croissance spectaculaire de 60% par rapport \u00e0 l&rsquo;ann\u00e9e pr\u00e9c\u00e9dente (809 MWc en 2022), battant ainsi son propre record de 2020 (1,1 GWc). En 2023, le secteur r\u00e9sidentiel a jou\u00e9 un r\u00f4le majeur dans les installations solaires photovolta\u00efques en R\u00e9gion flamande, repr\u00e9sentant 65% de la capacit\u00e9 totale install\u00e9e, principalement avec des syst\u00e8mes de moins de 10 kVA. Cette performance peut s\u2019expliquer par plusieurs facteurs\u202f:&nbsp; De plus, une croissance significative a \u00e9t\u00e9 observ\u00e9e dans les installations de plus de 40 kW, due \u00e0 l&rsquo;augmentation des prix de l&rsquo;\u00e9nergie et \u00e0 l&rsquo;appel de soutien en vigueur en Flandre. Ce m\u00e9canisme a favoris\u00e9 plusieurs centaines de grands projets photovolta\u00efques, avec une augmentation de 180% pour les installations commerciales et industrielles par rapport \u00e0 2022. \u00c0 noter que le gouvernement avait d\u00e9j\u00e0 pr\u00e9vu de mettre fin \u00e0 ces appels de soutien \u00e0 partir de 2024.&nbsp; La Wallonie&nbsp; Apr\u00e8s de multiples annonces sur la fin du syst\u00e8me de compensation pour les petites installations (&lt; 10 kW) et une ann\u00e9e difficile en 2022 en termes de factures d&rsquo;\u00e9lectricit\u00e9, les Wallons ont massivement investi en 2023, surpassant ainsi le pr\u00e9c\u00e9dent record de 2012. Avec 426 MWc raccord\u00e9s au r\u00e9seau wallon, soit une augmentation de 76% par rapport \u00e0 l&rsquo;ann\u00e9e pr\u00e9c\u00e9dente (245 MWc), le secteur r\u00e9sidentiel a jou\u00e9 un r\u00f4le pr\u00e9pond\u00e9rant, repr\u00e9sentant 82% de la capacit\u00e9 suppl\u00e9mentaire ajout\u00e9e &hellip; <a href=\"https:\/\/www.renouvelle.be\/fr\/belgique-2023-record-installations-photovoltaiques\/\" class=\"more-link\">Continue reading<span class=\"screen-reader-text\"> \u00ab\u00a0Installations photovolta\u00efques : un record pour la Belgique en 2023\u00a0\u00bb<\/span><\/a><\/p>\n","protected":false},"author":27,"featured_media":12506,"comment_status":"closed","ping_status":"closed","sticky":false,"template":"","format":"standard","meta":{"_acf_changed":false,"footnotes":""},"categories":[22],"tags":[],"section":[13],"class_list":["post-12471","post","type-post","status-publish","format-standard","has-post-thumbnail","hentry","category-statistiques","section-solaire"],"acf":[],"yoast_head":"<!-- This site is optimized with the Yoast SEO plugin v27.5 - https:\/\/yoast.com\/product\/yoast-seo-wordpress\/ -->\n<title>Installations photovolta\u00efques : un record pour la Belgique en 2023 - Renouvelle<\/title>\n<meta name=\"description\" content=\"2023 a \u00e9t\u00e9 une ann\u00e9e record pour les installations photovolta\u00efques avec 1,8 GWc de puissance install\u00e9e soit 70% de plus que l&#039;ann\u00e9e pass\u00e9e.\" \/>\n<meta name=\"robots\" content=\"index, follow, max-snippet:-1, max-image-preview:large, max-video-preview:-1\" \/>\n<link rel=\"canonical\" href=\"https:\/\/www.renouvelle.be\/fr\/belgique-2023-record-installations-photovoltaiques\/\" \/>\n<meta property=\"og:locale\" content=\"fr_FR\" \/>\n<meta property=\"og:type\" content=\"article\" \/>\n<meta property=\"og:title\" content=\"Installations photovolta\u00efques : un record pour la Belgique en 2023 - Renouvelle\" \/>\n<meta property=\"og:description\" content=\"2023 a \u00e9t\u00e9 une ann\u00e9e record pour les installations photovolta\u00efques avec 1,8 GWc de puissance install\u00e9e soit 70% de plus que l&#039;ann\u00e9e pass\u00e9e.\" \/>\n<meta property=\"og:url\" content=\"https:\/\/www.renouvelle.be\/fr\/belgique-2023-record-installations-photovoltaiques\/\" \/>\n<meta property=\"og:site_name\" content=\"Renouvelle\" \/>\n<meta property=\"article:published_time\" content=\"2024-02-28T12:57:43+00:00\" \/>\n<meta property=\"article:modified_time\" content=\"2024-02-28T12:57:51+00:00\" \/>\n<meta property=\"og:image\" content=\"https:\/\/www.renouvelle.be\/wp-content\/uploads\/2024\/02\/pexels-gustavo-fring-4254168-scaled-e1709113916977.jpg\" \/>\n\t<meta property=\"og:image:width\" content=\"2560\" \/>\n\t<meta property=\"og:image:height\" content=\"1544\" \/>\n\t<meta property=\"og:image:type\" content=\"image\/jpeg\" \/>\n<meta name=\"author\" content=\"Jean Frippiat\" \/>\n<meta name=\"twitter:card\" content=\"summary_large_image\" \/>\n<script type=\"application\/ld+json\" class=\"yoast-schema-graph\">{\"@context\":\"https:\\\/\\\/schema.org\",\"@graph\":[{\"@type\":\"Article\",\"@id\":\"https:\\\/\\\/www.renouvelle.be\\\/fr\\\/belgique-2023-record-installations-photovoltaiques\\\/#article\",\"isPartOf\":{\"@id\":\"https:\\\/\\\/www.renouvelle.be\\\/fr\\\/belgique-2023-record-installations-photovoltaiques\\\/\"},\"author\":{\"name\":\"Jean Frippiat\",\"@id\":\"https:\\\/\\\/www.renouvelle.be\\\/fr\\\/#\\\/schema\\\/person\\\/2b8afd89c9b7934d06ad7db3417abc38\"},\"headline\":\"Installations photovolta\u00efques : un record pour la Belgique en 2023\",\"datePublished\":\"2024-02-28T12:57:43+00:00\",\"dateModified\":\"2024-02-28T12:57:51+00:00\",\"mainEntityOfPage\":{\"@id\":\"https:\\\/\\\/www.renouvelle.be\\\/fr\\\/belgique-2023-record-installations-photovoltaiques\\\/\"},\"wordCount\":1163,\"image\":{\"@id\":\"https:\\\/\\\/www.renouvelle.be\\\/fr\\\/belgique-2023-record-installations-photovoltaiques\\\/#primaryimage\"},\"thumbnailUrl\":\"https:\\\/\\\/www.renouvelle.be\\\/wp-content\\\/uploads\\\/2024\\\/02\\\/pexels-gustavo-fring-4254168-scaled-e1709113916977.jpg\",\"articleSection\":[\"Statistiques\"],\"inLanguage\":\"fr-FR\"},{\"@type\":\"WebPage\",\"@id\":\"https:\\\/\\\/www.renouvelle.be\\\/fr\\\/belgique-2023-record-installations-photovoltaiques\\\/\",\"url\":\"https:\\\/\\\/www.renouvelle.be\\\/fr\\\/belgique-2023-record-installations-photovoltaiques\\\/\",\"name\":\"Installations photovolta\u00efques : un record pour la Belgique en 2023 - Renouvelle\",\"isPartOf\":{\"@id\":\"https:\\\/\\\/www.renouvelle.be\\\/fr\\\/#website\"},\"primaryImageOfPage\":{\"@id\":\"https:\\\/\\\/www.renouvelle.be\\\/fr\\\/belgique-2023-record-installations-photovoltaiques\\\/#primaryimage\"},\"image\":{\"@id\":\"https:\\\/\\\/www.renouvelle.be\\\/fr\\\/belgique-2023-record-installations-photovoltaiques\\\/#primaryimage\"},\"thumbnailUrl\":\"https:\\\/\\\/www.renouvelle.be\\\/wp-content\\\/uploads\\\/2024\\\/02\\\/pexels-gustavo-fring-4254168-scaled-e1709113916977.jpg\",\"datePublished\":\"2024-02-28T12:57:43+00:00\",\"dateModified\":\"2024-02-28T12:57:51+00:00\",\"author\":{\"@id\":\"https:\\\/\\\/www.renouvelle.be\\\/fr\\\/#\\\/schema\\\/person\\\/2b8afd89c9b7934d06ad7db3417abc38\"},\"description\":\"2023 a \u00e9t\u00e9 une ann\u00e9e record pour les installations photovolta\u00efques avec 1,8 GWc de puissance install\u00e9e soit 70% de plus que l'ann\u00e9e pass\u00e9e.\",\"breadcrumb\":{\"@id\":\"https:\\\/\\\/www.renouvelle.be\\\/fr\\\/belgique-2023-record-installations-photovoltaiques\\\/#breadcrumb\"},\"inLanguage\":\"fr-FR\",\"potentialAction\":[{\"@type\":\"ReadAction\",\"target\":[\"https:\\\/\\\/www.renouvelle.be\\\/fr\\\/belgique-2023-record-installations-photovoltaiques\\\/\"]}]},{\"@type\":\"ImageObject\",\"inLanguage\":\"fr-FR\",\"@id\":\"https:\\\/\\\/www.renouvelle.be\\\/fr\\\/belgique-2023-record-installations-photovoltaiques\\\/#primaryimage\",\"url\":\"https:\\\/\\\/www.renouvelle.be\\\/wp-content\\\/uploads\\\/2024\\\/02\\\/pexels-gustavo-fring-4254168-scaled-e1709113916977.jpg\",\"contentUrl\":\"https:\\\/\\\/www.renouvelle.be\\\/wp-content\\\/uploads\\\/2024\\\/02\\\/pexels-gustavo-fring-4254168-scaled-e1709113916977.jpg\",\"width\":2560,\"height\":1544,\"caption\":\"installations photovolta\u00efques Belgique\"},{\"@type\":\"BreadcrumbList\",\"@id\":\"https:\\\/\\\/www.renouvelle.be\\\/fr\\\/belgique-2023-record-installations-photovoltaiques\\\/#breadcrumb\",\"itemListElement\":[{\"@type\":\"ListItem\",\"position\":1,\"name\":\"Accueil\",\"item\":\"https:\\\/\\\/www.renouvelle.be\\\/fr\\\/\"},{\"@type\":\"ListItem\",\"position\":2,\"name\":\"Installations photovolta\u00efques : un record pour la Belgique en 2023\"}]},{\"@type\":\"WebSite\",\"@id\":\"https:\\\/\\\/www.renouvelle.be\\\/fr\\\/#website\",\"url\":\"https:\\\/\\\/www.renouvelle.be\\\/fr\\\/\",\"name\":\"Renouvelle\",\"description\":\"L&#039;actualit\u00e9 de l&#039;\u00e9nergie durable\",\"potentialAction\":[{\"@type\":\"SearchAction\",\"target\":{\"@type\":\"EntryPoint\",\"urlTemplate\":\"https:\\\/\\\/www.renouvelle.be\\\/fr\\\/?s={search_term_string}\"},\"query-input\":{\"@type\":\"PropertyValueSpecification\",\"valueRequired\":true,\"valueName\":\"search_term_string\"}}],\"inLanguage\":\"fr-FR\"},{\"@type\":\"Person\",\"@id\":\"https:\\\/\\\/www.renouvelle.be\\\/fr\\\/#\\\/schema\\\/person\\\/2b8afd89c9b7934d06ad7db3417abc38\",\"name\":\"Jean Frippiat\",\"url\":\"https:\\\/\\\/www.renouvelle.be\\\/fr\\\/author\\\/jeanfrippiat\\\/\"}]}<\/script>\n<!-- \/ Yoast SEO plugin. -->","yoast_head_json":{"title":"Installations photovolta\u00efques : un record pour la Belgique en 2023 - Renouvelle","description":"2023 a \u00e9t\u00e9 une ann\u00e9e record pour les installations photovolta\u00efques avec 1,8 GWc de puissance install\u00e9e soit 70% de plus que l'ann\u00e9e pass\u00e9e.","robots":{"index":"index","follow":"follow","max-snippet":"max-snippet:-1","max-image-preview":"max-image-preview:large","max-video-preview":"max-video-preview:-1"},"canonical":"https:\/\/www.renouvelle.be\/fr\/belgique-2023-record-installations-photovoltaiques\/","og_locale":"fr_FR","og_type":"article","og_title":"Installations photovolta\u00efques : un record pour la Belgique en 2023 - Renouvelle","og_description":"2023 a \u00e9t\u00e9 une ann\u00e9e record pour les installations photovolta\u00efques avec 1,8 GWc de puissance install\u00e9e soit 70% de plus que l'ann\u00e9e pass\u00e9e.","og_url":"https:\/\/www.renouvelle.be\/fr\/belgique-2023-record-installations-photovoltaiques\/","og_site_name":"Renouvelle","article_published_time":"2024-02-28T12:57:43+00:00","article_modified_time":"2024-02-28T12:57:51+00:00","og_image":[{"width":2560,"height":1544,"url":"https:\/\/www.renouvelle.be\/wp-content\/uploads\/2024\/02\/pexels-gustavo-fring-4254168-scaled-e1709113916977.jpg","type":"image\/jpeg"}],"author":"Jean Frippiat","twitter_card":"summary_large_image","schema":{"@context":"https:\/\/schema.org","@graph":[{"@type":"Article","@id":"https:\/\/www.renouvelle.be\/fr\/belgique-2023-record-installations-photovoltaiques\/#article","isPartOf":{"@id":"https:\/\/www.renouvelle.be\/fr\/belgique-2023-record-installations-photovoltaiques\/"},"author":{"name":"Jean Frippiat","@id":"https:\/\/www.renouvelle.be\/fr\/#\/schema\/person\/2b8afd89c9b7934d06ad7db3417abc38"},"headline":"Installations photovolta\u00efques : un record pour la Belgique en 2023","datePublished":"2024-02-28T12:57:43+00:00","dateModified":"2024-02-28T12:57:51+00:00","mainEntityOfPage":{"@id":"https:\/\/www.renouvelle.be\/fr\/belgique-2023-record-installations-photovoltaiques\/"},"wordCount":1163,"image":{"@id":"https:\/\/www.renouvelle.be\/fr\/belgique-2023-record-installations-photovoltaiques\/#primaryimage"},"thumbnailUrl":"https:\/\/www.renouvelle.be\/wp-content\/uploads\/2024\/02\/pexels-gustavo-fring-4254168-scaled-e1709113916977.jpg","articleSection":["Statistiques"],"inLanguage":"fr-FR"},{"@type":"WebPage","@id":"https:\/\/www.renouvelle.be\/fr\/belgique-2023-record-installations-photovoltaiques\/","url":"https:\/\/www.renouvelle.be\/fr\/belgique-2023-record-installations-photovoltaiques\/","name":"Installations photovolta\u00efques : un record pour la Belgique en 2023 - Renouvelle","isPartOf":{"@id":"https:\/\/www.renouvelle.be\/fr\/#website"},"primaryImageOfPage":{"@id":"https:\/\/www.renouvelle.be\/fr\/belgique-2023-record-installations-photovoltaiques\/#primaryimage"},"image":{"@id":"https:\/\/www.renouvelle.be\/fr\/belgique-2023-record-installations-photovoltaiques\/#primaryimage"},"thumbnailUrl":"https:\/\/www.renouvelle.be\/wp-content\/uploads\/2024\/02\/pexels-gustavo-fring-4254168-scaled-e1709113916977.jpg","datePublished":"2024-02-28T12:57:43+00:00","dateModified":"2024-02-28T12:57:51+00:00","author":{"@id":"https:\/\/www.renouvelle.be\/fr\/#\/schema\/person\/2b8afd89c9b7934d06ad7db3417abc38"},"description":"2023 a \u00e9t\u00e9 une ann\u00e9e record pour les installations photovolta\u00efques avec 1,8 GWc de puissance install\u00e9e soit 70% de plus que l'ann\u00e9e pass\u00e9e.","breadcrumb":{"@id":"https:\/\/www.renouvelle.be\/fr\/belgique-2023-record-installations-photovoltaiques\/#breadcrumb"},"inLanguage":"fr-FR","potentialAction":[{"@type":"ReadAction","target":["https:\/\/www.renouvelle.be\/fr\/belgique-2023-record-installations-photovoltaiques\/"]}]},{"@type":"ImageObject","inLanguage":"fr-FR","@id":"https:\/\/www.renouvelle.be\/fr\/belgique-2023-record-installations-photovoltaiques\/#primaryimage","url":"https:\/\/www.renouvelle.be\/wp-content\/uploads\/2024\/02\/pexels-gustavo-fring-4254168-scaled-e1709113916977.jpg","contentUrl":"https:\/\/www.renouvelle.be\/wp-content\/uploads\/2024\/02\/pexels-gustavo-fring-4254168-scaled-e1709113916977.jpg","width":2560,"height":1544,"caption":"installations photovolta\u00efques Belgique"},{"@type":"BreadcrumbList","@id":"https:\/\/www.renouvelle.be\/fr\/belgique-2023-record-installations-photovoltaiques\/#breadcrumb","itemListElement":[{"@type":"ListItem","position":1,"name":"Accueil","item":"https:\/\/www.renouvelle.be\/fr\/"},{"@type":"ListItem","position":2,"name":"Installations photovolta\u00efques : un record pour la Belgique en 2023"}]},{"@type":"WebSite","@id":"https:\/\/www.renouvelle.be\/fr\/#website","url":"https:\/\/www.renouvelle.be\/fr\/","name":"Renouvelle","description":"L&#039;actualit\u00e9 de l&#039;\u00e9nergie durable","potentialAction":[{"@type":"SearchAction","target":{"@type":"EntryPoint","urlTemplate":"https:\/\/www.renouvelle.be\/fr\/?s={search_term_string}"},"query-input":{"@type":"PropertyValueSpecification","valueRequired":true,"valueName":"search_term_string"}}],"inLanguage":"fr-FR"},{"@type":"Person","@id":"https:\/\/www.renouvelle.be\/fr\/#\/schema\/person\/2b8afd89c9b7934d06ad7db3417abc38","name":"Jean Frippiat","url":"https:\/\/www.renouvelle.be\/fr\/author\/jeanfrippiat\/"}]}},"_links":{"self":[{"href":"https:\/\/www.renouvelle.be\/fr\/wp-json\/wp\/v2\/posts\/12471","targetHints":{"allow":["GET"]}}],"collection":[{"href":"https:\/\/www.renouvelle.be\/fr\/wp-json\/wp\/v2\/posts"}],"about":[{"href":"https:\/\/www.renouvelle.be\/fr\/wp-json\/wp\/v2\/types\/post"}],"author":[{"embeddable":true,"href":"https:\/\/www.renouvelle.be\/fr\/wp-json\/wp\/v2\/users\/27"}],"replies":[{"embeddable":true,"href":"https:\/\/www.renouvelle.be\/fr\/wp-json\/wp\/v2\/comments?post=12471"}],"version-history":[{"count":17,"href":"https:\/\/www.renouvelle.be\/fr\/wp-json\/wp\/v2\/posts\/12471\/revisions"}],"predecessor-version":[{"id":12509,"href":"https:\/\/www.renouvelle.be\/fr\/wp-json\/wp\/v2\/posts\/12471\/revisions\/12509"}],"wp:featuredmedia":[{"embeddable":true,"href":"https:\/\/www.renouvelle.be\/fr\/wp-json\/wp\/v2\/media\/12506"}],"wp:attachment":[{"href":"https:\/\/www.renouvelle.be\/fr\/wp-json\/wp\/v2\/media?parent=12471"}],"wp:term":[{"taxonomy":"category","embeddable":true,"href":"https:\/\/www.renouvelle.be\/fr\/wp-json\/wp\/v2\/categories?post=12471"},{"taxonomy":"post_tag","embeddable":true,"href":"https:\/\/www.renouvelle.be\/fr\/wp-json\/wp\/v2\/tags?post=12471"},{"taxonomy":"section","embeddable":true,"href":"https:\/\/www.renouvelle.be\/fr\/wp-json\/wp\/v2\/section?post=12471"}],"curies":[{"name":"wp","href":"https:\/\/api.w.org\/{rel}","templated":true}]}}