{"id":12397,"date":"2024-03-07T09:07:49","date_gmt":"2024-03-07T08:07:49","guid":{"rendered":"https:\/\/www.renouvelle.be\/?p=12397"},"modified":"2024-11-29T15:34:45","modified_gmt":"2024-11-29T14:34:45","slug":"fossile-ou-renouvelable-en-afrique-un-dilemme-existentiel","status":"publish","type":"post","link":"https:\/\/www.renouvelle.be\/fr\/fossile-ou-renouvelable-en-afrique-un-dilemme-existentiel\/","title":{"rendered":"Fossile ou renouvelable en Afrique, un dilemme existentiel"},"content":{"rendered":"\n<p>Elle est temp\u00e9r\u00e9e par de graves retards dans les investissements \u00e9trangers. Sans compter la grande tentation de puiser dans les immenses r\u00e9serves d\u2019\u00e9nergie fossile que poss\u00e8de l\u2019Afrique.<\/p>\n\n\n\n<p>Comme d\u00e9montr\u00e9 dans <a href=\"https:\/\/www.renouvelle.be\/fr\/la-transition-energetique-en-afrique-un-enjeu-mondial\/\" target=\"_blank\" rel=\"noreferrer noopener\">la premi\u00e8re partie de notre analyse<\/a>, cette transition \u00e9nerg\u00e9tique en Afrique nous concerne tous. Pour la soutenir, le Secr\u00e9taire g\u00e9n\u00e9ral de l\u2019ONU <a href=\"https:\/\/news.un.org\/fr\/story\/2023\/09\/1138232\" target=\"_blank\" rel=\"noreferrer noopener\">Ant\u00f3nio Guterres&nbsp; estime<\/a> qu\u2019il faut r\u00e9former \u00ab&nbsp;un syst\u00e8me financier mondial d\u00e9pass\u00e9, injuste et dysfonctionnel&nbsp;\u00bb par un changement radical. En moyenne, les pays africains paient quatre fois plus pour emprunter que les \u00c9tats-Unis, et huit fois plus que les pays europ\u00e9ens les plus riches.<\/p>\n\n\n\n<p>Cela signifie garantir un m\u00e9canisme efficace d\u2019all\u00e8gement de la dette qui favorise les suspensions de paiement, des dur\u00e9es de pr\u00eat plus longues et des taux plus bas. Cela signifie aussi recapitaliser et modifier le mod\u00e8le \u00e9conomique des banques multilat\u00e9rales de d\u00e9veloppement afin qu\u2019elles puissent mobiliser massivement des financements priv\u00e9s \u00e0 des taux abordables pour aider les pays en d\u00e9veloppement \u00e0 b\u00e2tir des \u00e9conomies v\u00e9ritablement durables.<\/p>\n\n\n\n<h2 class=\"wp-block-heading\"><strong>Les infrastructures, grandes absentes des projets de transition<\/strong><\/h2>\n\n\n\n<p>Selon la Chambre africaine de l\u2019\u00e9nergie, les promesses des partenaires occidentaux ne suffisent pas pour l\u2019instant \u00e0 assurer la s\u00e9curit\u00e9 \u00e9nerg\u00e9tique du continent. Dans <a href=\"https:\/\/energychamber.org\/perspectives-des-energies-renouvelables-en-afrique-nous-devons-etre-pragmatiques-quant-a-nos-realites-actuelles\/\" target=\"_blank\" rel=\"noreferrer noopener\">un rapport de mai 2023<\/a>, elle affirme que \u00ab&nbsp;<em>les solutions vertes \u00e0 elles seules sont, \u00e0 l\u2019heure actuelle, insuffisantes pour fournir de l\u2019\u00e9nergie aux populations africaines. (\u2026) Les parcs solaires et \u00e9oliens captent l\u2019\u00e9nergie renouvelable (du soleil ou du vent) et la convertissent en \u00e9lectricit\u00e9. Cette \u00e9lectricit\u00e9 doit ensuite \u00eatre transport\u00e9e jusqu\u2019\u00e0 l\u2019endroit o\u00f9 elle sera utilis\u00e9e ou stock\u00e9e. Malheureusement, comme le souligne notre rapport, une grande partie du continent ne dispose pas d\u2019une infrastructure de transport suffisante pour accueillir de mani\u00e8re rentable des installations solaires et \u00e9oliennes \u00e0 grande \u00e9chelle. La mise en place des infrastructures de transport et de stockage n\u00e9cessaires n\u00e9cessitera des capitaux importants.&nbsp;<\/em>\u00bb<\/p>\n\n\n\n<p>La plupart des projets de soutien aux pays du Sud global, financ\u00e9s par des institutions internationales comme la Banque Mondiale ou l\u2019Union Europ\u00e9enne, se concentrent plus sur l\u2019installation de parcs photovolta\u00efques ou \u00e9oliens en oubliant, trop souvent, l\u2019adaptation des infrastructures pour le transport et la distribution de l\u2019\u00e9nergie, l\u00e0 o\u00f9 elle sera consomm\u00e9e.<\/p>\n\n\n\n<p>Face \u00e0 \u00e7a, la tentation de continuer \u00e0 exploiter les \u00e9nergies fossiles est grande. Le continent en est une mine d\u2019or encore non exploit\u00e9e. On estime \u00e0 125&nbsp;milliards de barils (de 159&nbsp;litres chacun) les r\u00e9serves de p\u00e9trole dans le sous-sol africain, presque dix fois plus que dans toute l\u2019Europe et plus qu\u2019en&nbsp;Russie. \u00c0 12&nbsp;900&nbsp;milliards de m\u00b3, les r\u00e9serves de gaz av\u00e9r\u00e9es font quatre fois la taille des r\u00e9serves europ\u00e9ennes. \u00c0 quoi s\u2019ajoutent 15&nbsp;milliards de tonnes de charbon, assez pour couvrir les besoins actuels du continent pendant 70 ans.<\/p>\n\n\n\n<p>Si l\u2019urgence climatique dicte de laisser ces r\u00e9serves dormir dans les sous-sols sans les exploiter, ce n\u2019est pas l\u2019avis de nombreux gouvernements africains qui estiment que l\u2019Afrique est en droit d\u2019appuyer son d\u00e9veloppement sur les fossiles, comme le reste du monde l\u2019a fait par le pass\u00e9. Ainsi, Gabriel Mbaga Obiang Lima, ministre de l\u2019\u00c9nergie de&nbsp;Guin\u00e9e \u00e9quatoriale, d\u00e9clarait lors d\u2019une r\u00e9union des ministres africains de l\u2019\u00e9nergie au Cap&nbsp;: \u00ab&nbsp;<em>Nous commencerons \u00e0 parler de transition quand nous aurons atteint le stade de la s\u00e9curit\u00e9 \u00e9nerg\u00e9tique<\/em> \u00bb. Dans la m\u00eame veine, le pr\u00e9sident s\u00e9n\u00e9galais, Macky Sall, rench\u00e9rissait en mai 2023&nbsp;: <em>\u00ab&nbsp;Il serait injuste d\u2019interdire \u00e0 l\u2019Afrique d\u2019utiliser les ressources naturelles dont elle dispose dans son sous-sol<\/em> \u00bb.<\/p>\n\n\n\n<h2 class=\"wp-block-heading\"><strong>La tentation du fossile en Afrique<\/strong><\/h2>\n\n\n\n<p>Cette tentation du fossile est d\u2019autant plus forte car l\u2019Afrique fait face \u00e0 une urgence sociale. Souleymane Bachir Diagne, philosophe s\u00e9n\u00e9galais professeur de l\u2019Universit\u00e9 de Columbia, met en avant la r\u00e9cession \u00e9conomique suite \u00e0 la crise du Covid et \u00e0 la guerre en Ukraine. Dans ce contexte, il est normal, selon lui, que les pays africains cherchent d\u2019abord \u00e0 rencontrer leurs int\u00e9r\u00eats \u00e0 court terme\u2026 quitte \u00e0 ce que cela passe par l\u2019exploitation de leurs propres ressources fossiles pour faire face \u00e0 la pauvret\u00e9. Ce qui n\u2019emp\u00eache pas, selon lui, une transition vers le renouvelable, l\u00e0 o\u00f9 c\u2019est possible et avec l\u2019implication de la soci\u00e9t\u00e9 civile africaine.<\/p>\n\n\n\n<p>Inutile de pr\u00e9ciser que ces gisements fossiles int\u00e9ressent fortement certains investisseurs voulant exploiter au maximum cette fili\u00e8re l\u00e0 o\u00f9 c\u2019est possible et \u00e0 moindre frais\u2026 Et une fois les centrales au gaz ou au p\u00e9trole construites, les feront perdurer le plus longtemps possible pour en rentabiliser l\u2019investissement.<\/p>\n\n\n\n<p>Face au risque de voir l\u2019Afrique plonger dans l\u2019exploitation massive du fossile, il devient urgent d\u2019acc\u00e9l\u00e9rer les investissements afin de d\u00e9velopper les infrastructures li\u00e9es aux \u00e9nergies renouvelables. Cela doit aussi passer par des prix d\u2019achat de l\u2019\u00e9lectricit\u00e9 produite stables.<\/p>\n\n\n\n<h2 class=\"wp-block-heading\"><strong>Plus d\u2019\u00e9quit\u00e9 et moins de corruption dans la distribution de l\u2019\u00e9nergie<\/strong><\/h2>\n\n\n\n<p>Dans beaucoup de pays africains, les d\u00e9lestages pour maintenir une certaine stabilit\u00e9 du r\u00e9seau se font au d\u00e9triment\u00a0 des personnes les plus pauvres. Ainsi, en Afrique du Sud, si globalement les d\u00e9lestages ont fortement diminu\u00e9 gr\u00e2ce \u00e0 divers programmes de modernisation des centrales existantes, certaines coupures localis\u00e9es ne concernent que les zones pauvres\u00a0: les townships, les villages ruraux et les bidonvilles, selon le chercheur Trevor Ngwane de l&rsquo;universit\u00e9 de Johannesburg, coauteur d&rsquo;une \u00e9tude sur le \u00ab\u00a0racisme \u00e9nerg\u00e9tique.\u00a0\u00bb \u00ab\u00a0<em>Cela signifie que les plus pauvres, issus des classes ouvri\u00e8res, vont souffrir davantage<\/em>.\u00a0\u00bb Selon lui<em>, \u00ab\u00a0l\u2019acc\u00e8s de cette classe sociale aux ressources \u00e9nerg\u00e9tiques est aussi pr\u00e9caire qu\u2019il l\u2019\u00e9tait pendant l\u2019apartheid et ce sont les populations noires les plus pauvres qui en sont les premi\u00e8res victimes<\/em>.\u00bb<\/p>\n\n\n\n<p>D\u2019o\u00f9 l\u2019importance, au-del\u00e0 des aspects techniques, de mettre en place des m\u00e9canismes politiques et juridiques veillant \u00e0 la non-discrimination pour un acc\u00e8s \u00e9quitable \u00e0 l\u2019\u00e9nergie. Cela passe aussi par un renforcement de la lutte contre la corruption. On sait comme ce point est sensible dans certains pays africains, comme au Nig\u00e9ria, o\u00f9 des parlementaires comptent enqu\u00eater sur la transparence des fonds allou\u00e9s aux \u00e9nergies renouvelables, alors que l\u2019acc\u00e8s \u00e0 l\u2019\u00e9lectricit\u00e9 pour les populations les plus vuln\u00e9rables ne s\u2019est pas am\u00e9lior\u00e9. <em>\u00ab\u2009Les inefficacit\u00e9s persistantes dans la production et la fourniture d\u2019\u00e9lectricit\u00e9 contredisent les objectifs de ces investissements substantiels et de ces subventions, qui \u00e9taient destin\u00e9s \u00e0 renforcer le secteur des \u00e9nergies renouvelables au Nigeria\u2009\u00bb<\/em>, explique le pr\u00e9sident de la Commission des \u00e9nergies renouvelables Victor Afam Ogene.\u00a0<\/p>\n\n\n\n<h2 class=\"wp-block-heading\"><strong>Pour une transition \u00e9nerg\u00e9tique solidaire<\/strong><\/h2>\n\n\n\n<p>Le soutien aux \u00e9nergies renouvelables est un outil essentiel pour accomplir la transition \u00e9nerg\u00e9tique partout dans le monde. C\u2019est encore plus vrai pour les pays les plus pauvres, comme ceux situ\u00e9s en Afrique, \u00e0 la fois pour des raisons climatiques mais \u00e9galement pour soutenir des droits essentiels tels que ceux d\u2019acc\u00e8s \u00e0 la sant\u00e9, \u00e0 la s\u00e9curit\u00e9, \u00e0 l\u2019\u00e9ducation\u2026 La bonne nouvelle est que, malgr\u00e9 les divergences des pays participants, la COP 28 de Duba\u00ef s\u2019\u00e9tait conclue par un accord sur la transition vers la sortie des \u00e9nergies fossiles tout en appelant \u00e0 tripler la capacit\u00e9 mondiale d\u2019\u00e9nergie renouvelable. Reste \u00e0 voir si la COP 29 pourra relever le d\u00e9fi de soutenir une transition \u00e9nerg\u00e9tique \u00e9quitable et solidaire. Et si les pays les plus riches respecteront leur promesse de soutenir les pays les plus pauvres.<\/p>\n\n\n\n<p><\/p>\n","protected":false},"excerpt":{"rendered":"<p>Elle est temp\u00e9r\u00e9e par de graves retards dans les investissements \u00e9trangers. Sans compter la grande tentation de puiser dans les immenses r\u00e9serves d\u2019\u00e9nergie fossile que poss\u00e8de l\u2019Afrique. Comme d\u00e9montr\u00e9 dans la premi\u00e8re partie de notre analyse, cette transition \u00e9nerg\u00e9tique en Afrique nous concerne tous. Pour la soutenir, le Secr\u00e9taire g\u00e9n\u00e9ral de l\u2019ONU Ant\u00f3nio Guterres&nbsp; estime qu\u2019il faut r\u00e9former \u00ab&nbsp;un syst\u00e8me financier mondial d\u00e9pass\u00e9, injuste et dysfonctionnel&nbsp;\u00bb par un changement radical. En moyenne, les pays africains paient quatre fois plus pour emprunter que les \u00c9tats-Unis, et huit fois plus que les pays europ\u00e9ens les plus riches. Cela signifie garantir un m\u00e9canisme efficace d\u2019all\u00e8gement de la dette qui favorise les suspensions de paiement, des dur\u00e9es de pr\u00eat plus longues et des taux plus bas. Cela signifie aussi recapitaliser et modifier le mod\u00e8le \u00e9conomique des banques multilat\u00e9rales de d\u00e9veloppement afin qu\u2019elles puissent mobiliser massivement des financements priv\u00e9s \u00e0 des taux abordables pour aider les pays en d\u00e9veloppement \u00e0 b\u00e2tir des \u00e9conomies v\u00e9ritablement durables. Les infrastructures, grandes absentes des projets de transition Selon la Chambre africaine de l\u2019\u00e9nergie, les promesses des partenaires occidentaux ne suffisent pas pour l\u2019instant \u00e0 assurer la s\u00e9curit\u00e9 \u00e9nerg\u00e9tique du continent. Dans un rapport de mai 2023, elle affirme que \u00ab&nbsp;les solutions vertes \u00e0 elles seules sont, \u00e0 l\u2019heure actuelle, insuffisantes pour fournir de l\u2019\u00e9nergie aux populations africaines. (\u2026) Les parcs solaires et \u00e9oliens captent l\u2019\u00e9nergie renouvelable (du soleil ou du vent) et la convertissent en \u00e9lectricit\u00e9. Cette \u00e9lectricit\u00e9 doit ensuite \u00eatre transport\u00e9e jusqu\u2019\u00e0 l\u2019endroit o\u00f9 elle sera utilis\u00e9e ou stock\u00e9e. Malheureusement, comme le souligne notre rapport, une grande partie du continent ne dispose pas d\u2019une infrastructure de transport suffisante pour accueillir de mani\u00e8re rentable des installations solaires et \u00e9oliennes \u00e0 grande \u00e9chelle. La mise en place des infrastructures de &hellip; <a href=\"https:\/\/www.renouvelle.be\/fr\/fossile-ou-renouvelable-en-afrique-un-dilemme-existentiel\/\" class=\"more-link\">Continue reading<span class=\"screen-reader-text\"> \u00ab\u00a0Fossile ou renouvelable en Afrique, un dilemme existentiel\u00a0\u00bb<\/span><\/a><\/p>\n","protected":false},"author":33,"featured_media":12407,"comment_status":"closed","ping_status":"closed","sticky":false,"template":"","format":"standard","meta":{"_acf_changed":false,"footnotes":""},"categories":[63],"tags":[],"section":[8],"class_list":["post-12397","post","type-post","status-publish","format-standard","has-post-thumbnail","hentry","category-analyses","section-energie-renouvelables"],"acf":[],"yoast_head":"<!-- This site is optimized with the Yoast SEO plugin v27.5 - https:\/\/yoast.com\/product\/yoast-seo-wordpress\/ -->\n<title>Fossile ou renouvelable en Afrique, un dilemme existentiel - Renouvelle<\/title>\n<meta name=\"description\" content=\"Le potentiel du renouvelable pour la transition \u00e9nerg\u00e9tique en Afrique est immense mais la tentation du fossile subsiste.\" \/>\n<meta name=\"robots\" content=\"index, follow, max-snippet:-1, max-image-preview:large, max-video-preview:-1\" \/>\n<link rel=\"canonical\" href=\"https:\/\/www.renouvelle.be\/fr\/fossile-ou-renouvelable-en-afrique-un-dilemme-existentiel\/\" \/>\n<meta property=\"og:locale\" content=\"fr_FR\" \/>\n<meta property=\"og:type\" content=\"article\" \/>\n<meta property=\"og:title\" content=\"Fossile ou renouvelable en Afrique, un dilemme existentiel - Renouvelle\" \/>\n<meta property=\"og:description\" content=\"Le potentiel du renouvelable pour la transition \u00e9nerg\u00e9tique en Afrique est immense mais la tentation du fossile subsiste.\" \/>\n<meta property=\"og:url\" content=\"https:\/\/www.renouvelle.be\/fr\/fossile-ou-renouvelable-en-afrique-un-dilemme-existentiel\/\" \/>\n<meta property=\"og:site_name\" content=\"Renouvelle\" \/>\n<meta property=\"article:published_time\" content=\"2024-03-07T08:07:49+00:00\" \/>\n<meta property=\"article:modified_time\" content=\"2024-11-29T14:34:45+00:00\" \/>\n<meta property=\"og:image\" content=\"https:\/\/www.renouvelle.be\/wp-content\/uploads\/2024\/02\/iStock-973284812.jpg\" \/>\n\t<meta property=\"og:image:width\" content=\"2121\" \/>\n\t<meta property=\"og:image:height\" content=\"1414\" \/>\n\t<meta property=\"og:image:type\" content=\"image\/jpeg\" \/>\n<meta name=\"author\" content=\"Roland D&#039;Hoop\" \/>\n<meta name=\"twitter:card\" content=\"summary_large_image\" \/>\n<script type=\"application\/ld+json\" class=\"yoast-schema-graph\">{\"@context\":\"https:\\\/\\\/schema.org\",\"@graph\":[{\"@type\":\"Article\",\"@id\":\"https:\\\/\\\/www.renouvelle.be\\\/fr\\\/fossile-ou-renouvelable-en-afrique-un-dilemme-existentiel\\\/#article\",\"isPartOf\":{\"@id\":\"https:\\\/\\\/www.renouvelle.be\\\/fr\\\/fossile-ou-renouvelable-en-afrique-un-dilemme-existentiel\\\/\"},\"author\":{\"name\":\"Roland D'Hoop\",\"@id\":\"https:\\\/\\\/www.renouvelle.be\\\/fr\\\/#\\\/schema\\\/person\\\/f7915fd49dbf3d7119b794b35aec9fef\"},\"headline\":\"Fossile ou renouvelable en Afrique, un dilemme existentiel\",\"datePublished\":\"2024-03-07T08:07:49+00:00\",\"dateModified\":\"2024-11-29T14:34:45+00:00\",\"mainEntityOfPage\":{\"@id\":\"https:\\\/\\\/www.renouvelle.be\\\/fr\\\/fossile-ou-renouvelable-en-afrique-un-dilemme-existentiel\\\/\"},\"wordCount\":1308,\"image\":{\"@id\":\"https:\\\/\\\/www.renouvelle.be\\\/fr\\\/fossile-ou-renouvelable-en-afrique-un-dilemme-existentiel\\\/#primaryimage\"},\"thumbnailUrl\":\"https:\\\/\\\/www.renouvelle.be\\\/wp-content\\\/uploads\\\/2024\\\/02\\\/iStock-973284812.jpg\",\"articleSection\":[\"Analyses\"],\"inLanguage\":\"fr-FR\"},{\"@type\":\"WebPage\",\"@id\":\"https:\\\/\\\/www.renouvelle.be\\\/fr\\\/fossile-ou-renouvelable-en-afrique-un-dilemme-existentiel\\\/\",\"url\":\"https:\\\/\\\/www.renouvelle.be\\\/fr\\\/fossile-ou-renouvelable-en-afrique-un-dilemme-existentiel\\\/\",\"name\":\"Fossile ou renouvelable en Afrique, un dilemme existentiel - Renouvelle\",\"isPartOf\":{\"@id\":\"https:\\\/\\\/www.renouvelle.be\\\/fr\\\/#website\"},\"primaryImageOfPage\":{\"@id\":\"https:\\\/\\\/www.renouvelle.be\\\/fr\\\/fossile-ou-renouvelable-en-afrique-un-dilemme-existentiel\\\/#primaryimage\"},\"image\":{\"@id\":\"https:\\\/\\\/www.renouvelle.be\\\/fr\\\/fossile-ou-renouvelable-en-afrique-un-dilemme-existentiel\\\/#primaryimage\"},\"thumbnailUrl\":\"https:\\\/\\\/www.renouvelle.be\\\/wp-content\\\/uploads\\\/2024\\\/02\\\/iStock-973284812.jpg\",\"datePublished\":\"2024-03-07T08:07:49+00:00\",\"dateModified\":\"2024-11-29T14:34:45+00:00\",\"author\":{\"@id\":\"https:\\\/\\\/www.renouvelle.be\\\/fr\\\/#\\\/schema\\\/person\\\/f7915fd49dbf3d7119b794b35aec9fef\"},\"description\":\"Le potentiel du renouvelable pour la transition \u00e9nerg\u00e9tique en Afrique est immense mais la tentation du fossile subsiste.\",\"breadcrumb\":{\"@id\":\"https:\\\/\\\/www.renouvelle.be\\\/fr\\\/fossile-ou-renouvelable-en-afrique-un-dilemme-existentiel\\\/#breadcrumb\"},\"inLanguage\":\"fr-FR\",\"potentialAction\":[{\"@type\":\"ReadAction\",\"target\":[\"https:\\\/\\\/www.renouvelle.be\\\/fr\\\/fossile-ou-renouvelable-en-afrique-un-dilemme-existentiel\\\/\"]}]},{\"@type\":\"ImageObject\",\"inLanguage\":\"fr-FR\",\"@id\":\"https:\\\/\\\/www.renouvelle.be\\\/fr\\\/fossile-ou-renouvelable-en-afrique-un-dilemme-existentiel\\\/#primaryimage\",\"url\":\"https:\\\/\\\/www.renouvelle.be\\\/wp-content\\\/uploads\\\/2024\\\/02\\\/iStock-973284812.jpg\",\"contentUrl\":\"https:\\\/\\\/www.renouvelle.be\\\/wp-content\\\/uploads\\\/2024\\\/02\\\/iStock-973284812.jpg\",\"width\":2121,\"height\":1414,\"caption\":\"transition \u00e9nerg\u00e9tique en Afrique\"},{\"@type\":\"BreadcrumbList\",\"@id\":\"https:\\\/\\\/www.renouvelle.be\\\/fr\\\/fossile-ou-renouvelable-en-afrique-un-dilemme-existentiel\\\/#breadcrumb\",\"itemListElement\":[{\"@type\":\"ListItem\",\"position\":1,\"name\":\"Accueil\",\"item\":\"https:\\\/\\\/www.renouvelle.be\\\/fr\\\/\"},{\"@type\":\"ListItem\",\"position\":2,\"name\":\"Fossile ou renouvelable en Afrique, un dilemme existentiel\"}]},{\"@type\":\"WebSite\",\"@id\":\"https:\\\/\\\/www.renouvelle.be\\\/fr\\\/#website\",\"url\":\"https:\\\/\\\/www.renouvelle.be\\\/fr\\\/\",\"name\":\"Renouvelle\",\"description\":\"L&#039;actualit\u00e9 de l&#039;\u00e9nergie durable\",\"potentialAction\":[{\"@type\":\"SearchAction\",\"target\":{\"@type\":\"EntryPoint\",\"urlTemplate\":\"https:\\\/\\\/www.renouvelle.be\\\/fr\\\/?s={search_term_string}\"},\"query-input\":{\"@type\":\"PropertyValueSpecification\",\"valueRequired\":true,\"valueName\":\"search_term_string\"}}],\"inLanguage\":\"fr-FR\"},{\"@type\":\"Person\",\"@id\":\"https:\\\/\\\/www.renouvelle.be\\\/fr\\\/#\\\/schema\\\/person\\\/f7915fd49dbf3d7119b794b35aec9fef\",\"name\":\"Roland D'Hoop\",\"url\":\"https:\\\/\\\/www.renouvelle.be\\\/fr\\\/author\\\/rdhoop\\\/\"}]}<\/script>\n<!-- \/ Yoast SEO plugin. -->","yoast_head_json":{"title":"Fossile ou renouvelable en Afrique, un dilemme existentiel - Renouvelle","description":"Le potentiel du renouvelable pour la transition \u00e9nerg\u00e9tique en Afrique est immense mais la tentation du fossile subsiste.","robots":{"index":"index","follow":"follow","max-snippet":"max-snippet:-1","max-image-preview":"max-image-preview:large","max-video-preview":"max-video-preview:-1"},"canonical":"https:\/\/www.renouvelle.be\/fr\/fossile-ou-renouvelable-en-afrique-un-dilemme-existentiel\/","og_locale":"fr_FR","og_type":"article","og_title":"Fossile ou renouvelable en Afrique, un dilemme existentiel - Renouvelle","og_description":"Le potentiel du renouvelable pour la transition \u00e9nerg\u00e9tique en Afrique est immense mais la tentation du fossile subsiste.","og_url":"https:\/\/www.renouvelle.be\/fr\/fossile-ou-renouvelable-en-afrique-un-dilemme-existentiel\/","og_site_name":"Renouvelle","article_published_time":"2024-03-07T08:07:49+00:00","article_modified_time":"2024-11-29T14:34:45+00:00","og_image":[{"width":2121,"height":1414,"url":"https:\/\/www.renouvelle.be\/wp-content\/uploads\/2024\/02\/iStock-973284812.jpg","type":"image\/jpeg"}],"author":"Roland D'Hoop","twitter_card":"summary_large_image","schema":{"@context":"https:\/\/schema.org","@graph":[{"@type":"Article","@id":"https:\/\/www.renouvelle.be\/fr\/fossile-ou-renouvelable-en-afrique-un-dilemme-existentiel\/#article","isPartOf":{"@id":"https:\/\/www.renouvelle.be\/fr\/fossile-ou-renouvelable-en-afrique-un-dilemme-existentiel\/"},"author":{"name":"Roland D'Hoop","@id":"https:\/\/www.renouvelle.be\/fr\/#\/schema\/person\/f7915fd49dbf3d7119b794b35aec9fef"},"headline":"Fossile ou renouvelable en Afrique, un dilemme existentiel","datePublished":"2024-03-07T08:07:49+00:00","dateModified":"2024-11-29T14:34:45+00:00","mainEntityOfPage":{"@id":"https:\/\/www.renouvelle.be\/fr\/fossile-ou-renouvelable-en-afrique-un-dilemme-existentiel\/"},"wordCount":1308,"image":{"@id":"https:\/\/www.renouvelle.be\/fr\/fossile-ou-renouvelable-en-afrique-un-dilemme-existentiel\/#primaryimage"},"thumbnailUrl":"https:\/\/www.renouvelle.be\/wp-content\/uploads\/2024\/02\/iStock-973284812.jpg","articleSection":["Analyses"],"inLanguage":"fr-FR"},{"@type":"WebPage","@id":"https:\/\/www.renouvelle.be\/fr\/fossile-ou-renouvelable-en-afrique-un-dilemme-existentiel\/","url":"https:\/\/www.renouvelle.be\/fr\/fossile-ou-renouvelable-en-afrique-un-dilemme-existentiel\/","name":"Fossile ou renouvelable en Afrique, un dilemme existentiel - Renouvelle","isPartOf":{"@id":"https:\/\/www.renouvelle.be\/fr\/#website"},"primaryImageOfPage":{"@id":"https:\/\/www.renouvelle.be\/fr\/fossile-ou-renouvelable-en-afrique-un-dilemme-existentiel\/#primaryimage"},"image":{"@id":"https:\/\/www.renouvelle.be\/fr\/fossile-ou-renouvelable-en-afrique-un-dilemme-existentiel\/#primaryimage"},"thumbnailUrl":"https:\/\/www.renouvelle.be\/wp-content\/uploads\/2024\/02\/iStock-973284812.jpg","datePublished":"2024-03-07T08:07:49+00:00","dateModified":"2024-11-29T14:34:45+00:00","author":{"@id":"https:\/\/www.renouvelle.be\/fr\/#\/schema\/person\/f7915fd49dbf3d7119b794b35aec9fef"},"description":"Le potentiel du renouvelable pour la transition \u00e9nerg\u00e9tique en Afrique est immense mais la tentation du fossile subsiste.","breadcrumb":{"@id":"https:\/\/www.renouvelle.be\/fr\/fossile-ou-renouvelable-en-afrique-un-dilemme-existentiel\/#breadcrumb"},"inLanguage":"fr-FR","potentialAction":[{"@type":"ReadAction","target":["https:\/\/www.renouvelle.be\/fr\/fossile-ou-renouvelable-en-afrique-un-dilemme-existentiel\/"]}]},{"@type":"ImageObject","inLanguage":"fr-FR","@id":"https:\/\/www.renouvelle.be\/fr\/fossile-ou-renouvelable-en-afrique-un-dilemme-existentiel\/#primaryimage","url":"https:\/\/www.renouvelle.be\/wp-content\/uploads\/2024\/02\/iStock-973284812.jpg","contentUrl":"https:\/\/www.renouvelle.be\/wp-content\/uploads\/2024\/02\/iStock-973284812.jpg","width":2121,"height":1414,"caption":"transition \u00e9nerg\u00e9tique en Afrique"},{"@type":"BreadcrumbList","@id":"https:\/\/www.renouvelle.be\/fr\/fossile-ou-renouvelable-en-afrique-un-dilemme-existentiel\/#breadcrumb","itemListElement":[{"@type":"ListItem","position":1,"name":"Accueil","item":"https:\/\/www.renouvelle.be\/fr\/"},{"@type":"ListItem","position":2,"name":"Fossile ou renouvelable en Afrique, un dilemme existentiel"}]},{"@type":"WebSite","@id":"https:\/\/www.renouvelle.be\/fr\/#website","url":"https:\/\/www.renouvelle.be\/fr\/","name":"Renouvelle","description":"L&#039;actualit\u00e9 de l&#039;\u00e9nergie durable","potentialAction":[{"@type":"SearchAction","target":{"@type":"EntryPoint","urlTemplate":"https:\/\/www.renouvelle.be\/fr\/?s={search_term_string}"},"query-input":{"@type":"PropertyValueSpecification","valueRequired":true,"valueName":"search_term_string"}}],"inLanguage":"fr-FR"},{"@type":"Person","@id":"https:\/\/www.renouvelle.be\/fr\/#\/schema\/person\/f7915fd49dbf3d7119b794b35aec9fef","name":"Roland D'Hoop","url":"https:\/\/www.renouvelle.be\/fr\/author\/rdhoop\/"}]}},"_links":{"self":[{"href":"https:\/\/www.renouvelle.be\/fr\/wp-json\/wp\/v2\/posts\/12397","targetHints":{"allow":["GET"]}}],"collection":[{"href":"https:\/\/www.renouvelle.be\/fr\/wp-json\/wp\/v2\/posts"}],"about":[{"href":"https:\/\/www.renouvelle.be\/fr\/wp-json\/wp\/v2\/types\/post"}],"author":[{"embeddable":true,"href":"https:\/\/www.renouvelle.be\/fr\/wp-json\/wp\/v2\/users\/33"}],"replies":[{"embeddable":true,"href":"https:\/\/www.renouvelle.be\/fr\/wp-json\/wp\/v2\/comments?post=12397"}],"version-history":[{"count":18,"href":"https:\/\/www.renouvelle.be\/fr\/wp-json\/wp\/v2\/posts\/12397\/revisions"}],"predecessor-version":[{"id":14371,"href":"https:\/\/www.renouvelle.be\/fr\/wp-json\/wp\/v2\/posts\/12397\/revisions\/14371"}],"wp:featuredmedia":[{"embeddable":true,"href":"https:\/\/www.renouvelle.be\/fr\/wp-json\/wp\/v2\/media\/12407"}],"wp:attachment":[{"href":"https:\/\/www.renouvelle.be\/fr\/wp-json\/wp\/v2\/media?parent=12397"}],"wp:term":[{"taxonomy":"category","embeddable":true,"href":"https:\/\/www.renouvelle.be\/fr\/wp-json\/wp\/v2\/categories?post=12397"},{"taxonomy":"post_tag","embeddable":true,"href":"https:\/\/www.renouvelle.be\/fr\/wp-json\/wp\/v2\/tags?post=12397"},{"taxonomy":"section","embeddable":true,"href":"https:\/\/www.renouvelle.be\/fr\/wp-json\/wp\/v2\/section?post=12397"}],"curies":[{"name":"wp","href":"https:\/\/api.w.org\/{rel}","templated":true}]}}