{"id":12188,"date":"2024-02-13T10:06:10","date_gmt":"2024-02-13T09:06:10","guid":{"rendered":"https:\/\/www.renouvelle.be\/?p=12188"},"modified":"2024-02-13T10:14:34","modified_gmt":"2024-02-13T09:14:34","slug":"record-2023-27-electricite-solaire-eolien-ue","status":"publish","type":"post","link":"https:\/\/www.renouvelle.be\/fr\/record-2023-27-electricite-solaire-eolien-ue\/","title":{"rendered":"Record : 27% de l&rsquo;\u00e9lectricit\u00e9 de l&rsquo;UE issue du solaire et de l&rsquo;\u00e9olien"},"content":{"rendered":"\n<p>Avec ses 44%, la part des \u00e9nergies renouvelables d\u00e9passe la barre des 40% pour la premi\u00e8re fois.<br>Un record de 27% d&rsquo;\u00e9lectricit\u00e9 \u00e9tait issue du solaire et de l\u2019\u00e9olien dans l&rsquo;UE. Ce dernier, avec 55 TWh g\u00e9n\u00e9r\u00e9s, a m\u00eame d\u00e9pass\u00e9 la production gazi\u00e8re.<\/p>\n\n\n\n<p>Se d\u00e9sengageant plus rapidement des \u00e9nergies fossiles, les productions europ\u00e9ennes d\u2019\u00e9lectricit\u00e9 au charbon et au gaz ont connu des diminutions respectives de 26% et 15%.&nbsp; Des baisses importantes qui ont contribu\u00e9 \u00e0 une diminution record de 19% de la production fossile ainsi que des \u00e9missions associ\u00e9es.<\/p>\n\n\n\n<figure data-wp-context=\"{&quot;imageId&quot;:&quot;69f421cb470eb&quot;}\" data-wp-interactive=\"core\/image\" data-wp-key=\"69f421cb470eb\" class=\"wp-block-image size-large wp-lightbox-container\"><img loading=\"lazy\" decoding=\"async\" width=\"1024\" height=\"285\" data-wp-class--hide=\"state.isContentHidden\" data-wp-class--show=\"state.isContentVisible\" data-wp-init=\"callbacks.setButtonStyles\" data-wp-on--click=\"actions.showLightbox\" data-wp-on--load=\"callbacks.setButtonStyles\" data-wp-on-window--resize=\"callbacks.setButtonStyles\" src=\"https:\/\/www.renouvelle.be\/wp-content\/uploads\/2024\/02\/EMBER-Graph01-1024x285.png\" alt=\"record \u00e9olien solaire\" class=\"wp-image-12206\" srcset=\"https:\/\/www.renouvelle.be\/wp-content\/uploads\/2024\/02\/EMBER-Graph01-1024x285.png 1024w, https:\/\/www.renouvelle.be\/wp-content\/uploads\/2024\/02\/EMBER-Graph01-300x83.png 300w, https:\/\/www.renouvelle.be\/wp-content\/uploads\/2024\/02\/EMBER-Graph01-768x214.png 768w, https:\/\/www.renouvelle.be\/wp-content\/uploads\/2024\/02\/EMBER-Graph01-1536x427.png 1536w, https:\/\/www.renouvelle.be\/wp-content\/uploads\/2024\/02\/EMBER-Graph01-2048x570.png 2048w, https:\/\/www.renouvelle.be\/wp-content\/uploads\/2024\/02\/EMBER-Graph01-1200x334.png 1200w\" sizes=\"auto, (max-width: 1024px) 100vw, 1024px\" \/><button\n\t\t\tclass=\"lightbox-trigger\"\n\t\t\ttype=\"button\"\n\t\t\taria-haspopup=\"dialog\"\n\t\t\taria-label=\"Agrandir\"\n\t\t\tdata-wp-init=\"callbacks.initTriggerButton\"\n\t\t\tdata-wp-on--click=\"actions.showLightbox\"\n\t\t\tdata-wp-style--right=\"state.imageButtonRight\"\n\t\t\tdata-wp-style--top=\"state.imageButtonTop\"\n\t\t>\n\t\t\t<svg xmlns=\"http:\/\/www.w3.org\/2000\/svg\" width=\"12\" height=\"12\" fill=\"none\" viewBox=\"0 0 12 12\">\n\t\t\t\t<path fill=\"#fff\" d=\"M2 0a2 2 0 0 0-2 2v2h1.5V2a.5.5 0 0 1 .5-.5h2V0H2Zm2 10.5H2a.5.5 0 0 1-.5-.5V8H0v2a2 2 0 0 0 2 2h2v-1.5ZM8 12v-1.5h2a.5.5 0 0 0 .5-.5V8H12v2a2 2 0 0 1-2 2H8Zm2-12a2 2 0 0 1 2 2v2h-1.5V2a.5.5 0 0 0-.5-.5H8V0h2Z\" \/>\n\t\t\t<\/svg>\n\t\t<\/button><\/figure>\n\n\n\n<p>Plus des deux tiers de la production \u00e9lectrique de l\u2019UE \u00e9tait principalement issue des \u00e9nergies renouvelables, soit le double de celle produite par les \u00e9nergies fossiles. En 2023, ce sont 24% d\u2019heures dont moins d\u2019un quart provenait des combustibles fossiles, loin devant les 4% de 2022.<\/p>\n\n\n\n<p>Autant d\u2019indicateurs positifs qui engagent l\u2019UE \u00e0 poursuivre sa transition \u00e9nerg\u00e9tique du fossile au renouvelable o\u00f9 l\u2019\u00e9olien et le solaire seront les principaux acteurs.<\/p>\n\n\n\n<h2 class=\"wp-block-heading\"><strong>Quand les fossiles prennent poussi\u00e8re<\/strong><\/h2>\n\n\n\n<p>Et oui, l\u2019analyse d\u00e9voile qu\u2019un bon coup de balais est pass\u00e9 sur les \u00e9nergies fossiles avec une chute historique de 19% de leur production (-209 TWh). Celle au charbon n\u2019a compt\u00e9 que pour 12% du mix \u00e9nerg\u00e9tique comptabilisant une baisse de 26% en 2023. Il s\u2019agit d\u2019une division par deux, par rapport \u00e0 2016 (327 TWh), dont l\u2019origine a \u00e9t\u00e9 une sollicitation plus importante aux \u00e9nergies renouvelables (+354 TWh).<\/p>\n\n\n\n<p>Mais quid de la production au gaz&nbsp;? On aurait pu imaginer une augmentation de celle-ci mais c\u2019est l\u2019inverse qui a eu lieu avec une baisse, sans pr\u00e9c\u00e9dent, de 15% par rapport \u00e0 1990.<\/p>\n\n\n\n<p>Ces d\u00e9croissances du fossile annoncent sa mise au placard prochaine pour faire place \u00e0 des alternatives plus durables&nbsp;: le solaire et l\u2019\u00e9olien.<\/p>\n\n\n\n<h2 class=\"wp-block-heading\"><strong>Des chutes d\u2019\u00e9missions associ\u00e9es \u00e9lectrisantes<\/strong><\/h2>\n\n\n\n<p>Avec l\u2019\u00e9quivalence d\u2019au moins 157 millions de tonnes CO<sub>2<\/sub>, l\u2019UE a vu ses \u00e9missions \u00e9lectriques associ\u00e9es baisser de 19% contre 13% en 2020.<\/p>\n\n\n\n<p>Depuis le pic de production \u00e9lectrique de 2007, elles ont presque r\u00e9duit de moiti\u00e9 (-46%). <a href=\"https:\/\/www.renouvelle.be\/fr\/diminution-co2-impact-energies-renouvelables-mix-electrique-belge\/\" target=\"_blank\" rel=\"noreferrer noopener\">Sans surprise, la progression du solaire et de l\u2019\u00e9olien y a, \u00e9videmment, contribu\u00e9<\/a> mais il serait mal honn\u00eate de ne pas prendre en compte la diminution globale de demande en \u00e9lectricit\u00e9 \u00e9galement. L\u2019ann\u00e9e pass\u00e9e, celle-ci a \u00e9t\u00e9 inf\u00e9rieure de 6,4% par rapport \u00e0 2021.<\/p>\n\n\n\n<h2 class=\"wp-block-heading\"><strong>L\u2019\u00e9olien et le solaire <\/strong>en t\u00eate de course<\/h2>\n\n\n\n<p>Le fossile, bient\u00f4t lanterne rouge\u00a0de la course \u00e0 la production \u00e9nerg\u00e9tique ? Il se pourrait bien que oui et heureusement. En 2023, la production \u00e9lectrique \u00e9olienne est pass\u00e9e en t\u00eate avec une croissance de 13%, d\u00e9passant celle au gaz. Une augmentation \u00e9quivalente \u00e0 475 TWh. La puissance \u00e9olienne install\u00e9e, quant \u00e0 elle, \u00e9tait de 17 GW en 2023 contre 16 GW en 2022.<\/p>\n\n\n\n<p>Plus d\u2019un quart de l\u2019\u00e9lectricit\u00e9 de l\u2019UE a \u00e9t\u00e9 produite par le travail en \u00e9quipe du solaire et de l\u2019\u00e9olien pour r\u00e9aliser un v\u00e9ritable record. Leurs efforts combin\u00e9s ont eu comme r\u00e9sultat une augmentation de 27% de leur production (90TWh) avec une capacit\u00e9 install\u00e9e revue elle aussi \u00e0 la hausse de 73 GW.<\/p>\n\n\n\n<p>La capacit\u00e9 solaire est loin d\u2019\u00eatre en reste avec un bond de 56 GW soit 37%. En 2022 cette capacit\u00e9 \u00e9tait de 41 GW.<\/p>\n\n\n\n<figure data-wp-context=\"{&quot;imageId&quot;:&quot;69f421cb47c42&quot;}\" data-wp-interactive=\"core\/image\" data-wp-key=\"69f421cb47c42\" class=\"wp-block-image size-large wp-lightbox-container\"><img loading=\"lazy\" decoding=\"async\" width=\"1024\" height=\"301\" data-wp-class--hide=\"state.isContentHidden\" data-wp-class--show=\"state.isContentVisible\" data-wp-init=\"callbacks.setButtonStyles\" data-wp-on--click=\"actions.showLightbox\" data-wp-on--load=\"callbacks.setButtonStyles\" data-wp-on-window--resize=\"callbacks.setButtonStyles\" src=\"https:\/\/www.renouvelle.be\/wp-content\/uploads\/2024\/02\/EMBER-Graph02-1024x301.png\" alt=\"record \u00e9olien solaire UE\" class=\"wp-image-12212\" srcset=\"https:\/\/www.renouvelle.be\/wp-content\/uploads\/2024\/02\/EMBER-Graph02-1024x301.png 1024w, https:\/\/www.renouvelle.be\/wp-content\/uploads\/2024\/02\/EMBER-Graph02-300x88.png 300w, https:\/\/www.renouvelle.be\/wp-content\/uploads\/2024\/02\/EMBER-Graph02-768x225.png 768w, https:\/\/www.renouvelle.be\/wp-content\/uploads\/2024\/02\/EMBER-Graph02-1536x451.png 1536w, https:\/\/www.renouvelle.be\/wp-content\/uploads\/2024\/02\/EMBER-Graph02-2048x601.png 2048w, https:\/\/www.renouvelle.be\/wp-content\/uploads\/2024\/02\/EMBER-Graph02-1200x352.png 1200w\" sizes=\"auto, (max-width: 1024px) 100vw, 1024px\" \/><button\n\t\t\tclass=\"lightbox-trigger\"\n\t\t\ttype=\"button\"\n\t\t\taria-haspopup=\"dialog\"\n\t\t\taria-label=\"Agrandir\"\n\t\t\tdata-wp-init=\"callbacks.initTriggerButton\"\n\t\t\tdata-wp-on--click=\"actions.showLightbox\"\n\t\t\tdata-wp-style--right=\"state.imageButtonRight\"\n\t\t\tdata-wp-style--top=\"state.imageButtonTop\"\n\t\t>\n\t\t\t<svg xmlns=\"http:\/\/www.w3.org\/2000\/svg\" width=\"12\" height=\"12\" fill=\"none\" viewBox=\"0 0 12 12\">\n\t\t\t\t<path fill=\"#fff\" d=\"M2 0a2 2 0 0 0-2 2v2h1.5V2a.5.5 0 0 1 .5-.5h2V0H2Zm2 10.5H2a.5.5 0 0 1-.5-.5V8H0v2a2 2 0 0 0 2 2h2v-1.5ZM8 12v-1.5h2a.5.5 0 0 0 .5-.5V8H12v2a2 2 0 0 1-2 2H8Zm2-12a2 2 0 0 1 2 2v2h-1.5V2a.5.5 0 0 0-.5-.5H8V0h2Z\" \/>\n\t\t\t<\/svg>\n\t\t<\/button><\/figure>\n\n\n\n<p>Malgr\u00e9 des variations minimes, ces deux \u00e9nergies ont connu une stabilit\u00e9 tout au long de l\u2019ann\u00e9e comme le d\u00e9montre <a href=\"https:\/\/ember-climate.org\/insights\/research\/european-electricity-review-2024\/\" target=\"_blank\" rel=\"noreferrer noopener\">le rapport d&rsquo;EMBER<\/a>. Un constat qui vient contredire l\u2019affirmation exag\u00e9r\u00e9e selon laquelle elles n\u00e9cessiteraient un stockage saisonnier \u00e9tant donn\u00e9 qu\u2019elles ont pu fournir de l\u2019\u00e9lectricit\u00e9 de fa\u00e7on fiable malgr\u00e9 les changements m\u00e9t\u00e9orologiques.<\/p>\n\n\n\n<p>Bien qu\u2019il faille continuer \u00e0 d\u00e9velopper, encore plus, la production d\u2019\u00e9nergie renouvelable pour atteindre les objectifs europ\u00e9ens d\u2019ici 2030, toutes ces bonnes nouvelles montrent que <a href=\"https:\/\/www.renouvelle.be\/fr\/2023-capacite-renouvelable-progresse-dans-le-monde\/\" target=\"_blank\" rel=\"noreferrer noopener\">nous sommes sur la bonne voie.<\/a><\/p>\n","protected":false},"excerpt":{"rendered":"<p>Avec ses 44%, la part des \u00e9nergies renouvelables d\u00e9passe la barre des 40% pour la premi\u00e8re fois.Un record de 27% d&rsquo;\u00e9lectricit\u00e9 \u00e9tait issue du solaire et de l\u2019\u00e9olien dans l&rsquo;UE. Ce dernier, avec 55 TWh g\u00e9n\u00e9r\u00e9s, a m\u00eame d\u00e9pass\u00e9 la production gazi\u00e8re. Se d\u00e9sengageant plus rapidement des \u00e9nergies fossiles, les productions europ\u00e9ennes d\u2019\u00e9lectricit\u00e9 au charbon et au gaz ont connu des diminutions respectives de 26% et 15%.&nbsp; Des baisses importantes qui ont contribu\u00e9 \u00e0 une diminution record de 19% de la production fossile ainsi que des \u00e9missions associ\u00e9es. Plus des deux tiers de la production \u00e9lectrique de l\u2019UE \u00e9tait principalement issue des \u00e9nergies renouvelables, soit le double de celle produite par les \u00e9nergies fossiles. En 2023, ce sont 24% d\u2019heures dont moins d\u2019un quart provenait des combustibles fossiles, loin devant les 4% de 2022. Autant d\u2019indicateurs positifs qui engagent l\u2019UE \u00e0 poursuivre sa transition \u00e9nerg\u00e9tique du fossile au renouvelable o\u00f9 l\u2019\u00e9olien et le solaire seront les principaux acteurs. Quand les fossiles prennent poussi\u00e8re Et oui, l\u2019analyse d\u00e9voile qu\u2019un bon coup de balais est pass\u00e9 sur les \u00e9nergies fossiles avec une chute historique de 19% de leur production (-209 TWh). Celle au charbon n\u2019a compt\u00e9 que pour 12% du mix \u00e9nerg\u00e9tique comptabilisant une baisse de 26% en 2023. Il s\u2019agit d\u2019une division par deux, par rapport \u00e0 2016 (327 TWh), dont l\u2019origine a \u00e9t\u00e9 une sollicitation plus importante aux \u00e9nergies renouvelables (+354 TWh). Mais quid de la production au gaz&nbsp;? On aurait pu imaginer une augmentation de celle-ci mais c\u2019est l\u2019inverse qui a eu lieu avec une baisse, sans pr\u00e9c\u00e9dent, de 15% par rapport \u00e0 1990. Ces d\u00e9croissances du fossile annoncent sa mise au placard prochaine pour faire place \u00e0 des alternatives plus durables&nbsp;: le solaire et l\u2019\u00e9olien. Des chutes d\u2019\u00e9missions &hellip; <a href=\"https:\/\/www.renouvelle.be\/fr\/record-2023-27-electricite-solaire-eolien-ue\/\" class=\"more-link\">Continue reading<span class=\"screen-reader-text\"> \u00ab\u00a0Record : 27% de l&rsquo;\u00e9lectricit\u00e9 de l&rsquo;UE issue du solaire et de l&rsquo;\u00e9olien\u00a0\u00bb<\/span><\/a><\/p>\n","protected":false},"author":38,"featured_media":12193,"comment_status":"closed","ping_status":"closed","sticky":false,"template":"","format":"standard","meta":{"_acf_changed":false,"footnotes":""},"categories":[18],"tags":[],"section":[8],"class_list":["post-12188","post","type-post","status-publish","format-standard","has-post-thumbnail","hentry","category-actualite-internationale","section-energie-renouvelables"],"acf":[],"yoast_head":"<!-- This site is optimized with the Yoast SEO plugin v27.5 - https:\/\/yoast.com\/product\/yoast-seo-wordpress\/ -->\n<title>Record : 27% de l&#039;\u00e9lectricit\u00e9 de l&#039;UE issue du solaire et de l&#039;\u00e9olien - Renouvelle<\/title>\n<meta name=\"description\" content=\"Pour l&#039;UE, c&#039;est un v\u00e9ritable record pour l&#039;\u00e9olien et le solaire qui a \u00e9t\u00e9 atteint avec 27% d&#039;\u00e9lectricit\u00e9 issue des \u00e9nergies renouvelables.\" \/>\n<meta name=\"robots\" content=\"index, follow, max-snippet:-1, max-image-preview:large, max-video-preview:-1\" \/>\n<link rel=\"canonical\" href=\"https:\/\/www.renouvelle.be\/fr\/record-2023-27-electricite-solaire-eolien-ue\/\" \/>\n<meta property=\"og:locale\" content=\"fr_FR\" \/>\n<meta property=\"og:type\" content=\"article\" \/>\n<meta property=\"og:title\" content=\"Record : 27% de l&#039;\u00e9lectricit\u00e9 de l&#039;UE issue du solaire et de l&#039;\u00e9olien - Renouvelle\" \/>\n<meta property=\"og:description\" content=\"Pour l&#039;UE, c&#039;est un v\u00e9ritable record pour l&#039;\u00e9olien et le solaire qui a \u00e9t\u00e9 atteint avec 27% d&#039;\u00e9lectricit\u00e9 issue des \u00e9nergies renouvelables.\" \/>\n<meta property=\"og:url\" content=\"https:\/\/www.renouvelle.be\/fr\/record-2023-27-electricite-solaire-eolien-ue\/\" \/>\n<meta property=\"og:site_name\" content=\"Renouvelle\" \/>\n<meta property=\"article:published_time\" content=\"2024-02-13T09:06:10+00:00\" \/>\n<meta property=\"article:modified_time\" content=\"2024-02-13T09:14:34+00:00\" \/>\n<meta property=\"og:image\" content=\"https:\/\/www.renouvelle.be\/wp-content\/uploads\/2024\/02\/iStock-1432635684-e1707815657292.jpg\" \/>\n\t<meta property=\"og:image:width\" content=\"2121\" \/>\n\t<meta property=\"og:image:height\" content=\"1269\" \/>\n\t<meta property=\"og:image:type\" content=\"image\/jpeg\" \/>\n<meta name=\"author\" content=\"Samuel Alves\" \/>\n<meta name=\"twitter:card\" content=\"summary_large_image\" \/>\n<script type=\"application\/ld+json\" class=\"yoast-schema-graph\">{\"@context\":\"https:\\\/\\\/schema.org\",\"@graph\":[{\"@type\":\"Article\",\"@id\":\"https:\\\/\\\/www.renouvelle.be\\\/fr\\\/record-2023-27-electricite-solaire-eolien-ue\\\/#article\",\"isPartOf\":{\"@id\":\"https:\\\/\\\/www.renouvelle.be\\\/fr\\\/record-2023-27-electricite-solaire-eolien-ue\\\/\"},\"author\":{\"name\":\"Samuel Alves\",\"@id\":\"https:\\\/\\\/www.renouvelle.be\\\/fr\\\/#\\\/schema\\\/person\\\/9d743366fb269eeceaa8d60e98d289d3\"},\"headline\":\"Record : 27% de l&rsquo;\u00e9lectricit\u00e9 de l&rsquo;UE issue du solaire et de l&rsquo;\u00e9olien\",\"datePublished\":\"2024-02-13T09:06:10+00:00\",\"dateModified\":\"2024-02-13T09:14:34+00:00\",\"mainEntityOfPage\":{\"@id\":\"https:\\\/\\\/www.renouvelle.be\\\/fr\\\/record-2023-27-electricite-solaire-eolien-ue\\\/\"},\"wordCount\":656,\"image\":{\"@id\":\"https:\\\/\\\/www.renouvelle.be\\\/fr\\\/record-2023-27-electricite-solaire-eolien-ue\\\/#primaryimage\"},\"thumbnailUrl\":\"https:\\\/\\\/www.renouvelle.be\\\/wp-content\\\/uploads\\\/2024\\\/02\\\/iStock-1432635684-e1707815657292.jpg\",\"articleSection\":[\"Actualit\u00e9 internationale\"],\"inLanguage\":\"fr-FR\"},{\"@type\":\"WebPage\",\"@id\":\"https:\\\/\\\/www.renouvelle.be\\\/fr\\\/record-2023-27-electricite-solaire-eolien-ue\\\/\",\"url\":\"https:\\\/\\\/www.renouvelle.be\\\/fr\\\/record-2023-27-electricite-solaire-eolien-ue\\\/\",\"name\":\"Record : 27% de l'\u00e9lectricit\u00e9 de l'UE issue du solaire et de l'\u00e9olien - Renouvelle\",\"isPartOf\":{\"@id\":\"https:\\\/\\\/www.renouvelle.be\\\/fr\\\/#website\"},\"primaryImageOfPage\":{\"@id\":\"https:\\\/\\\/www.renouvelle.be\\\/fr\\\/record-2023-27-electricite-solaire-eolien-ue\\\/#primaryimage\"},\"image\":{\"@id\":\"https:\\\/\\\/www.renouvelle.be\\\/fr\\\/record-2023-27-electricite-solaire-eolien-ue\\\/#primaryimage\"},\"thumbnailUrl\":\"https:\\\/\\\/www.renouvelle.be\\\/wp-content\\\/uploads\\\/2024\\\/02\\\/iStock-1432635684-e1707815657292.jpg\",\"datePublished\":\"2024-02-13T09:06:10+00:00\",\"dateModified\":\"2024-02-13T09:14:34+00:00\",\"author\":{\"@id\":\"https:\\\/\\\/www.renouvelle.be\\\/fr\\\/#\\\/schema\\\/person\\\/9d743366fb269eeceaa8d60e98d289d3\"},\"description\":\"Pour l'UE, c'est un v\u00e9ritable record pour l'\u00e9olien et le solaire qui a \u00e9t\u00e9 atteint avec 27% d'\u00e9lectricit\u00e9 issue des \u00e9nergies renouvelables.\",\"breadcrumb\":{\"@id\":\"https:\\\/\\\/www.renouvelle.be\\\/fr\\\/record-2023-27-electricite-solaire-eolien-ue\\\/#breadcrumb\"},\"inLanguage\":\"fr-FR\",\"potentialAction\":[{\"@type\":\"ReadAction\",\"target\":[\"https:\\\/\\\/www.renouvelle.be\\\/fr\\\/record-2023-27-electricite-solaire-eolien-ue\\\/\"]}]},{\"@type\":\"ImageObject\",\"inLanguage\":\"fr-FR\",\"@id\":\"https:\\\/\\\/www.renouvelle.be\\\/fr\\\/record-2023-27-electricite-solaire-eolien-ue\\\/#primaryimage\",\"url\":\"https:\\\/\\\/www.renouvelle.be\\\/wp-content\\\/uploads\\\/2024\\\/02\\\/iStock-1432635684-e1707815657292.jpg\",\"contentUrl\":\"https:\\\/\\\/www.renouvelle.be\\\/wp-content\\\/uploads\\\/2024\\\/02\\\/iStock-1432635684-e1707815657292.jpg\",\"width\":2121,\"height\":1269,\"caption\":\"record pour l'\u00e9olien et le solaire avec 27% d'\u00e9lectricit\u00e9 issue des \u00e9nergies renouvelables\"},{\"@type\":\"BreadcrumbList\",\"@id\":\"https:\\\/\\\/www.renouvelle.be\\\/fr\\\/record-2023-27-electricite-solaire-eolien-ue\\\/#breadcrumb\",\"itemListElement\":[{\"@type\":\"ListItem\",\"position\":1,\"name\":\"Accueil\",\"item\":\"https:\\\/\\\/www.renouvelle.be\\\/fr\\\/\"},{\"@type\":\"ListItem\",\"position\":2,\"name\":\"Record : 27% de l&rsquo;\u00e9lectricit\u00e9 de l&rsquo;UE issue du solaire et de l&rsquo;\u00e9olien\"}]},{\"@type\":\"WebSite\",\"@id\":\"https:\\\/\\\/www.renouvelle.be\\\/fr\\\/#website\",\"url\":\"https:\\\/\\\/www.renouvelle.be\\\/fr\\\/\",\"name\":\"Renouvelle\",\"description\":\"L&#039;actualit\u00e9 de l&#039;\u00e9nergie durable\",\"potentialAction\":[{\"@type\":\"SearchAction\",\"target\":{\"@type\":\"EntryPoint\",\"urlTemplate\":\"https:\\\/\\\/www.renouvelle.be\\\/fr\\\/?s={search_term_string}\"},\"query-input\":{\"@type\":\"PropertyValueSpecification\",\"valueRequired\":true,\"valueName\":\"search_term_string\"}}],\"inLanguage\":\"fr-FR\"},{\"@type\":\"Person\",\"@id\":\"https:\\\/\\\/www.renouvelle.be\\\/fr\\\/#\\\/schema\\\/person\\\/9d743366fb269eeceaa8d60e98d289d3\",\"name\":\"Samuel Alves\",\"url\":\"https:\\\/\\\/www.renouvelle.be\\\/fr\\\/author\\\/salves\\\/\"}]}<\/script>\n<!-- \/ Yoast SEO plugin. -->","yoast_head_json":{"title":"Record : 27% de l'\u00e9lectricit\u00e9 de l'UE issue du solaire et de l'\u00e9olien - Renouvelle","description":"Pour l'UE, c'est un v\u00e9ritable record pour l'\u00e9olien et le solaire qui a \u00e9t\u00e9 atteint avec 27% d'\u00e9lectricit\u00e9 issue des \u00e9nergies renouvelables.","robots":{"index":"index","follow":"follow","max-snippet":"max-snippet:-1","max-image-preview":"max-image-preview:large","max-video-preview":"max-video-preview:-1"},"canonical":"https:\/\/www.renouvelle.be\/fr\/record-2023-27-electricite-solaire-eolien-ue\/","og_locale":"fr_FR","og_type":"article","og_title":"Record : 27% de l'\u00e9lectricit\u00e9 de l'UE issue du solaire et de l'\u00e9olien - Renouvelle","og_description":"Pour l'UE, c'est un v\u00e9ritable record pour l'\u00e9olien et le solaire qui a \u00e9t\u00e9 atteint avec 27% d'\u00e9lectricit\u00e9 issue des \u00e9nergies renouvelables.","og_url":"https:\/\/www.renouvelle.be\/fr\/record-2023-27-electricite-solaire-eolien-ue\/","og_site_name":"Renouvelle","article_published_time":"2024-02-13T09:06:10+00:00","article_modified_time":"2024-02-13T09:14:34+00:00","og_image":[{"width":2121,"height":1269,"url":"https:\/\/www.renouvelle.be\/wp-content\/uploads\/2024\/02\/iStock-1432635684-e1707815657292.jpg","type":"image\/jpeg"}],"author":"Samuel Alves","twitter_card":"summary_large_image","schema":{"@context":"https:\/\/schema.org","@graph":[{"@type":"Article","@id":"https:\/\/www.renouvelle.be\/fr\/record-2023-27-electricite-solaire-eolien-ue\/#article","isPartOf":{"@id":"https:\/\/www.renouvelle.be\/fr\/record-2023-27-electricite-solaire-eolien-ue\/"},"author":{"name":"Samuel Alves","@id":"https:\/\/www.renouvelle.be\/fr\/#\/schema\/person\/9d743366fb269eeceaa8d60e98d289d3"},"headline":"Record : 27% de l&rsquo;\u00e9lectricit\u00e9 de l&rsquo;UE issue du solaire et de l&rsquo;\u00e9olien","datePublished":"2024-02-13T09:06:10+00:00","dateModified":"2024-02-13T09:14:34+00:00","mainEntityOfPage":{"@id":"https:\/\/www.renouvelle.be\/fr\/record-2023-27-electricite-solaire-eolien-ue\/"},"wordCount":656,"image":{"@id":"https:\/\/www.renouvelle.be\/fr\/record-2023-27-electricite-solaire-eolien-ue\/#primaryimage"},"thumbnailUrl":"https:\/\/www.renouvelle.be\/wp-content\/uploads\/2024\/02\/iStock-1432635684-e1707815657292.jpg","articleSection":["Actualit\u00e9 internationale"],"inLanguage":"fr-FR"},{"@type":"WebPage","@id":"https:\/\/www.renouvelle.be\/fr\/record-2023-27-electricite-solaire-eolien-ue\/","url":"https:\/\/www.renouvelle.be\/fr\/record-2023-27-electricite-solaire-eolien-ue\/","name":"Record : 27% de l'\u00e9lectricit\u00e9 de l'UE issue du solaire et de l'\u00e9olien - Renouvelle","isPartOf":{"@id":"https:\/\/www.renouvelle.be\/fr\/#website"},"primaryImageOfPage":{"@id":"https:\/\/www.renouvelle.be\/fr\/record-2023-27-electricite-solaire-eolien-ue\/#primaryimage"},"image":{"@id":"https:\/\/www.renouvelle.be\/fr\/record-2023-27-electricite-solaire-eolien-ue\/#primaryimage"},"thumbnailUrl":"https:\/\/www.renouvelle.be\/wp-content\/uploads\/2024\/02\/iStock-1432635684-e1707815657292.jpg","datePublished":"2024-02-13T09:06:10+00:00","dateModified":"2024-02-13T09:14:34+00:00","author":{"@id":"https:\/\/www.renouvelle.be\/fr\/#\/schema\/person\/9d743366fb269eeceaa8d60e98d289d3"},"description":"Pour l'UE, c'est un v\u00e9ritable record pour l'\u00e9olien et le solaire qui a \u00e9t\u00e9 atteint avec 27% d'\u00e9lectricit\u00e9 issue des \u00e9nergies renouvelables.","breadcrumb":{"@id":"https:\/\/www.renouvelle.be\/fr\/record-2023-27-electricite-solaire-eolien-ue\/#breadcrumb"},"inLanguage":"fr-FR","potentialAction":[{"@type":"ReadAction","target":["https:\/\/www.renouvelle.be\/fr\/record-2023-27-electricite-solaire-eolien-ue\/"]}]},{"@type":"ImageObject","inLanguage":"fr-FR","@id":"https:\/\/www.renouvelle.be\/fr\/record-2023-27-electricite-solaire-eolien-ue\/#primaryimage","url":"https:\/\/www.renouvelle.be\/wp-content\/uploads\/2024\/02\/iStock-1432635684-e1707815657292.jpg","contentUrl":"https:\/\/www.renouvelle.be\/wp-content\/uploads\/2024\/02\/iStock-1432635684-e1707815657292.jpg","width":2121,"height":1269,"caption":"record pour l'\u00e9olien et le solaire avec 27% d'\u00e9lectricit\u00e9 issue des \u00e9nergies renouvelables"},{"@type":"BreadcrumbList","@id":"https:\/\/www.renouvelle.be\/fr\/record-2023-27-electricite-solaire-eolien-ue\/#breadcrumb","itemListElement":[{"@type":"ListItem","position":1,"name":"Accueil","item":"https:\/\/www.renouvelle.be\/fr\/"},{"@type":"ListItem","position":2,"name":"Record : 27% de l&rsquo;\u00e9lectricit\u00e9 de l&rsquo;UE issue du solaire et de l&rsquo;\u00e9olien"}]},{"@type":"WebSite","@id":"https:\/\/www.renouvelle.be\/fr\/#website","url":"https:\/\/www.renouvelle.be\/fr\/","name":"Renouvelle","description":"L&#039;actualit\u00e9 de l&#039;\u00e9nergie durable","potentialAction":[{"@type":"SearchAction","target":{"@type":"EntryPoint","urlTemplate":"https:\/\/www.renouvelle.be\/fr\/?s={search_term_string}"},"query-input":{"@type":"PropertyValueSpecification","valueRequired":true,"valueName":"search_term_string"}}],"inLanguage":"fr-FR"},{"@type":"Person","@id":"https:\/\/www.renouvelle.be\/fr\/#\/schema\/person\/9d743366fb269eeceaa8d60e98d289d3","name":"Samuel Alves","url":"https:\/\/www.renouvelle.be\/fr\/author\/salves\/"}]}},"_links":{"self":[{"href":"https:\/\/www.renouvelle.be\/fr\/wp-json\/wp\/v2\/posts\/12188","targetHints":{"allow":["GET"]}}],"collection":[{"href":"https:\/\/www.renouvelle.be\/fr\/wp-json\/wp\/v2\/posts"}],"about":[{"href":"https:\/\/www.renouvelle.be\/fr\/wp-json\/wp\/v2\/types\/post"}],"author":[{"embeddable":true,"href":"https:\/\/www.renouvelle.be\/fr\/wp-json\/wp\/v2\/users\/38"}],"replies":[{"embeddable":true,"href":"https:\/\/www.renouvelle.be\/fr\/wp-json\/wp\/v2\/comments?post=12188"}],"version-history":[{"count":26,"href":"https:\/\/www.renouvelle.be\/fr\/wp-json\/wp\/v2\/posts\/12188\/revisions"}],"predecessor-version":[{"id":12512,"href":"https:\/\/www.renouvelle.be\/fr\/wp-json\/wp\/v2\/posts\/12188\/revisions\/12512"}],"wp:featuredmedia":[{"embeddable":true,"href":"https:\/\/www.renouvelle.be\/fr\/wp-json\/wp\/v2\/media\/12193"}],"wp:attachment":[{"href":"https:\/\/www.renouvelle.be\/fr\/wp-json\/wp\/v2\/media?parent=12188"}],"wp:term":[{"taxonomy":"category","embeddable":true,"href":"https:\/\/www.renouvelle.be\/fr\/wp-json\/wp\/v2\/categories?post=12188"},{"taxonomy":"post_tag","embeddable":true,"href":"https:\/\/www.renouvelle.be\/fr\/wp-json\/wp\/v2\/tags?post=12188"},{"taxonomy":"section","embeddable":true,"href":"https:\/\/www.renouvelle.be\/fr\/wp-json\/wp\/v2\/section?post=12188"}],"curies":[{"name":"wp","href":"https:\/\/api.w.org\/{rel}","templated":true}]}}