{"id":12148,"date":"2024-02-07T16:17:19","date_gmt":"2024-02-07T15:17:19","guid":{"rendered":"https:\/\/www.renouvelle.be\/?p=12148"},"modified":"2024-02-07T16:17:23","modified_gmt":"2024-02-07T15:17:23","slug":"commission-europeenne-reduction-90-emissions-carbones-2040","status":"publish","type":"post","link":"https:\/\/www.renouvelle.be\/fr\/commission-europeenne-reduction-90-emissions-carbones-2040\/","title":{"rendered":"R\u00e9duction des \u00e9missions carbones de 90% d&rsquo;ici 2040 en Europe ?"},"content":{"rendered":"\n<p>Avec pour objectif final la neutralit\u00e9 carbone en 2050, la Commission incite \u00e0 continuer les efforts et \u00e0 la mise en \u0153uvre compl\u00e8te des objectifs pour 2030. Viendra donc ensuite <a href=\"https:\/\/commission.europa.eu\/news\/recommendations-2040-targets-reach-climate-neutrality-2050-2024-02-06_en?prefLang=fr\" target=\"_blank\" rel=\"noreferrer noopener\">l\u2019\u00e9tape interm\u00e9diaire des 90% de r\u00e9duction des \u00e9missions carbones en 2040<\/a>. Cela reviendrait \u00e0 poursuivre un rythme de baisse similaire \u00e0 celui de la d\u00e9cennie 2020-2030.<\/p>\n\n\n\n<p>Et avec l\u2019incertitude qui plane au-dessus des r\u00e9sultats des \u00e9lections europ\u00e9ennes de juin, cette recommandation est un signal clair pour la prochaine Commission\u00a0: garder le cap de cette transition \u00e0 travers l\u2019adoption concr\u00e8te de textes l\u00e9gislatifs.<\/p>\n\n\n\n<p>Pour atteindre cette r\u00e9duction de 90% des \u00e9missions carbones, plusieurs pistes sont avanc\u00e9es comme la d\u00e9carbonisation de l\u2019industrie en s\u2019appuyant sur <a href=\"https:\/\/www.renouvelle.be\/fr\/2023-capacite-renouvelable-progresse-dans-le-monde\/\" target=\"_blank\" rel=\"noreferrer noopener\">les \u00e9nergies renouvelables<\/a> ou encore d\u2019augmenter les productions nationales dans les secteurs <a href=\"https:\/\/www.renouvelle.be\/fr\/les-voitures-thermiques-toujours-aussi-polluantes\/\" target=\"_blank\" rel=\"noreferrer noopener\">des v\u00e9hicules \u00e9lectriques<\/a> ou des pompes \u00e0 chaleur, entre autres.<\/p>\n\n\n\n<p>L\u2019actuelle Commission plaide \u00e9galement pour l\u2019\u00e9quit\u00e9 et les politiques sociales afin de garantir l\u2019inclusion des m\u00e9nages \u00e0 faibles revenus.<\/p>\n","protected":false},"excerpt":{"rendered":"<p>Avec pour objectif final la neutralit\u00e9 carbone en 2050, la Commission incite \u00e0 continuer les efforts et \u00e0 la mise en \u0153uvre compl\u00e8te des objectifs pour 2030. Viendra donc ensuite l\u2019\u00e9tape interm\u00e9diaire des 90% de r\u00e9duction des \u00e9missions carbones en 2040. Cela reviendrait \u00e0 poursuivre un rythme de baisse similaire \u00e0 celui de la d\u00e9cennie 2020-2030. Et avec l\u2019incertitude qui plane au-dessus des r\u00e9sultats des \u00e9lections europ\u00e9ennes de juin, cette recommandation est un signal clair pour la prochaine Commission\u00a0: garder le cap de cette transition \u00e0 travers l\u2019adoption concr\u00e8te de textes l\u00e9gislatifs. Pour atteindre cette r\u00e9duction de 90% des \u00e9missions carbones, plusieurs pistes sont avanc\u00e9es comme la d\u00e9carbonisation de l\u2019industrie en s\u2019appuyant sur les \u00e9nergies renouvelables ou encore d\u2019augmenter les productions nationales dans les secteurs des v\u00e9hicules \u00e9lectriques ou des pompes \u00e0 chaleur, entre autres. L\u2019actuelle Commission plaide \u00e9galement pour l\u2019\u00e9quit\u00e9 et les politiques sociales afin de garantir l\u2019inclusion des m\u00e9nages \u00e0 faibles revenus.<\/p>\n","protected":false},"author":38,"featured_media":12153,"comment_status":"closed","ping_status":"closed","sticky":false,"template":"","format":"standard","meta":{"_acf_changed":false,"footnotes":""},"categories":[18],"tags":[],"section":[8],"class_list":["post-12148","post","type-post","status-publish","format-standard","has-post-thumbnail","hentry","category-actualite-internationale","section-energie-renouvelables"],"acf":[],"yoast_head":"<!-- This site is optimized with the Yoast SEO plugin v27.5 - https:\/\/yoast.com\/product\/yoast-seo-wordpress\/ -->\n<title>R\u00e9duction des \u00e9missions carbones de 90% d&#039;ici 2040 en Europe ? - Renouvelle<\/title>\n<meta name=\"description\" content=\"Pour atteindre la neutralit\u00e9 carbone en 2050, la Commission europ\u00e9enne pr\u00e9conise une r\u00e9duction de 90% d&#039;\u00e9missions carbones en 2040.\" \/>\n<meta name=\"robots\" content=\"index, follow, max-snippet:-1, max-image-preview:large, max-video-preview:-1\" \/>\n<link rel=\"canonical\" href=\"https:\/\/www.renouvelle.be\/fr\/commission-europeenne-reduction-90-emissions-carbones-2040\/\" \/>\n<meta property=\"og:locale\" content=\"fr_FR\" \/>\n<meta property=\"og:type\" content=\"article\" \/>\n<meta property=\"og:title\" content=\"R\u00e9duction des \u00e9missions carbones de 90% d&#039;ici 2040 en Europe ? - Renouvelle\" \/>\n<meta property=\"og:description\" content=\"Pour atteindre la neutralit\u00e9 carbone en 2050, la Commission europ\u00e9enne pr\u00e9conise une r\u00e9duction de 90% d&#039;\u00e9missions carbones en 2040.\" \/>\n<meta property=\"og:url\" content=\"https:\/\/www.renouvelle.be\/fr\/commission-europeenne-reduction-90-emissions-carbones-2040\/\" \/>\n<meta property=\"og:site_name\" content=\"Renouvelle\" \/>\n<meta property=\"article:published_time\" content=\"2024-02-07T15:17:19+00:00\" \/>\n<meta property=\"article:modified_time\" content=\"2024-02-07T15:17:23+00:00\" \/>\n<meta property=\"og:image\" content=\"https:\/\/www.renouvelle.be\/wp-content\/uploads\/2024\/02\/guillaume-perigois-0NRkVddA2fw-unsplash-scaled.jpg\" \/>\n\t<meta property=\"og:image:width\" content=\"2560\" \/>\n\t<meta property=\"og:image:height\" content=\"1707\" \/>\n\t<meta property=\"og:image:type\" content=\"image\/jpeg\" \/>\n<meta name=\"author\" content=\"Samuel Alves\" \/>\n<meta name=\"twitter:card\" content=\"summary_large_image\" \/>\n<script type=\"application\/ld+json\" class=\"yoast-schema-graph\">{\"@context\":\"https:\\\/\\\/schema.org\",\"@graph\":[{\"@type\":\"Article\",\"@id\":\"https:\\\/\\\/www.renouvelle.be\\\/fr\\\/commission-europeenne-reduction-90-emissions-carbones-2040\\\/#article\",\"isPartOf\":{\"@id\":\"https:\\\/\\\/www.renouvelle.be\\\/fr\\\/commission-europeenne-reduction-90-emissions-carbones-2040\\\/\"},\"author\":{\"name\":\"Samuel Alves\",\"@id\":\"https:\\\/\\\/www.renouvelle.be\\\/fr\\\/#\\\/schema\\\/person\\\/9d743366fb269eeceaa8d60e98d289d3\"},\"headline\":\"R\u00e9duction des \u00e9missions carbones de 90% d&rsquo;ici 2040 en Europe ?\",\"datePublished\":\"2024-02-07T15:17:19+00:00\",\"dateModified\":\"2024-02-07T15:17:23+00:00\",\"mainEntityOfPage\":{\"@id\":\"https:\\\/\\\/www.renouvelle.be\\\/fr\\\/commission-europeenne-reduction-90-emissions-carbones-2040\\\/\"},\"wordCount\":174,\"image\":{\"@id\":\"https:\\\/\\\/www.renouvelle.be\\\/fr\\\/commission-europeenne-reduction-90-emissions-carbones-2040\\\/#primaryimage\"},\"thumbnailUrl\":\"https:\\\/\\\/www.renouvelle.be\\\/wp-content\\\/uploads\\\/2024\\\/02\\\/guillaume-perigois-0NRkVddA2fw-unsplash-scaled.jpg\",\"articleSection\":[\"Actualit\u00e9 internationale\"],\"inLanguage\":\"fr-FR\"},{\"@type\":\"WebPage\",\"@id\":\"https:\\\/\\\/www.renouvelle.be\\\/fr\\\/commission-europeenne-reduction-90-emissions-carbones-2040\\\/\",\"url\":\"https:\\\/\\\/www.renouvelle.be\\\/fr\\\/commission-europeenne-reduction-90-emissions-carbones-2040\\\/\",\"name\":\"R\u00e9duction des \u00e9missions carbones de 90% d'ici 2040 en Europe ? - Renouvelle\",\"isPartOf\":{\"@id\":\"https:\\\/\\\/www.renouvelle.be\\\/fr\\\/#website\"},\"primaryImageOfPage\":{\"@id\":\"https:\\\/\\\/www.renouvelle.be\\\/fr\\\/commission-europeenne-reduction-90-emissions-carbones-2040\\\/#primaryimage\"},\"image\":{\"@id\":\"https:\\\/\\\/www.renouvelle.be\\\/fr\\\/commission-europeenne-reduction-90-emissions-carbones-2040\\\/#primaryimage\"},\"thumbnailUrl\":\"https:\\\/\\\/www.renouvelle.be\\\/wp-content\\\/uploads\\\/2024\\\/02\\\/guillaume-perigois-0NRkVddA2fw-unsplash-scaled.jpg\",\"datePublished\":\"2024-02-07T15:17:19+00:00\",\"dateModified\":\"2024-02-07T15:17:23+00:00\",\"author\":{\"@id\":\"https:\\\/\\\/www.renouvelle.be\\\/fr\\\/#\\\/schema\\\/person\\\/9d743366fb269eeceaa8d60e98d289d3\"},\"description\":\"Pour atteindre la neutralit\u00e9 carbone en 2050, la Commission europ\u00e9enne pr\u00e9conise une r\u00e9duction de 90% d'\u00e9missions carbones en 2040.\",\"breadcrumb\":{\"@id\":\"https:\\\/\\\/www.renouvelle.be\\\/fr\\\/commission-europeenne-reduction-90-emissions-carbones-2040\\\/#breadcrumb\"},\"inLanguage\":\"fr-FR\",\"potentialAction\":[{\"@type\":\"ReadAction\",\"target\":[\"https:\\\/\\\/www.renouvelle.be\\\/fr\\\/commission-europeenne-reduction-90-emissions-carbones-2040\\\/\"]}]},{\"@type\":\"ImageObject\",\"inLanguage\":\"fr-FR\",\"@id\":\"https:\\\/\\\/www.renouvelle.be\\\/fr\\\/commission-europeenne-reduction-90-emissions-carbones-2040\\\/#primaryimage\",\"url\":\"https:\\\/\\\/www.renouvelle.be\\\/wp-content\\\/uploads\\\/2024\\\/02\\\/guillaume-perigois-0NRkVddA2fw-unsplash-scaled.jpg\",\"contentUrl\":\"https:\\\/\\\/www.renouvelle.be\\\/wp-content\\\/uploads\\\/2024\\\/02\\\/guillaume-perigois-0NRkVddA2fw-unsplash-scaled.jpg\",\"width\":2560,\"height\":1707,\"caption\":\"commission europ\u00e9enne baisse de 90% \u00e9missions carbones\"},{\"@type\":\"BreadcrumbList\",\"@id\":\"https:\\\/\\\/www.renouvelle.be\\\/fr\\\/commission-europeenne-reduction-90-emissions-carbones-2040\\\/#breadcrumb\",\"itemListElement\":[{\"@type\":\"ListItem\",\"position\":1,\"name\":\"Accueil\",\"item\":\"https:\\\/\\\/www.renouvelle.be\\\/fr\\\/\"},{\"@type\":\"ListItem\",\"position\":2,\"name\":\"R\u00e9duction des \u00e9missions carbones de 90% d&rsquo;ici 2040 en Europe ?\"}]},{\"@type\":\"WebSite\",\"@id\":\"https:\\\/\\\/www.renouvelle.be\\\/fr\\\/#website\",\"url\":\"https:\\\/\\\/www.renouvelle.be\\\/fr\\\/\",\"name\":\"Renouvelle\",\"description\":\"L&#039;actualit\u00e9 de l&#039;\u00e9nergie durable\",\"potentialAction\":[{\"@type\":\"SearchAction\",\"target\":{\"@type\":\"EntryPoint\",\"urlTemplate\":\"https:\\\/\\\/www.renouvelle.be\\\/fr\\\/?s={search_term_string}\"},\"query-input\":{\"@type\":\"PropertyValueSpecification\",\"valueRequired\":true,\"valueName\":\"search_term_string\"}}],\"inLanguage\":\"fr-FR\"},{\"@type\":\"Person\",\"@id\":\"https:\\\/\\\/www.renouvelle.be\\\/fr\\\/#\\\/schema\\\/person\\\/9d743366fb269eeceaa8d60e98d289d3\",\"name\":\"Samuel Alves\",\"url\":\"https:\\\/\\\/www.renouvelle.be\\\/fr\\\/author\\\/salves\\\/\"}]}<\/script>\n<!-- \/ Yoast SEO plugin. -->","yoast_head_json":{"title":"R\u00e9duction des \u00e9missions carbones de 90% d'ici 2040 en Europe ? - Renouvelle","description":"Pour atteindre la neutralit\u00e9 carbone en 2050, la Commission europ\u00e9enne pr\u00e9conise une r\u00e9duction de 90% d'\u00e9missions carbones en 2040.","robots":{"index":"index","follow":"follow","max-snippet":"max-snippet:-1","max-image-preview":"max-image-preview:large","max-video-preview":"max-video-preview:-1"},"canonical":"https:\/\/www.renouvelle.be\/fr\/commission-europeenne-reduction-90-emissions-carbones-2040\/","og_locale":"fr_FR","og_type":"article","og_title":"R\u00e9duction des \u00e9missions carbones de 90% d'ici 2040 en Europe ? - Renouvelle","og_description":"Pour atteindre la neutralit\u00e9 carbone en 2050, la Commission europ\u00e9enne pr\u00e9conise une r\u00e9duction de 90% d'\u00e9missions carbones en 2040.","og_url":"https:\/\/www.renouvelle.be\/fr\/commission-europeenne-reduction-90-emissions-carbones-2040\/","og_site_name":"Renouvelle","article_published_time":"2024-02-07T15:17:19+00:00","article_modified_time":"2024-02-07T15:17:23+00:00","og_image":[{"width":2560,"height":1707,"url":"https:\/\/www.renouvelle.be\/wp-content\/uploads\/2024\/02\/guillaume-perigois-0NRkVddA2fw-unsplash-scaled.jpg","type":"image\/jpeg"}],"author":"Samuel Alves","twitter_card":"summary_large_image","schema":{"@context":"https:\/\/schema.org","@graph":[{"@type":"Article","@id":"https:\/\/www.renouvelle.be\/fr\/commission-europeenne-reduction-90-emissions-carbones-2040\/#article","isPartOf":{"@id":"https:\/\/www.renouvelle.be\/fr\/commission-europeenne-reduction-90-emissions-carbones-2040\/"},"author":{"name":"Samuel Alves","@id":"https:\/\/www.renouvelle.be\/fr\/#\/schema\/person\/9d743366fb269eeceaa8d60e98d289d3"},"headline":"R\u00e9duction des \u00e9missions carbones de 90% d&rsquo;ici 2040 en Europe ?","datePublished":"2024-02-07T15:17:19+00:00","dateModified":"2024-02-07T15:17:23+00:00","mainEntityOfPage":{"@id":"https:\/\/www.renouvelle.be\/fr\/commission-europeenne-reduction-90-emissions-carbones-2040\/"},"wordCount":174,"image":{"@id":"https:\/\/www.renouvelle.be\/fr\/commission-europeenne-reduction-90-emissions-carbones-2040\/#primaryimage"},"thumbnailUrl":"https:\/\/www.renouvelle.be\/wp-content\/uploads\/2024\/02\/guillaume-perigois-0NRkVddA2fw-unsplash-scaled.jpg","articleSection":["Actualit\u00e9 internationale"],"inLanguage":"fr-FR"},{"@type":"WebPage","@id":"https:\/\/www.renouvelle.be\/fr\/commission-europeenne-reduction-90-emissions-carbones-2040\/","url":"https:\/\/www.renouvelle.be\/fr\/commission-europeenne-reduction-90-emissions-carbones-2040\/","name":"R\u00e9duction des \u00e9missions carbones de 90% d'ici 2040 en Europe ? - Renouvelle","isPartOf":{"@id":"https:\/\/www.renouvelle.be\/fr\/#website"},"primaryImageOfPage":{"@id":"https:\/\/www.renouvelle.be\/fr\/commission-europeenne-reduction-90-emissions-carbones-2040\/#primaryimage"},"image":{"@id":"https:\/\/www.renouvelle.be\/fr\/commission-europeenne-reduction-90-emissions-carbones-2040\/#primaryimage"},"thumbnailUrl":"https:\/\/www.renouvelle.be\/wp-content\/uploads\/2024\/02\/guillaume-perigois-0NRkVddA2fw-unsplash-scaled.jpg","datePublished":"2024-02-07T15:17:19+00:00","dateModified":"2024-02-07T15:17:23+00:00","author":{"@id":"https:\/\/www.renouvelle.be\/fr\/#\/schema\/person\/9d743366fb269eeceaa8d60e98d289d3"},"description":"Pour atteindre la neutralit\u00e9 carbone en 2050, la Commission europ\u00e9enne pr\u00e9conise une r\u00e9duction de 90% d'\u00e9missions carbones en 2040.","breadcrumb":{"@id":"https:\/\/www.renouvelle.be\/fr\/commission-europeenne-reduction-90-emissions-carbones-2040\/#breadcrumb"},"inLanguage":"fr-FR","potentialAction":[{"@type":"ReadAction","target":["https:\/\/www.renouvelle.be\/fr\/commission-europeenne-reduction-90-emissions-carbones-2040\/"]}]},{"@type":"ImageObject","inLanguage":"fr-FR","@id":"https:\/\/www.renouvelle.be\/fr\/commission-europeenne-reduction-90-emissions-carbones-2040\/#primaryimage","url":"https:\/\/www.renouvelle.be\/wp-content\/uploads\/2024\/02\/guillaume-perigois-0NRkVddA2fw-unsplash-scaled.jpg","contentUrl":"https:\/\/www.renouvelle.be\/wp-content\/uploads\/2024\/02\/guillaume-perigois-0NRkVddA2fw-unsplash-scaled.jpg","width":2560,"height":1707,"caption":"commission europ\u00e9enne baisse de 90% \u00e9missions carbones"},{"@type":"BreadcrumbList","@id":"https:\/\/www.renouvelle.be\/fr\/commission-europeenne-reduction-90-emissions-carbones-2040\/#breadcrumb","itemListElement":[{"@type":"ListItem","position":1,"name":"Accueil","item":"https:\/\/www.renouvelle.be\/fr\/"},{"@type":"ListItem","position":2,"name":"R\u00e9duction des \u00e9missions carbones de 90% d&rsquo;ici 2040 en Europe ?"}]},{"@type":"WebSite","@id":"https:\/\/www.renouvelle.be\/fr\/#website","url":"https:\/\/www.renouvelle.be\/fr\/","name":"Renouvelle","description":"L&#039;actualit\u00e9 de l&#039;\u00e9nergie durable","potentialAction":[{"@type":"SearchAction","target":{"@type":"EntryPoint","urlTemplate":"https:\/\/www.renouvelle.be\/fr\/?s={search_term_string}"},"query-input":{"@type":"PropertyValueSpecification","valueRequired":true,"valueName":"search_term_string"}}],"inLanguage":"fr-FR"},{"@type":"Person","@id":"https:\/\/www.renouvelle.be\/fr\/#\/schema\/person\/9d743366fb269eeceaa8d60e98d289d3","name":"Samuel Alves","url":"https:\/\/www.renouvelle.be\/fr\/author\/salves\/"}]}},"_links":{"self":[{"href":"https:\/\/www.renouvelle.be\/fr\/wp-json\/wp\/v2\/posts\/12148","targetHints":{"allow":["GET"]}}],"collection":[{"href":"https:\/\/www.renouvelle.be\/fr\/wp-json\/wp\/v2\/posts"}],"about":[{"href":"https:\/\/www.renouvelle.be\/fr\/wp-json\/wp\/v2\/types\/post"}],"author":[{"embeddable":true,"href":"https:\/\/www.renouvelle.be\/fr\/wp-json\/wp\/v2\/users\/38"}],"replies":[{"embeddable":true,"href":"https:\/\/www.renouvelle.be\/fr\/wp-json\/wp\/v2\/comments?post=12148"}],"version-history":[{"count":25,"href":"https:\/\/www.renouvelle.be\/fr\/wp-json\/wp\/v2\/posts\/12148\/revisions"}],"predecessor-version":[{"id":12175,"href":"https:\/\/www.renouvelle.be\/fr\/wp-json\/wp\/v2\/posts\/12148\/revisions\/12175"}],"wp:featuredmedia":[{"embeddable":true,"href":"https:\/\/www.renouvelle.be\/fr\/wp-json\/wp\/v2\/media\/12153"}],"wp:attachment":[{"href":"https:\/\/www.renouvelle.be\/fr\/wp-json\/wp\/v2\/media?parent=12148"}],"wp:term":[{"taxonomy":"category","embeddable":true,"href":"https:\/\/www.renouvelle.be\/fr\/wp-json\/wp\/v2\/categories?post=12148"},{"taxonomy":"post_tag","embeddable":true,"href":"https:\/\/www.renouvelle.be\/fr\/wp-json\/wp\/v2\/tags?post=12148"},{"taxonomy":"section","embeddable":true,"href":"https:\/\/www.renouvelle.be\/fr\/wp-json\/wp\/v2\/section?post=12148"}],"curies":[{"name":"wp","href":"https:\/\/api.w.org\/{rel}","templated":true}]}}