{"id":12102,"date":"2024-02-08T11:09:54","date_gmt":"2024-02-08T10:09:54","guid":{"rendered":"https:\/\/www.renouvelle.be\/?p=12102"},"modified":"2024-02-08T11:12:13","modified_gmt":"2024-02-08T10:12:13","slug":"eolien-wallon-sur-la-bonne-voie-100mw-installes-en-2023","status":"publish","type":"post","link":"https:\/\/www.renouvelle.be\/fr\/eolien-wallon-sur-la-bonne-voie-100mw-installes-en-2023\/","title":{"rendered":"L&rsquo;\u00e9olien wallon sur le bon cap d&rsquo;une reprise durable ?"},"content":{"rendered":"\n<p>Selon les donn\u00e9es annuelles d\u2019installation \u00e9olienne en Wallonie, 41 nouveaux m\u00e2ts (137 MW) ont \u00e9t\u00e9 \u00e9rig\u00e9s en territoire wallon durant l\u2019ann\u00e9e 2023. 8 m\u00e2ts (12 MW) ont \u00e9t\u00e9 d\u00e9mantel\u00e9s portant la puissance totale du parc \u00e9olien wallon \u00e0 1422 MW (repr\u00e9sentant la consommation annuelle de plus de 750.000 m\u00e9nages). Pour la troisi\u00e8me ann\u00e9e cons\u00e9cutive, avec une installation nette de 125 MW, la barre symbolique de l\u2019installation des 100 MW est atteinte. <a href=\"https:\/\/www.edora.org\/wp-content\/uploads\/2024\/02\/CP-EDORA-080224-Leolien-wallon-est-il-en-route-vers-une-reprise-structurelle.pdf\" target=\"_blank\" rel=\"noreferrer noopener\">Le secteur souligne n\u00e9anmoins<\/a> que le rythme d\u2019installation reste insuffisant pour atteindre les objectifs wallons de 6200 GWh\/an en 2030, qui n\u00e9cessitent une installation annuelle nette de plus de 150 MW.\u00a0<\/p>\n\n\n\n<h2 class=\"wp-block-heading\"><strong>De nombreux projets \u00e0 l\u2019\u00e9tude<\/strong>&nbsp;<\/h2>\n\n\n\n<p>Avec plus de 3.800 MW de projets \u00e9oliens wallons \u00e0 l\u2019\u00e9tude ou en demande de permis (voir tableau ci-dessous), l\u2019activit\u00e9 de d\u00e9veloppement du secteur en Wallonie a augment\u00e9 de plus de 30% sur un an. Un signal positif qui indique que le secteur \u00e9olien est pr\u00eat \u00e0 relever le d\u00e9fi de la transition \u00e9nerg\u00e9tique et \u00e0 assurer l\u2019atteinte des objectifs wallons, \u00e0 condition que soient lev\u00e9es une s\u00e9rie de contraintes limitant les installations, <a href=\"https:\/\/www.renouvelle.be\/fr\/la-pax-eolienica-ii-une-reponse-a-repowereu\/\" target=\"_blank\" rel=\"noreferrer noopener\">suivant la feuille de route Pax Eolienica II du gouvernement<\/a>.&nbsp;&nbsp;<\/p>\n\n\n\n<h2 class=\"wp-block-heading\">Aboutissements et contraintes pour l&rsquo;\u00e9olien wallon<\/h2>\n\n\n\n<p>Pr\u00e8s de 300 MW de projets vont sortir de terre dans les ann\u00e9es qui viennent, avec des parcs en construction ou d\u00e9finitivement autoris\u00e9s.&nbsp;&nbsp;<\/p>\n\n\n\n<p>Le secteur fait toujours face \u00e0 une ins\u00e9curit\u00e9 juridique, illustr\u00e9e par les 680 MW de permis \u00e9oliens octroy\u00e9s actuellement bloqu\u00e9s, g\u00e9n\u00e9ralement depuis plusieurs ann\u00e9es, au niveau du Conseil d\u2019Etat par une poign\u00e9e d\u2019opposants. Ces projets bloqu\u00e9s permettraient de produire l\u2019\u00e9quivalent de la consommation \u00e9lectrique annuelle de plus de 350.000 m\u00e9nages.&nbsp;&nbsp;<\/p>\n\n\n\n<p>Bien que certains projets commencent \u00e0 voir l\u2019effet de l\u2019engagement f\u00e9d\u00e9ral de r\u00e9duire le d\u00e9lai de traitement des recours au Conseil d\u2019Etat, cette d\u00e9cision ne se refl\u00e8te pas encore dans les statistiques.&nbsp;&nbsp;<\/p>\n\n\n\n<p>Les d\u00e9lais au Conseil d\u2019Etat emp\u00eachent parfois l\u2019installation des meilleures technologies disponibles, les permis contraignant l\u2019installation \u00e0 un mod\u00e8le d\u2019\u00e9olienne sp\u00e9cifique datant souvent de plusieurs ann\u00e9es lorsque le permis est finalement d\u00e9livr\u00e9.&nbsp;<\/p>\n\n\n\n<h2 class=\"wp-block-heading\"><strong>Des revendications sectorielles<\/strong>&nbsp;<\/h2>\n\n\n\n<p>Si le secteur souligne l\u2019avanc\u00e9e positive de la d\u00e9cision wallonne d\u2019adapter les distances des \u00e9oliennes aux zones d\u2019habitat pour permettre l\u2019installation des meilleures technologies disponibles (qui sera act\u00e9e dans le Cadre de r\u00e9f\u00e9rence en cours d\u2019adoption), il r\u00e9clame de l\u2019action de la part du gouvernement wallon pour assurer une relance structurelle et durable en application des directives et <a href=\"https:\/\/www.renouvelle.be\/fr\/repowereu-un-souffle-nouveau-pour-des-octrois-de-permis-plus-rapides\/\" target=\"_blank\" rel=\"noreferrer noopener\">r\u00e8glements europ\u00e9ens imposant la mise en \u0153uvre d\u2019une politique d\u2019octroi de permis facilit\u00e9e \u00e0 l\u2019\u00e9gard des \u00e9nergies renouvelables<\/a>.&nbsp;<\/p>\n\n\n\n<p>Le secteur attend \u00e9galement la lev\u00e9e de l\u2019interdiction d\u2019installer des \u00e9oliennes dans certaines zones d\u2019entra\u00eenement militaire et \u00e0 proximit\u00e9 des radars, en application des accords f\u00e9d\u00e9raux du 22 mars 2022.&nbsp;<\/p>\n\n\n\n<h2 class=\"wp-block-heading\"><strong>Situation de l\u2019\u00e9olien wallon au 31\/12\/23<\/strong>&nbsp;<\/h2>\n\n\n\n<figure class=\"wp-block-table\"><table><thead><tr><th class=\"has-text-align-left\" data-align=\"left\"><strong>Puissance par \u00e9tape<\/strong><\/th><th class=\"has-text-align-center\" data-align=\"center\"><strong>Puissance totale (MW)<\/strong><\/th><th class=\"has-text-align-center\" data-align=\"center\"><strong>Nombre de projets<\/strong><\/th><th class=\"has-text-align-center\" data-align=\"center\"><strong>Nombre d\u2019\u00e9oliennes<\/strong><\/th><\/tr><\/thead><tbody><tr><td class=\"has-text-align-left\" data-align=\"left\"><strong>Projets soumis \u00e0 \u00e9tude d\u2019incidences<\/strong><\/td><td class=\"has-text-align-center\" data-align=\"center\"><strong>3 273<\/strong><\/td><td class=\"has-text-align-center\" data-align=\"center\"><strong>120<\/strong><\/td><td class=\"has-text-align-center\" data-align=\"center\"><strong>629<\/strong><\/td><\/tr><tr><td class=\"has-text-align-left\" data-align=\"left\"><strong>Demandes de permis en cours d\u2019instruction<\/strong><\/td><td class=\"has-text-align-center\" data-align=\"center\"><strong>544<\/strong><\/td><td class=\"has-text-align-center\" data-align=\"center\"><strong>27<\/strong><\/td><td class=\"has-text-align-center\" data-align=\"center\"><strong>116<\/strong><\/td><\/tr><tr><td class=\"has-text-align-left\" data-align=\"left\"><strong>Recours<\/strong><\/td><td class=\"has-text-align-center\" data-align=\"center\"><strong>885<\/strong><\/td><td class=\"has-text-align-center\" data-align=\"center\"><strong>66<\/strong><\/td><td class=\"has-text-align-center\" data-align=\"center\"><strong>234<\/strong><\/td><\/tr><tr><td class=\"has-text-align-left\" data-align=\"left\"><strong><em>Dont projets en recours au Conseil d\u2019Etat<\/em><\/strong><\/td><td class=\"has-text-align-center\" data-align=\"center\"><strong>680<\/strong><\/td><td class=\"has-text-align-center\" data-align=\"center\"><strong>55<\/strong><\/td><td class=\"has-text-align-center\" data-align=\"center\"><strong>187<\/strong><\/td><\/tr><tr><td class=\"has-text-align-left\" data-align=\"left\"><strong>Projets autoris\u00e9s<\/strong><\/td><td class=\"has-text-align-center\" data-align=\"center\"><strong>210<\/strong><\/td><td class=\"has-text-align-center\" data-align=\"center\"><strong>16<\/strong><\/td><td class=\"has-text-align-center\" data-align=\"center\"><strong>53<\/strong><\/td><\/tr><tr><td class=\"has-text-align-left\" data-align=\"left\"><strong><em>Dont d\u00e9finitivement autoris\u00e9s<\/em><\/strong><\/td><td class=\"has-text-align-center\" data-align=\"center\"><strong>121<\/strong><\/td><td class=\"has-text-align-center\" data-align=\"center\"><strong>13<\/strong><\/td><td class=\"has-text-align-center\" data-align=\"center\"><strong>34<\/strong><\/td><\/tr><tr><td class=\"has-text-align-left\" data-align=\"left\"><strong>Projets en construction<\/strong><\/td><td class=\"has-text-align-center\" data-align=\"center\"><strong>172<\/strong><\/td><td class=\"has-text-align-center\" data-align=\"center\"><strong>14<\/strong><\/td><td class=\"has-text-align-center\" data-align=\"center\"><strong>51<\/strong><\/td><\/tr><tr><td class=\"has-text-align-left\" data-align=\"left\"><strong>Projets d\u00e9mantel\u00e9s<\/strong><\/td><td class=\"has-text-align-center\" data-align=\"center\"><strong>12<\/strong><\/td><td class=\"has-text-align-center\" data-align=\"center\"><strong>2<\/strong><\/td><td class=\"has-text-align-center\" data-align=\"center\"><strong>8<\/strong><\/td><\/tr><tr><td class=\"has-text-align-left\" data-align=\"left\"><strong>Parcs en fonction<\/strong><\/td><td class=\"has-text-align-center\" data-align=\"center\"><strong>1 422<\/strong><\/td><td class=\"has-text-align-center\" data-align=\"center\"><strong>143<\/strong><\/td><td class=\"has-text-align-center\" data-align=\"center\"><strong>561<\/strong><\/td><\/tr><tr><td class=\"has-text-align-left\" data-align=\"left\"><strong><em>Dont mis en fonction en 2023<\/em><\/strong><\/td><td class=\"has-text-align-center\" data-align=\"center\"><strong>137<\/strong><\/td><td class=\"has-text-align-center\" data-align=\"center\"><strong>14<\/strong><\/td><td class=\"has-text-align-center\" data-align=\"center\"><strong>41<\/strong><\/td><\/tr><\/tbody><\/table><figcaption class=\"wp-element-caption\">Source des donn\u00e9es\u202f: Energie Commune&nbsp;<\/figcaption><\/figure>\n","protected":false},"excerpt":{"rendered":"<p>Selon les donn\u00e9es annuelles d\u2019installation \u00e9olienne en Wallonie, 41 nouveaux m\u00e2ts (137 MW) ont \u00e9t\u00e9 \u00e9rig\u00e9s en territoire wallon durant l\u2019ann\u00e9e 2023. 8 m\u00e2ts (12 MW) ont \u00e9t\u00e9 d\u00e9mantel\u00e9s portant la puissance totale du parc \u00e9olien wallon \u00e0 1422 MW (repr\u00e9sentant la consommation annuelle de plus de 750.000 m\u00e9nages). Pour la troisi\u00e8me ann\u00e9e cons\u00e9cutive, avec une installation nette de 125 MW, la barre symbolique de l\u2019installation des 100 MW est atteinte. Le secteur souligne n\u00e9anmoins que le rythme d\u2019installation reste insuffisant pour atteindre les objectifs wallons de 6200 GWh\/an en 2030, qui n\u00e9cessitent une installation annuelle nette de plus de 150 MW.\u00a0 De nombreux projets \u00e0 l\u2019\u00e9tude&nbsp; Avec plus de 3.800 MW de projets \u00e9oliens wallons \u00e0 l\u2019\u00e9tude ou en demande de permis (voir tableau ci-dessous), l\u2019activit\u00e9 de d\u00e9veloppement du secteur en Wallonie a augment\u00e9 de plus de 30% sur un an. Un signal positif qui indique que le secteur \u00e9olien est pr\u00eat \u00e0 relever le d\u00e9fi de la transition \u00e9nerg\u00e9tique et \u00e0 assurer l\u2019atteinte des objectifs wallons, \u00e0 condition que soient lev\u00e9es une s\u00e9rie de contraintes limitant les installations, suivant la feuille de route Pax Eolienica II du gouvernement.&nbsp;&nbsp; Aboutissements et contraintes pour l&rsquo;\u00e9olien wallon Pr\u00e8s de 300 MW de projets vont sortir de terre dans les ann\u00e9es qui viennent, avec des parcs en construction ou d\u00e9finitivement autoris\u00e9s.&nbsp;&nbsp; Le secteur fait toujours face \u00e0 une ins\u00e9curit\u00e9 juridique, illustr\u00e9e par les 680 MW de permis \u00e9oliens octroy\u00e9s actuellement bloqu\u00e9s, g\u00e9n\u00e9ralement depuis plusieurs ann\u00e9es, au niveau du Conseil d\u2019Etat par une poign\u00e9e d\u2019opposants. Ces projets bloqu\u00e9s permettraient de produire l\u2019\u00e9quivalent de la consommation \u00e9lectrique annuelle de plus de 350.000 m\u00e9nages.&nbsp;&nbsp; Bien que certains projets commencent \u00e0 voir l\u2019effet de l\u2019engagement f\u00e9d\u00e9ral de r\u00e9duire le d\u00e9lai de traitement des recours au Conseil &hellip; <a href=\"https:\/\/www.renouvelle.be\/fr\/eolien-wallon-sur-la-bonne-voie-100mw-installes-en-2023\/\" class=\"more-link\">Continue reading<span class=\"screen-reader-text\"> \u00ab\u00a0L&rsquo;\u00e9olien wallon sur le bon cap d&rsquo;une reprise durable ?\u00a0\u00bb<\/span><\/a><\/p>\n","protected":false},"author":9,"featured_media":12112,"comment_status":"closed","ping_status":"closed","sticky":false,"template":"","format":"standard","meta":{"_acf_changed":false,"footnotes":""},"categories":[17],"tags":[],"section":[6],"class_list":["post-12102","post","type-post","status-publish","format-standard","has-post-thumbnail","hentry","category-actualite-en-belgique","section-eolien"],"acf":[],"yoast_head":"<!-- This site is optimized with the Yoast SEO plugin v27.5 - https:\/\/yoast.com\/product\/yoast-seo-wordpress\/ -->\n<title>L&#039;\u00e9olien wallon sur le bon cap d&#039;une reprise durable ? - Renouvelle<\/title>\n<meta name=\"description\" content=\"L&#039;\u00e9olien wallon sur le bon cap ? Pour la troisi\u00e8me ann\u00e9e cons\u00e9cutive, la puissance de son parc atteint la barre des 100 MW install\u00e9s.\" \/>\n<meta name=\"robots\" content=\"index, follow, max-snippet:-1, max-image-preview:large, max-video-preview:-1\" \/>\n<link rel=\"canonical\" href=\"https:\/\/www.renouvelle.be\/fr\/eolien-wallon-sur-la-bonne-voie-100mw-installes-en-2023\/\" \/>\n<meta property=\"og:locale\" content=\"fr_FR\" \/>\n<meta property=\"og:type\" content=\"article\" \/>\n<meta property=\"og:title\" content=\"L&#039;\u00e9olien wallon sur le bon cap d&#039;une reprise durable ? - Renouvelle\" \/>\n<meta property=\"og:description\" content=\"L&#039;\u00e9olien wallon sur le bon cap ? Pour la troisi\u00e8me ann\u00e9e cons\u00e9cutive, la puissance de son parc atteint la barre des 100 MW install\u00e9s.\" \/>\n<meta property=\"og:url\" content=\"https:\/\/www.renouvelle.be\/fr\/eolien-wallon-sur-la-bonne-voie-100mw-installes-en-2023\/\" \/>\n<meta property=\"og:site_name\" content=\"Renouvelle\" \/>\n<meta property=\"article:published_time\" content=\"2024-02-08T10:09:54+00:00\" \/>\n<meta property=\"article:modified_time\" content=\"2024-02-08T10:12:13+00:00\" \/>\n<meta property=\"og:image\" content=\"https:\/\/www.renouvelle.be\/wp-content\/uploads\/2024\/02\/iStock-1227029069-e1707304434809-1024x643.jpg\" \/>\n\t<meta property=\"og:image:width\" content=\"1024\" \/>\n\t<meta property=\"og:image:height\" content=\"643\" \/>\n\t<meta property=\"og:image:type\" content=\"image\/jpeg\" \/>\n<meta name=\"author\" content=\"Johanna D&#039;hernoncourt\" \/>\n<meta name=\"twitter:card\" content=\"summary_large_image\" \/>\n<script type=\"application\/ld+json\" class=\"yoast-schema-graph\">{\"@context\":\"https:\\\/\\\/schema.org\",\"@graph\":[{\"@type\":\"Article\",\"@id\":\"https:\\\/\\\/www.renouvelle.be\\\/fr\\\/eolien-wallon-sur-la-bonne-voie-100mw-installes-en-2023\\\/#article\",\"isPartOf\":{\"@id\":\"https:\\\/\\\/www.renouvelle.be\\\/fr\\\/eolien-wallon-sur-la-bonne-voie-100mw-installes-en-2023\\\/\"},\"author\":{\"name\":\"Johanna D'hernoncourt\",\"@id\":\"https:\\\/\\\/www.renouvelle.be\\\/fr\\\/#\\\/schema\\\/person\\\/f4eff35e1c33b24317aedb9f1834fa6e\"},\"headline\":\"L&rsquo;\u00e9olien wallon sur le bon cap d&rsquo;une reprise durable ?\",\"datePublished\":\"2024-02-08T10:09:54+00:00\",\"dateModified\":\"2024-02-08T10:12:13+00:00\",\"mainEntityOfPage\":{\"@id\":\"https:\\\/\\\/www.renouvelle.be\\\/fr\\\/eolien-wallon-sur-la-bonne-voie-100mw-installes-en-2023\\\/\"},\"wordCount\":597,\"image\":{\"@id\":\"https:\\\/\\\/www.renouvelle.be\\\/fr\\\/eolien-wallon-sur-la-bonne-voie-100mw-installes-en-2023\\\/#primaryimage\"},\"thumbnailUrl\":\"https:\\\/\\\/www.renouvelle.be\\\/wp-content\\\/uploads\\\/2024\\\/02\\\/iStock-1227029069-e1707304434809.jpg\",\"articleSection\":[\"Actualit\u00e9 en Belgique\"],\"inLanguage\":\"fr-FR\"},{\"@type\":\"WebPage\",\"@id\":\"https:\\\/\\\/www.renouvelle.be\\\/fr\\\/eolien-wallon-sur-la-bonne-voie-100mw-installes-en-2023\\\/\",\"url\":\"https:\\\/\\\/www.renouvelle.be\\\/fr\\\/eolien-wallon-sur-la-bonne-voie-100mw-installes-en-2023\\\/\",\"name\":\"L'\u00e9olien wallon sur le bon cap d'une reprise durable ? - Renouvelle\",\"isPartOf\":{\"@id\":\"https:\\\/\\\/www.renouvelle.be\\\/fr\\\/#website\"},\"primaryImageOfPage\":{\"@id\":\"https:\\\/\\\/www.renouvelle.be\\\/fr\\\/eolien-wallon-sur-la-bonne-voie-100mw-installes-en-2023\\\/#primaryimage\"},\"image\":{\"@id\":\"https:\\\/\\\/www.renouvelle.be\\\/fr\\\/eolien-wallon-sur-la-bonne-voie-100mw-installes-en-2023\\\/#primaryimage\"},\"thumbnailUrl\":\"https:\\\/\\\/www.renouvelle.be\\\/wp-content\\\/uploads\\\/2024\\\/02\\\/iStock-1227029069-e1707304434809.jpg\",\"datePublished\":\"2024-02-08T10:09:54+00:00\",\"dateModified\":\"2024-02-08T10:12:13+00:00\",\"author\":{\"@id\":\"https:\\\/\\\/www.renouvelle.be\\\/fr\\\/#\\\/schema\\\/person\\\/f4eff35e1c33b24317aedb9f1834fa6e\"},\"description\":\"L'\u00e9olien wallon sur le bon cap ? Pour la troisi\u00e8me ann\u00e9e cons\u00e9cutive, la puissance de son parc atteint la barre des 100 MW install\u00e9s.\",\"breadcrumb\":{\"@id\":\"https:\\\/\\\/www.renouvelle.be\\\/fr\\\/eolien-wallon-sur-la-bonne-voie-100mw-installes-en-2023\\\/#breadcrumb\"},\"inLanguage\":\"fr-FR\",\"potentialAction\":[{\"@type\":\"ReadAction\",\"target\":[\"https:\\\/\\\/www.renouvelle.be\\\/fr\\\/eolien-wallon-sur-la-bonne-voie-100mw-installes-en-2023\\\/\"]}]},{\"@type\":\"ImageObject\",\"inLanguage\":\"fr-FR\",\"@id\":\"https:\\\/\\\/www.renouvelle.be\\\/fr\\\/eolien-wallon-sur-la-bonne-voie-100mw-installes-en-2023\\\/#primaryimage\",\"url\":\"https:\\\/\\\/www.renouvelle.be\\\/wp-content\\\/uploads\\\/2024\\\/02\\\/iStock-1227029069-e1707304434809.jpg\",\"contentUrl\":\"https:\\\/\\\/www.renouvelle.be\\\/wp-content\\\/uploads\\\/2024\\\/02\\\/iStock-1227029069-e1707304434809.jpg\",\"width\":2000,\"height\":1256,\"caption\":\"\u00e9olien wallon 100MW de puissance install\u00e9e en 2023\"},{\"@type\":\"BreadcrumbList\",\"@id\":\"https:\\\/\\\/www.renouvelle.be\\\/fr\\\/eolien-wallon-sur-la-bonne-voie-100mw-installes-en-2023\\\/#breadcrumb\",\"itemListElement\":[{\"@type\":\"ListItem\",\"position\":1,\"name\":\"Accueil\",\"item\":\"https:\\\/\\\/www.renouvelle.be\\\/fr\\\/\"},{\"@type\":\"ListItem\",\"position\":2,\"name\":\"L&rsquo;\u00e9olien wallon sur le bon cap d&rsquo;une reprise durable ?\"}]},{\"@type\":\"WebSite\",\"@id\":\"https:\\\/\\\/www.renouvelle.be\\\/fr\\\/#website\",\"url\":\"https:\\\/\\\/www.renouvelle.be\\\/fr\\\/\",\"name\":\"Renouvelle\",\"description\":\"L&#039;actualit\u00e9 de l&#039;\u00e9nergie durable\",\"potentialAction\":[{\"@type\":\"SearchAction\",\"target\":{\"@type\":\"EntryPoint\",\"urlTemplate\":\"https:\\\/\\\/www.renouvelle.be\\\/fr\\\/?s={search_term_string}\"},\"query-input\":{\"@type\":\"PropertyValueSpecification\",\"valueRequired\":true,\"valueName\":\"search_term_string\"}}],\"inLanguage\":\"fr-FR\"},{\"@type\":\"Person\",\"@id\":\"https:\\\/\\\/www.renouvelle.be\\\/fr\\\/#\\\/schema\\\/person\\\/f4eff35e1c33b24317aedb9f1834fa6e\",\"name\":\"Johanna D'hernoncourt\",\"url\":\"https:\\\/\\\/www.renouvelle.be\\\/fr\\\/author\\\/johannadhernoncourt\\\/\"}]}<\/script>\n<!-- \/ Yoast SEO plugin. -->","yoast_head_json":{"title":"L'\u00e9olien wallon sur le bon cap d'une reprise durable ? - Renouvelle","description":"L'\u00e9olien wallon sur le bon cap ? Pour la troisi\u00e8me ann\u00e9e cons\u00e9cutive, la puissance de son parc atteint la barre des 100 MW install\u00e9s.","robots":{"index":"index","follow":"follow","max-snippet":"max-snippet:-1","max-image-preview":"max-image-preview:large","max-video-preview":"max-video-preview:-1"},"canonical":"https:\/\/www.renouvelle.be\/fr\/eolien-wallon-sur-la-bonne-voie-100mw-installes-en-2023\/","og_locale":"fr_FR","og_type":"article","og_title":"L'\u00e9olien wallon sur le bon cap d'une reprise durable ? - Renouvelle","og_description":"L'\u00e9olien wallon sur le bon cap ? Pour la troisi\u00e8me ann\u00e9e cons\u00e9cutive, la puissance de son parc atteint la barre des 100 MW install\u00e9s.","og_url":"https:\/\/www.renouvelle.be\/fr\/eolien-wallon-sur-la-bonne-voie-100mw-installes-en-2023\/","og_site_name":"Renouvelle","article_published_time":"2024-02-08T10:09:54+00:00","article_modified_time":"2024-02-08T10:12:13+00:00","og_image":[{"width":1024,"height":643,"url":"https:\/\/www.renouvelle.be\/wp-content\/uploads\/2024\/02\/iStock-1227029069-e1707304434809-1024x643.jpg","type":"image\/jpeg"}],"author":"Johanna D'hernoncourt","twitter_card":"summary_large_image","schema":{"@context":"https:\/\/schema.org","@graph":[{"@type":"Article","@id":"https:\/\/www.renouvelle.be\/fr\/eolien-wallon-sur-la-bonne-voie-100mw-installes-en-2023\/#article","isPartOf":{"@id":"https:\/\/www.renouvelle.be\/fr\/eolien-wallon-sur-la-bonne-voie-100mw-installes-en-2023\/"},"author":{"name":"Johanna D'hernoncourt","@id":"https:\/\/www.renouvelle.be\/fr\/#\/schema\/person\/f4eff35e1c33b24317aedb9f1834fa6e"},"headline":"L&rsquo;\u00e9olien wallon sur le bon cap d&rsquo;une reprise durable ?","datePublished":"2024-02-08T10:09:54+00:00","dateModified":"2024-02-08T10:12:13+00:00","mainEntityOfPage":{"@id":"https:\/\/www.renouvelle.be\/fr\/eolien-wallon-sur-la-bonne-voie-100mw-installes-en-2023\/"},"wordCount":597,"image":{"@id":"https:\/\/www.renouvelle.be\/fr\/eolien-wallon-sur-la-bonne-voie-100mw-installes-en-2023\/#primaryimage"},"thumbnailUrl":"https:\/\/www.renouvelle.be\/wp-content\/uploads\/2024\/02\/iStock-1227029069-e1707304434809.jpg","articleSection":["Actualit\u00e9 en Belgique"],"inLanguage":"fr-FR"},{"@type":"WebPage","@id":"https:\/\/www.renouvelle.be\/fr\/eolien-wallon-sur-la-bonne-voie-100mw-installes-en-2023\/","url":"https:\/\/www.renouvelle.be\/fr\/eolien-wallon-sur-la-bonne-voie-100mw-installes-en-2023\/","name":"L'\u00e9olien wallon sur le bon cap d'une reprise durable ? - Renouvelle","isPartOf":{"@id":"https:\/\/www.renouvelle.be\/fr\/#website"},"primaryImageOfPage":{"@id":"https:\/\/www.renouvelle.be\/fr\/eolien-wallon-sur-la-bonne-voie-100mw-installes-en-2023\/#primaryimage"},"image":{"@id":"https:\/\/www.renouvelle.be\/fr\/eolien-wallon-sur-la-bonne-voie-100mw-installes-en-2023\/#primaryimage"},"thumbnailUrl":"https:\/\/www.renouvelle.be\/wp-content\/uploads\/2024\/02\/iStock-1227029069-e1707304434809.jpg","datePublished":"2024-02-08T10:09:54+00:00","dateModified":"2024-02-08T10:12:13+00:00","author":{"@id":"https:\/\/www.renouvelle.be\/fr\/#\/schema\/person\/f4eff35e1c33b24317aedb9f1834fa6e"},"description":"L'\u00e9olien wallon sur le bon cap ? Pour la troisi\u00e8me ann\u00e9e cons\u00e9cutive, la puissance de son parc atteint la barre des 100 MW install\u00e9s.","breadcrumb":{"@id":"https:\/\/www.renouvelle.be\/fr\/eolien-wallon-sur-la-bonne-voie-100mw-installes-en-2023\/#breadcrumb"},"inLanguage":"fr-FR","potentialAction":[{"@type":"ReadAction","target":["https:\/\/www.renouvelle.be\/fr\/eolien-wallon-sur-la-bonne-voie-100mw-installes-en-2023\/"]}]},{"@type":"ImageObject","inLanguage":"fr-FR","@id":"https:\/\/www.renouvelle.be\/fr\/eolien-wallon-sur-la-bonne-voie-100mw-installes-en-2023\/#primaryimage","url":"https:\/\/www.renouvelle.be\/wp-content\/uploads\/2024\/02\/iStock-1227029069-e1707304434809.jpg","contentUrl":"https:\/\/www.renouvelle.be\/wp-content\/uploads\/2024\/02\/iStock-1227029069-e1707304434809.jpg","width":2000,"height":1256,"caption":"\u00e9olien wallon 100MW de puissance install\u00e9e en 2023"},{"@type":"BreadcrumbList","@id":"https:\/\/www.renouvelle.be\/fr\/eolien-wallon-sur-la-bonne-voie-100mw-installes-en-2023\/#breadcrumb","itemListElement":[{"@type":"ListItem","position":1,"name":"Accueil","item":"https:\/\/www.renouvelle.be\/fr\/"},{"@type":"ListItem","position":2,"name":"L&rsquo;\u00e9olien wallon sur le bon cap d&rsquo;une reprise durable ?"}]},{"@type":"WebSite","@id":"https:\/\/www.renouvelle.be\/fr\/#website","url":"https:\/\/www.renouvelle.be\/fr\/","name":"Renouvelle","description":"L&#039;actualit\u00e9 de l&#039;\u00e9nergie durable","potentialAction":[{"@type":"SearchAction","target":{"@type":"EntryPoint","urlTemplate":"https:\/\/www.renouvelle.be\/fr\/?s={search_term_string}"},"query-input":{"@type":"PropertyValueSpecification","valueRequired":true,"valueName":"search_term_string"}}],"inLanguage":"fr-FR"},{"@type":"Person","@id":"https:\/\/www.renouvelle.be\/fr\/#\/schema\/person\/f4eff35e1c33b24317aedb9f1834fa6e","name":"Johanna D'hernoncourt","url":"https:\/\/www.renouvelle.be\/fr\/author\/johannadhernoncourt\/"}]}},"_links":{"self":[{"href":"https:\/\/www.renouvelle.be\/fr\/wp-json\/wp\/v2\/posts\/12102","targetHints":{"allow":["GET"]}}],"collection":[{"href":"https:\/\/www.renouvelle.be\/fr\/wp-json\/wp\/v2\/posts"}],"about":[{"href":"https:\/\/www.renouvelle.be\/fr\/wp-json\/wp\/v2\/types\/post"}],"author":[{"embeddable":true,"href":"https:\/\/www.renouvelle.be\/fr\/wp-json\/wp\/v2\/users\/9"}],"replies":[{"embeddable":true,"href":"https:\/\/www.renouvelle.be\/fr\/wp-json\/wp\/v2\/comments?post=12102"}],"version-history":[{"count":48,"href":"https:\/\/www.renouvelle.be\/fr\/wp-json\/wp\/v2\/posts\/12102\/revisions"}],"predecessor-version":[{"id":12182,"href":"https:\/\/www.renouvelle.be\/fr\/wp-json\/wp\/v2\/posts\/12102\/revisions\/12182"}],"wp:featuredmedia":[{"embeddable":true,"href":"https:\/\/www.renouvelle.be\/fr\/wp-json\/wp\/v2\/media\/12112"}],"wp:attachment":[{"href":"https:\/\/www.renouvelle.be\/fr\/wp-json\/wp\/v2\/media?parent=12102"}],"wp:term":[{"taxonomy":"category","embeddable":true,"href":"https:\/\/www.renouvelle.be\/fr\/wp-json\/wp\/v2\/categories?post=12102"},{"taxonomy":"post_tag","embeddable":true,"href":"https:\/\/www.renouvelle.be\/fr\/wp-json\/wp\/v2\/tags?post=12102"},{"taxonomy":"section","embeddable":true,"href":"https:\/\/www.renouvelle.be\/fr\/wp-json\/wp\/v2\/section?post=12102"}],"curies":[{"name":"wp","href":"https:\/\/api.w.org\/{rel}","templated":true}]}}