{"id":12038,"date":"2024-02-05T09:20:19","date_gmt":"2024-02-05T08:20:19","guid":{"rendered":"https:\/\/www.renouvelle.be\/?p=12038"},"modified":"2024-02-05T10:23:49","modified_gmt":"2024-02-05T09:23:49","slug":"eoliennes-biodiversite-marine-coexistence-positive-mer-du-nord","status":"publish","type":"post","link":"https:\/\/www.renouvelle.be\/fr\/eoliennes-biodiversite-marine-coexistence-positive-mer-du-nord\/","title":{"rendered":"\u00c9oliennes et biodiversit\u00e9 en mer du Nord : coexistence positive"},"content":{"rendered":"\n<p>Dirig\u00e9 par <a href=\"https:\/\/www.naturalsciences.be\/en\" target=\"_blank\" rel=\"noreferrer noopener\">l\u2019Institut des Sciences Naturelles<\/a>, le programme partage un bilan globalement positif sur la cohabitation des \u00e9oliennes offshore et de la biodiversit\u00e9 marine.<\/p>\n\n\n\n<p>Cette surveillance a dur\u00e9 trois fois plus longtemps que la dur\u00e9e habituelle de ce type de programmes. En effet, selon le rapport, la plupart d\u2019entre eux s\u2019arr\u00eatant 5 ans apr\u00e8s l\u2019installation des \u00e9oliennes, ils ne peuvent fournir les informations pertinentes pour la bonne gestion des parcs \u00e9oliens sur le long terme. En effet, il a \u00e9t\u00e9 remarqu\u00e9 que des changements continuent \u00e0 se produire une douzaine d\u2019ann\u00e9es apr\u00e8s l\u2019installation, prouvant l\u2019importance des surveillances de longue dur\u00e9e.<\/p>\n\n\n\n<p>La partie belge de la mer du Nord comptabilise 8 parcs op\u00e9rationnels avec 399 turbines pour une capacit\u00e9 install\u00e9e de 2,26 GW. Avec l\u2019objectif d\u2019augmenter cette derni\u00e8re, <a href=\"https:\/\/www.renouvelle.be\/fr\/ile-energetique-princesse-elisabeth-permis-environnement\/\" target=\"_blank\" rel=\"noreferrer noopener\">la zone Princesse Elisabeth<\/a> verra bient\u00f4t le jour pour la porter \u00e0 3,5 GW d\u2019ici 2030. Il faut donc pouvoir faire cohabiter la transition \u00e9nerg\u00e9tique et la vie animale. Avant toute construction, un permis d\u2019environnement doit \u00eatre obtenu et inclure l\u2019obligation d\u2019avoir un programme de surveillance des impacts sur l\u2019environnement aquatique.<\/p>\n\n\n\n<p>Avec des fonds marins plus riches, l\u2019\u00e9tude a pu constater un d\u00e9veloppement de la biodiversit\u00e9 au niveau des fondations des \u00e9oliennes. Le mouvement r\u00e9duit des courants marins, dans la zone, a permis une s\u00e9dimentation favorisant un terrain de choix pour des esp\u00e8ces comme les \u00e9toiles de mer ou les mollusques, entre autres.<\/p>\n\n\n\n<p>Le rapport fait \u00e9galement part d\u2019une modification de la r\u00e9partition chez les poissons. Le cas de la plie qui trouve refuge aux bases des \u00e9oliennes est une belle illustration. En effet, la protection de ces bases contre l\u2019\u00e9rosion et les zones sablonneuses entre celles-ci offrent un habitat aux poissons qui y trouvent de la nourriture en abondance. La \u00ab&nbsp;cr\u00e9ation&nbsp;\u00bb de ce refuge a, sans doute, permis de diminuer la mortalit\u00e9 de la plie due \u00e0 la p\u00eache, voire augment\u00e9 la reproduction de l\u2019esp\u00e8ce.<\/p>\n\n\n\n<p>Concernant les oiseaux et leur migration, les donn\u00e9es ont d\u00e9montr\u00e9 un \u00e9vitement de la zone par certaines esp\u00e8ces comme le fou de Bassan ou les guillemots communs. D\u2019autres, au contraire, semblent \u00eatre attir\u00e9es comme le go\u00e9land marin et le grand cormoran. Une des pr\u00e9occupations pos\u00e9es par le d\u00e9veloppement des parcs \u00e9oliens est la migration des oiseaux qui pourraient demander aux \u00e9oliennes de s\u2019arr\u00eater, temporairement, pendant cette p\u00e9riode afin d\u2019en \u00e9viter les collisions \u00e9ventuelles.<\/p>\n\n\n\n<p>Bien qu\u2019il faille continuer d\u2019\u00eatre vigilant \u00e0 toujours respecter le vivant, le rapport d\u00e9montre bien que la cohabitation entre les \u00e9oliennes et la biodiversit\u00e9 est possible.<\/p>\n\n\n\n<p>Il est \u00e0 d\u00e9couvrir, en entier, <a href=\"https:\/\/odnature.naturalsciences.be\/downloads\/mumm\/windfarms\/winmon_report_2023_final.pdf\" target=\"_blank\" rel=\"noreferrer noopener\">ici<\/a>.<\/p>\n","protected":false},"excerpt":{"rendered":"<p>Dirig\u00e9 par l\u2019Institut des Sciences Naturelles, le programme partage un bilan globalement positif sur la cohabitation des \u00e9oliennes offshore et de la biodiversit\u00e9 marine. Cette surveillance a dur\u00e9 trois fois plus longtemps que la dur\u00e9e habituelle de ce type de programmes. En effet, selon le rapport, la plupart d\u2019entre eux s\u2019arr\u00eatant 5 ans apr\u00e8s l\u2019installation des \u00e9oliennes, ils ne peuvent fournir les informations pertinentes pour la bonne gestion des parcs \u00e9oliens sur le long terme. En effet, il a \u00e9t\u00e9 remarqu\u00e9 que des changements continuent \u00e0 se produire une douzaine d\u2019ann\u00e9es apr\u00e8s l\u2019installation, prouvant l\u2019importance des surveillances de longue dur\u00e9e. La partie belge de la mer du Nord comptabilise 8 parcs op\u00e9rationnels avec 399 turbines pour une capacit\u00e9 install\u00e9e de 2,26 GW. Avec l\u2019objectif d\u2019augmenter cette derni\u00e8re, la zone Princesse Elisabeth verra bient\u00f4t le jour pour la porter \u00e0 3,5 GW d\u2019ici 2030. Il faut donc pouvoir faire cohabiter la transition \u00e9nerg\u00e9tique et la vie animale. Avant toute construction, un permis d\u2019environnement doit \u00eatre obtenu et inclure l\u2019obligation d\u2019avoir un programme de surveillance des impacts sur l\u2019environnement aquatique. Avec des fonds marins plus riches, l\u2019\u00e9tude a pu constater un d\u00e9veloppement de la biodiversit\u00e9 au niveau des fondations des \u00e9oliennes. Le mouvement r\u00e9duit des courants marins, dans la zone, a permis une s\u00e9dimentation favorisant un terrain de choix pour des esp\u00e8ces comme les \u00e9toiles de mer ou les mollusques, entre autres. Le rapport fait \u00e9galement part d\u2019une modification de la r\u00e9partition chez les poissons. Le cas de la plie qui trouve refuge aux bases des \u00e9oliennes est une belle illustration. En effet, la protection de ces bases contre l\u2019\u00e9rosion et les zones sablonneuses entre celles-ci offrent un habitat aux poissons qui y trouvent de la nourriture en abondance. La \u00ab&nbsp;cr\u00e9ation&nbsp;\u00bb de &hellip; <a href=\"https:\/\/www.renouvelle.be\/fr\/eoliennes-biodiversite-marine-coexistence-positive-mer-du-nord\/\" class=\"more-link\">Continue reading<span class=\"screen-reader-text\"> \u00ab\u00a0\u00c9oliennes et biodiversit\u00e9 en mer du Nord : coexistence positive\u00a0\u00bb<\/span><\/a><\/p>\n","protected":false},"author":38,"featured_media":12055,"comment_status":"closed","ping_status":"closed","sticky":false,"template":"","format":"standard","meta":{"_acf_changed":false,"footnotes":""},"categories":[17],"tags":[],"section":[6],"class_list":["post-12038","post","type-post","status-publish","format-standard","has-post-thumbnail","hentry","category-actualite-en-belgique","section-eolien"],"acf":[],"yoast_head":"<!-- This site is optimized with the Yoast SEO plugin v27.5 - https:\/\/yoast.com\/product\/yoast-seo-wordpress\/ -->\n<title>\u00c9oliennes et biodiversit\u00e9 en mer du Nord : coexistence positive - Renouvelle<\/title>\n<meta name=\"description\" content=\"La coexistence entre \u00e9oliennes et biodiversit\u00e9 marine, en mer du Nord, est-elle possible ? R\u00e9ponse affirmative selon le programme WinMon.BE.\" \/>\n<meta name=\"robots\" content=\"index, follow, max-snippet:-1, max-image-preview:large, max-video-preview:-1\" \/>\n<link rel=\"canonical\" href=\"https:\/\/www.renouvelle.be\/fr\/eoliennes-biodiversite-marine-coexistence-positive-mer-du-nord\/\" \/>\n<meta property=\"og:locale\" content=\"fr_FR\" \/>\n<meta property=\"og:type\" content=\"article\" \/>\n<meta property=\"og:title\" content=\"\u00c9oliennes et biodiversit\u00e9 en mer du Nord : coexistence positive - Renouvelle\" \/>\n<meta property=\"og:description\" content=\"La coexistence entre \u00e9oliennes et biodiversit\u00e9 marine, en mer du Nord, est-elle possible ? R\u00e9ponse affirmative selon le programme WinMon.BE.\" \/>\n<meta property=\"og:url\" content=\"https:\/\/www.renouvelle.be\/fr\/eoliennes-biodiversite-marine-coexistence-positive-mer-du-nord\/\" \/>\n<meta property=\"og:site_name\" content=\"Renouvelle\" \/>\n<meta property=\"article:published_time\" content=\"2024-02-05T08:20:19+00:00\" \/>\n<meta property=\"article:modified_time\" content=\"2024-02-05T09:23:49+00:00\" \/>\n<meta property=\"og:image\" content=\"https:\/\/www.renouvelle.be\/wp-content\/uploads\/2024\/02\/iStock-1423389231.jpg\" \/>\n\t<meta property=\"og:image:width\" content=\"2121\" \/>\n\t<meta property=\"og:image:height\" content=\"1414\" \/>\n\t<meta property=\"og:image:type\" content=\"image\/jpeg\" \/>\n<meta name=\"author\" content=\"Samuel Alves\" \/>\n<meta name=\"twitter:card\" content=\"summary_large_image\" \/>\n<script type=\"application\/ld+json\" class=\"yoast-schema-graph\">{\"@context\":\"https:\\\/\\\/schema.org\",\"@graph\":[{\"@type\":\"Article\",\"@id\":\"https:\\\/\\\/www.renouvelle.be\\\/fr\\\/eoliennes-biodiversite-marine-coexistence-positive-mer-du-nord\\\/#article\",\"isPartOf\":{\"@id\":\"https:\\\/\\\/www.renouvelle.be\\\/fr\\\/eoliennes-biodiversite-marine-coexistence-positive-mer-du-nord\\\/\"},\"author\":{\"name\":\"Samuel Alves\",\"@id\":\"https:\\\/\\\/www.renouvelle.be\\\/fr\\\/#\\\/schema\\\/person\\\/9d743366fb269eeceaa8d60e98d289d3\"},\"headline\":\"\u00c9oliennes et biodiversit\u00e9 en mer du Nord : coexistence positive\",\"datePublished\":\"2024-02-05T08:20:19+00:00\",\"dateModified\":\"2024-02-05T09:23:49+00:00\",\"mainEntityOfPage\":{\"@id\":\"https:\\\/\\\/www.renouvelle.be\\\/fr\\\/eoliennes-biodiversite-marine-coexistence-positive-mer-du-nord\\\/\"},\"wordCount\":473,\"image\":{\"@id\":\"https:\\\/\\\/www.renouvelle.be\\\/fr\\\/eoliennes-biodiversite-marine-coexistence-positive-mer-du-nord\\\/#primaryimage\"},\"thumbnailUrl\":\"https:\\\/\\\/www.renouvelle.be\\\/wp-content\\\/uploads\\\/2024\\\/02\\\/iStock-1423389231.jpg\",\"articleSection\":[\"Actualit\u00e9 en Belgique\"],\"inLanguage\":\"fr-FR\"},{\"@type\":\"WebPage\",\"@id\":\"https:\\\/\\\/www.renouvelle.be\\\/fr\\\/eoliennes-biodiversite-marine-coexistence-positive-mer-du-nord\\\/\",\"url\":\"https:\\\/\\\/www.renouvelle.be\\\/fr\\\/eoliennes-biodiversite-marine-coexistence-positive-mer-du-nord\\\/\",\"name\":\"\u00c9oliennes et biodiversit\u00e9 en mer du Nord : coexistence positive - Renouvelle\",\"isPartOf\":{\"@id\":\"https:\\\/\\\/www.renouvelle.be\\\/fr\\\/#website\"},\"primaryImageOfPage\":{\"@id\":\"https:\\\/\\\/www.renouvelle.be\\\/fr\\\/eoliennes-biodiversite-marine-coexistence-positive-mer-du-nord\\\/#primaryimage\"},\"image\":{\"@id\":\"https:\\\/\\\/www.renouvelle.be\\\/fr\\\/eoliennes-biodiversite-marine-coexistence-positive-mer-du-nord\\\/#primaryimage\"},\"thumbnailUrl\":\"https:\\\/\\\/www.renouvelle.be\\\/wp-content\\\/uploads\\\/2024\\\/02\\\/iStock-1423389231.jpg\",\"datePublished\":\"2024-02-05T08:20:19+00:00\",\"dateModified\":\"2024-02-05T09:23:49+00:00\",\"author\":{\"@id\":\"https:\\\/\\\/www.renouvelle.be\\\/fr\\\/#\\\/schema\\\/person\\\/9d743366fb269eeceaa8d60e98d289d3\"},\"description\":\"La coexistence entre \u00e9oliennes et biodiversit\u00e9 marine, en mer du Nord, est-elle possible ? R\u00e9ponse affirmative selon le programme WinMon.BE.\",\"breadcrumb\":{\"@id\":\"https:\\\/\\\/www.renouvelle.be\\\/fr\\\/eoliennes-biodiversite-marine-coexistence-positive-mer-du-nord\\\/#breadcrumb\"},\"inLanguage\":\"fr-FR\",\"potentialAction\":[{\"@type\":\"ReadAction\",\"target\":[\"https:\\\/\\\/www.renouvelle.be\\\/fr\\\/eoliennes-biodiversite-marine-coexistence-positive-mer-du-nord\\\/\"]}]},{\"@type\":\"ImageObject\",\"inLanguage\":\"fr-FR\",\"@id\":\"https:\\\/\\\/www.renouvelle.be\\\/fr\\\/eoliennes-biodiversite-marine-coexistence-positive-mer-du-nord\\\/#primaryimage\",\"url\":\"https:\\\/\\\/www.renouvelle.be\\\/wp-content\\\/uploads\\\/2024\\\/02\\\/iStock-1423389231.jpg\",\"contentUrl\":\"https:\\\/\\\/www.renouvelle.be\\\/wp-content\\\/uploads\\\/2024\\\/02\\\/iStock-1423389231.jpg\",\"width\":2121,\"height\":1414,\"caption\":\"an\u00e9mone de mer, biodiversit\u00e9 et \u00e9oliennes offshore en mer du Nord\"},{\"@type\":\"BreadcrumbList\",\"@id\":\"https:\\\/\\\/www.renouvelle.be\\\/fr\\\/eoliennes-biodiversite-marine-coexistence-positive-mer-du-nord\\\/#breadcrumb\",\"itemListElement\":[{\"@type\":\"ListItem\",\"position\":1,\"name\":\"Accueil\",\"item\":\"https:\\\/\\\/www.renouvelle.be\\\/fr\\\/\"},{\"@type\":\"ListItem\",\"position\":2,\"name\":\"\u00c9oliennes et biodiversit\u00e9 en mer du Nord : coexistence positive\"}]},{\"@type\":\"WebSite\",\"@id\":\"https:\\\/\\\/www.renouvelle.be\\\/fr\\\/#website\",\"url\":\"https:\\\/\\\/www.renouvelle.be\\\/fr\\\/\",\"name\":\"Renouvelle\",\"description\":\"L&#039;actualit\u00e9 de l&#039;\u00e9nergie durable\",\"potentialAction\":[{\"@type\":\"SearchAction\",\"target\":{\"@type\":\"EntryPoint\",\"urlTemplate\":\"https:\\\/\\\/www.renouvelle.be\\\/fr\\\/?s={search_term_string}\"},\"query-input\":{\"@type\":\"PropertyValueSpecification\",\"valueRequired\":true,\"valueName\":\"search_term_string\"}}],\"inLanguage\":\"fr-FR\"},{\"@type\":\"Person\",\"@id\":\"https:\\\/\\\/www.renouvelle.be\\\/fr\\\/#\\\/schema\\\/person\\\/9d743366fb269eeceaa8d60e98d289d3\",\"name\":\"Samuel Alves\",\"url\":\"https:\\\/\\\/www.renouvelle.be\\\/fr\\\/author\\\/salves\\\/\"}]}<\/script>\n<!-- \/ Yoast SEO plugin. -->","yoast_head_json":{"title":"\u00c9oliennes et biodiversit\u00e9 en mer du Nord : coexistence positive - Renouvelle","description":"La coexistence entre \u00e9oliennes et biodiversit\u00e9 marine, en mer du Nord, est-elle possible ? R\u00e9ponse affirmative selon le programme WinMon.BE.","robots":{"index":"index","follow":"follow","max-snippet":"max-snippet:-1","max-image-preview":"max-image-preview:large","max-video-preview":"max-video-preview:-1"},"canonical":"https:\/\/www.renouvelle.be\/fr\/eoliennes-biodiversite-marine-coexistence-positive-mer-du-nord\/","og_locale":"fr_FR","og_type":"article","og_title":"\u00c9oliennes et biodiversit\u00e9 en mer du Nord : coexistence positive - Renouvelle","og_description":"La coexistence entre \u00e9oliennes et biodiversit\u00e9 marine, en mer du Nord, est-elle possible ? R\u00e9ponse affirmative selon le programme WinMon.BE.","og_url":"https:\/\/www.renouvelle.be\/fr\/eoliennes-biodiversite-marine-coexistence-positive-mer-du-nord\/","og_site_name":"Renouvelle","article_published_time":"2024-02-05T08:20:19+00:00","article_modified_time":"2024-02-05T09:23:49+00:00","og_image":[{"width":2121,"height":1414,"url":"https:\/\/www.renouvelle.be\/wp-content\/uploads\/2024\/02\/iStock-1423389231.jpg","type":"image\/jpeg"}],"author":"Samuel Alves","twitter_card":"summary_large_image","schema":{"@context":"https:\/\/schema.org","@graph":[{"@type":"Article","@id":"https:\/\/www.renouvelle.be\/fr\/eoliennes-biodiversite-marine-coexistence-positive-mer-du-nord\/#article","isPartOf":{"@id":"https:\/\/www.renouvelle.be\/fr\/eoliennes-biodiversite-marine-coexistence-positive-mer-du-nord\/"},"author":{"name":"Samuel Alves","@id":"https:\/\/www.renouvelle.be\/fr\/#\/schema\/person\/9d743366fb269eeceaa8d60e98d289d3"},"headline":"\u00c9oliennes et biodiversit\u00e9 en mer du Nord : coexistence positive","datePublished":"2024-02-05T08:20:19+00:00","dateModified":"2024-02-05T09:23:49+00:00","mainEntityOfPage":{"@id":"https:\/\/www.renouvelle.be\/fr\/eoliennes-biodiversite-marine-coexistence-positive-mer-du-nord\/"},"wordCount":473,"image":{"@id":"https:\/\/www.renouvelle.be\/fr\/eoliennes-biodiversite-marine-coexistence-positive-mer-du-nord\/#primaryimage"},"thumbnailUrl":"https:\/\/www.renouvelle.be\/wp-content\/uploads\/2024\/02\/iStock-1423389231.jpg","articleSection":["Actualit\u00e9 en Belgique"],"inLanguage":"fr-FR"},{"@type":"WebPage","@id":"https:\/\/www.renouvelle.be\/fr\/eoliennes-biodiversite-marine-coexistence-positive-mer-du-nord\/","url":"https:\/\/www.renouvelle.be\/fr\/eoliennes-biodiversite-marine-coexistence-positive-mer-du-nord\/","name":"\u00c9oliennes et biodiversit\u00e9 en mer du Nord : coexistence positive - Renouvelle","isPartOf":{"@id":"https:\/\/www.renouvelle.be\/fr\/#website"},"primaryImageOfPage":{"@id":"https:\/\/www.renouvelle.be\/fr\/eoliennes-biodiversite-marine-coexistence-positive-mer-du-nord\/#primaryimage"},"image":{"@id":"https:\/\/www.renouvelle.be\/fr\/eoliennes-biodiversite-marine-coexistence-positive-mer-du-nord\/#primaryimage"},"thumbnailUrl":"https:\/\/www.renouvelle.be\/wp-content\/uploads\/2024\/02\/iStock-1423389231.jpg","datePublished":"2024-02-05T08:20:19+00:00","dateModified":"2024-02-05T09:23:49+00:00","author":{"@id":"https:\/\/www.renouvelle.be\/fr\/#\/schema\/person\/9d743366fb269eeceaa8d60e98d289d3"},"description":"La coexistence entre \u00e9oliennes et biodiversit\u00e9 marine, en mer du Nord, est-elle possible ? R\u00e9ponse affirmative selon le programme WinMon.BE.","breadcrumb":{"@id":"https:\/\/www.renouvelle.be\/fr\/eoliennes-biodiversite-marine-coexistence-positive-mer-du-nord\/#breadcrumb"},"inLanguage":"fr-FR","potentialAction":[{"@type":"ReadAction","target":["https:\/\/www.renouvelle.be\/fr\/eoliennes-biodiversite-marine-coexistence-positive-mer-du-nord\/"]}]},{"@type":"ImageObject","inLanguage":"fr-FR","@id":"https:\/\/www.renouvelle.be\/fr\/eoliennes-biodiversite-marine-coexistence-positive-mer-du-nord\/#primaryimage","url":"https:\/\/www.renouvelle.be\/wp-content\/uploads\/2024\/02\/iStock-1423389231.jpg","contentUrl":"https:\/\/www.renouvelle.be\/wp-content\/uploads\/2024\/02\/iStock-1423389231.jpg","width":2121,"height":1414,"caption":"an\u00e9mone de mer, biodiversit\u00e9 et \u00e9oliennes offshore en mer du Nord"},{"@type":"BreadcrumbList","@id":"https:\/\/www.renouvelle.be\/fr\/eoliennes-biodiversite-marine-coexistence-positive-mer-du-nord\/#breadcrumb","itemListElement":[{"@type":"ListItem","position":1,"name":"Accueil","item":"https:\/\/www.renouvelle.be\/fr\/"},{"@type":"ListItem","position":2,"name":"\u00c9oliennes et biodiversit\u00e9 en mer du Nord : coexistence positive"}]},{"@type":"WebSite","@id":"https:\/\/www.renouvelle.be\/fr\/#website","url":"https:\/\/www.renouvelle.be\/fr\/","name":"Renouvelle","description":"L&#039;actualit\u00e9 de l&#039;\u00e9nergie durable","potentialAction":[{"@type":"SearchAction","target":{"@type":"EntryPoint","urlTemplate":"https:\/\/www.renouvelle.be\/fr\/?s={search_term_string}"},"query-input":{"@type":"PropertyValueSpecification","valueRequired":true,"valueName":"search_term_string"}}],"inLanguage":"fr-FR"},{"@type":"Person","@id":"https:\/\/www.renouvelle.be\/fr\/#\/schema\/person\/9d743366fb269eeceaa8d60e98d289d3","name":"Samuel Alves","url":"https:\/\/www.renouvelle.be\/fr\/author\/salves\/"}]}},"_links":{"self":[{"href":"https:\/\/www.renouvelle.be\/fr\/wp-json\/wp\/v2\/posts\/12038","targetHints":{"allow":["GET"]}}],"collection":[{"href":"https:\/\/www.renouvelle.be\/fr\/wp-json\/wp\/v2\/posts"}],"about":[{"href":"https:\/\/www.renouvelle.be\/fr\/wp-json\/wp\/v2\/types\/post"}],"author":[{"embeddable":true,"href":"https:\/\/www.renouvelle.be\/fr\/wp-json\/wp\/v2\/users\/38"}],"replies":[{"embeddable":true,"href":"https:\/\/www.renouvelle.be\/fr\/wp-json\/wp\/v2\/comments?post=12038"}],"version-history":[{"count":23,"href":"https:\/\/www.renouvelle.be\/fr\/wp-json\/wp\/v2\/posts\/12038\/revisions"}],"predecessor-version":[{"id":12064,"href":"https:\/\/www.renouvelle.be\/fr\/wp-json\/wp\/v2\/posts\/12038\/revisions\/12064"}],"wp:featuredmedia":[{"embeddable":true,"href":"https:\/\/www.renouvelle.be\/fr\/wp-json\/wp\/v2\/media\/12055"}],"wp:attachment":[{"href":"https:\/\/www.renouvelle.be\/fr\/wp-json\/wp\/v2\/media?parent=12038"}],"wp:term":[{"taxonomy":"category","embeddable":true,"href":"https:\/\/www.renouvelle.be\/fr\/wp-json\/wp\/v2\/categories?post=12038"},{"taxonomy":"post_tag","embeddable":true,"href":"https:\/\/www.renouvelle.be\/fr\/wp-json\/wp\/v2\/tags?post=12038"},{"taxonomy":"section","embeddable":true,"href":"https:\/\/www.renouvelle.be\/fr\/wp-json\/wp\/v2\/section?post=12038"}],"curies":[{"name":"wp","href":"https:\/\/api.w.org\/{rel}","templated":true}]}}