{"id":11885,"date":"2024-01-25T09:46:48","date_gmt":"2024-01-25T08:46:48","guid":{"rendered":"https:\/\/www.renouvelle.be\/?p=11885"},"modified":"2024-01-25T09:46:54","modified_gmt":"2024-01-25T08:46:54","slug":"criticite-materiaux-de-la-transition-energetique-sous-haute-tension","status":"publish","type":"post","link":"https:\/\/www.renouvelle.be\/fr\/criticite-materiaux-de-la-transition-energetique-sous-haute-tension\/","title":{"rendered":"Criticit\u00e9 des mat\u00e9riaux, la transition \u00e9nerg\u00e9tique sous haute tension"},"content":{"rendered":"\n<p><\/p>\n\n\n\n<p>Ces m\u00eames mat\u00e9riaux se trouvent sur les listes \u00e9tablies par l\u2019UE, les \u00c9tats-Unis et la Chine, soulignant ainsi leur importance strat\u00e9gique. Mais de quels risques parle-t-on&nbsp;?<\/p>\n\n\n\n<p>Dans l&rsquo;<a href=\"https:\/\/www.renouvelle.be\/fr\/voyage-au-coeur-de-nos-energies-renouvelables\/\" target=\"_blank\" rel=\"noreferrer noopener\">article pr\u00e9c\u00e9dent <\/a>de notre s\u00e9rie sur les mat\u00e9riaux de la transition \u00e9nerg\u00e9tique, nous avons voyag\u00e9 au c\u0153ur des technologies renouvelables. Cette fois, explorons la criticit\u00e9 des \u00e9l\u00e9ments qui les composent.<\/p>\n\n\n\n<h2 class=\"wp-block-heading\">Comprendre la criticit\u00e9 des mat\u00e9riaux de la transition \u00e9nerg\u00e9tique<\/h2>\n\n\n\n<p>Contrairement \u00e0 une id\u00e9e pr\u00e9con\u00e7ue, la criticit\u00e9 ne se limite pas \u00e0 la disponibilit\u00e9 de la ressource. Si tel \u00e9tait le cas, de nombreux \u00e9l\u00e9ments ne seraient pas qualifi\u00e9s de critiques, la cro\u00fbte terrestre renfermant une quantit\u00e9 suffisante pour les besoins de la transition \u00e9nerg\u00e9tique. La criticit\u00e9 est donc plurifactorielle. Elle tient compte d&rsquo;aspects socio-environnementaux, g\u00e9opolitiques et \u00e9conomiques susceptibles de compromettre la s\u00e9curit\u00e9 d&rsquo;approvisionnement.<\/p>\n\n\n<div class=\"wp-block-image\">\n<figure data-wp-context=\"{&quot;imageId&quot;:&quot;69f1fe018d467&quot;}\" data-wp-interactive=\"core\/image\" data-wp-key=\"69f1fe018d467\" class=\"alignright size-full is-resized wp-lightbox-container\"><img loading=\"lazy\" decoding=\"async\" width=\"605\" height=\"497\" data-wp-class--hide=\"state.isContentHidden\" data-wp-class--show=\"state.isContentVisible\" data-wp-init=\"callbacks.setButtonStyles\" data-wp-on--click=\"actions.showLightbox\" data-wp-on--load=\"callbacks.setButtonStyles\" data-wp-on-window--resize=\"callbacks.setButtonStyles\" src=\"https:\/\/www.renouvelle.be\/wp-content\/uploads\/2024\/01\/Image1.png\" alt=\"criticit\u00e9 des mat\u00e9riaux de la transition \u00e9nerg\u00e9tique\" class=\"wp-image-11890\" style=\"width:393px;height:auto\" srcset=\"https:\/\/www.renouvelle.be\/wp-content\/uploads\/2024\/01\/Image1.png 605w, https:\/\/www.renouvelle.be\/wp-content\/uploads\/2024\/01\/Image1-300x246.png 300w\" sizes=\"auto, (max-width: 605px) 100vw, 605px\" \/><button\n\t\t\tclass=\"lightbox-trigger\"\n\t\t\ttype=\"button\"\n\t\t\taria-haspopup=\"dialog\"\n\t\t\taria-label=\"Agrandir\"\n\t\t\tdata-wp-init=\"callbacks.initTriggerButton\"\n\t\t\tdata-wp-on--click=\"actions.showLightbox\"\n\t\t\tdata-wp-style--right=\"state.imageButtonRight\"\n\t\t\tdata-wp-style--top=\"state.imageButtonTop\"\n\t\t>\n\t\t\t<svg xmlns=\"http:\/\/www.w3.org\/2000\/svg\" width=\"12\" height=\"12\" fill=\"none\" viewBox=\"0 0 12 12\">\n\t\t\t\t<path fill=\"#fff\" d=\"M2 0a2 2 0 0 0-2 2v2h1.5V2a.5.5 0 0 1 .5-.5h2V0H2Zm2 10.5H2a.5.5 0 0 1-.5-.5V8H0v2a2 2 0 0 0 2 2h2v-1.5ZM8 12v-1.5h2a.5.5 0 0 0 .5-.5V8H12v2a2 2 0 0 1-2 2H8Zm2-12a2 2 0 0 1 2 2v2h-1.5V2a.5.5 0 0 0-.5-.5H8V0h2Z\" \/>\n\t\t\t<\/svg>\n\t\t<\/button><figcaption class=\"wp-element-caption\">Rapports publics sur les risques li\u00e9s \u00e0 la gouvernance dans la cha\u00eene d&rsquo;approvisionnement des min\u00e9raux. Source : IEA<\/figcaption><\/figure>\n<\/div>\n\n\n<p>Socialement, l&rsquo;exploitation mini\u00e8re est associ\u00e9e \u00e0 la perte de terres, au d\u00e9placement de populations et \u00e0 des violations des droits de l&rsquo;homme envers les populations autochtones. D&rsquo;apr\u00e8s l&rsquo;IRENA, 54% des minerais de la transition se trouvent sur ou pr\u00e8s des terres des peuples autochtones. Les mauvaises conditions de travail persistent dans l&rsquo;industrie mini\u00e8re mondiale, d\u00e9pourvue d&rsquo;une protection sociale et de droits du travail ad\u00e9quats. Enfin, l&rsquo;exploitation artisanale, \u00e0 petite \u00e9chelle, est associ\u00e9e \u00e0 des conditions dangereuses, au travail d\u2019enfants, \u00e0 de bas salaires et au manque de protection sociale.<\/p>\n\n\n\n<p>Sur le plan environnemental, selon le Programme des Nations-Unies pour l\u2019environnement, le secteur des m\u00e9taux et des mines, responsable de 10 % des \u00e9missions mondiales de gaz \u00e0 effet de serre, peut nuire \u00e0 la biodiversit\u00e9 par la d\u00e9forestation, la perte d&rsquo;habitat et l&rsquo;\u00e9rosion des sols. Les d\u00e9chets miniers pr\u00e9sentent des risques environnementaux et pour les communaut\u00e9s locales s&rsquo;ils ne sont pas correctement g\u00e9r\u00e9s. L&rsquo;extraction et le traitement des minerais, gourmands en eau, augmentent les risques de contamination. La moiti\u00e9 de la production de certains mat\u00e9riaux, tels que le cuivre ou le lithium, se situe dans des zones \u00e0 stress hydrique \u00e9lev\u00e9, entra\u00eenant une possible contrainte future en raison de la limitation de la disponibilit\u00e9 en eau.<\/p>\n\n\n<div class=\"wp-block-image\">\n<figure data-wp-context=\"{&quot;imageId&quot;:&quot;69f1fe018dfe7&quot;}\" data-wp-interactive=\"core\/image\" data-wp-key=\"69f1fe018dfe7\" class=\"aligncenter size-full wp-lightbox-container\"><img loading=\"lazy\" decoding=\"async\" width=\"605\" height=\"309\" data-wp-class--hide=\"state.isContentHidden\" data-wp-class--show=\"state.isContentVisible\" data-wp-init=\"callbacks.setButtonStyles\" data-wp-on--click=\"actions.showLightbox\" data-wp-on--load=\"callbacks.setButtonStyles\" data-wp-on-window--resize=\"callbacks.setButtonStyles\" src=\"https:\/\/www.renouvelle.be\/wp-content\/uploads\/2024\/01\/Image2-e1706088378492.png\" alt=\"criticit\u00e9 des mat\u00e9riaux de la transition \u00e9nerg\u00e9tique\" class=\"wp-image-11892\" srcset=\"https:\/\/www.renouvelle.be\/wp-content\/uploads\/2024\/01\/Image2-e1706088378492.png 605w, https:\/\/www.renouvelle.be\/wp-content\/uploads\/2024\/01\/Image2-e1706088378492-300x153.png 300w\" sizes=\"auto, (max-width: 605px) 100vw, 605px\" \/><button\n\t\t\tclass=\"lightbox-trigger\"\n\t\t\ttype=\"button\"\n\t\t\taria-haspopup=\"dialog\"\n\t\t\taria-label=\"Agrandir\"\n\t\t\tdata-wp-init=\"callbacks.initTriggerButton\"\n\t\t\tdata-wp-on--click=\"actions.showLightbox\"\n\t\t\tdata-wp-style--right=\"state.imageButtonRight\"\n\t\t\tdata-wp-style--top=\"state.imageButtonTop\"\n\t\t>\n\t\t\t<svg xmlns=\"http:\/\/www.w3.org\/2000\/svg\" width=\"12\" height=\"12\" fill=\"none\" viewBox=\"0 0 12 12\">\n\t\t\t\t<path fill=\"#fff\" d=\"M2 0a2 2 0 0 0-2 2v2h1.5V2a.5.5 0 0 1 .5-.5h2V0H2Zm2 10.5H2a.5.5 0 0 1-.5-.5V8H0v2a2 2 0 0 0 2 2h2v-1.5ZM8 12v-1.5h2a.5.5 0 0 0 .5-.5V8H12v2a2 2 0 0 1-2 2H8Zm2-12a2 2 0 0 1 2 2v2h-1.5V2a.5.5 0 0 0-.5-.5H8V0h2Z\" \/>\n\t\t\t<\/svg>\n\t\t<\/button><figcaption class=\"wp-element-caption\">La majorit\u00e9 des sites miniers faisant face \u00e0 des risques \u00e9lev\u00e9s li\u00e9s \u00e0 l&rsquo;eau. Source : Laporte-Bisquit and Morgan, 2019<\/figcaption><\/figure>\n<\/div>\n\n\n<h2 class=\"wp-block-heading\">Une affaire d&rsquo;int\u00e9r\u00eats g\u00e9opolitiques<\/h2>\n\n\n\n<p>Le risque g\u00e9opolitique suscite une attention particuli\u00e8re en raison de la double concentration des ressources li\u00e9es aux mat\u00e9riaux de la transition : g\u00e9ographique et industrielle. La concentration g\u00e9ographique se manifeste par la restriction des r\u00e9serves connues et exploit\u00e9es \u00e0 un nombre limit\u00e9 de pays.<\/p>\n\n\n\n<p>Au-del\u00e0 de la r\u00e9partition g\u00e9ographique des gisements, le vrai probl\u00e8me r\u00e9side dans la concentration de l&rsquo;industrie de traitement des minerais essentiels aux technologies vertes, soulevant d&rsquo;importantes pr\u00e9occupations. Actuellement, entre 85 % et 95 % des mat\u00e9riaux utilis\u00e9s dans la composition des batteries proviennent de Chine.<\/p>\n\n\n\n<figure data-wp-context=\"{&quot;imageId&quot;:&quot;69f1fe018e7d6&quot;}\" data-wp-interactive=\"core\/image\" data-wp-key=\"69f1fe018e7d6\" class=\"wp-block-image size-large wp-lightbox-container\"><img loading=\"lazy\" decoding=\"async\" width=\"1024\" height=\"462\" data-wp-class--hide=\"state.isContentHidden\" data-wp-class--show=\"state.isContentVisible\" data-wp-init=\"callbacks.setButtonStyles\" data-wp-on--click=\"actions.showLightbox\" data-wp-on--load=\"callbacks.setButtonStyles\" data-wp-on-window--resize=\"callbacks.setButtonStyles\" src=\"https:\/\/www.renouvelle.be\/wp-content\/uploads\/2024\/01\/Image3et4-1024x462.jpg\" alt=\"criticit\u00e9 des mat\u00e9riaux de la transition \u00e9nerg\u00e9tique\" class=\"wp-image-11910\" srcset=\"https:\/\/www.renouvelle.be\/wp-content\/uploads\/2024\/01\/Image3et4-1024x462.jpg 1024w, https:\/\/www.renouvelle.be\/wp-content\/uploads\/2024\/01\/Image3et4-300x135.jpg 300w, https:\/\/www.renouvelle.be\/wp-content\/uploads\/2024\/01\/Image3et4-768x347.jpg 768w, https:\/\/www.renouvelle.be\/wp-content\/uploads\/2024\/01\/Image3et4.jpg 1198w\" sizes=\"auto, (max-width: 1024px) 100vw, 1024px\" \/><button\n\t\t\tclass=\"lightbox-trigger\"\n\t\t\ttype=\"button\"\n\t\t\taria-haspopup=\"dialog\"\n\t\t\taria-label=\"Agrandir\"\n\t\t\tdata-wp-init=\"callbacks.initTriggerButton\"\n\t\t\tdata-wp-on--click=\"actions.showLightbox\"\n\t\t\tdata-wp-style--right=\"state.imageButtonRight\"\n\t\t\tdata-wp-style--top=\"state.imageButtonTop\"\n\t\t>\n\t\t\t<svg xmlns=\"http:\/\/www.w3.org\/2000\/svg\" width=\"12\" height=\"12\" fill=\"none\" viewBox=\"0 0 12 12\">\n\t\t\t\t<path fill=\"#fff\" d=\"M2 0a2 2 0 0 0-2 2v2h1.5V2a.5.5 0 0 1 .5-.5h2V0H2Zm2 10.5H2a.5.5 0 0 1-.5-.5V8H0v2a2 2 0 0 0 2 2h2v-1.5ZM8 12v-1.5h2a.5.5 0 0 0 .5-.5V8H12v2a2 2 0 0 1-2 2H8Zm2-12a2 2 0 0 1 2 2v2h-1.5V2a.5.5 0 0 0-.5-.5H8V0h2Z\" \/>\n\t\t\t<\/svg>\n\t\t<\/button><figcaption class=\"wp-element-caption\">Gauche : part des trois principaux pays producteurs dans l&rsquo;exploitation de min\u00e9raux s\u00e9lectionn\u00e9s.\nDroite : part des trois principaux pays producteurs dans le traitement des min\u00e9raux s\u00e9lectionn\u00e9s.\nSource : IEA<\/figcaption><\/figure>\n\n\n\n<p>Quelques entreprises dominent la production mondiale de mat\u00e9riaux tels que le cobalt et le lithium. Pour ces deux \u00e9l\u00e9ments, les cinq plus grandes entreprises contr\u00f4lent respectivement 56 % et 61 % de la production. Le pouvoir de march\u00e9 de ces grandes entreprises pourrait entraver l&rsquo;entr\u00e9e ou la croissance de nouveaux acteurs en influen\u00e7ant les processus de formation des prix.<\/p>\n\n\n<div class=\"wp-block-image\">\n<figure data-wp-context=\"{&quot;imageId&quot;:&quot;69f1fe018eee3&quot;}\" data-wp-interactive=\"core\/image\" data-wp-key=\"69f1fe018eee3\" class=\"alignright size-full is-resized wp-lightbox-container\"><img loading=\"lazy\" decoding=\"async\" width=\"399\" height=\"430\" data-wp-class--hide=\"state.isContentHidden\" data-wp-class--show=\"state.isContentVisible\" data-wp-init=\"callbacks.setButtonStyles\" data-wp-on--click=\"actions.showLightbox\" data-wp-on--load=\"callbacks.setButtonStyles\" data-wp-on-window--resize=\"callbacks.setButtonStyles\" src=\"https:\/\/www.renouvelle.be\/wp-content\/uploads\/2024\/01\/Image5-e1706090386386.png\" alt=\"\" class=\"wp-image-11898\" style=\"width:325px;height:auto\" srcset=\"https:\/\/www.renouvelle.be\/wp-content\/uploads\/2024\/01\/Image5-e1706090386386.png 399w, https:\/\/www.renouvelle.be\/wp-content\/uploads\/2024\/01\/Image5-e1706090386386-278x300.png 278w\" sizes=\"auto, (max-width: 399px) 100vw, 399px\" \/><button\n\t\t\tclass=\"lightbox-trigger\"\n\t\t\ttype=\"button\"\n\t\t\taria-haspopup=\"dialog\"\n\t\t\taria-label=\"Agrandir\"\n\t\t\tdata-wp-init=\"callbacks.initTriggerButton\"\n\t\t\tdata-wp-on--click=\"actions.showLightbox\"\n\t\t\tdata-wp-style--right=\"state.imageButtonRight\"\n\t\t\tdata-wp-style--top=\"state.imageButtonTop\"\n\t\t>\n\t\t\t<svg xmlns=\"http:\/\/www.w3.org\/2000\/svg\" width=\"12\" height=\"12\" fill=\"none\" viewBox=\"0 0 12 12\">\n\t\t\t\t<path fill=\"#fff\" d=\"M2 0a2 2 0 0 0-2 2v2h1.5V2a.5.5 0 0 1 .5-.5h2V0H2Zm2 10.5H2a.5.5 0 0 1-.5-.5V8H0v2a2 2 0 0 0 2 2h2v-1.5ZM8 12v-1.5h2a.5.5 0 0 0 .5-.5V8H12v2a2 2 0 0 1-2 2H8Zm2-12a2 2 0 0 1 2 2v2h-1.5V2a.5.5 0 0 0-.5-.5H8V0h2Z\" \/>\n\t\t\t<\/svg>\n\t\t<\/button><figcaption class=\"wp-element-caption\">Part de march\u00e9 des principales soci\u00e9t\u00e9s mini\u00e8res dans certains mat\u00e9riaux s\u00e9lectionn\u00e9s. Source : IRENA<\/figcaption><\/figure>\n<\/div>\n\n\n<p>Cette double concentration souligne les risques li\u00e9s au nationalisme des ressources et aux limitations \u00e0 l&rsquo;exportation. La Chine, notamment, a d\u00e9j\u00e0 impos\u00e9 des restrictions sur ses exportations de m\u00e9taux critiques.<\/p>\n\n\n\n<p>Son influence sur ces march\u00e9s est notable. Selon le China Global Investment Tracker de l\u2019American Enterprise Institute, ses investissements directs \u00e9trangers dans le secteur des m\u00e9taux ont atteint 203 milliards de dollars entre 2005 et 2022. Cela soul\u00e8ve des questions sur la d\u00e9pendance potentielle envers un acteur majeur et les implications g\u00e9opolitiques associ\u00e9es.<\/p>\n\n\n\n<h2 class=\"wp-block-heading\">Un avenir critique ?<\/h2>\n\n\n\n<p>Selon l&rsquo;<a href=\"https:\/\/www.irena.org\/\" target=\"_blank\" rel=\"noreferrer noopener\">IRENA<\/a>, le risque r\u00e9side dans le d\u00e9ficit de capacit\u00e9s d&rsquo;extraction et de raffinage, actuellement concentr\u00e9es et potentiellement insuffisantes face \u00e0 la croissance de la demande. Les pr\u00e9visions de l&rsquo;AIE indiquent un possible d\u00e9ficit de production de cuivre, de lithium et de cobalt d\u00e8s 2025. L\u2019ouverture d&rsquo;une mine, prenant en moyenne 15 ans, met en \u00e9vidence le d\u00e9calage entre la r\u00e9alit\u00e9 mini\u00e8re et les objectifs climatiques. La n\u00e9cessit\u00e9 de recourir au recyclage devient donc imp\u00e9rative, non seulement en raison d&rsquo;une \u00e9ventuelle p\u00e9nurie g\u00e9ologique, mais surtout en anticipant une production jug\u00e9e insuffisante. Le tout en minimisant l&rsquo;impact environnemental.<\/p>\n\n\n\n<p>En r\u00e9sum\u00e9, ce sont des crit\u00e8res externes \u00e0 la r\u00e9alit\u00e9 g\u00e9ologique qui d\u00e9termineront la disponibilit\u00e9 de certains minerais :<\/p>\n\n\n\n<ul class=\"wp-block-list\">\n<li>Dans le cas du <strong>lithium<\/strong>, sa criticit\u00e9 g\u00e9ologique est faible, mais l\u2019\u00e9conomique est significative. La concentration \u00e9lev\u00e9e des r\u00e9serves et des acteurs sur le march\u00e9, les strat\u00e9gies divergentes des producteurs (Argentine, Australie, Bolivie et Chili), la faible profondeur du march\u00e9 financier et l&rsquo;opacit\u00e9 des prix pourraient en menacer la s\u00e9curit\u00e9. Sans oublier l&rsquo;incertitude quant \u00e0 la capacit\u00e9 de production \u00e0 suivre la demande croissante.<br><\/li>\n\n\n\n<li>Les m\u00e9taux comme <strong>le cuivre<\/strong> font face \u00e0 des risques significatifs. En l&rsquo;absence de politiques publiques contraignantes et de d\u00e9couvertes majeures de nouveaux gisements, pr\u00e8s de 90 % des ressources connues pourraient \u00eatre \u00e9puis\u00e9es d&rsquo;ici 2050, faisant de lui le m\u00e9tal le plus contraint dans la transition \u00e9nerg\u00e9tique. Une situation due \u00e0 la future demande croissante de cuivre, notamment dans les secteurs du transport, de la g\u00e9n\u00e9ration d&rsquo;\u00e9lectricit\u00e9, des biens de consommation, de l&rsquo;industrie et de la construction.<br><\/li>\n\n\n\n<li><strong>Le cobalt<\/strong> pr\u00e9sente une criticit\u00e9 g\u00e9ologique \u00e9lev\u00e9e, cette \u00e9valuation devant \u00eatre nuanc\u00e9e selon le type de batteries, notamment dans le secteur du transport qui cherche \u00e0 en r\u00e9duire sa d\u00e9pendance. Le principal risque associ\u00e9 est d&rsquo;ordre g\u00e9opolitique, \u00e9tant donn\u00e9 que la production mini\u00e8re est fortement concentr\u00e9e en R\u00e9publique d\u00e9mocratique du Congo, politiquement instable.<br><\/li>\n\n\n\n<li>Pour <strong>le nickel<\/strong>, sa criticit\u00e9 g\u00e9ologique est moyenne ne pr\u00e9sentant pas de criticit\u00e9 de r\u00e9serves. Mais des probl\u00e8mes pourraient survenir en cas d&rsquo;\u00e9volution g\u00e9opolitique.<\/li>\n<\/ul>\n\n\n\n<p>Actuellement peu on\u00e9reux en raison des faibles co\u00fbts d&rsquo;extraction dans des pays \u00e0 main-d&rsquo;\u0153uvre et \u00e9nergie abordables, il est crucial de consid\u00e9rer les facteurs socio-environnementaux, ainsi que le recyclage et la gestion en fin de vie. Les futures r\u00e9serves seront probablement plus co\u00fbteuses en \u00e9nergie, de qualit\u00e9 parfois moindre et certainement plus \u00e9loign\u00e9es de l&rsquo;Europe, accentuant la pression sur leur exploitation.<\/p>\n\n\n\n<p>Cependant, il faut de la nuance. Le d\u00e9fi, de la d\u00e9cennie \u00e0 venir, sera de s\u2019assurer que l&rsquo;offre r\u00e9ponde \u00e0 la forte demande due \u00e0 l&rsquo;\u00e9lectrification automobile et au d\u00e9ploiement des \u00e9nergies renouvelables, entre autres. Il s&rsquo;agit davantage d&rsquo;une question de flux que de stocks, car les ressources n\u00e9cessaires sont disponibles. \u00c0 la diff\u00e9rence des \u00e9nergies fossiles, une rupture d&rsquo;approvisionnement en m\u00e9taux pour les batteries n&rsquo;immobiliserait pas les v\u00e9hicules existants, mais limiterait la production de nouveaux v\u00e9hicules. Les technologies renouvelables en place pourraient continuer \u00e0 fonctionner pendant des d\u00e9cennies m\u00eame en cas de perturbation de l&rsquo;approvisionnement en mat\u00e9riaux essentiels, repr\u00e9sentant un danger majeur pour la rapidit\u00e9 de la transition \u00e9nerg\u00e9tique.<\/p>\n\n\n\n<p>Cette r\u00e9flexion nous interroge sur les impacts et la criticit\u00e9 des mat\u00e9riaux de la transition \u00e9nerg\u00e9tique en comparaison des \u00e9nergies fossiles. Le dernier volet de notre s\u00e9rie mettra en perspective les besoins en m\u00e9taux du renouvelable par rapport aux \u00e9nergies fossiles en examinant les b\u00e9n\u00e9fices potentiels.<\/p>\n","protected":false},"excerpt":{"rendered":"<p>Ces m\u00eames mat\u00e9riaux se trouvent sur les listes \u00e9tablies par l\u2019UE, les \u00c9tats-Unis et la Chine, soulignant ainsi leur importance strat\u00e9gique. Mais de quels risques parle-t-on&nbsp;? Dans l&rsquo;article pr\u00e9c\u00e9dent de notre s\u00e9rie sur les mat\u00e9riaux de la transition \u00e9nerg\u00e9tique, nous avons voyag\u00e9 au c\u0153ur des technologies renouvelables. Cette fois, explorons la criticit\u00e9 des \u00e9l\u00e9ments qui les composent. Comprendre la criticit\u00e9 des mat\u00e9riaux de la transition \u00e9nerg\u00e9tique Contrairement \u00e0 une id\u00e9e pr\u00e9con\u00e7ue, la criticit\u00e9 ne se limite pas \u00e0 la disponibilit\u00e9 de la ressource. Si tel \u00e9tait le cas, de nombreux \u00e9l\u00e9ments ne seraient pas qualifi\u00e9s de critiques, la cro\u00fbte terrestre renfermant une quantit\u00e9 suffisante pour les besoins de la transition \u00e9nerg\u00e9tique. La criticit\u00e9 est donc plurifactorielle. Elle tient compte d&rsquo;aspects socio-environnementaux, g\u00e9opolitiques et \u00e9conomiques susceptibles de compromettre la s\u00e9curit\u00e9 d&rsquo;approvisionnement. Socialement, l&rsquo;exploitation mini\u00e8re est associ\u00e9e \u00e0 la perte de terres, au d\u00e9placement de populations et \u00e0 des violations des droits de l&rsquo;homme envers les populations autochtones. D&rsquo;apr\u00e8s l&rsquo;IRENA, 54% des minerais de la transition se trouvent sur ou pr\u00e8s des terres des peuples autochtones. Les mauvaises conditions de travail persistent dans l&rsquo;industrie mini\u00e8re mondiale, d\u00e9pourvue d&rsquo;une protection sociale et de droits du travail ad\u00e9quats. Enfin, l&rsquo;exploitation artisanale, \u00e0 petite \u00e9chelle, est associ\u00e9e \u00e0 des conditions dangereuses, au travail d\u2019enfants, \u00e0 de bas salaires et au manque de protection sociale. Sur le plan environnemental, selon le Programme des Nations-Unies pour l\u2019environnement, le secteur des m\u00e9taux et des mines, responsable de 10 % des \u00e9missions mondiales de gaz \u00e0 effet de serre, peut nuire \u00e0 la biodiversit\u00e9 par la d\u00e9forestation, la perte d&rsquo;habitat et l&rsquo;\u00e9rosion des sols. Les d\u00e9chets miniers pr\u00e9sentent des risques environnementaux et pour les communaut\u00e9s locales s&rsquo;ils ne sont pas correctement g\u00e9r\u00e9s. L&rsquo;extraction et le traitement des minerais, gourmands &hellip; <a href=\"https:\/\/www.renouvelle.be\/fr\/criticite-materiaux-de-la-transition-energetique-sous-haute-tension\/\" class=\"more-link\">Continue reading<span class=\"screen-reader-text\"> \u00ab\u00a0Criticit\u00e9 des mat\u00e9riaux, la transition \u00e9nerg\u00e9tique sous haute tension\u00a0\u00bb<\/span><\/a><\/p>\n","protected":false},"author":39,"featured_media":11932,"comment_status":"closed","ping_status":"closed","sticky":false,"template":"","format":"standard","meta":{"_acf_changed":false,"footnotes":""},"categories":[63],"tags":[],"section":[8],"class_list":["post-11885","post","type-post","status-publish","format-standard","has-post-thumbnail","hentry","category-analyses","section-energie-renouvelables"],"acf":[],"yoast_head":"<!-- This site is optimized with the Yoast SEO plugin v27.5 - https:\/\/yoast.com\/product\/yoast-seo-wordpress\/ -->\n<title>Criticit\u00e9 des mat\u00e9riaux, la transition \u00e9nerg\u00e9tique sous haute tension - Renouvelle<\/title>\n<meta name=\"description\" content=\"La criticit\u00e9 des mat\u00e9riaux de la transition \u00e9nerg\u00e9tique peut-elle la mettre en p\u00e9ril ? Elements de r\u00e9ponse dans notre article.\" \/>\n<meta name=\"robots\" content=\"index, follow, max-snippet:-1, max-image-preview:large, max-video-preview:-1\" \/>\n<link rel=\"canonical\" href=\"https:\/\/www.renouvelle.be\/fr\/criticite-materiaux-de-la-transition-energetique-sous-haute-tension\/\" \/>\n<meta property=\"og:locale\" content=\"fr_FR\" \/>\n<meta property=\"og:type\" content=\"article\" \/>\n<meta property=\"og:title\" content=\"Criticit\u00e9 des mat\u00e9riaux, la transition \u00e9nerg\u00e9tique sous haute tension - Renouvelle\" \/>\n<meta property=\"og:description\" content=\"La criticit\u00e9 des mat\u00e9riaux de la transition \u00e9nerg\u00e9tique peut-elle la mettre en p\u00e9ril ? Elements de r\u00e9ponse dans notre article.\" \/>\n<meta property=\"og:url\" content=\"https:\/\/www.renouvelle.be\/fr\/criticite-materiaux-de-la-transition-energetique-sous-haute-tension\/\" \/>\n<meta property=\"og:site_name\" content=\"Renouvelle\" \/>\n<meta property=\"article:published_time\" content=\"2024-01-25T08:46:48+00:00\" \/>\n<meta property=\"article:modified_time\" content=\"2024-01-25T08:46:54+00:00\" \/>\n<meta property=\"og:image\" content=\"https:\/\/www.renouvelle.be\/wp-content\/uploads\/2024\/01\/iStock-1206615949.jpg\" \/>\n\t<meta property=\"og:image:width\" content=\"2121\" \/>\n\t<meta property=\"og:image:height\" content=\"1414\" \/>\n\t<meta property=\"og:image:type\" content=\"image\/jpeg\" \/>\n<meta name=\"author\" content=\"Nicolas Hubert\" \/>\n<meta name=\"twitter:card\" content=\"summary_large_image\" \/>\n<script type=\"application\/ld+json\" class=\"yoast-schema-graph\">{\"@context\":\"https:\\\/\\\/schema.org\",\"@graph\":[{\"@type\":\"Article\",\"@id\":\"https:\\\/\\\/www.renouvelle.be\\\/fr\\\/criticite-materiaux-de-la-transition-energetique-sous-haute-tension\\\/#article\",\"isPartOf\":{\"@id\":\"https:\\\/\\\/www.renouvelle.be\\\/fr\\\/criticite-materiaux-de-la-transition-energetique-sous-haute-tension\\\/\"},\"author\":{\"name\":\"Nicolas Hubert\",\"@id\":\"https:\\\/\\\/www.renouvelle.be\\\/fr\\\/#\\\/schema\\\/person\\\/2f8776071d07c029365db2eee4a0d3cf\"},\"headline\":\"Criticit\u00e9 des mat\u00e9riaux, la transition \u00e9nerg\u00e9tique sous haute tension\",\"datePublished\":\"2024-01-25T08:46:48+00:00\",\"dateModified\":\"2024-01-25T08:46:54+00:00\",\"mainEntityOfPage\":{\"@id\":\"https:\\\/\\\/www.renouvelle.be\\\/fr\\\/criticite-materiaux-de-la-transition-energetique-sous-haute-tension\\\/\"},\"wordCount\":1381,\"image\":{\"@id\":\"https:\\\/\\\/www.renouvelle.be\\\/fr\\\/criticite-materiaux-de-la-transition-energetique-sous-haute-tension\\\/#primaryimage\"},\"thumbnailUrl\":\"https:\\\/\\\/www.renouvelle.be\\\/wp-content\\\/uploads\\\/2024\\\/01\\\/iStock-1206615949.jpg\",\"articleSection\":[\"Analyses\"],\"inLanguage\":\"fr-FR\"},{\"@type\":\"WebPage\",\"@id\":\"https:\\\/\\\/www.renouvelle.be\\\/fr\\\/criticite-materiaux-de-la-transition-energetique-sous-haute-tension\\\/\",\"url\":\"https:\\\/\\\/www.renouvelle.be\\\/fr\\\/criticite-materiaux-de-la-transition-energetique-sous-haute-tension\\\/\",\"name\":\"Criticit\u00e9 des mat\u00e9riaux, la transition \u00e9nerg\u00e9tique sous haute tension - Renouvelle\",\"isPartOf\":{\"@id\":\"https:\\\/\\\/www.renouvelle.be\\\/fr\\\/#website\"},\"primaryImageOfPage\":{\"@id\":\"https:\\\/\\\/www.renouvelle.be\\\/fr\\\/criticite-materiaux-de-la-transition-energetique-sous-haute-tension\\\/#primaryimage\"},\"image\":{\"@id\":\"https:\\\/\\\/www.renouvelle.be\\\/fr\\\/criticite-materiaux-de-la-transition-energetique-sous-haute-tension\\\/#primaryimage\"},\"thumbnailUrl\":\"https:\\\/\\\/www.renouvelle.be\\\/wp-content\\\/uploads\\\/2024\\\/01\\\/iStock-1206615949.jpg\",\"datePublished\":\"2024-01-25T08:46:48+00:00\",\"dateModified\":\"2024-01-25T08:46:54+00:00\",\"author\":{\"@id\":\"https:\\\/\\\/www.renouvelle.be\\\/fr\\\/#\\\/schema\\\/person\\\/2f8776071d07c029365db2eee4a0d3cf\"},\"description\":\"La criticit\u00e9 des mat\u00e9riaux de la transition \u00e9nerg\u00e9tique peut-elle la mettre en p\u00e9ril ? Elements de r\u00e9ponse dans notre article.\",\"breadcrumb\":{\"@id\":\"https:\\\/\\\/www.renouvelle.be\\\/fr\\\/criticite-materiaux-de-la-transition-energetique-sous-haute-tension\\\/#breadcrumb\"},\"inLanguage\":\"fr-FR\",\"potentialAction\":[{\"@type\":\"ReadAction\",\"target\":[\"https:\\\/\\\/www.renouvelle.be\\\/fr\\\/criticite-materiaux-de-la-transition-energetique-sous-haute-tension\\\/\"]}]},{\"@type\":\"ImageObject\",\"inLanguage\":\"fr-FR\",\"@id\":\"https:\\\/\\\/www.renouvelle.be\\\/fr\\\/criticite-materiaux-de-la-transition-energetique-sous-haute-tension\\\/#primaryimage\",\"url\":\"https:\\\/\\\/www.renouvelle.be\\\/wp-content\\\/uploads\\\/2024\\\/01\\\/iStock-1206615949.jpg\",\"contentUrl\":\"https:\\\/\\\/www.renouvelle.be\\\/wp-content\\\/uploads\\\/2024\\\/01\\\/iStock-1206615949.jpg\",\"width\":2121,\"height\":1414},{\"@type\":\"BreadcrumbList\",\"@id\":\"https:\\\/\\\/www.renouvelle.be\\\/fr\\\/criticite-materiaux-de-la-transition-energetique-sous-haute-tension\\\/#breadcrumb\",\"itemListElement\":[{\"@type\":\"ListItem\",\"position\":1,\"name\":\"Accueil\",\"item\":\"https:\\\/\\\/www.renouvelle.be\\\/fr\\\/\"},{\"@type\":\"ListItem\",\"position\":2,\"name\":\"Criticit\u00e9 des mat\u00e9riaux, la transition \u00e9nerg\u00e9tique sous haute tension\"}]},{\"@type\":\"WebSite\",\"@id\":\"https:\\\/\\\/www.renouvelle.be\\\/fr\\\/#website\",\"url\":\"https:\\\/\\\/www.renouvelle.be\\\/fr\\\/\",\"name\":\"Renouvelle\",\"description\":\"L&#039;actualit\u00e9 de l&#039;\u00e9nergie durable\",\"potentialAction\":[{\"@type\":\"SearchAction\",\"target\":{\"@type\":\"EntryPoint\",\"urlTemplate\":\"https:\\\/\\\/www.renouvelle.be\\\/fr\\\/?s={search_term_string}\"},\"query-input\":{\"@type\":\"PropertyValueSpecification\",\"valueRequired\":true,\"valueName\":\"search_term_string\"}}],\"inLanguage\":\"fr-FR\"},{\"@type\":\"Person\",\"@id\":\"https:\\\/\\\/www.renouvelle.be\\\/fr\\\/#\\\/schema\\\/person\\\/2f8776071d07c029365db2eee4a0d3cf\",\"name\":\"Nicolas Hubert\",\"url\":\"https:\\\/\\\/www.renouvelle.be\\\/fr\\\/author\\\/nhubert\\\/\"}]}<\/script>\n<!-- \/ Yoast SEO plugin. -->","yoast_head_json":{"title":"Criticit\u00e9 des mat\u00e9riaux, la transition \u00e9nerg\u00e9tique sous haute tension - Renouvelle","description":"La criticit\u00e9 des mat\u00e9riaux de la transition \u00e9nerg\u00e9tique peut-elle la mettre en p\u00e9ril ? Elements de r\u00e9ponse dans notre article.","robots":{"index":"index","follow":"follow","max-snippet":"max-snippet:-1","max-image-preview":"max-image-preview:large","max-video-preview":"max-video-preview:-1"},"canonical":"https:\/\/www.renouvelle.be\/fr\/criticite-materiaux-de-la-transition-energetique-sous-haute-tension\/","og_locale":"fr_FR","og_type":"article","og_title":"Criticit\u00e9 des mat\u00e9riaux, la transition \u00e9nerg\u00e9tique sous haute tension - Renouvelle","og_description":"La criticit\u00e9 des mat\u00e9riaux de la transition \u00e9nerg\u00e9tique peut-elle la mettre en p\u00e9ril ? Elements de r\u00e9ponse dans notre article.","og_url":"https:\/\/www.renouvelle.be\/fr\/criticite-materiaux-de-la-transition-energetique-sous-haute-tension\/","og_site_name":"Renouvelle","article_published_time":"2024-01-25T08:46:48+00:00","article_modified_time":"2024-01-25T08:46:54+00:00","og_image":[{"width":2121,"height":1414,"url":"https:\/\/www.renouvelle.be\/wp-content\/uploads\/2024\/01\/iStock-1206615949.jpg","type":"image\/jpeg"}],"author":"Nicolas Hubert","twitter_card":"summary_large_image","schema":{"@context":"https:\/\/schema.org","@graph":[{"@type":"Article","@id":"https:\/\/www.renouvelle.be\/fr\/criticite-materiaux-de-la-transition-energetique-sous-haute-tension\/#article","isPartOf":{"@id":"https:\/\/www.renouvelle.be\/fr\/criticite-materiaux-de-la-transition-energetique-sous-haute-tension\/"},"author":{"name":"Nicolas Hubert","@id":"https:\/\/www.renouvelle.be\/fr\/#\/schema\/person\/2f8776071d07c029365db2eee4a0d3cf"},"headline":"Criticit\u00e9 des mat\u00e9riaux, la transition \u00e9nerg\u00e9tique sous haute tension","datePublished":"2024-01-25T08:46:48+00:00","dateModified":"2024-01-25T08:46:54+00:00","mainEntityOfPage":{"@id":"https:\/\/www.renouvelle.be\/fr\/criticite-materiaux-de-la-transition-energetique-sous-haute-tension\/"},"wordCount":1381,"image":{"@id":"https:\/\/www.renouvelle.be\/fr\/criticite-materiaux-de-la-transition-energetique-sous-haute-tension\/#primaryimage"},"thumbnailUrl":"https:\/\/www.renouvelle.be\/wp-content\/uploads\/2024\/01\/iStock-1206615949.jpg","articleSection":["Analyses"],"inLanguage":"fr-FR"},{"@type":"WebPage","@id":"https:\/\/www.renouvelle.be\/fr\/criticite-materiaux-de-la-transition-energetique-sous-haute-tension\/","url":"https:\/\/www.renouvelle.be\/fr\/criticite-materiaux-de-la-transition-energetique-sous-haute-tension\/","name":"Criticit\u00e9 des mat\u00e9riaux, la transition \u00e9nerg\u00e9tique sous haute tension - Renouvelle","isPartOf":{"@id":"https:\/\/www.renouvelle.be\/fr\/#website"},"primaryImageOfPage":{"@id":"https:\/\/www.renouvelle.be\/fr\/criticite-materiaux-de-la-transition-energetique-sous-haute-tension\/#primaryimage"},"image":{"@id":"https:\/\/www.renouvelle.be\/fr\/criticite-materiaux-de-la-transition-energetique-sous-haute-tension\/#primaryimage"},"thumbnailUrl":"https:\/\/www.renouvelle.be\/wp-content\/uploads\/2024\/01\/iStock-1206615949.jpg","datePublished":"2024-01-25T08:46:48+00:00","dateModified":"2024-01-25T08:46:54+00:00","author":{"@id":"https:\/\/www.renouvelle.be\/fr\/#\/schema\/person\/2f8776071d07c029365db2eee4a0d3cf"},"description":"La criticit\u00e9 des mat\u00e9riaux de la transition \u00e9nerg\u00e9tique peut-elle la mettre en p\u00e9ril ? Elements de r\u00e9ponse dans notre article.","breadcrumb":{"@id":"https:\/\/www.renouvelle.be\/fr\/criticite-materiaux-de-la-transition-energetique-sous-haute-tension\/#breadcrumb"},"inLanguage":"fr-FR","potentialAction":[{"@type":"ReadAction","target":["https:\/\/www.renouvelle.be\/fr\/criticite-materiaux-de-la-transition-energetique-sous-haute-tension\/"]}]},{"@type":"ImageObject","inLanguage":"fr-FR","@id":"https:\/\/www.renouvelle.be\/fr\/criticite-materiaux-de-la-transition-energetique-sous-haute-tension\/#primaryimage","url":"https:\/\/www.renouvelle.be\/wp-content\/uploads\/2024\/01\/iStock-1206615949.jpg","contentUrl":"https:\/\/www.renouvelle.be\/wp-content\/uploads\/2024\/01\/iStock-1206615949.jpg","width":2121,"height":1414},{"@type":"BreadcrumbList","@id":"https:\/\/www.renouvelle.be\/fr\/criticite-materiaux-de-la-transition-energetique-sous-haute-tension\/#breadcrumb","itemListElement":[{"@type":"ListItem","position":1,"name":"Accueil","item":"https:\/\/www.renouvelle.be\/fr\/"},{"@type":"ListItem","position":2,"name":"Criticit\u00e9 des mat\u00e9riaux, la transition \u00e9nerg\u00e9tique sous haute tension"}]},{"@type":"WebSite","@id":"https:\/\/www.renouvelle.be\/fr\/#website","url":"https:\/\/www.renouvelle.be\/fr\/","name":"Renouvelle","description":"L&#039;actualit\u00e9 de l&#039;\u00e9nergie durable","potentialAction":[{"@type":"SearchAction","target":{"@type":"EntryPoint","urlTemplate":"https:\/\/www.renouvelle.be\/fr\/?s={search_term_string}"},"query-input":{"@type":"PropertyValueSpecification","valueRequired":true,"valueName":"search_term_string"}}],"inLanguage":"fr-FR"},{"@type":"Person","@id":"https:\/\/www.renouvelle.be\/fr\/#\/schema\/person\/2f8776071d07c029365db2eee4a0d3cf","name":"Nicolas Hubert","url":"https:\/\/www.renouvelle.be\/fr\/author\/nhubert\/"}]}},"_links":{"self":[{"href":"https:\/\/www.renouvelle.be\/fr\/wp-json\/wp\/v2\/posts\/11885","targetHints":{"allow":["GET"]}}],"collection":[{"href":"https:\/\/www.renouvelle.be\/fr\/wp-json\/wp\/v2\/posts"}],"about":[{"href":"https:\/\/www.renouvelle.be\/fr\/wp-json\/wp\/v2\/types\/post"}],"author":[{"embeddable":true,"href":"https:\/\/www.renouvelle.be\/fr\/wp-json\/wp\/v2\/users\/39"}],"replies":[{"embeddable":true,"href":"https:\/\/www.renouvelle.be\/fr\/wp-json\/wp\/v2\/comments?post=11885"}],"version-history":[{"count":70,"href":"https:\/\/www.renouvelle.be\/fr\/wp-json\/wp\/v2\/posts\/11885\/revisions"}],"predecessor-version":[{"id":11982,"href":"https:\/\/www.renouvelle.be\/fr\/wp-json\/wp\/v2\/posts\/11885\/revisions\/11982"}],"wp:featuredmedia":[{"embeddable":true,"href":"https:\/\/www.renouvelle.be\/fr\/wp-json\/wp\/v2\/media\/11932"}],"wp:attachment":[{"href":"https:\/\/www.renouvelle.be\/fr\/wp-json\/wp\/v2\/media?parent=11885"}],"wp:term":[{"taxonomy":"category","embeddable":true,"href":"https:\/\/www.renouvelle.be\/fr\/wp-json\/wp\/v2\/categories?post=11885"},{"taxonomy":"post_tag","embeddable":true,"href":"https:\/\/www.renouvelle.be\/fr\/wp-json\/wp\/v2\/tags?post=11885"},{"taxonomy":"section","embeddable":true,"href":"https:\/\/www.renouvelle.be\/fr\/wp-json\/wp\/v2\/section?post=11885"}],"curies":[{"name":"wp","href":"https:\/\/api.w.org\/{rel}","templated":true}]}}