{"id":11803,"date":"2024-01-19T09:44:51","date_gmt":"2024-01-19T08:44:51","guid":{"rendered":"https:\/\/www.renouvelle.be\/?p=11803"},"modified":"2024-01-19T09:44:55","modified_gmt":"2024-01-19T08:44:55","slug":"2023-capacite-renouvelable-progresse-dans-le-monde","status":"publish","type":"post","link":"https:\/\/www.renouvelle.be\/fr\/2023-capacite-renouvelable-progresse-dans-le-monde\/","title":{"rendered":"En 2023, la capacit\u00e9 renouvelable progresse mondialement de 50%"},"content":{"rendered":"\n<p>2023 a \u00e9t\u00e9 un mill\u00e9sime d\u2019exception pour les ajouts de capacit\u00e9 renouvelable mondiale d\u2019apr\u00e8s <a href=\"https:\/\/www.iea.org\/reports\/renewables-2023\" target=\"_blank\" rel=\"noreferrer noopener\">les chiffres de l\u2019Agence Internationale de l\u2019Energie<\/a>. Elle constate une croissance record de 50%, atteignant ainsi pr\u00e8s de 510 gigawatts (GW). Les augmentations significatives en Europe, aux \u00c9tats-Unis et au Br\u00e9sil ont \u00e9t\u00e9 accompagn\u00e9es d&rsquo;une expansion importante en Chine, qui a mis en service, en 2023, une capacit\u00e9 solaire photovolta\u00efque \u00e9quivalente \u00e0 celle du monde entier en 2022. Les ajouts \u00e9oliens en Chine ont \u00e9galement augment\u00e9 de 66%. L&rsquo;\u00e9nergie solaire photovolta\u00efque s\u2019est d\u00e9marqu\u00e9e en repr\u00e9sentant trois quarts des nouvelles capacit\u00e9s renouvelables.<\/p>\n\n\n\n<p>Pour continuer sur cette lanc\u00e9e, l\u2019AIE a incit\u00e9 les gouvernements \u00e0 tripler la capacit\u00e9 renouvelable mondiale pour la porter \u00e0 plus de 11000 GW d\u2019ici 2030. Mais cela ne se fera pas sans se heurter \u00e0 certains d\u00e9fis, comme le fait remarquer l\u2019AIE. Des d\u00e9fis comme les incertitudes politiques qui freinent l\u2019adoption des \u00e9nergies renouvelables ou encore le manque d\u2019investissement dans les infrastructures n\u00e9cessaires \u00e0 leur d\u00e9veloppement. Mais en surmontant ces obstacles, c\u2019est donc une croissance de pr\u00e8s de 21% qui pourrait avoir lieu.<\/p>\n\n\n\n<p>D&rsquo;ici 2024, <a href=\"https:\/\/www.renouvelle.be\/fr\/record-production-electricite-eolien-offshore-belgique-2023\/\" target=\"_blank\" rel=\"noreferrer noopener\">l&rsquo;\u00e9nergie \u00e9olienne<\/a> et le solaire photovolta\u00efque devraient surpasser conjointement la production hydro\u00e9lectrique \u00e0 l&rsquo;\u00e9chelle mondiale, selon les projections du rapport. Toujours d\u2019apr\u00e8s lui, en 2025, les \u00e9nergies renouvelables deviendraient la premi\u00e8re source mondiale de production d&rsquo;\u00e9lectricit\u00e9, d\u00e9passant m\u00eame la production \u00e0 base de charbon. Le solaire photovolta\u00efque devrait surpasser le nucl\u00e9aire \u00e0 l&rsquo;\u00e9chelle mondiale d\u00e8s 2026, suivi de pr\u00e8s par l&rsquo;\u00e9nergie \u00e9olienne en 2025. Les pr\u00e9visions sugg\u00e8rent que d&rsquo;ici 2028, la part combin\u00e9e de l&rsquo;\u00e9nergie \u00e9olienne et solaire photovolta\u00efque pourrait repr\u00e9senter jusqu&rsquo;\u00e0 25% de la production totale d&rsquo;\u00e9lectricit\u00e9.<\/p>\n\n\n\n<p>Le rapport pr\u00e9voit une capacit\u00e9 renouvelable suppl\u00e9mentaire de 3700 GW d\u2019ici 2028, les \u00e9nergies solaires photovolta\u00efques et \u00e9oliennes se positionnant comme premiers de la classe repr\u00e9sentant 95% de cette expansion. Un positionnement d\u00fb aux co\u00fbts de production plus bas que les alternatives fossiles et non fossiles.<\/p>\n\n\n\n<figure data-wp-context=\"{&quot;imageId&quot;:&quot;69f414bd8c529&quot;}\" data-wp-interactive=\"core\/image\" data-wp-key=\"69f414bd8c529\" class=\"wp-block-image size-large is-resized wp-lightbox-container\"><img loading=\"lazy\" decoding=\"async\" width=\"1024\" height=\"544\" data-wp-class--hide=\"state.isContentHidden\" data-wp-class--show=\"state.isContentVisible\" data-wp-init=\"callbacks.setButtonStyles\" data-wp-on--click=\"actions.showLightbox\" data-wp-on--load=\"callbacks.setButtonStyles\" data-wp-on-window--resize=\"callbacks.setButtonStyles\" src=\"https:\/\/www.renouvelle.be\/wp-content\/uploads\/2024\/01\/Image01-1-1024x544.png\" alt=\"\" class=\"wp-image-11811\" style=\"width:839px;height:auto\" srcset=\"https:\/\/www.renouvelle.be\/wp-content\/uploads\/2024\/01\/Image01-1-1024x544.png 1024w, https:\/\/www.renouvelle.be\/wp-content\/uploads\/2024\/01\/Image01-1-300x159.png 300w, https:\/\/www.renouvelle.be\/wp-content\/uploads\/2024\/01\/Image01-1-768x408.png 768w, https:\/\/www.renouvelle.be\/wp-content\/uploads\/2024\/01\/Image01-1-1200x638.png 1200w, https:\/\/www.renouvelle.be\/wp-content\/uploads\/2024\/01\/Image01-1.png 1377w\" sizes=\"auto, (max-width: 1024px) 100vw, 1024px\" \/><button\n\t\t\tclass=\"lightbox-trigger\"\n\t\t\ttype=\"button\"\n\t\t\taria-haspopup=\"dialog\"\n\t\t\taria-label=\"Agrandir\"\n\t\t\tdata-wp-init=\"callbacks.initTriggerButton\"\n\t\t\tdata-wp-on--click=\"actions.showLightbox\"\n\t\t\tdata-wp-style--right=\"state.imageButtonRight\"\n\t\t\tdata-wp-style--top=\"state.imageButtonTop\"\n\t\t>\n\t\t\t<svg xmlns=\"http:\/\/www.w3.org\/2000\/svg\" width=\"12\" height=\"12\" fill=\"none\" viewBox=\"0 0 12 12\">\n\t\t\t\t<path fill=\"#fff\" d=\"M2 0a2 2 0 0 0-2 2v2h1.5V2a.5.5 0 0 1 .5-.5h2V0H2Zm2 10.5H2a.5.5 0 0 1-.5-.5V8H0v2a2 2 0 0 0 2 2h2v-1.5ZM8 12v-1.5h2a.5.5 0 0 0 .5-.5V8H12v2a2 2 0 0 1-2 2H8Zm2-12a2 2 0 0 1 2 2v2h-1.5V2a.5.5 0 0 0-.5-.5H8V0h2Z\" \/>\n\t\t\t<\/svg>\n\t\t<\/button><\/figure>\n\n\n\n<p>La Chine sera un acteur important de la nouvelle capacit\u00e9 renouvelable mondiale, d&rsquo;ici 2028, puisqu\u2019elle en repr\u00e9sentera 60%. Le d\u00e9ploiement de l\u2019\u00e9olien onshore et du photovolta\u00efque prend de la vitesse, et ce, malgr\u00e9 la suppression des subventions nationales en 2020 et 2021. Une acc\u00e9l\u00e9ration qui devrait permettre \u00e0 la Chine d\u2019atteindre son objectif de 2030, d\u00e8s cette ann\u00e9e, six ans donc avant la date butoir.<\/p>\n\n\n\n<figure data-wp-context=\"{&quot;imageId&quot;:&quot;69f414bd8cc09&quot;}\" data-wp-interactive=\"core\/image\" data-wp-key=\"69f414bd8cc09\" class=\"wp-block-image size-large wp-lightbox-container\"><img loading=\"lazy\" decoding=\"async\" width=\"1024\" height=\"544\" data-wp-class--hide=\"state.isContentHidden\" data-wp-class--show=\"state.isContentVisible\" data-wp-init=\"callbacks.setButtonStyles\" data-wp-on--click=\"actions.showLightbox\" data-wp-on--load=\"callbacks.setButtonStyles\" data-wp-on-window--resize=\"callbacks.setButtonStyles\" src=\"https:\/\/www.renouvelle.be\/wp-content\/uploads\/2024\/01\/Image02-1024x544.png\" alt=\"\" class=\"wp-image-11813\" srcset=\"https:\/\/www.renouvelle.be\/wp-content\/uploads\/2024\/01\/Image02-1024x544.png 1024w, https:\/\/www.renouvelle.be\/wp-content\/uploads\/2024\/01\/Image02-300x159.png 300w, https:\/\/www.renouvelle.be\/wp-content\/uploads\/2024\/01\/Image02-768x408.png 768w, https:\/\/www.renouvelle.be\/wp-content\/uploads\/2024\/01\/Image02-1200x638.png 1200w, https:\/\/www.renouvelle.be\/wp-content\/uploads\/2024\/01\/Image02.png 1377w\" sizes=\"auto, (max-width: 1024px) 100vw, 1024px\" \/><button\n\t\t\tclass=\"lightbox-trigger\"\n\t\t\ttype=\"button\"\n\t\t\taria-haspopup=\"dialog\"\n\t\t\taria-label=\"Agrandir\"\n\t\t\tdata-wp-init=\"callbacks.initTriggerButton\"\n\t\t\tdata-wp-on--click=\"actions.showLightbox\"\n\t\t\tdata-wp-style--right=\"state.imageButtonRight\"\n\t\t\tdata-wp-style--top=\"state.imageButtonTop\"\n\t\t>\n\t\t\t<svg xmlns=\"http:\/\/www.w3.org\/2000\/svg\" width=\"12\" height=\"12\" fill=\"none\" viewBox=\"0 0 12 12\">\n\t\t\t\t<path fill=\"#fff\" d=\"M2 0a2 2 0 0 0-2 2v2h1.5V2a.5.5 0 0 1 .5-.5h2V0H2Zm2 10.5H2a.5.5 0 0 1-.5-.5V8H0v2a2 2 0 0 0 2 2h2v-1.5ZM8 12v-1.5h2a.5.5 0 0 0 .5-.5V8H12v2a2 2 0 0 1-2 2H8Zm2-12a2 2 0 0 1 2 2v2h-1.5V2a.5.5 0 0 0-.5-.5H8V0h2Z\" \/>\n\t\t\t<\/svg>\n\t\t<\/button><\/figure>\n\n\n\n<p>Mais les \u00c9tats-Unis, l&rsquo;UE, l&rsquo;Inde et le Br\u00e9sil ne resteront pas sur la touche. D\u2019ici 2028, leur capacit\u00e9 renouvelable devrait plus que doubler par rapport aux cinq derni\u00e8res ann\u00e9es. Mention sp\u00e9ciale pour l\u2019UE et le Br\u00e9sil qui devraient conna\u00eetre une forte augmentation du solaire en toiture, les consommateurs r\u00e9sidentiels et commerciaux cherchant \u00e0 r\u00e9duire leurs factures d\u2019\u00e9lectricit\u00e9.<\/p>\n\n\n<div class=\"wp-block-image\">\n<figure data-wp-context=\"{&quot;imageId&quot;:&quot;69f414bd8d23d&quot;}\" data-wp-interactive=\"core\/image\" data-wp-key=\"69f414bd8d23d\" class=\"aligncenter size-full is-resized wp-lightbox-container\"><img loading=\"lazy\" decoding=\"async\" width=\"664\" height=\"575\" data-wp-class--hide=\"state.isContentHidden\" data-wp-class--show=\"state.isContentVisible\" data-wp-init=\"callbacks.setButtonStyles\" data-wp-on--click=\"actions.showLightbox\" data-wp-on--load=\"callbacks.setButtonStyles\" data-wp-on-window--resize=\"callbacks.setButtonStyles\" src=\"https:\/\/www.renouvelle.be\/wp-content\/uploads\/2024\/01\/Image03.png\" alt=\"\" class=\"wp-image-11815\" style=\"width:539px;height:auto\" srcset=\"https:\/\/www.renouvelle.be\/wp-content\/uploads\/2024\/01\/Image03.png 664w, https:\/\/www.renouvelle.be\/wp-content\/uploads\/2024\/01\/Image03-300x260.png 300w\" sizes=\"auto, (max-width: 664px) 100vw, 664px\" \/><button\n\t\t\tclass=\"lightbox-trigger\"\n\t\t\ttype=\"button\"\n\t\t\taria-haspopup=\"dialog\"\n\t\t\taria-label=\"Agrandir\"\n\t\t\tdata-wp-init=\"callbacks.initTriggerButton\"\n\t\t\tdata-wp-on--click=\"actions.showLightbox\"\n\t\t\tdata-wp-style--right=\"state.imageButtonRight\"\n\t\t\tdata-wp-style--top=\"state.imageButtonTop\"\n\t\t>\n\t\t\t<svg xmlns=\"http:\/\/www.w3.org\/2000\/svg\" width=\"12\" height=\"12\" fill=\"none\" viewBox=\"0 0 12 12\">\n\t\t\t\t<path fill=\"#fff\" d=\"M2 0a2 2 0 0 0-2 2v2h1.5V2a.5.5 0 0 1 .5-.5h2V0H2Zm2 10.5H2a.5.5 0 0 1-.5-.5V8H0v2a2 2 0 0 0 2 2h2v-1.5ZM8 12v-1.5h2a.5.5 0 0 0 .5-.5V8H12v2a2 2 0 0 1-2 2H8Zm2-12a2 2 0 0 1 2 2v2h-1.5V2a.5.5 0 0 0-.5-.5H8V0h2Z\" \/>\n\t\t\t<\/svg>\n\t\t<\/button><\/figure>\n<\/div>\n\n\n<p>En 2023, environ 96% de la capacit\u00e9 solaire photovolta\u00efque et \u00e9olienne onshore de nouvelle installation avaient des co\u00fbts de production inf\u00e9rieurs \u00e0 ceux des nouvelles centrales au charbon et au gaz naturel. De plus, trois quarts des nouvelles installations \u00e9oliennes et solaires photovolta\u00efques offraient une \u00e9lectricit\u00e9 moins ch\u00e8re que les installations existantes \u00e0 base de combustibles fossiles. Les syst\u00e8mes \u00e9oliens terrestres et solaires photovolta\u00efques deviendront plus comp\u00e9titifs en termes de co\u00fbts au cours de la p\u00e9riode pr\u00e9vue.<\/p>\n\n\n\n<p><a href=\"https:\/\/www.renouvelle.be\/fr\/belgique-30-consommation-electricite-energies-renouvelables\/\" target=\"_blank\" rel=\"noreferrer noopener\">Un bilan positif pour le renouvelable<\/a> qui marque, depuis quelques ann\u00e9es, une progression constante et qui continuera sur sa lanc\u00e9e d\u2019apr\u00e8s les pr\u00e9visions de l\u2019AIE.<\/p>\n","protected":false},"excerpt":{"rendered":"<p>2023 a \u00e9t\u00e9 un mill\u00e9sime d\u2019exception pour les ajouts de capacit\u00e9 renouvelable mondiale d\u2019apr\u00e8s les chiffres de l\u2019Agence Internationale de l\u2019Energie. Elle constate une croissance record de 50%, atteignant ainsi pr\u00e8s de 510 gigawatts (GW). Les augmentations significatives en Europe, aux \u00c9tats-Unis et au Br\u00e9sil ont \u00e9t\u00e9 accompagn\u00e9es d&rsquo;une expansion importante en Chine, qui a mis en service, en 2023, une capacit\u00e9 solaire photovolta\u00efque \u00e9quivalente \u00e0 celle du monde entier en 2022. Les ajouts \u00e9oliens en Chine ont \u00e9galement augment\u00e9 de 66%. L&rsquo;\u00e9nergie solaire photovolta\u00efque s\u2019est d\u00e9marqu\u00e9e en repr\u00e9sentant trois quarts des nouvelles capacit\u00e9s renouvelables. Pour continuer sur cette lanc\u00e9e, l\u2019AIE a incit\u00e9 les gouvernements \u00e0 tripler la capacit\u00e9 renouvelable mondiale pour la porter \u00e0 plus de 11000 GW d\u2019ici 2030. Mais cela ne se fera pas sans se heurter \u00e0 certains d\u00e9fis, comme le fait remarquer l\u2019AIE. Des d\u00e9fis comme les incertitudes politiques qui freinent l\u2019adoption des \u00e9nergies renouvelables ou encore le manque d\u2019investissement dans les infrastructures n\u00e9cessaires \u00e0 leur d\u00e9veloppement. Mais en surmontant ces obstacles, c\u2019est donc une croissance de pr\u00e8s de 21% qui pourrait avoir lieu. D&rsquo;ici 2024, l&rsquo;\u00e9nergie \u00e9olienne et le solaire photovolta\u00efque devraient surpasser conjointement la production hydro\u00e9lectrique \u00e0 l&rsquo;\u00e9chelle mondiale, selon les projections du rapport. Toujours d\u2019apr\u00e8s lui, en 2025, les \u00e9nergies renouvelables deviendraient la premi\u00e8re source mondiale de production d&rsquo;\u00e9lectricit\u00e9, d\u00e9passant m\u00eame la production \u00e0 base de charbon. Le solaire photovolta\u00efque devrait surpasser le nucl\u00e9aire \u00e0 l&rsquo;\u00e9chelle mondiale d\u00e8s 2026, suivi de pr\u00e8s par l&rsquo;\u00e9nergie \u00e9olienne en 2025. Les pr\u00e9visions sugg\u00e8rent que d&rsquo;ici 2028, la part combin\u00e9e de l&rsquo;\u00e9nergie \u00e9olienne et solaire photovolta\u00efque pourrait repr\u00e9senter jusqu&rsquo;\u00e0 25% de la production totale d&rsquo;\u00e9lectricit\u00e9. Le rapport pr\u00e9voit une capacit\u00e9 renouvelable suppl\u00e9mentaire de 3700 GW d\u2019ici 2028, les \u00e9nergies solaires photovolta\u00efques et \u00e9oliennes se positionnant comme &hellip; <a href=\"https:\/\/www.renouvelle.be\/fr\/2023-capacite-renouvelable-progresse-dans-le-monde\/\" class=\"more-link\">Continue reading<span class=\"screen-reader-text\"> \u00ab\u00a0En 2023, la capacit\u00e9 renouvelable progresse mondialement de 50%\u00a0\u00bb<\/span><\/a><\/p>\n","protected":false},"author":38,"featured_media":11848,"comment_status":"closed","ping_status":"closed","sticky":false,"template":"","format":"standard","meta":{"_acf_changed":false,"footnotes":""},"categories":[18],"tags":[],"section":[8],"class_list":["post-11803","post","type-post","status-publish","format-standard","has-post-thumbnail","hentry","category-actualite-internationale","section-energie-renouvelables"],"acf":[],"yoast_head":"<!-- This site is optimized with the Yoast SEO plugin v27.5 - https:\/\/yoast.com\/product\/yoast-seo-wordpress\/ -->\n<title>En 2023, la capacit\u00e9 renouvelable progresse mondialement de 50% - Renouvelle<\/title>\n<meta name=\"description\" content=\"La capacit\u00e9 renouvelable mondiale a connu une progression importante. Celle-ci a \u00e9t\u00e9 augment\u00e9e de 50% en 2023.\" \/>\n<meta name=\"robots\" content=\"index, follow, max-snippet:-1, max-image-preview:large, max-video-preview:-1\" \/>\n<link rel=\"canonical\" href=\"https:\/\/www.renouvelle.be\/fr\/2023-capacite-renouvelable-progresse-dans-le-monde\/\" \/>\n<meta property=\"og:locale\" content=\"fr_FR\" \/>\n<meta property=\"og:type\" content=\"article\" \/>\n<meta property=\"og:title\" content=\"En 2023, la capacit\u00e9 renouvelable progresse mondialement de 50% - Renouvelle\" \/>\n<meta property=\"og:description\" content=\"La capacit\u00e9 renouvelable mondiale a connu une progression importante. Celle-ci a \u00e9t\u00e9 augment\u00e9e de 50% en 2023.\" \/>\n<meta property=\"og:url\" content=\"https:\/\/www.renouvelle.be\/fr\/2023-capacite-renouvelable-progresse-dans-le-monde\/\" \/>\n<meta property=\"og:site_name\" content=\"Renouvelle\" \/>\n<meta property=\"article:published_time\" content=\"2024-01-19T08:44:51+00:00\" \/>\n<meta property=\"article:modified_time\" content=\"2024-01-19T08:44:55+00:00\" \/>\n<meta property=\"og:image\" content=\"https:\/\/www.renouvelle.be\/wp-content\/uploads\/2024\/01\/iStock-584487610.jpg\" \/>\n\t<meta property=\"og:image:width\" content=\"1254\" \/>\n\t<meta property=\"og:image:height\" content=\"837\" \/>\n\t<meta property=\"og:image:type\" content=\"image\/jpeg\" \/>\n<meta name=\"author\" content=\"Samuel Alves\" \/>\n<meta name=\"twitter:card\" content=\"summary_large_image\" \/>\n<script type=\"application\/ld+json\" class=\"yoast-schema-graph\">{\"@context\":\"https:\\\/\\\/schema.org\",\"@graph\":[{\"@type\":\"Article\",\"@id\":\"https:\\\/\\\/www.renouvelle.be\\\/fr\\\/2023-capacite-renouvelable-progresse-dans-le-monde\\\/#article\",\"isPartOf\":{\"@id\":\"https:\\\/\\\/www.renouvelle.be\\\/fr\\\/2023-capacite-renouvelable-progresse-dans-le-monde\\\/\"},\"author\":{\"name\":\"Samuel Alves\",\"@id\":\"https:\\\/\\\/www.renouvelle.be\\\/fr\\\/#\\\/schema\\\/person\\\/9d743366fb269eeceaa8d60e98d289d3\"},\"headline\":\"En 2023, la capacit\u00e9 renouvelable progresse mondialement de 50%\",\"datePublished\":\"2024-01-19T08:44:51+00:00\",\"dateModified\":\"2024-01-19T08:44:55+00:00\",\"mainEntityOfPage\":{\"@id\":\"https:\\\/\\\/www.renouvelle.be\\\/fr\\\/2023-capacite-renouvelable-progresse-dans-le-monde\\\/\"},\"wordCount\":610,\"image\":{\"@id\":\"https:\\\/\\\/www.renouvelle.be\\\/fr\\\/2023-capacite-renouvelable-progresse-dans-le-monde\\\/#primaryimage\"},\"thumbnailUrl\":\"https:\\\/\\\/www.renouvelle.be\\\/wp-content\\\/uploads\\\/2024\\\/01\\\/iStock-584487610.jpg\",\"articleSection\":[\"Actualit\u00e9 internationale\"],\"inLanguage\":\"fr-FR\"},{\"@type\":\"WebPage\",\"@id\":\"https:\\\/\\\/www.renouvelle.be\\\/fr\\\/2023-capacite-renouvelable-progresse-dans-le-monde\\\/\",\"url\":\"https:\\\/\\\/www.renouvelle.be\\\/fr\\\/2023-capacite-renouvelable-progresse-dans-le-monde\\\/\",\"name\":\"En 2023, la capacit\u00e9 renouvelable progresse mondialement de 50% - Renouvelle\",\"isPartOf\":{\"@id\":\"https:\\\/\\\/www.renouvelle.be\\\/fr\\\/#website\"},\"primaryImageOfPage\":{\"@id\":\"https:\\\/\\\/www.renouvelle.be\\\/fr\\\/2023-capacite-renouvelable-progresse-dans-le-monde\\\/#primaryimage\"},\"image\":{\"@id\":\"https:\\\/\\\/www.renouvelle.be\\\/fr\\\/2023-capacite-renouvelable-progresse-dans-le-monde\\\/#primaryimage\"},\"thumbnailUrl\":\"https:\\\/\\\/www.renouvelle.be\\\/wp-content\\\/uploads\\\/2024\\\/01\\\/iStock-584487610.jpg\",\"datePublished\":\"2024-01-19T08:44:51+00:00\",\"dateModified\":\"2024-01-19T08:44:55+00:00\",\"author\":{\"@id\":\"https:\\\/\\\/www.renouvelle.be\\\/fr\\\/#\\\/schema\\\/person\\\/9d743366fb269eeceaa8d60e98d289d3\"},\"description\":\"La capacit\u00e9 renouvelable mondiale a connu une progression importante. Celle-ci a \u00e9t\u00e9 augment\u00e9e de 50% en 2023.\",\"breadcrumb\":{\"@id\":\"https:\\\/\\\/www.renouvelle.be\\\/fr\\\/2023-capacite-renouvelable-progresse-dans-le-monde\\\/#breadcrumb\"},\"inLanguage\":\"fr-FR\",\"potentialAction\":[{\"@type\":\"ReadAction\",\"target\":[\"https:\\\/\\\/www.renouvelle.be\\\/fr\\\/2023-capacite-renouvelable-progresse-dans-le-monde\\\/\"]}]},{\"@type\":\"ImageObject\",\"inLanguage\":\"fr-FR\",\"@id\":\"https:\\\/\\\/www.renouvelle.be\\\/fr\\\/2023-capacite-renouvelable-progresse-dans-le-monde\\\/#primaryimage\",\"url\":\"https:\\\/\\\/www.renouvelle.be\\\/wp-content\\\/uploads\\\/2024\\\/01\\\/iStock-584487610.jpg\",\"contentUrl\":\"https:\\\/\\\/www.renouvelle.be\\\/wp-content\\\/uploads\\\/2024\\\/01\\\/iStock-584487610.jpg\",\"width\":1254,\"height\":837,\"caption\":\"capacit\u00e9 renouvelable\"},{\"@type\":\"BreadcrumbList\",\"@id\":\"https:\\\/\\\/www.renouvelle.be\\\/fr\\\/2023-capacite-renouvelable-progresse-dans-le-monde\\\/#breadcrumb\",\"itemListElement\":[{\"@type\":\"ListItem\",\"position\":1,\"name\":\"Accueil\",\"item\":\"https:\\\/\\\/www.renouvelle.be\\\/fr\\\/\"},{\"@type\":\"ListItem\",\"position\":2,\"name\":\"En 2023, la capacit\u00e9 renouvelable progresse mondialement de 50%\"}]},{\"@type\":\"WebSite\",\"@id\":\"https:\\\/\\\/www.renouvelle.be\\\/fr\\\/#website\",\"url\":\"https:\\\/\\\/www.renouvelle.be\\\/fr\\\/\",\"name\":\"Renouvelle\",\"description\":\"L&#039;actualit\u00e9 de l&#039;\u00e9nergie durable\",\"potentialAction\":[{\"@type\":\"SearchAction\",\"target\":{\"@type\":\"EntryPoint\",\"urlTemplate\":\"https:\\\/\\\/www.renouvelle.be\\\/fr\\\/?s={search_term_string}\"},\"query-input\":{\"@type\":\"PropertyValueSpecification\",\"valueRequired\":true,\"valueName\":\"search_term_string\"}}],\"inLanguage\":\"fr-FR\"},{\"@type\":\"Person\",\"@id\":\"https:\\\/\\\/www.renouvelle.be\\\/fr\\\/#\\\/schema\\\/person\\\/9d743366fb269eeceaa8d60e98d289d3\",\"name\":\"Samuel Alves\",\"url\":\"https:\\\/\\\/www.renouvelle.be\\\/fr\\\/author\\\/salves\\\/\"}]}<\/script>\n<!-- \/ Yoast SEO plugin. -->","yoast_head_json":{"title":"En 2023, la capacit\u00e9 renouvelable progresse mondialement de 50% - Renouvelle","description":"La capacit\u00e9 renouvelable mondiale a connu une progression importante. Celle-ci a \u00e9t\u00e9 augment\u00e9e de 50% en 2023.","robots":{"index":"index","follow":"follow","max-snippet":"max-snippet:-1","max-image-preview":"max-image-preview:large","max-video-preview":"max-video-preview:-1"},"canonical":"https:\/\/www.renouvelle.be\/fr\/2023-capacite-renouvelable-progresse-dans-le-monde\/","og_locale":"fr_FR","og_type":"article","og_title":"En 2023, la capacit\u00e9 renouvelable progresse mondialement de 50% - Renouvelle","og_description":"La capacit\u00e9 renouvelable mondiale a connu une progression importante. Celle-ci a \u00e9t\u00e9 augment\u00e9e de 50% en 2023.","og_url":"https:\/\/www.renouvelle.be\/fr\/2023-capacite-renouvelable-progresse-dans-le-monde\/","og_site_name":"Renouvelle","article_published_time":"2024-01-19T08:44:51+00:00","article_modified_time":"2024-01-19T08:44:55+00:00","og_image":[{"width":1254,"height":837,"url":"https:\/\/www.renouvelle.be\/wp-content\/uploads\/2024\/01\/iStock-584487610.jpg","type":"image\/jpeg"}],"author":"Samuel Alves","twitter_card":"summary_large_image","schema":{"@context":"https:\/\/schema.org","@graph":[{"@type":"Article","@id":"https:\/\/www.renouvelle.be\/fr\/2023-capacite-renouvelable-progresse-dans-le-monde\/#article","isPartOf":{"@id":"https:\/\/www.renouvelle.be\/fr\/2023-capacite-renouvelable-progresse-dans-le-monde\/"},"author":{"name":"Samuel Alves","@id":"https:\/\/www.renouvelle.be\/fr\/#\/schema\/person\/9d743366fb269eeceaa8d60e98d289d3"},"headline":"En 2023, la capacit\u00e9 renouvelable progresse mondialement de 50%","datePublished":"2024-01-19T08:44:51+00:00","dateModified":"2024-01-19T08:44:55+00:00","mainEntityOfPage":{"@id":"https:\/\/www.renouvelle.be\/fr\/2023-capacite-renouvelable-progresse-dans-le-monde\/"},"wordCount":610,"image":{"@id":"https:\/\/www.renouvelle.be\/fr\/2023-capacite-renouvelable-progresse-dans-le-monde\/#primaryimage"},"thumbnailUrl":"https:\/\/www.renouvelle.be\/wp-content\/uploads\/2024\/01\/iStock-584487610.jpg","articleSection":["Actualit\u00e9 internationale"],"inLanguage":"fr-FR"},{"@type":"WebPage","@id":"https:\/\/www.renouvelle.be\/fr\/2023-capacite-renouvelable-progresse-dans-le-monde\/","url":"https:\/\/www.renouvelle.be\/fr\/2023-capacite-renouvelable-progresse-dans-le-monde\/","name":"En 2023, la capacit\u00e9 renouvelable progresse mondialement de 50% - Renouvelle","isPartOf":{"@id":"https:\/\/www.renouvelle.be\/fr\/#website"},"primaryImageOfPage":{"@id":"https:\/\/www.renouvelle.be\/fr\/2023-capacite-renouvelable-progresse-dans-le-monde\/#primaryimage"},"image":{"@id":"https:\/\/www.renouvelle.be\/fr\/2023-capacite-renouvelable-progresse-dans-le-monde\/#primaryimage"},"thumbnailUrl":"https:\/\/www.renouvelle.be\/wp-content\/uploads\/2024\/01\/iStock-584487610.jpg","datePublished":"2024-01-19T08:44:51+00:00","dateModified":"2024-01-19T08:44:55+00:00","author":{"@id":"https:\/\/www.renouvelle.be\/fr\/#\/schema\/person\/9d743366fb269eeceaa8d60e98d289d3"},"description":"La capacit\u00e9 renouvelable mondiale a connu une progression importante. Celle-ci a \u00e9t\u00e9 augment\u00e9e de 50% en 2023.","breadcrumb":{"@id":"https:\/\/www.renouvelle.be\/fr\/2023-capacite-renouvelable-progresse-dans-le-monde\/#breadcrumb"},"inLanguage":"fr-FR","potentialAction":[{"@type":"ReadAction","target":["https:\/\/www.renouvelle.be\/fr\/2023-capacite-renouvelable-progresse-dans-le-monde\/"]}]},{"@type":"ImageObject","inLanguage":"fr-FR","@id":"https:\/\/www.renouvelle.be\/fr\/2023-capacite-renouvelable-progresse-dans-le-monde\/#primaryimage","url":"https:\/\/www.renouvelle.be\/wp-content\/uploads\/2024\/01\/iStock-584487610.jpg","contentUrl":"https:\/\/www.renouvelle.be\/wp-content\/uploads\/2024\/01\/iStock-584487610.jpg","width":1254,"height":837,"caption":"capacit\u00e9 renouvelable"},{"@type":"BreadcrumbList","@id":"https:\/\/www.renouvelle.be\/fr\/2023-capacite-renouvelable-progresse-dans-le-monde\/#breadcrumb","itemListElement":[{"@type":"ListItem","position":1,"name":"Accueil","item":"https:\/\/www.renouvelle.be\/fr\/"},{"@type":"ListItem","position":2,"name":"En 2023, la capacit\u00e9 renouvelable progresse mondialement de 50%"}]},{"@type":"WebSite","@id":"https:\/\/www.renouvelle.be\/fr\/#website","url":"https:\/\/www.renouvelle.be\/fr\/","name":"Renouvelle","description":"L&#039;actualit\u00e9 de l&#039;\u00e9nergie durable","potentialAction":[{"@type":"SearchAction","target":{"@type":"EntryPoint","urlTemplate":"https:\/\/www.renouvelle.be\/fr\/?s={search_term_string}"},"query-input":{"@type":"PropertyValueSpecification","valueRequired":true,"valueName":"search_term_string"}}],"inLanguage":"fr-FR"},{"@type":"Person","@id":"https:\/\/www.renouvelle.be\/fr\/#\/schema\/person\/9d743366fb269eeceaa8d60e98d289d3","name":"Samuel Alves","url":"https:\/\/www.renouvelle.be\/fr\/author\/salves\/"}]}},"_links":{"self":[{"href":"https:\/\/www.renouvelle.be\/fr\/wp-json\/wp\/v2\/posts\/11803","targetHints":{"allow":["GET"]}}],"collection":[{"href":"https:\/\/www.renouvelle.be\/fr\/wp-json\/wp\/v2\/posts"}],"about":[{"href":"https:\/\/www.renouvelle.be\/fr\/wp-json\/wp\/v2\/types\/post"}],"author":[{"embeddable":true,"href":"https:\/\/www.renouvelle.be\/fr\/wp-json\/wp\/v2\/users\/38"}],"replies":[{"embeddable":true,"href":"https:\/\/www.renouvelle.be\/fr\/wp-json\/wp\/v2\/comments?post=11803"}],"version-history":[{"count":41,"href":"https:\/\/www.renouvelle.be\/fr\/wp-json\/wp\/v2\/posts\/11803\/revisions"}],"predecessor-version":[{"id":11854,"href":"https:\/\/www.renouvelle.be\/fr\/wp-json\/wp\/v2\/posts\/11803\/revisions\/11854"}],"wp:featuredmedia":[{"embeddable":true,"href":"https:\/\/www.renouvelle.be\/fr\/wp-json\/wp\/v2\/media\/11848"}],"wp:attachment":[{"href":"https:\/\/www.renouvelle.be\/fr\/wp-json\/wp\/v2\/media?parent=11803"}],"wp:term":[{"taxonomy":"category","embeddable":true,"href":"https:\/\/www.renouvelle.be\/fr\/wp-json\/wp\/v2\/categories?post=11803"},{"taxonomy":"post_tag","embeddable":true,"href":"https:\/\/www.renouvelle.be\/fr\/wp-json\/wp\/v2\/tags?post=11803"},{"taxonomy":"section","embeddable":true,"href":"https:\/\/www.renouvelle.be\/fr\/wp-json\/wp\/v2\/section?post=11803"}],"curies":[{"name":"wp","href":"https:\/\/api.w.org\/{rel}","templated":true}]}}