{"id":11779,"date":"2024-01-18T10:39:03","date_gmt":"2024-01-18T09:39:03","guid":{"rendered":"https:\/\/www.renouvelle.be\/?p=11779"},"modified":"2024-01-18T15:15:43","modified_gmt":"2024-01-18T14:15:43","slug":"flexibilite-electrique-consommateur-en-4-gestes","status":"publish","type":"post","link":"https:\/\/www.renouvelle.be\/fr\/flexibilite-electrique-consommateur-en-4-gestes\/","title":{"rendered":"La flexibilit\u00e9 \u00e9lectrique : une bonne r\u00e9solution en 4 gestes"},"content":{"rendered":"\n<p><\/p>\n\n\n\n<p>Brancher un appareil \u00e9lectrique, allumer l\u2019interrupteur ou presser le bouton \u00ab&nbsp;on&nbsp;\u00bb, le mettre en route, l\u2019\u00e9teindre, le recharger, repartir pour un m\u00eame cycle et ainsi de suite. Autant de gestes routiniers auxquels nous ne faisons plus vraiment attention. Des mouvements devenus automatismes lorsque on consomme de l\u2019\u00e9nergie.<\/p>\n\n\n\n<p>Dans le futur, les citoyens devront se r\u00e9approprier, un peu plus, la fa\u00e7on dont ils consomment l\u2019\u00e9nergie renouvelable en adoptant un autre r\u00e9flexe\u00a0: celui de la flexibilit\u00e9 \u00e9lectrique du consommateur.<\/p>\n\n\n\n<p><strong>Qu\u2019entend-on par flexibilit\u00e9&nbsp;\u00e9lectrique du consommateur ?<\/strong><\/p>\n\n\n\n<p>Et s&rsquo;il \u00e9tait possible de lisser les pics de consommation d&rsquo;\u00e9lectricit\u00e9 en agissant concr\u00e8tement ? Repenser les moments de consommation \u00e9lectrique pour palier \u00e0 la surtension du r\u00e9seau, c&rsquo;est cela la flexibilit\u00e9. Bien \u00e9videmment, le r\u00e9seau \u00e9lectrique devra passer par un renforcement mais cela prendra du temps. Pourquoi attendre alors que des solutions flexibles existent&nbsp;?<\/p>\n\n\n\n<p>On serait plut\u00f4t tent\u00e9 de voir arriver une innovation technologique qui puisse tout faire \u00e0 notre place. Mais l\u2019\u00e9volution n\u2019est pas toujours que le seul progr\u00e8s de la technologie. C\u2019est aussi r\u00e9fl\u00e9chir \u00e0 faire un meilleur usage de ce qui existe d\u00e9j\u00e0, pour soi et, par la m\u00eame occasion, le bien commun. On vous propose donc quelques gestes qui feront de vous de vrais gymnastes de la consommation d\u2019\u00e9lectricit\u00e9.<\/p>\n\n\n\n<ul class=\"wp-block-list\">\n<li><strong>D\u00e9placer<\/strong><br><br>Planifiez votre consommation en programmant certains de vos appareils \u00e9lectrom\u00e9nagers, comme le lave-vaisselle ou le s\u00e8che-linge, pour les faire fonctionner aux heures creuses lorsque la demande en \u00e9lectricit\u00e9 est plus faible. Si vous avez des panneaux solaires, programmer ces m\u00eames \u00e9lectrom\u00e9nagers aux moments de production photovolta\u00efque \u00e9lev\u00e9e est l\u2019id\u00e9al. Entre midi et 15h, surtout.<\/li>\n<\/ul>\n\n\n\n<ul class=\"wp-block-list\">\n<li><strong>Coupler<\/strong><br><br>Associez des technologies permettant d\u2019automatiser le fonctionnement de certains appareils domestiques lorsque vos panneaux photovolta\u00efques produisent de l\u2019\u00e9lectricit\u00e9. Parmi ces \u00e9quipements, on trouve&nbsp;: le chauffe-eau, la pompe \u00e0 chaleur pour le chauffage, la batterie au mur ou le routeur solaire (<a href=\"https:\/\/www.renouvelle.be\/fr\/le-pvheater-cette-licorne-de-lautoconsommation\/\" target=\"_blank\" rel=\"noreferrer noopener\">PVheater<\/a>).<\/li>\n<\/ul>\n\n\n\n<ul class=\"wp-block-list\">\n<li><strong>Adapter<\/strong><br><br>Orientez vos panneaux solaires vers l\u2019est et l\u2019ouest plut\u00f4t qu\u2019au sud. La production solaire sera ainsi mieux r\u00e9partie sur une p\u00e9riode plus longue permettant de r\u00e9duire les pics d\u2019injection de surplus d\u2019\u00e9nergie dans le r\u00e9seau.<\/li>\n<\/ul>\n\n\n\n<ul class=\"wp-block-list\">\n<li><strong>Am\u00e9liorer<\/strong><br><br>Renforcez votre efficacit\u00e9 \u00e9nerg\u00e9tique en optant pour des&nbsp;\u00e9clairages LED \u00e0 faible consommation, par exemple. Il faut aussi porter une attention \u00e0 choisir des appareils \u00e9lectriques plus performants, sans oublier de ne pas les laisser en veille si ce n\u2019est pas n\u00e9cessaire. Cela vous \u00e9vitera une consommation inutile.<\/li>\n<\/ul>\n\n\n\n<p>Des gestes qui auront donc l&rsquo;int\u00e9r\u00eat de faire diminuer votre facture d&rsquo;\u00e9lectricit\u00e9 et votre consommation globale, pour un r\u00e9seau \u00e9lectrique \u00e9quilibr\u00e9.&nbsp;<\/p>\n\n\n\n<p>La flexibilit\u00e9 est donc une occasion \u00e0 saisir pour d\u00e9velopper de nouveaux comportements positifs pour se r\u00e9approprier la consommation d\u2019\u00e9nergie.<\/p>\n","protected":false},"excerpt":{"rendered":"<p>Brancher un appareil \u00e9lectrique, allumer l\u2019interrupteur ou presser le bouton \u00ab&nbsp;on&nbsp;\u00bb, le mettre en route, l\u2019\u00e9teindre, le recharger, repartir pour un m\u00eame cycle et ainsi de suite. Autant de gestes routiniers auxquels nous ne faisons plus vraiment attention. Des mouvements devenus automatismes lorsque on consomme de l\u2019\u00e9nergie. Dans le futur, les citoyens devront se r\u00e9approprier, un peu plus, la fa\u00e7on dont ils consomment l\u2019\u00e9nergie renouvelable en adoptant un autre r\u00e9flexe\u00a0: celui de la flexibilit\u00e9 \u00e9lectrique du consommateur. Qu\u2019entend-on par flexibilit\u00e9&nbsp;\u00e9lectrique du consommateur ? Et s&rsquo;il \u00e9tait possible de lisser les pics de consommation d&rsquo;\u00e9lectricit\u00e9 en agissant concr\u00e8tement ? Repenser les moments de consommation \u00e9lectrique pour palier \u00e0 la surtension du r\u00e9seau, c&rsquo;est cela la flexibilit\u00e9. Bien \u00e9videmment, le r\u00e9seau \u00e9lectrique devra passer par un renforcement mais cela prendra du temps. Pourquoi attendre alors que des solutions flexibles existent&nbsp;? On serait plut\u00f4t tent\u00e9 de voir arriver une innovation technologique qui puisse tout faire \u00e0 notre place. Mais l\u2019\u00e9volution n\u2019est pas toujours que le seul progr\u00e8s de la technologie. C\u2019est aussi r\u00e9fl\u00e9chir \u00e0 faire un meilleur usage de ce qui existe d\u00e9j\u00e0, pour soi et, par la m\u00eame occasion, le bien commun. On vous propose donc quelques gestes qui feront de vous de vrais gymnastes de la consommation d\u2019\u00e9lectricit\u00e9. Des gestes qui auront donc l&rsquo;int\u00e9r\u00eat de faire diminuer votre facture d&rsquo;\u00e9lectricit\u00e9 et votre consommation globale, pour un r\u00e9seau \u00e9lectrique \u00e9quilibr\u00e9.&nbsp; La flexibilit\u00e9 est donc une occasion \u00e0 saisir pour d\u00e9velopper de nouveaux comportements positifs pour se r\u00e9approprier la consommation d\u2019\u00e9nergie.<\/p>\n","protected":false},"author":38,"featured_media":11797,"comment_status":"closed","ping_status":"closed","sticky":false,"template":"","format":"standard","meta":{"_acf_changed":false,"footnotes":""},"categories":[16],"tags":[],"section":[8],"class_list":["post-11779","post","type-post","status-publish","format-standard","has-post-thumbnail","hentry","category-actualite","section-energie-renouvelables"],"acf":[],"yoast_head":"<!-- This site is optimized with the Yoast SEO plugin v27.4 - https:\/\/yoast.com\/product\/yoast-seo-wordpress\/ -->\n<title>La flexibilit\u00e9 \u00e9lectrique : une bonne r\u00e9solution en 4 gestes - Renouvelle<\/title>\n<meta name=\"description\" content=\"Et si le consommateur avait le pouvoir de participer au r\u00e9\u00e9quilibrage du r\u00e9seau en adoptant la flexibilit\u00e9 \u00e9lectrique ?\" \/>\n<meta name=\"robots\" content=\"index, follow, max-snippet:-1, max-image-preview:large, max-video-preview:-1\" \/>\n<link rel=\"canonical\" href=\"https:\/\/www.renouvelle.be\/fr\/flexibilite-electrique-consommateur-en-4-gestes\/\" \/>\n<meta property=\"og:locale\" content=\"fr_FR\" \/>\n<meta property=\"og:type\" content=\"article\" \/>\n<meta property=\"og:title\" content=\"La flexibilit\u00e9 \u00e9lectrique : une bonne r\u00e9solution en 4 gestes - Renouvelle\" \/>\n<meta property=\"og:description\" content=\"Et si le consommateur avait le pouvoir de participer au r\u00e9\u00e9quilibrage du r\u00e9seau en adoptant la flexibilit\u00e9 \u00e9lectrique ?\" \/>\n<meta property=\"og:url\" content=\"https:\/\/www.renouvelle.be\/fr\/flexibilite-electrique-consommateur-en-4-gestes\/\" \/>\n<meta property=\"og:site_name\" content=\"Renouvelle\" \/>\n<meta property=\"article:published_time\" content=\"2024-01-18T09:39:03+00:00\" \/>\n<meta property=\"article:modified_time\" content=\"2024-01-18T14:15:43+00:00\" \/>\n<meta property=\"og:image\" content=\"https:\/\/www.renouvelle.be\/wp-content\/uploads\/2024\/01\/iStock-1344124162-scaled.jpg\" \/>\n\t<meta property=\"og:image:width\" content=\"2560\" \/>\n\t<meta property=\"og:image:height\" content=\"1567\" \/>\n\t<meta property=\"og:image:type\" content=\"image\/jpeg\" \/>\n<meta name=\"author\" content=\"Samuel Alves\" \/>\n<meta name=\"twitter:card\" content=\"summary_large_image\" \/>\n<script type=\"application\/ld+json\" class=\"yoast-schema-graph\">{\"@context\":\"https:\\\/\\\/schema.org\",\"@graph\":[{\"@type\":\"Article\",\"@id\":\"https:\\\/\\\/www.renouvelle.be\\\/fr\\\/flexibilite-electrique-consommateur-en-4-gestes\\\/#article\",\"isPartOf\":{\"@id\":\"https:\\\/\\\/www.renouvelle.be\\\/fr\\\/flexibilite-electrique-consommateur-en-4-gestes\\\/\"},\"author\":{\"name\":\"Samuel Alves\",\"@id\":\"https:\\\/\\\/www.renouvelle.be\\\/fr\\\/#\\\/schema\\\/person\\\/9d743366fb269eeceaa8d60e98d289d3\"},\"headline\":\"La flexibilit\u00e9 \u00e9lectrique : une bonne r\u00e9solution en 4 gestes\",\"datePublished\":\"2024-01-18T09:39:03+00:00\",\"dateModified\":\"2024-01-18T14:15:43+00:00\",\"mainEntityOfPage\":{\"@id\":\"https:\\\/\\\/www.renouvelle.be\\\/fr\\\/flexibilite-electrique-consommateur-en-4-gestes\\\/\"},\"wordCount\":497,\"image\":{\"@id\":\"https:\\\/\\\/www.renouvelle.be\\\/fr\\\/flexibilite-electrique-consommateur-en-4-gestes\\\/#primaryimage\"},\"thumbnailUrl\":\"https:\\\/\\\/www.renouvelle.be\\\/wp-content\\\/uploads\\\/2024\\\/01\\\/iStock-1344124162-scaled.jpg\",\"articleSection\":[\"Actualit\u00e9\"],\"inLanguage\":\"fr-FR\"},{\"@type\":\"WebPage\",\"@id\":\"https:\\\/\\\/www.renouvelle.be\\\/fr\\\/flexibilite-electrique-consommateur-en-4-gestes\\\/\",\"url\":\"https:\\\/\\\/www.renouvelle.be\\\/fr\\\/flexibilite-electrique-consommateur-en-4-gestes\\\/\",\"name\":\"La flexibilit\u00e9 \u00e9lectrique : une bonne r\u00e9solution en 4 gestes - Renouvelle\",\"isPartOf\":{\"@id\":\"https:\\\/\\\/www.renouvelle.be\\\/fr\\\/#website\"},\"primaryImageOfPage\":{\"@id\":\"https:\\\/\\\/www.renouvelle.be\\\/fr\\\/flexibilite-electrique-consommateur-en-4-gestes\\\/#primaryimage\"},\"image\":{\"@id\":\"https:\\\/\\\/www.renouvelle.be\\\/fr\\\/flexibilite-electrique-consommateur-en-4-gestes\\\/#primaryimage\"},\"thumbnailUrl\":\"https:\\\/\\\/www.renouvelle.be\\\/wp-content\\\/uploads\\\/2024\\\/01\\\/iStock-1344124162-scaled.jpg\",\"datePublished\":\"2024-01-18T09:39:03+00:00\",\"dateModified\":\"2024-01-18T14:15:43+00:00\",\"author\":{\"@id\":\"https:\\\/\\\/www.renouvelle.be\\\/fr\\\/#\\\/schema\\\/person\\\/9d743366fb269eeceaa8d60e98d289d3\"},\"description\":\"Et si le consommateur avait le pouvoir de participer au r\u00e9\u00e9quilibrage du r\u00e9seau en adoptant la flexibilit\u00e9 \u00e9lectrique ?\",\"breadcrumb\":{\"@id\":\"https:\\\/\\\/www.renouvelle.be\\\/fr\\\/flexibilite-electrique-consommateur-en-4-gestes\\\/#breadcrumb\"},\"inLanguage\":\"fr-FR\",\"potentialAction\":[{\"@type\":\"ReadAction\",\"target\":[\"https:\\\/\\\/www.renouvelle.be\\\/fr\\\/flexibilite-electrique-consommateur-en-4-gestes\\\/\"]}]},{\"@type\":\"ImageObject\",\"inLanguage\":\"fr-FR\",\"@id\":\"https:\\\/\\\/www.renouvelle.be\\\/fr\\\/flexibilite-electrique-consommateur-en-4-gestes\\\/#primaryimage\",\"url\":\"https:\\\/\\\/www.renouvelle.be\\\/wp-content\\\/uploads\\\/2024\\\/01\\\/iStock-1344124162-scaled.jpg\",\"contentUrl\":\"https:\\\/\\\/www.renouvelle.be\\\/wp-content\\\/uploads\\\/2024\\\/01\\\/iStock-1344124162-scaled.jpg\",\"width\":2560,\"height\":1567,\"caption\":\"flexibilit\u00e9 \u00e9lectrique\"},{\"@type\":\"BreadcrumbList\",\"@id\":\"https:\\\/\\\/www.renouvelle.be\\\/fr\\\/flexibilite-electrique-consommateur-en-4-gestes\\\/#breadcrumb\",\"itemListElement\":[{\"@type\":\"ListItem\",\"position\":1,\"name\":\"Accueil\",\"item\":\"https:\\\/\\\/www.renouvelle.be\\\/fr\\\/\"},{\"@type\":\"ListItem\",\"position\":2,\"name\":\"La flexibilit\u00e9 \u00e9lectrique : une bonne r\u00e9solution en 4 gestes\"}]},{\"@type\":\"WebSite\",\"@id\":\"https:\\\/\\\/www.renouvelle.be\\\/fr\\\/#website\",\"url\":\"https:\\\/\\\/www.renouvelle.be\\\/fr\\\/\",\"name\":\"Renouvelle\",\"description\":\"L&#039;actualit\u00e9 de l&#039;\u00e9nergie durable\",\"potentialAction\":[{\"@type\":\"SearchAction\",\"target\":{\"@type\":\"EntryPoint\",\"urlTemplate\":\"https:\\\/\\\/www.renouvelle.be\\\/fr\\\/?s={search_term_string}\"},\"query-input\":{\"@type\":\"PropertyValueSpecification\",\"valueRequired\":true,\"valueName\":\"search_term_string\"}}],\"inLanguage\":\"fr-FR\"},{\"@type\":\"Person\",\"@id\":\"https:\\\/\\\/www.renouvelle.be\\\/fr\\\/#\\\/schema\\\/person\\\/9d743366fb269eeceaa8d60e98d289d3\",\"name\":\"Samuel Alves\",\"url\":\"https:\\\/\\\/www.renouvelle.be\\\/fr\\\/author\\\/salves\\\/\"}]}<\/script>\n<!-- \/ Yoast SEO plugin. -->","yoast_head_json":{"title":"La flexibilit\u00e9 \u00e9lectrique : une bonne r\u00e9solution en 4 gestes - Renouvelle","description":"Et si le consommateur avait le pouvoir de participer au r\u00e9\u00e9quilibrage du r\u00e9seau en adoptant la flexibilit\u00e9 \u00e9lectrique ?","robots":{"index":"index","follow":"follow","max-snippet":"max-snippet:-1","max-image-preview":"max-image-preview:large","max-video-preview":"max-video-preview:-1"},"canonical":"https:\/\/www.renouvelle.be\/fr\/flexibilite-electrique-consommateur-en-4-gestes\/","og_locale":"fr_FR","og_type":"article","og_title":"La flexibilit\u00e9 \u00e9lectrique : une bonne r\u00e9solution en 4 gestes - Renouvelle","og_description":"Et si le consommateur avait le pouvoir de participer au r\u00e9\u00e9quilibrage du r\u00e9seau en adoptant la flexibilit\u00e9 \u00e9lectrique ?","og_url":"https:\/\/www.renouvelle.be\/fr\/flexibilite-electrique-consommateur-en-4-gestes\/","og_site_name":"Renouvelle","article_published_time":"2024-01-18T09:39:03+00:00","article_modified_time":"2024-01-18T14:15:43+00:00","og_image":[{"width":2560,"height":1567,"url":"https:\/\/www.renouvelle.be\/wp-content\/uploads\/2024\/01\/iStock-1344124162-scaled.jpg","type":"image\/jpeg"}],"author":"Samuel Alves","twitter_card":"summary_large_image","schema":{"@context":"https:\/\/schema.org","@graph":[{"@type":"Article","@id":"https:\/\/www.renouvelle.be\/fr\/flexibilite-electrique-consommateur-en-4-gestes\/#article","isPartOf":{"@id":"https:\/\/www.renouvelle.be\/fr\/flexibilite-electrique-consommateur-en-4-gestes\/"},"author":{"name":"Samuel Alves","@id":"https:\/\/www.renouvelle.be\/fr\/#\/schema\/person\/9d743366fb269eeceaa8d60e98d289d3"},"headline":"La flexibilit\u00e9 \u00e9lectrique : une bonne r\u00e9solution en 4 gestes","datePublished":"2024-01-18T09:39:03+00:00","dateModified":"2024-01-18T14:15:43+00:00","mainEntityOfPage":{"@id":"https:\/\/www.renouvelle.be\/fr\/flexibilite-electrique-consommateur-en-4-gestes\/"},"wordCount":497,"image":{"@id":"https:\/\/www.renouvelle.be\/fr\/flexibilite-electrique-consommateur-en-4-gestes\/#primaryimage"},"thumbnailUrl":"https:\/\/www.renouvelle.be\/wp-content\/uploads\/2024\/01\/iStock-1344124162-scaled.jpg","articleSection":["Actualit\u00e9"],"inLanguage":"fr-FR"},{"@type":"WebPage","@id":"https:\/\/www.renouvelle.be\/fr\/flexibilite-electrique-consommateur-en-4-gestes\/","url":"https:\/\/www.renouvelle.be\/fr\/flexibilite-electrique-consommateur-en-4-gestes\/","name":"La flexibilit\u00e9 \u00e9lectrique : une bonne r\u00e9solution en 4 gestes - Renouvelle","isPartOf":{"@id":"https:\/\/www.renouvelle.be\/fr\/#website"},"primaryImageOfPage":{"@id":"https:\/\/www.renouvelle.be\/fr\/flexibilite-electrique-consommateur-en-4-gestes\/#primaryimage"},"image":{"@id":"https:\/\/www.renouvelle.be\/fr\/flexibilite-electrique-consommateur-en-4-gestes\/#primaryimage"},"thumbnailUrl":"https:\/\/www.renouvelle.be\/wp-content\/uploads\/2024\/01\/iStock-1344124162-scaled.jpg","datePublished":"2024-01-18T09:39:03+00:00","dateModified":"2024-01-18T14:15:43+00:00","author":{"@id":"https:\/\/www.renouvelle.be\/fr\/#\/schema\/person\/9d743366fb269eeceaa8d60e98d289d3"},"description":"Et si le consommateur avait le pouvoir de participer au r\u00e9\u00e9quilibrage du r\u00e9seau en adoptant la flexibilit\u00e9 \u00e9lectrique ?","breadcrumb":{"@id":"https:\/\/www.renouvelle.be\/fr\/flexibilite-electrique-consommateur-en-4-gestes\/#breadcrumb"},"inLanguage":"fr-FR","potentialAction":[{"@type":"ReadAction","target":["https:\/\/www.renouvelle.be\/fr\/flexibilite-electrique-consommateur-en-4-gestes\/"]}]},{"@type":"ImageObject","inLanguage":"fr-FR","@id":"https:\/\/www.renouvelle.be\/fr\/flexibilite-electrique-consommateur-en-4-gestes\/#primaryimage","url":"https:\/\/www.renouvelle.be\/wp-content\/uploads\/2024\/01\/iStock-1344124162-scaled.jpg","contentUrl":"https:\/\/www.renouvelle.be\/wp-content\/uploads\/2024\/01\/iStock-1344124162-scaled.jpg","width":2560,"height":1567,"caption":"flexibilit\u00e9 \u00e9lectrique"},{"@type":"BreadcrumbList","@id":"https:\/\/www.renouvelle.be\/fr\/flexibilite-electrique-consommateur-en-4-gestes\/#breadcrumb","itemListElement":[{"@type":"ListItem","position":1,"name":"Accueil","item":"https:\/\/www.renouvelle.be\/fr\/"},{"@type":"ListItem","position":2,"name":"La flexibilit\u00e9 \u00e9lectrique : une bonne r\u00e9solution en 4 gestes"}]},{"@type":"WebSite","@id":"https:\/\/www.renouvelle.be\/fr\/#website","url":"https:\/\/www.renouvelle.be\/fr\/","name":"Renouvelle","description":"L&#039;actualit\u00e9 de l&#039;\u00e9nergie durable","potentialAction":[{"@type":"SearchAction","target":{"@type":"EntryPoint","urlTemplate":"https:\/\/www.renouvelle.be\/fr\/?s={search_term_string}"},"query-input":{"@type":"PropertyValueSpecification","valueRequired":true,"valueName":"search_term_string"}}],"inLanguage":"fr-FR"},{"@type":"Person","@id":"https:\/\/www.renouvelle.be\/fr\/#\/schema\/person\/9d743366fb269eeceaa8d60e98d289d3","name":"Samuel Alves","url":"https:\/\/www.renouvelle.be\/fr\/author\/salves\/"}]}},"_links":{"self":[{"href":"https:\/\/www.renouvelle.be\/fr\/wp-json\/wp\/v2\/posts\/11779","targetHints":{"allow":["GET"]}}],"collection":[{"href":"https:\/\/www.renouvelle.be\/fr\/wp-json\/wp\/v2\/posts"}],"about":[{"href":"https:\/\/www.renouvelle.be\/fr\/wp-json\/wp\/v2\/types\/post"}],"author":[{"embeddable":true,"href":"https:\/\/www.renouvelle.be\/fr\/wp-json\/wp\/v2\/users\/38"}],"replies":[{"embeddable":true,"href":"https:\/\/www.renouvelle.be\/fr\/wp-json\/wp\/v2\/comments?post=11779"}],"version-history":[{"count":22,"href":"https:\/\/www.renouvelle.be\/fr\/wp-json\/wp\/v2\/posts\/11779\/revisions"}],"predecessor-version":[{"id":11875,"href":"https:\/\/www.renouvelle.be\/fr\/wp-json\/wp\/v2\/posts\/11779\/revisions\/11875"}],"wp:featuredmedia":[{"embeddable":true,"href":"https:\/\/www.renouvelle.be\/fr\/wp-json\/wp\/v2\/media\/11797"}],"wp:attachment":[{"href":"https:\/\/www.renouvelle.be\/fr\/wp-json\/wp\/v2\/media?parent=11779"}],"wp:term":[{"taxonomy":"category","embeddable":true,"href":"https:\/\/www.renouvelle.be\/fr\/wp-json\/wp\/v2\/categories?post=11779"},{"taxonomy":"post_tag","embeddable":true,"href":"https:\/\/www.renouvelle.be\/fr\/wp-json\/wp\/v2\/tags?post=11779"},{"taxonomy":"section","embeddable":true,"href":"https:\/\/www.renouvelle.be\/fr\/wp-json\/wp\/v2\/section?post=11779"}],"curies":[{"name":"wp","href":"https:\/\/api.w.org\/{rel}","templated":true}]}}