{"id":11722,"date":"2024-01-08T16:34:54","date_gmt":"2024-01-08T15:34:54","guid":{"rendered":"https:\/\/www.renouvelle.be\/?p=11722"},"modified":"2024-01-10T09:41:33","modified_gmt":"2024-01-10T08:41:33","slug":"record-production-electricite-eolien-offshore-belgique-2023","status":"publish","type":"post","link":"https:\/\/www.renouvelle.be\/fr\/record-production-electricite-eolien-offshore-belgique-2023\/","title":{"rendered":"Record de production d&rsquo;\u00e9lectricit\u00e9 pour l\u2019\u00e9olien offshore belge"},"content":{"rendered":"\n<p><\/p>\n\n\n\n<p>Cela \u00e9quivaut aux besoins annuels en \u00e9lectricit\u00e9 de 2,3 millions de foyers, d\u2019apr\u00e8s la <a href=\"https:\/\/www.belgianoffshoreplatform.be\/fr\/news\/les-parcs-eoliens-de-la-mer-du-nord-belge-tirent-un-bilan-satisfaisant-de-lannee-eolienne-2023\/\" target=\"_blank\" rel=\"noreferrer noopener\">Belgian Offshore Platform<\/a>, repr\u00e9sentant ainsi 10,2% de la consommation totale d\u2019\u00e9lectricit\u00e9 du pays. R\u00e9sultats appuy\u00e9s par <a href=\"https:\/\/www.elia.be\/fr\/actualites\/communiques-de-presse\/2024\/01\/20240108_electricity-mix-2023-belgian-renewable-generation-reaches-all-time-high-while-consumption\" target=\"_blank\" rel=\"noreferrer noopener\">les chiffres d&rsquo;Elia<\/a> \u00e9galement.<\/p>\n\n\n\n<p>Cela place la Belgique dans le top 5 des pays qui contribuent significativement le plus en termes de production \u00e9lectrique \u00e9olienne offshore.<\/p>\n\n\n\n<p>Totalement op\u00e9rationnels depuis trois ans, les parcs \u00e9oliens belges ont fonctionn\u00e9 \u00e0 95% de leur capacit\u00e9.<\/p>\n\n\n\n<p>Le d\u00e9veloppement de trois nouveaux parcs \u00e9oliens dans la <a href=\"https:\/\/www.renouvelle.be\/fr\/ile-energetique-princesse-elisabeth-permis-environnement\/\" target=\"_blank\" rel=\"noreferrer noopener\">zone Princesse Elisabeth<\/a> devrait porter la capacit\u00e9 de la production offshore \u00e0 5,8 GW (l\u2019actuelle \u00e9tant de 2,26 GW).<\/p>\n\n\n\n<p>Des nouvelles r\u00e9jouissantes et compte tenu de la part, toujours plus croissante, que prend <a href=\"https:\/\/www.renouvelle.be\/fr\/belgique-30-consommation-electricite-energies-renouvelables\/\">la consommation d&rsquo;\u00e9nergie issue du renouvelable.<\/a><\/p>\n","protected":false},"excerpt":{"rendered":"<p>Cela \u00e9quivaut aux besoins annuels en \u00e9lectricit\u00e9 de 2,3 millions de foyers, d\u2019apr\u00e8s la Belgian Offshore Platform, repr\u00e9sentant ainsi 10,2% de la consommation totale d\u2019\u00e9lectricit\u00e9 du pays. R\u00e9sultats appuy\u00e9s par les chiffres d&rsquo;Elia \u00e9galement. Cela place la Belgique dans le top 5 des pays qui contribuent significativement le plus en termes de production \u00e9lectrique \u00e9olienne offshore. Totalement op\u00e9rationnels depuis trois ans, les parcs \u00e9oliens belges ont fonctionn\u00e9 \u00e0 95% de leur capacit\u00e9. Le d\u00e9veloppement de trois nouveaux parcs \u00e9oliens dans la zone Princesse Elisabeth devrait porter la capacit\u00e9 de la production offshore \u00e0 5,8 GW (l\u2019actuelle \u00e9tant de 2,26 GW). Des nouvelles r\u00e9jouissantes et compte tenu de la part, toujours plus croissante, que prend la consommation d&rsquo;\u00e9nergie issue du renouvelable.<\/p>\n","protected":false},"author":38,"featured_media":11723,"comment_status":"closed","ping_status":"closed","sticky":false,"template":"","format":"standard","meta":{"_acf_changed":false,"footnotes":""},"categories":[16,17],"tags":[],"section":[6],"class_list":["post-11722","post","type-post","status-publish","format-standard","has-post-thumbnail","hentry","category-actualite","category-actualite-en-belgique","section-eolien"],"acf":[],"yoast_head":"<!-- This site is optimized with the Yoast SEO plugin v27.5 - https:\/\/yoast.com\/product\/yoast-seo-wordpress\/ -->\n<title>Record de production d&#039;\u00e9lectricit\u00e9 pour l\u2019\u00e9olien offshore belge - Renouvelle<\/title>\n<meta name=\"description\" content=\"En Belgique, la production d&#039;\u00e9lectricit\u00e9 gr\u00e2ce aux \u00e9oliennes offshore a connu un record, l&#039;ann\u00e9e pass\u00e9e portant cette production \u00e0 8 TWh.\" \/>\n<meta name=\"robots\" content=\"index, follow, max-snippet:-1, max-image-preview:large, max-video-preview:-1\" \/>\n<link rel=\"canonical\" href=\"https:\/\/www.renouvelle.be\/fr\/record-production-electricite-eolien-offshore-belgique-2023\/\" \/>\n<meta property=\"og:locale\" content=\"fr_FR\" \/>\n<meta property=\"og:type\" content=\"article\" \/>\n<meta property=\"og:title\" content=\"Record de production d&#039;\u00e9lectricit\u00e9 pour l\u2019\u00e9olien offshore belge - Renouvelle\" \/>\n<meta property=\"og:description\" content=\"En Belgique, la production d&#039;\u00e9lectricit\u00e9 gr\u00e2ce aux \u00e9oliennes offshore a connu un record, l&#039;ann\u00e9e pass\u00e9e portant cette production \u00e0 8 TWh.\" \/>\n<meta property=\"og:url\" content=\"https:\/\/www.renouvelle.be\/fr\/record-production-electricite-eolien-offshore-belgique-2023\/\" \/>\n<meta property=\"og:site_name\" content=\"Renouvelle\" \/>\n<meta property=\"article:published_time\" content=\"2024-01-08T15:34:54+00:00\" \/>\n<meta property=\"article:modified_time\" content=\"2024-01-10T08:41:33+00:00\" \/>\n<meta property=\"og:image\" content=\"https:\/\/www.renouvelle.be\/wp-content\/uploads\/2024\/01\/iStock-1399669585-scaled.jpg\" \/>\n\t<meta property=\"og:image:width\" content=\"2560\" \/>\n\t<meta property=\"og:image:height\" content=\"1440\" \/>\n\t<meta property=\"og:image:type\" content=\"image\/jpeg\" \/>\n<meta name=\"author\" content=\"Samuel Alves\" \/>\n<meta name=\"twitter:card\" content=\"summary_large_image\" \/>\n<script type=\"application\/ld+json\" class=\"yoast-schema-graph\">{\"@context\":\"https:\\\/\\\/schema.org\",\"@graph\":[{\"@type\":\"Article\",\"@id\":\"https:\\\/\\\/www.renouvelle.be\\\/fr\\\/record-production-electricite-eolien-offshore-belgique-2023\\\/#article\",\"isPartOf\":{\"@id\":\"https:\\\/\\\/www.renouvelle.be\\\/fr\\\/record-production-electricite-eolien-offshore-belgique-2023\\\/\"},\"author\":{\"name\":\"Samuel Alves\",\"@id\":\"https:\\\/\\\/www.renouvelle.be\\\/fr\\\/#\\\/schema\\\/person\\\/9d743366fb269eeceaa8d60e98d289d3\"},\"headline\":\"Record de production d&rsquo;\u00e9lectricit\u00e9 pour l\u2019\u00e9olien offshore belge\",\"datePublished\":\"2024-01-08T15:34:54+00:00\",\"dateModified\":\"2024-01-10T08:41:33+00:00\",\"mainEntityOfPage\":{\"@id\":\"https:\\\/\\\/www.renouvelle.be\\\/fr\\\/record-production-electricite-eolien-offshore-belgique-2023\\\/\"},\"wordCount\":134,\"image\":{\"@id\":\"https:\\\/\\\/www.renouvelle.be\\\/fr\\\/record-production-electricite-eolien-offshore-belgique-2023\\\/#primaryimage\"},\"thumbnailUrl\":\"https:\\\/\\\/www.renouvelle.be\\\/wp-content\\\/uploads\\\/2024\\\/01\\\/iStock-1399669585-scaled.jpg\",\"articleSection\":[\"Actualit\u00e9\",\"Actualit\u00e9 en Belgique\"],\"inLanguage\":\"fr-FR\"},{\"@type\":\"WebPage\",\"@id\":\"https:\\\/\\\/www.renouvelle.be\\\/fr\\\/record-production-electricite-eolien-offshore-belgique-2023\\\/\",\"url\":\"https:\\\/\\\/www.renouvelle.be\\\/fr\\\/record-production-electricite-eolien-offshore-belgique-2023\\\/\",\"name\":\"Record de production d'\u00e9lectricit\u00e9 pour l\u2019\u00e9olien offshore belge - Renouvelle\",\"isPartOf\":{\"@id\":\"https:\\\/\\\/www.renouvelle.be\\\/fr\\\/#website\"},\"primaryImageOfPage\":{\"@id\":\"https:\\\/\\\/www.renouvelle.be\\\/fr\\\/record-production-electricite-eolien-offshore-belgique-2023\\\/#primaryimage\"},\"image\":{\"@id\":\"https:\\\/\\\/www.renouvelle.be\\\/fr\\\/record-production-electricite-eolien-offshore-belgique-2023\\\/#primaryimage\"},\"thumbnailUrl\":\"https:\\\/\\\/www.renouvelle.be\\\/wp-content\\\/uploads\\\/2024\\\/01\\\/iStock-1399669585-scaled.jpg\",\"datePublished\":\"2024-01-08T15:34:54+00:00\",\"dateModified\":\"2024-01-10T08:41:33+00:00\",\"author\":{\"@id\":\"https:\\\/\\\/www.renouvelle.be\\\/fr\\\/#\\\/schema\\\/person\\\/9d743366fb269eeceaa8d60e98d289d3\"},\"description\":\"En Belgique, la production d'\u00e9lectricit\u00e9 gr\u00e2ce aux \u00e9oliennes offshore a connu un record, l'ann\u00e9e pass\u00e9e portant cette production \u00e0 8 TWh.\",\"breadcrumb\":{\"@id\":\"https:\\\/\\\/www.renouvelle.be\\\/fr\\\/record-production-electricite-eolien-offshore-belgique-2023\\\/#breadcrumb\"},\"inLanguage\":\"fr-FR\",\"potentialAction\":[{\"@type\":\"ReadAction\",\"target\":[\"https:\\\/\\\/www.renouvelle.be\\\/fr\\\/record-production-electricite-eolien-offshore-belgique-2023\\\/\"]}]},{\"@type\":\"ImageObject\",\"inLanguage\":\"fr-FR\",\"@id\":\"https:\\\/\\\/www.renouvelle.be\\\/fr\\\/record-production-electricite-eolien-offshore-belgique-2023\\\/#primaryimage\",\"url\":\"https:\\\/\\\/www.renouvelle.be\\\/wp-content\\\/uploads\\\/2024\\\/01\\\/iStock-1399669585-scaled.jpg\",\"contentUrl\":\"https:\\\/\\\/www.renouvelle.be\\\/wp-content\\\/uploads\\\/2024\\\/01\\\/iStock-1399669585-scaled.jpg\",\"width\":2560,\"height\":1440},{\"@type\":\"BreadcrumbList\",\"@id\":\"https:\\\/\\\/www.renouvelle.be\\\/fr\\\/record-production-electricite-eolien-offshore-belgique-2023\\\/#breadcrumb\",\"itemListElement\":[{\"@type\":\"ListItem\",\"position\":1,\"name\":\"Accueil\",\"item\":\"https:\\\/\\\/www.renouvelle.be\\\/fr\\\/\"},{\"@type\":\"ListItem\",\"position\":2,\"name\":\"Record de production d&rsquo;\u00e9lectricit\u00e9 pour l\u2019\u00e9olien offshore belge\"}]},{\"@type\":\"WebSite\",\"@id\":\"https:\\\/\\\/www.renouvelle.be\\\/fr\\\/#website\",\"url\":\"https:\\\/\\\/www.renouvelle.be\\\/fr\\\/\",\"name\":\"Renouvelle\",\"description\":\"L&#039;actualit\u00e9 de l&#039;\u00e9nergie durable\",\"potentialAction\":[{\"@type\":\"SearchAction\",\"target\":{\"@type\":\"EntryPoint\",\"urlTemplate\":\"https:\\\/\\\/www.renouvelle.be\\\/fr\\\/?s={search_term_string}\"},\"query-input\":{\"@type\":\"PropertyValueSpecification\",\"valueRequired\":true,\"valueName\":\"search_term_string\"}}],\"inLanguage\":\"fr-FR\"},{\"@type\":\"Person\",\"@id\":\"https:\\\/\\\/www.renouvelle.be\\\/fr\\\/#\\\/schema\\\/person\\\/9d743366fb269eeceaa8d60e98d289d3\",\"name\":\"Samuel Alves\",\"url\":\"https:\\\/\\\/www.renouvelle.be\\\/fr\\\/author\\\/salves\\\/\"}]}<\/script>\n<!-- \/ Yoast SEO plugin. -->","yoast_head_json":{"title":"Record de production d'\u00e9lectricit\u00e9 pour l\u2019\u00e9olien offshore belge - Renouvelle","description":"En Belgique, la production d'\u00e9lectricit\u00e9 gr\u00e2ce aux \u00e9oliennes offshore a connu un record, l'ann\u00e9e pass\u00e9e portant cette production \u00e0 8 TWh.","robots":{"index":"index","follow":"follow","max-snippet":"max-snippet:-1","max-image-preview":"max-image-preview:large","max-video-preview":"max-video-preview:-1"},"canonical":"https:\/\/www.renouvelle.be\/fr\/record-production-electricite-eolien-offshore-belgique-2023\/","og_locale":"fr_FR","og_type":"article","og_title":"Record de production d'\u00e9lectricit\u00e9 pour l\u2019\u00e9olien offshore belge - Renouvelle","og_description":"En Belgique, la production d'\u00e9lectricit\u00e9 gr\u00e2ce aux \u00e9oliennes offshore a connu un record, l'ann\u00e9e pass\u00e9e portant cette production \u00e0 8 TWh.","og_url":"https:\/\/www.renouvelle.be\/fr\/record-production-electricite-eolien-offshore-belgique-2023\/","og_site_name":"Renouvelle","article_published_time":"2024-01-08T15:34:54+00:00","article_modified_time":"2024-01-10T08:41:33+00:00","og_image":[{"width":2560,"height":1440,"url":"https:\/\/www.renouvelle.be\/wp-content\/uploads\/2024\/01\/iStock-1399669585-scaled.jpg","type":"image\/jpeg"}],"author":"Samuel Alves","twitter_card":"summary_large_image","schema":{"@context":"https:\/\/schema.org","@graph":[{"@type":"Article","@id":"https:\/\/www.renouvelle.be\/fr\/record-production-electricite-eolien-offshore-belgique-2023\/#article","isPartOf":{"@id":"https:\/\/www.renouvelle.be\/fr\/record-production-electricite-eolien-offshore-belgique-2023\/"},"author":{"name":"Samuel Alves","@id":"https:\/\/www.renouvelle.be\/fr\/#\/schema\/person\/9d743366fb269eeceaa8d60e98d289d3"},"headline":"Record de production d&rsquo;\u00e9lectricit\u00e9 pour l\u2019\u00e9olien offshore belge","datePublished":"2024-01-08T15:34:54+00:00","dateModified":"2024-01-10T08:41:33+00:00","mainEntityOfPage":{"@id":"https:\/\/www.renouvelle.be\/fr\/record-production-electricite-eolien-offshore-belgique-2023\/"},"wordCount":134,"image":{"@id":"https:\/\/www.renouvelle.be\/fr\/record-production-electricite-eolien-offshore-belgique-2023\/#primaryimage"},"thumbnailUrl":"https:\/\/www.renouvelle.be\/wp-content\/uploads\/2024\/01\/iStock-1399669585-scaled.jpg","articleSection":["Actualit\u00e9","Actualit\u00e9 en Belgique"],"inLanguage":"fr-FR"},{"@type":"WebPage","@id":"https:\/\/www.renouvelle.be\/fr\/record-production-electricite-eolien-offshore-belgique-2023\/","url":"https:\/\/www.renouvelle.be\/fr\/record-production-electricite-eolien-offshore-belgique-2023\/","name":"Record de production d'\u00e9lectricit\u00e9 pour l\u2019\u00e9olien offshore belge - Renouvelle","isPartOf":{"@id":"https:\/\/www.renouvelle.be\/fr\/#website"},"primaryImageOfPage":{"@id":"https:\/\/www.renouvelle.be\/fr\/record-production-electricite-eolien-offshore-belgique-2023\/#primaryimage"},"image":{"@id":"https:\/\/www.renouvelle.be\/fr\/record-production-electricite-eolien-offshore-belgique-2023\/#primaryimage"},"thumbnailUrl":"https:\/\/www.renouvelle.be\/wp-content\/uploads\/2024\/01\/iStock-1399669585-scaled.jpg","datePublished":"2024-01-08T15:34:54+00:00","dateModified":"2024-01-10T08:41:33+00:00","author":{"@id":"https:\/\/www.renouvelle.be\/fr\/#\/schema\/person\/9d743366fb269eeceaa8d60e98d289d3"},"description":"En Belgique, la production d'\u00e9lectricit\u00e9 gr\u00e2ce aux \u00e9oliennes offshore a connu un record, l'ann\u00e9e pass\u00e9e portant cette production \u00e0 8 TWh.","breadcrumb":{"@id":"https:\/\/www.renouvelle.be\/fr\/record-production-electricite-eolien-offshore-belgique-2023\/#breadcrumb"},"inLanguage":"fr-FR","potentialAction":[{"@type":"ReadAction","target":["https:\/\/www.renouvelle.be\/fr\/record-production-electricite-eolien-offshore-belgique-2023\/"]}]},{"@type":"ImageObject","inLanguage":"fr-FR","@id":"https:\/\/www.renouvelle.be\/fr\/record-production-electricite-eolien-offshore-belgique-2023\/#primaryimage","url":"https:\/\/www.renouvelle.be\/wp-content\/uploads\/2024\/01\/iStock-1399669585-scaled.jpg","contentUrl":"https:\/\/www.renouvelle.be\/wp-content\/uploads\/2024\/01\/iStock-1399669585-scaled.jpg","width":2560,"height":1440},{"@type":"BreadcrumbList","@id":"https:\/\/www.renouvelle.be\/fr\/record-production-electricite-eolien-offshore-belgique-2023\/#breadcrumb","itemListElement":[{"@type":"ListItem","position":1,"name":"Accueil","item":"https:\/\/www.renouvelle.be\/fr\/"},{"@type":"ListItem","position":2,"name":"Record de production d&rsquo;\u00e9lectricit\u00e9 pour l\u2019\u00e9olien offshore belge"}]},{"@type":"WebSite","@id":"https:\/\/www.renouvelle.be\/fr\/#website","url":"https:\/\/www.renouvelle.be\/fr\/","name":"Renouvelle","description":"L&#039;actualit\u00e9 de l&#039;\u00e9nergie durable","potentialAction":[{"@type":"SearchAction","target":{"@type":"EntryPoint","urlTemplate":"https:\/\/www.renouvelle.be\/fr\/?s={search_term_string}"},"query-input":{"@type":"PropertyValueSpecification","valueRequired":true,"valueName":"search_term_string"}}],"inLanguage":"fr-FR"},{"@type":"Person","@id":"https:\/\/www.renouvelle.be\/fr\/#\/schema\/person\/9d743366fb269eeceaa8d60e98d289d3","name":"Samuel Alves","url":"https:\/\/www.renouvelle.be\/fr\/author\/salves\/"}]}},"_links":{"self":[{"href":"https:\/\/www.renouvelle.be\/fr\/wp-json\/wp\/v2\/posts\/11722","targetHints":{"allow":["GET"]}}],"collection":[{"href":"https:\/\/www.renouvelle.be\/fr\/wp-json\/wp\/v2\/posts"}],"about":[{"href":"https:\/\/www.renouvelle.be\/fr\/wp-json\/wp\/v2\/types\/post"}],"author":[{"embeddable":true,"href":"https:\/\/www.renouvelle.be\/fr\/wp-json\/wp\/v2\/users\/38"}],"replies":[{"embeddable":true,"href":"https:\/\/www.renouvelle.be\/fr\/wp-json\/wp\/v2\/comments?post=11722"}],"version-history":[{"count":13,"href":"https:\/\/www.renouvelle.be\/fr\/wp-json\/wp\/v2\/posts\/11722\/revisions"}],"predecessor-version":[{"id":11753,"href":"https:\/\/www.renouvelle.be\/fr\/wp-json\/wp\/v2\/posts\/11722\/revisions\/11753"}],"wp:featuredmedia":[{"embeddable":true,"href":"https:\/\/www.renouvelle.be\/fr\/wp-json\/wp\/v2\/media\/11723"}],"wp:attachment":[{"href":"https:\/\/www.renouvelle.be\/fr\/wp-json\/wp\/v2\/media?parent=11722"}],"wp:term":[{"taxonomy":"category","embeddable":true,"href":"https:\/\/www.renouvelle.be\/fr\/wp-json\/wp\/v2\/categories?post=11722"},{"taxonomy":"post_tag","embeddable":true,"href":"https:\/\/www.renouvelle.be\/fr\/wp-json\/wp\/v2\/tags?post=11722"},{"taxonomy":"section","embeddable":true,"href":"https:\/\/www.renouvelle.be\/fr\/wp-json\/wp\/v2\/section?post=11722"}],"curies":[{"name":"wp","href":"https:\/\/api.w.org\/{rel}","templated":true}]}}