{"id":11666,"date":"2024-01-09T09:55:20","date_gmt":"2024-01-09T08:55:20","guid":{"rendered":"https:\/\/www.renouvelle.be\/?p=11666"},"modified":"2024-01-09T16:50:37","modified_gmt":"2024-01-09T15:50:37","slug":"diminution-co2-impact-energies-renouvelables-mix-electrique-belge","status":"publish","type":"post","link":"https:\/\/www.renouvelle.be\/fr\/diminution-co2-impact-energies-renouvelables-mix-electrique-belge\/","title":{"rendered":"Diminution CO2 : l\u2019impact des \u00e9nergies renouvelables sur le mix \u00e9lectrique belge"},"content":{"rendered":"\n<h2 class=\"wp-block-heading\"><strong>Un des avantages&nbsp;: bas carbone<\/strong><\/h2>\n\n\n\n<p>Bien que cela puisse sembler \u00e9vident, l&rsquo;un des principaux avantages de la production d&rsquo;\u00e9lectricit\u00e9 renouvelable est l&rsquo;absence totale d&rsquo;\u00e9missions de CO2 pendant la dur\u00e9e de vie des syst\u00e8mes de production, c&rsquo;est-\u00e0-dire, la p\u00e9riode de production d&rsquo;\u00e9nergie renouvelable et non de la fabrication des outils. En 2023, en Belgique, l&rsquo;augmentation de la production d&rsquo;\u00e9nergie solaire et \u00e9olienne a permis de r\u00e9duire l&rsquo;intensit\u00e9 carbone du mix \u00e9lectrique en raison, principalement, de la diminution de la sollicitation des centrales au gaz.<\/p>\n\n\n\n<p>Cette r\u00e9duction de l\u2019intensit\u00e9 carbone, gr\u00e2ce \u00e0 la production solaire et \u00e9olienne, peut \u00eatre constat\u00e9e et d\u00e9montr\u00e9e en comparant les ann\u00e9es 2020 et 2023. Mais avant d\u2019aborder les autres raisons qui pourraient expliquer cette baisse, en dehors du renouvelable, arr\u00eatons-nous sur quelques chiffres.<\/p>\n\n\n\n<h2 class=\"wp-block-heading\"><strong>2023, une diminution des \u00e9missions de CO2 de 22%<\/strong><\/h2>\n\n\n\n<p>Selon les donn\u00e9es du site <a href=\"https:\/\/app.electricitymaps.com\/zone\/BE\" target=\"_blank\" rel=\"noreferrer noopener\">Electricity Maps<\/a>, r\u00e9f\u00e9rence en la mati\u00e8re, la Belgique est pass\u00e9e d\u2019une intensit\u00e9 carbone de 222 gr \u00e9quivalents de CO2 par kWh produit en 2020, \u00e0 174 gCO2eq\/kWh en 2023. Une baisse de 22% qui s\u2019expliquerait, exclusivement, par la production grandissante des \u00e9nergies renouvelables. La production solaire est pass\u00e9e de 4,5% en 2020 \u00e0 7,7% en 2023, tandis que la production \u00e9olienne a progress\u00e9, elle, de 11,6 \u00e0 15,1%. La production par les centrales au gaz naturel est pass\u00e9e de 25,1% en 2020 \u00e0 15,9% en 2023.<\/p>\n\n\n<div class=\"wp-block-image\">\n<figure class=\"aligncenter size-full is-resized\"><img loading=\"lazy\" decoding=\"async\" width=\"601\" height=\"274\" src=\"https:\/\/www.renouvelle.be\/wp-content\/uploads\/2024\/01\/BCO2-1.png\" alt=\"intensit\u00e9 carbone\" class=\"wp-image-11674\" style=\"width:656px;height:auto\" srcset=\"https:\/\/www.renouvelle.be\/wp-content\/uploads\/2024\/01\/BCO2-1.png 601w, https:\/\/www.renouvelle.be\/wp-content\/uploads\/2024\/01\/BCO2-1-300x137.png 300w\" sizes=\"auto, (max-width: 601px) 100vw, 601px\" \/><\/figure>\n<\/div>\n\n\n<p>Dans son suivi statistique de la consommation de gaz naturel par les centrales \u00e9lectriques, le <a href=\"https:\/\/infogram.com\/gasverbruik-centrales-fr-1hzj4o3q5wzz34p\" target=\"_blank\" rel=\"noreferrer noopener\">SPF \u00e9conomie<\/a> montre \u00e9galement que, mis \u00e0 part f\u00e9vrier 2023, les consommations de tous les autres mois de l\u2019ann\u00e9es sont inf\u00e9rieures aux moyennes des ann\u00e9es pr\u00e9c\u00e9dentes.<\/p>\n\n\n\n<figure class=\"wp-block-image size-full\"><img loading=\"lazy\" decoding=\"async\" width=\"936\" height=\"559\" src=\"https:\/\/www.renouvelle.be\/wp-content\/uploads\/2024\/01\/BCO2-10.png\" alt=\"\" class=\"wp-image-11738\" srcset=\"https:\/\/www.renouvelle.be\/wp-content\/uploads\/2024\/01\/BCO2-10.png 936w, https:\/\/www.renouvelle.be\/wp-content\/uploads\/2024\/01\/BCO2-10-300x179.png 300w, https:\/\/www.renouvelle.be\/wp-content\/uploads\/2024\/01\/BCO2-10-768x459.png 768w\" sizes=\"auto, (max-width: 936px) 100vw, 936px\" \/><figcaption class=\"wp-element-caption\">Source : SPF Economie<\/figcaption><\/figure>\n\n\n\n<p>\u00ab&nbsp;Une baisse exclusivement due \u00e0 la production des \u00e9nergies renouvelables, vous dites&nbsp;? Mais les maths ne sont cependant pas correctes&nbsp;: + 5% en renouvelable, &#8211; 9,2% en gaz naturel\u2026&nbsp;\u00bb. On vous fait le calcul juste dans le paragraphe suivant.<\/p>\n\n\n\n<h2 class=\"wp-block-heading\"><strong>\u00ab&nbsp;C\u2019est \u00e0 cause de la diminution de la consommation&nbsp;!&nbsp;\u00bb<\/strong><\/h2>\n\n\n\n<p>La crise \u00e9nerg\u00e9tique a effectivement entra\u00een\u00e9 une diminution de notre consommation d\u2019\u00e9lectricit\u00e9. Cela fait de 2023 l\u2019ann\u00e9e la plus faible de consommation depuis 2009 et l\u2019impact de la crise financi\u00e8re. L\u2019ann\u00e9e 2020, marqu\u00e9e par la pand\u00e9mie de Covid-19, n\u2019\u00e9tait pas, non plus, en reste en termes de recul de la consommation d\u2019\u00e9lectricit\u00e9. Mais les donn\u00e9es provisoires d\u2019Elia sont claires&nbsp;: notre consommation de 2023 (78,4 TWh) est en recul par rapport \u00e0 2020 (81,2 TWh).<\/p>\n\n\n\n<p>Avec cette consommation en moins, les maths deviennent correctes si on ajoute l\u2019augmentation des productions solaires et \u00e9oliennes, voir ci-dessous<\/p>\n\n\n\n<figure class=\"wp-block-table\"><table><thead><tr><th><\/th><th>2020<\/th><th>2023<\/th><th>Diff\u00e9rence 2020 &#8211; 2023<\/th><\/tr><\/thead><tbody><tr><td>Production solaire, \u00e9olienne et biomasse<\/td><td>20,8%<\/td><td>25,8%<\/td><td>+5%<\/td><\/tr><tr><td>Stockage hydro (Coo)<\/td><td>0,4%<\/td><td>0,2%<\/td><td>-0,2%<\/td><\/tr><tr><td>Consommation totale<\/td><td>81,2 TWh<\/td><td>78,4 TWh<\/td><td>-3,5%<\/td><\/tr><tr><td>Inconnu*<\/td><td><\/td><td><\/td><td>-0,5%<\/td><\/tr><tr><td>Production centrales gaz<\/td><td>25,1%<\/td><td>15,9%<\/td><td>-9,2%<\/td><\/tr><\/tbody><\/table><figcaption class=\"wp-element-caption\">Sources : <a href=\"https:\/\/www.elia.be\/en\/grid-data\/open-data\" target=\"_blank\" rel=\"noreferrer noopener\">Elia<\/a> et <a href=\"https:\/\/app.electricitymaps.com\/\" target=\"_blank\" rel=\"noreferrer noopener\">Electricity Maps<\/a><\/figcaption><\/figure>\n\n\n\n<p>*Ici, deux sources d&rsquo;incertitude se pr\u00e9sentent :<\/p>\n\n\n\n<ol class=\"wp-block-list\">\n<li>Ce que les prosumers injectent dans le r\u00e9seau sans \u00eatre pris en compte dans les contrats de vente.<\/li>\n\n\n\n<li>Le retard dans la capacit\u00e9 d&rsquo;Elia \u00e0 actualiser de mani\u00e8re pr\u00e9cise, et au jour le jour, les statistiques des capacit\u00e9s solaires install\u00e9es en Belgique.<\/li>\n<\/ol>\n\n\n\n<h2 class=\"wp-block-heading\"><strong>\u00ab&nbsp;C\u2019est gr\u00e2ce \u00e0 une meilleure production nucl\u00e9aire&nbsp;!&nbsp;\u00bb<\/strong><\/h2>\n\n\n\n<p>Absolument pas. Suivant le site <a href=\"https:\/\/electricity-data.eurelectric.org\/\" target=\"_blank\" rel=\"noreferrer noopener\">eurelectric<\/a>, la production d\u2019\u00e9nergie nucl\u00e9aire en Belgique est m\u00eame l\u00e9g\u00e8rement inf\u00e9rieure en 2023 (33,2 TWh) par rapport \u00e0 2020 (34,4 TWh). Ces diff\u00e9rences devraient, au contraire, alourdir l\u2019intensit\u00e9 carbone de notre mix \u00e9tant donn\u00e9 que le nucl\u00e9aire ancien a une intensit\u00e9 carbone tr\u00e8s faible.<\/p>\n\n\n\n<h2 class=\"wp-block-heading\"><strong>\u00ab&nbsp;C\u2019est alors gr\u00e2ce aux importations fran\u00e7aises,&nbsp;meilleures en 2023 qu\u2019en 2020&nbsp;!&nbsp;\u00bb<\/strong><\/h2>\n\n\n\n<p>Un argument qui revient souvent est que le mix \u00e9lectrique belge b\u00e9n\u00e9ficie de l\u2019\u00e9lectricit\u00e9 bas-carbone fournie par les centrales nucl\u00e9aires fran\u00e7aises. Analyser cet aspect est souvent tr\u00e8s complexe car les \u00e9changes transfrontaliers sont, dans la r\u00e9alit\u00e9, tr\u00e8s dynamiques. La Belgique est, en permanence, engag\u00e9e dans un flux d\u2019\u00e9lectricit\u00e9 en provenance et \u00e0 destination de 5 autres pays. Cet \u00e9tat changeant toutes les 15 minutes.<\/p>\n\n\n\n<p>Le site <a href=\"https:\/\/lowcarbonpower.org\/fr\/region\/Belgique\" target=\"_blank\" rel=\"noreferrer noopener\">suivant<\/a> permet de visualiser les bilans \u00ab exportations \u2013 importations&nbsp;\u00bb d\u2019\u00e9lectricit\u00e9 (si la balance commerciale est n\u00e9gative, nous importons, et si elle est positive, nous exportons).<\/p>\n\n\n<div class=\"wp-block-image\">\n<figure class=\"alignleft size-full is-resized\"><img loading=\"lazy\" decoding=\"async\" width=\"756\" height=\"260\" src=\"https:\/\/www.renouvelle.be\/wp-content\/uploads\/2024\/01\/BCO2-2.png\" alt=\"balance commerciale \u00e9lectricit\u00e9 Belgique\" class=\"wp-image-11676\" style=\"width:831px;height:auto\" srcset=\"https:\/\/www.renouvelle.be\/wp-content\/uploads\/2024\/01\/BCO2-2.png 756w, https:\/\/www.renouvelle.be\/wp-content\/uploads\/2024\/01\/BCO2-2-300x103.png 300w\" sizes=\"auto, (max-width: 756px) 100vw, 756px\" \/><figcaption class=\"wp-element-caption\">Source : LowCarbonPower<\/figcaption><\/figure>\n<\/div>\n\n\n<p>Elia montre qu\u2019en 2020, la Belgique \u00e9tait exportatrice nette d\u2019\u00e9lectricit\u00e9 pour 0,3 TWh. En 2023, avec 2,9 TWh, nos importations se portent \u00e0 3,6% de la consommation totale. Nous pouvons cependant consid\u00e9rer ces importations comme n\u00e9gligeables au regard de leur impact intensit\u00e9 carbone. En effet une importation bas carbone en 2023, \u00e9ventuellement 100% fran\u00e7aise, \u00e9tait compens\u00e9e, en 2020 en mati\u00e8re d\u2019intensit\u00e9 CO2, par la production l\u00e9g\u00e8rement sup\u00e9rieure des centrales nucl\u00e9aires belges.<\/p>\n\n\n\n<p>Ce n\u2019est donc pas, non plus, la qualit\u00e9 de la balance commerciale \u00e9lectrique annuelle qui a impact\u00e9 l\u2019intensit\u00e9 carbone du mix \u00e9lectrique belge en 2023.<\/p>\n\n\n\n<h2 class=\"wp-block-heading\"><strong>\u00ab&nbsp;C\u2019est \u00e0 cause de la pluie&nbsp;!&nbsp;\u00bb<\/strong><\/h2>\n\n\n\n<p>Nous sommes d\u2019accord&nbsp;: la m\u00e9t\u00e9o en 2023 a \u00e9t\u00e9 mauvaise. Ce n\u2019est cependant pas une ann\u00e9e particuli\u00e8re en mati\u00e8re d\u2019hydraulique. 2020, caract\u00e9ris\u00e9e par des inondations en \u00e9t\u00e9, a connu de fortes pluies \u00e9galement. De plus, la production hydraulique est relativement stable en Belgique d\u2019une ann\u00e9e \u00e0 l\u2019autre. Il n\u2019y a quasiment plus d\u2019installations de nouvelles puissances car tous les sites (exclusivement wallons) sont d\u00e9j\u00e0 \u00e9quip\u00e9s. Avec 225 GWh produits gr\u00e2ce \u00e0 l\u2019eau de nos rivi\u00e8res, 2023 est \u00e0 peine en dessous des 234 GWh de 2020. Ce n\u2019est donc pas, non plus, la production hydraulique qui a impact\u00e9 l\u2019intensit\u00e9 carbone du mix \u00e9lectrique belge, par rapport \u00e0 2020.<\/p>\n\n\n\n<h2 class=\"wp-block-heading\"><strong>\u00ab&nbsp;C\u2019est donc gr\u00e2ce au solaire et \u00e0 l\u2019\u00e9olien&nbsp;?&nbsp;Mais non&nbsp;! \u00bb<\/strong><\/h2>\n\n\n<div class=\"wp-block-image\">\n<figure class=\"alignright size-large is-resized\"><img loading=\"lazy\" decoding=\"async\" width=\"1024\" height=\"751\" src=\"https:\/\/www.renouvelle.be\/wp-content\/uploads\/2024\/01\/BCO2-8-1024x751.png\" alt=\"\" class=\"wp-image-11688\" style=\"width:421px;height:auto\" srcset=\"https:\/\/www.renouvelle.be\/wp-content\/uploads\/2024\/01\/BCO2-8-1024x751.png 1024w, https:\/\/www.renouvelle.be\/wp-content\/uploads\/2024\/01\/BCO2-8-300x220.png 300w, https:\/\/www.renouvelle.be\/wp-content\/uploads\/2024\/01\/BCO2-8-768x563.png 768w, https:\/\/www.renouvelle.be\/wp-content\/uploads\/2024\/01\/BCO2-8.png 1070w\" sizes=\"auto, (max-width: 1024px) 100vw, 1024px\" \/><\/figure>\n<\/div>\n\n\n<p>Mais si. On peut le tourner dans tous les sens, ce sont bien <a href=\"https:\/\/www.renouvelle.be\/fr\/belgique-30-consommation-electricite-energies-renouvelables\/\">les plus importantes productions renouvelables de 2023<\/a>, combin\u00e9es \u00e0 une diminution de la consommation qui, en \u00e9vitant le recours au gaz naturel, ont consid\u00e9rablement diminu\u00e9 l\u2019intensit\u00e9 carbone de la Belgique dans son mix \u00e9lectrique.<\/p>\n\n\n\n<p>Et c\u2019est m\u00eame, plus pr\u00e9cis\u00e9ment en ce qui concerne le renouvelable, l\u2019\u00e9olien et le solaire, combin\u00e9s, qui permettent cette \u00e9volution. En effet, la production biomasse (par ailleurs cr\u00e9dit\u00e9e d\u2019une intensit\u00e9 carbone de 230 gCO2eq\/kWh) a fortement diminu\u00e9, apr\u00e8s l\u2019arr\u00eat de plusieurs centrales aux pellets, ces derni\u00e8res ann\u00e9es. <\/p>\n\n\n\n<p>En mati\u00e8re d\u2019intensit\u00e9 carbone, on peut donc objectivement dire que l\u2019augmentation de la production solaire et <a href=\"https:\/\/www.renouvelle.be\/fr\/record-production-electricite-eolien-offshore-belgique-2023\/\">\u00e9olienne<\/a> a bien eu un impact positif.<\/p>\n","protected":false},"excerpt":{"rendered":"<p>Un des avantages&nbsp;: bas carbone Bien que cela puisse sembler \u00e9vident, l&rsquo;un des principaux avantages de la production d&rsquo;\u00e9lectricit\u00e9 renouvelable est l&rsquo;absence totale d&rsquo;\u00e9missions de CO2 pendant la dur\u00e9e de vie des syst\u00e8mes de production, c&rsquo;est-\u00e0-dire, la p\u00e9riode de production d&rsquo;\u00e9nergie renouvelable et non de la fabrication des outils. En 2023, en Belgique, l&rsquo;augmentation de la production d&rsquo;\u00e9nergie solaire et \u00e9olienne a permis de r\u00e9duire l&rsquo;intensit\u00e9 carbone du mix \u00e9lectrique en raison, principalement, de la diminution de la sollicitation des centrales au gaz. Cette r\u00e9duction de l\u2019intensit\u00e9 carbone, gr\u00e2ce \u00e0 la production solaire et \u00e9olienne, peut \u00eatre constat\u00e9e et d\u00e9montr\u00e9e en comparant les ann\u00e9es 2020 et 2023. Mais avant d\u2019aborder les autres raisons qui pourraient expliquer cette baisse, en dehors du renouvelable, arr\u00eatons-nous sur quelques chiffres. 2023, une diminution des \u00e9missions de CO2 de 22% Selon les donn\u00e9es du site Electricity Maps, r\u00e9f\u00e9rence en la mati\u00e8re, la Belgique est pass\u00e9e d\u2019une intensit\u00e9 carbone de 222 gr \u00e9quivalents de CO2 par kWh produit en 2020, \u00e0 174 gCO2eq\/kWh en 2023. Une baisse de 22% qui s\u2019expliquerait, exclusivement, par la production grandissante des \u00e9nergies renouvelables. La production solaire est pass\u00e9e de 4,5% en 2020 \u00e0 7,7% en 2023, tandis que la production \u00e9olienne a progress\u00e9, elle, de 11,6 \u00e0 15,1%. La production par les centrales au gaz naturel est pass\u00e9e de 25,1% en 2020 \u00e0 15,9% en 2023. Dans son suivi statistique de la consommation de gaz naturel par les centrales \u00e9lectriques, le SPF \u00e9conomie montre \u00e9galement que, mis \u00e0 part f\u00e9vrier 2023, les consommations de tous les autres mois de l\u2019ann\u00e9es sont inf\u00e9rieures aux moyennes des ann\u00e9es pr\u00e9c\u00e9dentes. \u00ab&nbsp;Une baisse exclusivement due \u00e0 la production des \u00e9nergies renouvelables, vous dites&nbsp;? Mais les maths ne sont cependant pas correctes&nbsp;: + 5% en &hellip; <a href=\"https:\/\/www.renouvelle.be\/fr\/diminution-co2-impact-energies-renouvelables-mix-electrique-belge\/\" class=\"more-link\">Continue reading<span class=\"screen-reader-text\"> \u00ab\u00a0Diminution CO2 : l\u2019impact des \u00e9nergies renouvelables sur le mix \u00e9lectrique belge\u00a0\u00bb<\/span><\/a><\/p>\n","protected":false},"author":17,"featured_media":11667,"comment_status":"closed","ping_status":"closed","sticky":false,"template":"","format":"standard","meta":{"_acf_changed":false,"footnotes":""},"categories":[16,17],"tags":[],"section":[8],"class_list":["post-11666","post","type-post","status-publish","format-standard","has-post-thumbnail","hentry","category-actualite","category-actualite-en-belgique","section-energie-renouvelables"],"acf":[],"yoast_head":"<!-- This site is optimized with the Yoast SEO plugin v27.5 - https:\/\/yoast.com\/product\/yoast-seo-wordpress\/ -->\n<title>Diminution CO2 : l\u2019impact des \u00e9nergies renouvelables sur le mix \u00e9lectrique belge - Renouvelle<\/title>\n<meta name=\"description\" content=\"Une baisse de l&#039;intensit\u00e9 carbone due \u00e0 la production d&#039;\u00e9nergie solaire et \u00e9olienne ? Renouvelle vous \u00e9claire sur cette diminution de CO2.\" \/>\n<meta name=\"robots\" content=\"index, follow, max-snippet:-1, max-image-preview:large, max-video-preview:-1\" \/>\n<link rel=\"canonical\" href=\"https:\/\/www.renouvelle.be\/fr\/diminution-co2-impact-energies-renouvelables-mix-electrique-belge\/\" \/>\n<meta property=\"og:locale\" content=\"fr_FR\" \/>\n<meta property=\"og:type\" content=\"article\" \/>\n<meta property=\"og:title\" content=\"Diminution CO2 : l\u2019impact des \u00e9nergies renouvelables sur le mix \u00e9lectrique belge - Renouvelle\" \/>\n<meta property=\"og:description\" content=\"Une baisse de l&#039;intensit\u00e9 carbone due \u00e0 la production d&#039;\u00e9nergie solaire et \u00e9olienne ? Renouvelle vous \u00e9claire sur cette diminution de CO2.\" \/>\n<meta property=\"og:url\" content=\"https:\/\/www.renouvelle.be\/fr\/diminution-co2-impact-energies-renouvelables-mix-electrique-belge\/\" \/>\n<meta property=\"og:site_name\" content=\"Renouvelle\" \/>\n<meta property=\"article:published_time\" content=\"2024-01-09T08:55:20+00:00\" \/>\n<meta property=\"article:modified_time\" content=\"2024-01-09T15:50:37+00:00\" \/>\n<meta property=\"og:image\" content=\"https:\/\/www.renouvelle.be\/wp-content\/uploads\/2024\/01\/iStock-1498159665.jpg\" \/>\n\t<meta property=\"og:image:width\" content=\"2140\" \/>\n\t<meta property=\"og:image:height\" content=\"1201\" \/>\n\t<meta property=\"og:image:type\" content=\"image\/jpeg\" \/>\n<meta name=\"author\" content=\"Benjamin WILKIN\" \/>\n<meta name=\"twitter:card\" content=\"summary_large_image\" \/>\n<script type=\"application\/ld+json\" class=\"yoast-schema-graph\">{\"@context\":\"https:\\\/\\\/schema.org\",\"@graph\":[{\"@type\":\"Article\",\"@id\":\"https:\\\/\\\/www.renouvelle.be\\\/fr\\\/diminution-co2-impact-energies-renouvelables-mix-electrique-belge\\\/#article\",\"isPartOf\":{\"@id\":\"https:\\\/\\\/www.renouvelle.be\\\/fr\\\/diminution-co2-impact-energies-renouvelables-mix-electrique-belge\\\/\"},\"author\":{\"name\":\"Benjamin WILKIN\",\"@id\":\"https:\\\/\\\/www.renouvelle.be\\\/fr\\\/#\\\/schema\\\/person\\\/20d41a25c5a48ee6500cc1a14288f058\"},\"headline\":\"Diminution CO2 : l\u2019impact des \u00e9nergies renouvelables sur le mix \u00e9lectrique belge\",\"datePublished\":\"2024-01-09T08:55:20+00:00\",\"dateModified\":\"2024-01-09T15:50:37+00:00\",\"mainEntityOfPage\":{\"@id\":\"https:\\\/\\\/www.renouvelle.be\\\/fr\\\/diminution-co2-impact-energies-renouvelables-mix-electrique-belge\\\/\"},\"wordCount\":1100,\"image\":{\"@id\":\"https:\\\/\\\/www.renouvelle.be\\\/fr\\\/diminution-co2-impact-energies-renouvelables-mix-electrique-belge\\\/#primaryimage\"},\"thumbnailUrl\":\"https:\\\/\\\/www.renouvelle.be\\\/wp-content\\\/uploads\\\/2024\\\/01\\\/iStock-1498159665.jpg\",\"articleSection\":[\"Actualit\u00e9\",\"Actualit\u00e9 en Belgique\"],\"inLanguage\":\"fr-FR\"},{\"@type\":\"WebPage\",\"@id\":\"https:\\\/\\\/www.renouvelle.be\\\/fr\\\/diminution-co2-impact-energies-renouvelables-mix-electrique-belge\\\/\",\"url\":\"https:\\\/\\\/www.renouvelle.be\\\/fr\\\/diminution-co2-impact-energies-renouvelables-mix-electrique-belge\\\/\",\"name\":\"Diminution CO2 : l\u2019impact des \u00e9nergies renouvelables sur le mix \u00e9lectrique belge - Renouvelle\",\"isPartOf\":{\"@id\":\"https:\\\/\\\/www.renouvelle.be\\\/fr\\\/#website\"},\"primaryImageOfPage\":{\"@id\":\"https:\\\/\\\/www.renouvelle.be\\\/fr\\\/diminution-co2-impact-energies-renouvelables-mix-electrique-belge\\\/#primaryimage\"},\"image\":{\"@id\":\"https:\\\/\\\/www.renouvelle.be\\\/fr\\\/diminution-co2-impact-energies-renouvelables-mix-electrique-belge\\\/#primaryimage\"},\"thumbnailUrl\":\"https:\\\/\\\/www.renouvelle.be\\\/wp-content\\\/uploads\\\/2024\\\/01\\\/iStock-1498159665.jpg\",\"datePublished\":\"2024-01-09T08:55:20+00:00\",\"dateModified\":\"2024-01-09T15:50:37+00:00\",\"author\":{\"@id\":\"https:\\\/\\\/www.renouvelle.be\\\/fr\\\/#\\\/schema\\\/person\\\/20d41a25c5a48ee6500cc1a14288f058\"},\"description\":\"Une baisse de l'intensit\u00e9 carbone due \u00e0 la production d'\u00e9nergie solaire et \u00e9olienne ? Renouvelle vous \u00e9claire sur cette diminution de CO2.\",\"breadcrumb\":{\"@id\":\"https:\\\/\\\/www.renouvelle.be\\\/fr\\\/diminution-co2-impact-energies-renouvelables-mix-electrique-belge\\\/#breadcrumb\"},\"inLanguage\":\"fr-FR\",\"potentialAction\":[{\"@type\":\"ReadAction\",\"target\":[\"https:\\\/\\\/www.renouvelle.be\\\/fr\\\/diminution-co2-impact-energies-renouvelables-mix-electrique-belge\\\/\"]}]},{\"@type\":\"ImageObject\",\"inLanguage\":\"fr-FR\",\"@id\":\"https:\\\/\\\/www.renouvelle.be\\\/fr\\\/diminution-co2-impact-energies-renouvelables-mix-electrique-belge\\\/#primaryimage\",\"url\":\"https:\\\/\\\/www.renouvelle.be\\\/wp-content\\\/uploads\\\/2024\\\/01\\\/iStock-1498159665.jpg\",\"contentUrl\":\"https:\\\/\\\/www.renouvelle.be\\\/wp-content\\\/uploads\\\/2024\\\/01\\\/iStock-1498159665.jpg\",\"width\":2140,\"height\":1201,\"caption\":\"Baisse CO2 \u00e9nergies renouvelables\"},{\"@type\":\"BreadcrumbList\",\"@id\":\"https:\\\/\\\/www.renouvelle.be\\\/fr\\\/diminution-co2-impact-energies-renouvelables-mix-electrique-belge\\\/#breadcrumb\",\"itemListElement\":[{\"@type\":\"ListItem\",\"position\":1,\"name\":\"Accueil\",\"item\":\"https:\\\/\\\/www.renouvelle.be\\\/fr\\\/\"},{\"@type\":\"ListItem\",\"position\":2,\"name\":\"Diminution CO2 : l\u2019impact des \u00e9nergies renouvelables sur le mix \u00e9lectrique belge\"}]},{\"@type\":\"WebSite\",\"@id\":\"https:\\\/\\\/www.renouvelle.be\\\/fr\\\/#website\",\"url\":\"https:\\\/\\\/www.renouvelle.be\\\/fr\\\/\",\"name\":\"Renouvelle\",\"description\":\"L&#039;actualit\u00e9 de l&#039;\u00e9nergie durable\",\"potentialAction\":[{\"@type\":\"SearchAction\",\"target\":{\"@type\":\"EntryPoint\",\"urlTemplate\":\"https:\\\/\\\/www.renouvelle.be\\\/fr\\\/?s={search_term_string}\"},\"query-input\":{\"@type\":\"PropertyValueSpecification\",\"valueRequired\":true,\"valueName\":\"search_term_string\"}}],\"inLanguage\":\"fr-FR\"},{\"@type\":\"Person\",\"@id\":\"https:\\\/\\\/www.renouvelle.be\\\/fr\\\/#\\\/schema\\\/person\\\/20d41a25c5a48ee6500cc1a14288f058\",\"name\":\"Benjamin WILKIN\",\"url\":\"https:\\\/\\\/www.renouvelle.be\\\/fr\\\/author\\\/benjaminwilkin\\\/\"}]}<\/script>\n<!-- \/ Yoast SEO plugin. -->","yoast_head_json":{"title":"Diminution CO2 : l\u2019impact des \u00e9nergies renouvelables sur le mix \u00e9lectrique belge - Renouvelle","description":"Une baisse de l'intensit\u00e9 carbone due \u00e0 la production d'\u00e9nergie solaire et \u00e9olienne ? Renouvelle vous \u00e9claire sur cette diminution de CO2.","robots":{"index":"index","follow":"follow","max-snippet":"max-snippet:-1","max-image-preview":"max-image-preview:large","max-video-preview":"max-video-preview:-1"},"canonical":"https:\/\/www.renouvelle.be\/fr\/diminution-co2-impact-energies-renouvelables-mix-electrique-belge\/","og_locale":"fr_FR","og_type":"article","og_title":"Diminution CO2 : l\u2019impact des \u00e9nergies renouvelables sur le mix \u00e9lectrique belge - Renouvelle","og_description":"Une baisse de l'intensit\u00e9 carbone due \u00e0 la production d'\u00e9nergie solaire et \u00e9olienne ? Renouvelle vous \u00e9claire sur cette diminution de CO2.","og_url":"https:\/\/www.renouvelle.be\/fr\/diminution-co2-impact-energies-renouvelables-mix-electrique-belge\/","og_site_name":"Renouvelle","article_published_time":"2024-01-09T08:55:20+00:00","article_modified_time":"2024-01-09T15:50:37+00:00","og_image":[{"width":2140,"height":1201,"url":"https:\/\/www.renouvelle.be\/wp-content\/uploads\/2024\/01\/iStock-1498159665.jpg","type":"image\/jpeg"}],"author":"Benjamin WILKIN","twitter_card":"summary_large_image","schema":{"@context":"https:\/\/schema.org","@graph":[{"@type":"Article","@id":"https:\/\/www.renouvelle.be\/fr\/diminution-co2-impact-energies-renouvelables-mix-electrique-belge\/#article","isPartOf":{"@id":"https:\/\/www.renouvelle.be\/fr\/diminution-co2-impact-energies-renouvelables-mix-electrique-belge\/"},"author":{"name":"Benjamin WILKIN","@id":"https:\/\/www.renouvelle.be\/fr\/#\/schema\/person\/20d41a25c5a48ee6500cc1a14288f058"},"headline":"Diminution CO2 : l\u2019impact des \u00e9nergies renouvelables sur le mix \u00e9lectrique belge","datePublished":"2024-01-09T08:55:20+00:00","dateModified":"2024-01-09T15:50:37+00:00","mainEntityOfPage":{"@id":"https:\/\/www.renouvelle.be\/fr\/diminution-co2-impact-energies-renouvelables-mix-electrique-belge\/"},"wordCount":1100,"image":{"@id":"https:\/\/www.renouvelle.be\/fr\/diminution-co2-impact-energies-renouvelables-mix-electrique-belge\/#primaryimage"},"thumbnailUrl":"https:\/\/www.renouvelle.be\/wp-content\/uploads\/2024\/01\/iStock-1498159665.jpg","articleSection":["Actualit\u00e9","Actualit\u00e9 en Belgique"],"inLanguage":"fr-FR"},{"@type":"WebPage","@id":"https:\/\/www.renouvelle.be\/fr\/diminution-co2-impact-energies-renouvelables-mix-electrique-belge\/","url":"https:\/\/www.renouvelle.be\/fr\/diminution-co2-impact-energies-renouvelables-mix-electrique-belge\/","name":"Diminution CO2 : l\u2019impact des \u00e9nergies renouvelables sur le mix \u00e9lectrique belge - Renouvelle","isPartOf":{"@id":"https:\/\/www.renouvelle.be\/fr\/#website"},"primaryImageOfPage":{"@id":"https:\/\/www.renouvelle.be\/fr\/diminution-co2-impact-energies-renouvelables-mix-electrique-belge\/#primaryimage"},"image":{"@id":"https:\/\/www.renouvelle.be\/fr\/diminution-co2-impact-energies-renouvelables-mix-electrique-belge\/#primaryimage"},"thumbnailUrl":"https:\/\/www.renouvelle.be\/wp-content\/uploads\/2024\/01\/iStock-1498159665.jpg","datePublished":"2024-01-09T08:55:20+00:00","dateModified":"2024-01-09T15:50:37+00:00","author":{"@id":"https:\/\/www.renouvelle.be\/fr\/#\/schema\/person\/20d41a25c5a48ee6500cc1a14288f058"},"description":"Une baisse de l'intensit\u00e9 carbone due \u00e0 la production d'\u00e9nergie solaire et \u00e9olienne ? Renouvelle vous \u00e9claire sur cette diminution de CO2.","breadcrumb":{"@id":"https:\/\/www.renouvelle.be\/fr\/diminution-co2-impact-energies-renouvelables-mix-electrique-belge\/#breadcrumb"},"inLanguage":"fr-FR","potentialAction":[{"@type":"ReadAction","target":["https:\/\/www.renouvelle.be\/fr\/diminution-co2-impact-energies-renouvelables-mix-electrique-belge\/"]}]},{"@type":"ImageObject","inLanguage":"fr-FR","@id":"https:\/\/www.renouvelle.be\/fr\/diminution-co2-impact-energies-renouvelables-mix-electrique-belge\/#primaryimage","url":"https:\/\/www.renouvelle.be\/wp-content\/uploads\/2024\/01\/iStock-1498159665.jpg","contentUrl":"https:\/\/www.renouvelle.be\/wp-content\/uploads\/2024\/01\/iStock-1498159665.jpg","width":2140,"height":1201,"caption":"Baisse CO2 \u00e9nergies renouvelables"},{"@type":"BreadcrumbList","@id":"https:\/\/www.renouvelle.be\/fr\/diminution-co2-impact-energies-renouvelables-mix-electrique-belge\/#breadcrumb","itemListElement":[{"@type":"ListItem","position":1,"name":"Accueil","item":"https:\/\/www.renouvelle.be\/fr\/"},{"@type":"ListItem","position":2,"name":"Diminution CO2 : l\u2019impact des \u00e9nergies renouvelables sur le mix \u00e9lectrique belge"}]},{"@type":"WebSite","@id":"https:\/\/www.renouvelle.be\/fr\/#website","url":"https:\/\/www.renouvelle.be\/fr\/","name":"Renouvelle","description":"L&#039;actualit\u00e9 de l&#039;\u00e9nergie durable","potentialAction":[{"@type":"SearchAction","target":{"@type":"EntryPoint","urlTemplate":"https:\/\/www.renouvelle.be\/fr\/?s={search_term_string}"},"query-input":{"@type":"PropertyValueSpecification","valueRequired":true,"valueName":"search_term_string"}}],"inLanguage":"fr-FR"},{"@type":"Person","@id":"https:\/\/www.renouvelle.be\/fr\/#\/schema\/person\/20d41a25c5a48ee6500cc1a14288f058","name":"Benjamin WILKIN","url":"https:\/\/www.renouvelle.be\/fr\/author\/benjaminwilkin\/"}]}},"_links":{"self":[{"href":"https:\/\/www.renouvelle.be\/fr\/wp-json\/wp\/v2\/posts\/11666","targetHints":{"allow":["GET"]}}],"collection":[{"href":"https:\/\/www.renouvelle.be\/fr\/wp-json\/wp\/v2\/posts"}],"about":[{"href":"https:\/\/www.renouvelle.be\/fr\/wp-json\/wp\/v2\/types\/post"}],"author":[{"embeddable":true,"href":"https:\/\/www.renouvelle.be\/fr\/wp-json\/wp\/v2\/users\/17"}],"replies":[{"embeddable":true,"href":"https:\/\/www.renouvelle.be\/fr\/wp-json\/wp\/v2\/comments?post=11666"}],"version-history":[{"count":32,"href":"https:\/\/www.renouvelle.be\/fr\/wp-json\/wp\/v2\/posts\/11666\/revisions"}],"predecessor-version":[{"id":11751,"href":"https:\/\/www.renouvelle.be\/fr\/wp-json\/wp\/v2\/posts\/11666\/revisions\/11751"}],"wp:featuredmedia":[{"embeddable":true,"href":"https:\/\/www.renouvelle.be\/fr\/wp-json\/wp\/v2\/media\/11667"}],"wp:attachment":[{"href":"https:\/\/www.renouvelle.be\/fr\/wp-json\/wp\/v2\/media?parent=11666"}],"wp:term":[{"taxonomy":"category","embeddable":true,"href":"https:\/\/www.renouvelle.be\/fr\/wp-json\/wp\/v2\/categories?post=11666"},{"taxonomy":"post_tag","embeddable":true,"href":"https:\/\/www.renouvelle.be\/fr\/wp-json\/wp\/v2\/tags?post=11666"},{"taxonomy":"section","embeddable":true,"href":"https:\/\/www.renouvelle.be\/fr\/wp-json\/wp\/v2\/section?post=11666"}],"curies":[{"name":"wp","href":"https:\/\/api.w.org\/{rel}","templated":true}]}}