{"id":11645,"date":"2024-01-04T14:58:18","date_gmt":"2024-01-04T13:58:18","guid":{"rendered":"https:\/\/www.renouvelle.be\/?p=11645"},"modified":"2024-01-09T09:57:12","modified_gmt":"2024-01-09T08:57:12","slug":"belgique-30-consommation-electricite-energies-renouvelables","status":"publish","type":"post","link":"https:\/\/www.renouvelle.be\/fr\/belgique-30-consommation-electricite-energies-renouvelables\/","title":{"rendered":"30% de la consommation d\u2019\u00e9lectricit\u00e9 belge issue des \u00e9nergies renouvelables"},"content":{"rendered":"\n<p>Quel bilan pour 2023, alors&nbsp;? Avec une augmentation de 4%, par rapport \u00e0 2022, l\u2019ann\u00e9e \u00e9coul\u00e9e fait grimper la consommation totale d\u2019\u00e9nergies renouvelables \u00e0 30%. Une nouvelle positive qui montre que les petits pas feront un jour des pas de g\u00e9ant et continueront de nous donner l\u2019\u00e9lan pour promouvoir l\u2019utilisation des \u00e9nergies renouvelables.<\/p>\n\n\n\n<p>Et les chiffres, dans tout \u00e7a&nbsp;? Les voici&nbsp;:<\/p>\n\n\n\n<iframe loading=\"lazy\" title=\"MIXER_Mensuel\" width=\"600\" height=\"373.5\" src=\"\nhttps:\/\/app.powerbi.com\/view?r=eyJrIjoiYmY3YWU5OWYtMTE4YS00ZjE0LTlmNzctYzQ1ZDk4N2I1MDkzIiwidCI6IjYwNTM2MTIzLTkxNDYtNDM2ZC05ZGRkLWJjNmIwYTJiZTE3NiIsImMiOjl9\"\nframeborder=\"0\" allowFullScreen=\"true\"><\/iframe>\n\n\n\n<p><\/p>\n\n\n\n<p>Avec une ann\u00e9e 2023 globalement plus venteuse, l\u2019\u00e9olien a assur\u00e9 18% de nos besoins (10% offshore, 8% onshore). Cela a permis de garder un mix \u00e9nerg\u00e9tique bas-carbone, et ce, malgr\u00e9 l\u2019arr\u00eat de deux r\u00e9acteurs nucl\u00e9aires. Le photovolta\u00efque, quant \u00e0 lui, aura satisfait 9% de la consommation d\u2019\u00e9lectricit\u00e9 renouvelable.<\/p>\n\n\n\n<p>Notons que l\u2019ann\u00e9e pass\u00e9e a \u00e9t\u00e9 marqu\u00e9e par une baisse de la consommation totale d\u2019\u00e9lectricit\u00e9 en Belgique.<\/p>\n\n\n\n<p>S\u2019\u00e9levant \u00e0 79 TWh, elle est en-dessous des habituels 80 TWh. Cette derni\u00e8re est la plus faible jamais enregistr\u00e9e depuis 2009. L\u2019ann\u00e9e 2020 marqu\u00e9e par le Covid-19 a m\u00eame connu une consommation sup\u00e9rieure.<\/p>\n\n\n\n<p>Bien s\u00fbr, nous n\u2019oublions pas que les prix de l\u2019\u00e9nergie pratiqu\u00e9s jusque mi 2023 ont \u00e9t\u00e9 un facteur important, contribuant \u00e0 cette baisse. Mais il est impossible de \u00ab&nbsp;tout mettre sur le dos&nbsp;\u00bb de cette inflation et oublier les nouvelles habitudes des consommateurs, qui d\u00e9cident de changer de mode de consommation optant, de plus en plus, pour des choix \u00e9nerg\u00e9tiques raisonn\u00e9s.<\/p>\n\n\n\n<p>Maintenant, sortons notre boule de cristal et, avec notre propre \u00e9nergie, faisons-la fonctionner pour tenter de voir ce qui nous attend pour 2024. Avec un emballement pour les installations solaires, nous voyons sa puissance atteindre 11% de notre consommation d\u2019\u00e9lectricit\u00e9 (on distingue une augmentation de 2% contre 1% habituellement).<\/p>\n\n\n\n<p>La flexibilit\u00e9 se verra-t-elle d\u00e9velopp\u00e9e&nbsp;? On peut le penser \u00e9tant donn\u00e9 que nous conna\u00eetrons des prix n\u00e9gatifs sur le march\u00e9 de gros. Une nouvelle peu r\u00e9jouissante pour les petits consommateurs mais qui offre l\u2019opportunit\u00e9 de repenser et d\u2019adapter les moments de consommation. Ce sera aussi l\u2019occasion de d\u00e9velopper des syst\u00e8mes de stockages \u00e0 grande \u00e9chelle, on pense notamment \u00e0 l\u2019hydrog\u00e8ne et aux batteries.<\/p>\n\n\n\n<p>Les onduleurs risquent des d\u00e9crocher d\u2019avril \u00e0 d\u00e9but juillet, mais des solutions existent d\u00e9j\u00e0 comme nous avons d\u00e9j\u00e0 pu vous le d\u00e9montrer dans <a href=\"https:\/\/www.renouvelle.be\/fr\/le-decrochage-onduleur-ce-nuisible-solaire\/\" target=\"_blank\" rel=\"noreferrer noopener\">cet article<\/a>.<\/p>\n\n\n\n<p>Cette \u00e9volution dans la consommation des \u00e9nergies renouvelables nous motive \u00e0 garder le cap et d\u00e9montre que la transition \u00e9nerg\u00e9tique est bien en marche. On esp\u00e8re vous rencontrer tout au long de cette voie et continuer ensemble de faire route vers un avenir \u00e9nerg\u00e9tiquement responsable.<\/p>\n","protected":false},"excerpt":{"rendered":"<p>Quel bilan pour 2023, alors&nbsp;? Avec une augmentation de 4%, par rapport \u00e0 2022, l\u2019ann\u00e9e \u00e9coul\u00e9e fait grimper la consommation totale d\u2019\u00e9nergies renouvelables \u00e0 30%. Une nouvelle positive qui montre que les petits pas feront un jour des pas de g\u00e9ant et continueront de nous donner l\u2019\u00e9lan pour promouvoir l\u2019utilisation des \u00e9nergies renouvelables. Et les chiffres, dans tout \u00e7a&nbsp;? Les voici&nbsp;: Avec une ann\u00e9e 2023 globalement plus venteuse, l\u2019\u00e9olien a assur\u00e9 18% de nos besoins (10% offshore, 8% onshore). Cela a permis de garder un mix \u00e9nerg\u00e9tique bas-carbone, et ce, malgr\u00e9 l\u2019arr\u00eat de deux r\u00e9acteurs nucl\u00e9aires. Le photovolta\u00efque, quant \u00e0 lui, aura satisfait 9% de la consommation d\u2019\u00e9lectricit\u00e9 renouvelable. Notons que l\u2019ann\u00e9e pass\u00e9e a \u00e9t\u00e9 marqu\u00e9e par une baisse de la consommation totale d\u2019\u00e9lectricit\u00e9 en Belgique. S\u2019\u00e9levant \u00e0 79 TWh, elle est en-dessous des habituels 80 TWh. Cette derni\u00e8re est la plus faible jamais enregistr\u00e9e depuis 2009. L\u2019ann\u00e9e 2020 marqu\u00e9e par le Covid-19 a m\u00eame connu une consommation sup\u00e9rieure. Bien s\u00fbr, nous n\u2019oublions pas que les prix de l\u2019\u00e9nergie pratiqu\u00e9s jusque mi 2023 ont \u00e9t\u00e9 un facteur important, contribuant \u00e0 cette baisse. Mais il est impossible de \u00ab&nbsp;tout mettre sur le dos&nbsp;\u00bb de cette inflation et oublier les nouvelles habitudes des consommateurs, qui d\u00e9cident de changer de mode de consommation optant, de plus en plus, pour des choix \u00e9nerg\u00e9tiques raisonn\u00e9s. Maintenant, sortons notre boule de cristal et, avec notre propre \u00e9nergie, faisons-la fonctionner pour tenter de voir ce qui nous attend pour 2024. Avec un emballement pour les installations solaires, nous voyons sa puissance atteindre 11% de notre consommation d\u2019\u00e9lectricit\u00e9 (on distingue une augmentation de 2% contre 1% habituellement). La flexibilit\u00e9 se verra-t-elle d\u00e9velopp\u00e9e&nbsp;? On peut le penser \u00e9tant donn\u00e9 que nous conna\u00eetrons des prix n\u00e9gatifs sur le march\u00e9 de &hellip; <a href=\"https:\/\/www.renouvelle.be\/fr\/belgique-30-consommation-electricite-energies-renouvelables\/\" class=\"more-link\">Continue reading<span class=\"screen-reader-text\"> \u00ab\u00a030% de la consommation d\u2019\u00e9lectricit\u00e9 belge issue des \u00e9nergies renouvelables\u00a0\u00bb<\/span><\/a><\/p>\n","protected":false},"author":38,"featured_media":11652,"comment_status":"closed","ping_status":"closed","sticky":false,"template":"","format":"standard","meta":{"_acf_changed":false,"footnotes":""},"categories":[16,17],"tags":[],"section":[8],"class_list":["post-11645","post","type-post","status-publish","format-standard","has-post-thumbnail","hentry","category-actualite","category-actualite-en-belgique","section-energie-renouvelables"],"acf":[],"yoast_head":"<!-- This site is optimized with the Yoast SEO plugin v27.5 - https:\/\/yoast.com\/product\/yoast-seo-wordpress\/ -->\n<title>30% de la consommation d\u2019\u00e9lectricit\u00e9 belge issue des \u00e9nergies renouvelables - Renouvelle<\/title>\n<meta name=\"description\" content=\"La consommation d&#039;\u00e9lectricit\u00e9 issue des \u00e9nergies renouvelables est toujours en progression en Belgique et atteint 30%, en 2023.\" \/>\n<meta name=\"robots\" content=\"index, follow, max-snippet:-1, max-image-preview:large, max-video-preview:-1\" \/>\n<link rel=\"canonical\" href=\"https:\/\/www.renouvelle.be\/fr\/belgique-30-consommation-electricite-energies-renouvelables\/\" \/>\n<meta property=\"og:locale\" content=\"fr_FR\" \/>\n<meta property=\"og:type\" content=\"article\" \/>\n<meta property=\"og:title\" content=\"30% de la consommation d\u2019\u00e9lectricit\u00e9 belge issue des \u00e9nergies renouvelables - Renouvelle\" \/>\n<meta property=\"og:description\" content=\"La consommation d&#039;\u00e9lectricit\u00e9 issue des \u00e9nergies renouvelables est toujours en progression en Belgique et atteint 30%, en 2023.\" \/>\n<meta property=\"og:url\" content=\"https:\/\/www.renouvelle.be\/fr\/belgique-30-consommation-electricite-energies-renouvelables\/\" \/>\n<meta property=\"og:site_name\" content=\"Renouvelle\" \/>\n<meta property=\"article:published_time\" content=\"2024-01-04T13:58:18+00:00\" \/>\n<meta property=\"article:modified_time\" content=\"2024-01-09T08:57:12+00:00\" \/>\n<meta property=\"og:image\" content=\"https:\/\/www.renouvelle.be\/wp-content\/uploads\/2024\/01\/iStock-1331615106-Converti.jpg\" \/>\n\t<meta property=\"og:image:width\" content=\"2000\" \/>\n\t<meta property=\"og:image:height\" content=\"1302\" \/>\n\t<meta property=\"og:image:type\" content=\"image\/jpeg\" \/>\n<meta name=\"author\" content=\"Samuel Alves\" \/>\n<meta name=\"twitter:card\" content=\"summary_large_image\" \/>\n<script type=\"application\/ld+json\" class=\"yoast-schema-graph\">{\"@context\":\"https:\\\/\\\/schema.org\",\"@graph\":[{\"@type\":\"Article\",\"@id\":\"https:\\\/\\\/www.renouvelle.be\\\/fr\\\/belgique-30-consommation-electricite-energies-renouvelables\\\/#article\",\"isPartOf\":{\"@id\":\"https:\\\/\\\/www.renouvelle.be\\\/fr\\\/belgique-30-consommation-electricite-energies-renouvelables\\\/\"},\"author\":{\"name\":\"Samuel Alves\",\"@id\":\"https:\\\/\\\/www.renouvelle.be\\\/fr\\\/#\\\/schema\\\/person\\\/9d743366fb269eeceaa8d60e98d289d3\"},\"headline\":\"30% de la consommation d\u2019\u00e9lectricit\u00e9 belge issue des \u00e9nergies renouvelables\",\"datePublished\":\"2024-01-04T13:58:18+00:00\",\"dateModified\":\"2024-01-09T08:57:12+00:00\",\"mainEntityOfPage\":{\"@id\":\"https:\\\/\\\/www.renouvelle.be\\\/fr\\\/belgique-30-consommation-electricite-energies-renouvelables\\\/\"},\"wordCount\":450,\"image\":{\"@id\":\"https:\\\/\\\/www.renouvelle.be\\\/fr\\\/belgique-30-consommation-electricite-energies-renouvelables\\\/#primaryimage\"},\"thumbnailUrl\":\"https:\\\/\\\/www.renouvelle.be\\\/wp-content\\\/uploads\\\/2024\\\/01\\\/iStock-1331615106-Converti.jpg\",\"articleSection\":[\"Actualit\u00e9\",\"Actualit\u00e9 en Belgique\"],\"inLanguage\":\"fr-FR\"},{\"@type\":\"WebPage\",\"@id\":\"https:\\\/\\\/www.renouvelle.be\\\/fr\\\/belgique-30-consommation-electricite-energies-renouvelables\\\/\",\"url\":\"https:\\\/\\\/www.renouvelle.be\\\/fr\\\/belgique-30-consommation-electricite-energies-renouvelables\\\/\",\"name\":\"30% de la consommation d\u2019\u00e9lectricit\u00e9 belge issue des \u00e9nergies renouvelables - Renouvelle\",\"isPartOf\":{\"@id\":\"https:\\\/\\\/www.renouvelle.be\\\/fr\\\/#website\"},\"primaryImageOfPage\":{\"@id\":\"https:\\\/\\\/www.renouvelle.be\\\/fr\\\/belgique-30-consommation-electricite-energies-renouvelables\\\/#primaryimage\"},\"image\":{\"@id\":\"https:\\\/\\\/www.renouvelle.be\\\/fr\\\/belgique-30-consommation-electricite-energies-renouvelables\\\/#primaryimage\"},\"thumbnailUrl\":\"https:\\\/\\\/www.renouvelle.be\\\/wp-content\\\/uploads\\\/2024\\\/01\\\/iStock-1331615106-Converti.jpg\",\"datePublished\":\"2024-01-04T13:58:18+00:00\",\"dateModified\":\"2024-01-09T08:57:12+00:00\",\"author\":{\"@id\":\"https:\\\/\\\/www.renouvelle.be\\\/fr\\\/#\\\/schema\\\/person\\\/9d743366fb269eeceaa8d60e98d289d3\"},\"description\":\"La consommation d'\u00e9lectricit\u00e9 issue des \u00e9nergies renouvelables est toujours en progression en Belgique et atteint 30%, en 2023.\",\"breadcrumb\":{\"@id\":\"https:\\\/\\\/www.renouvelle.be\\\/fr\\\/belgique-30-consommation-electricite-energies-renouvelables\\\/#breadcrumb\"},\"inLanguage\":\"fr-FR\",\"potentialAction\":[{\"@type\":\"ReadAction\",\"target\":[\"https:\\\/\\\/www.renouvelle.be\\\/fr\\\/belgique-30-consommation-electricite-energies-renouvelables\\\/\"]}]},{\"@type\":\"ImageObject\",\"inLanguage\":\"fr-FR\",\"@id\":\"https:\\\/\\\/www.renouvelle.be\\\/fr\\\/belgique-30-consommation-electricite-energies-renouvelables\\\/#primaryimage\",\"url\":\"https:\\\/\\\/www.renouvelle.be\\\/wp-content\\\/uploads\\\/2024\\\/01\\\/iStock-1331615106-Converti.jpg\",\"contentUrl\":\"https:\\\/\\\/www.renouvelle.be\\\/wp-content\\\/uploads\\\/2024\\\/01\\\/iStock-1331615106-Converti.jpg\",\"width\":2000,\"height\":1302,\"caption\":\"transition \u00e9nerg\u00e9tique et \u00e9nergies renouvelables\"},{\"@type\":\"BreadcrumbList\",\"@id\":\"https:\\\/\\\/www.renouvelle.be\\\/fr\\\/belgique-30-consommation-electricite-energies-renouvelables\\\/#breadcrumb\",\"itemListElement\":[{\"@type\":\"ListItem\",\"position\":1,\"name\":\"Accueil\",\"item\":\"https:\\\/\\\/www.renouvelle.be\\\/fr\\\/\"},{\"@type\":\"ListItem\",\"position\":2,\"name\":\"30% de la consommation d\u2019\u00e9lectricit\u00e9 belge issue des \u00e9nergies renouvelables\"}]},{\"@type\":\"WebSite\",\"@id\":\"https:\\\/\\\/www.renouvelle.be\\\/fr\\\/#website\",\"url\":\"https:\\\/\\\/www.renouvelle.be\\\/fr\\\/\",\"name\":\"Renouvelle\",\"description\":\"L&#039;actualit\u00e9 de l&#039;\u00e9nergie durable\",\"potentialAction\":[{\"@type\":\"SearchAction\",\"target\":{\"@type\":\"EntryPoint\",\"urlTemplate\":\"https:\\\/\\\/www.renouvelle.be\\\/fr\\\/?s={search_term_string}\"},\"query-input\":{\"@type\":\"PropertyValueSpecification\",\"valueRequired\":true,\"valueName\":\"search_term_string\"}}],\"inLanguage\":\"fr-FR\"},{\"@type\":\"Person\",\"@id\":\"https:\\\/\\\/www.renouvelle.be\\\/fr\\\/#\\\/schema\\\/person\\\/9d743366fb269eeceaa8d60e98d289d3\",\"name\":\"Samuel Alves\",\"url\":\"https:\\\/\\\/www.renouvelle.be\\\/fr\\\/author\\\/salves\\\/\"}]}<\/script>\n<!-- \/ Yoast SEO plugin. -->","yoast_head_json":{"title":"30% de la consommation d\u2019\u00e9lectricit\u00e9 belge issue des \u00e9nergies renouvelables - Renouvelle","description":"La consommation d'\u00e9lectricit\u00e9 issue des \u00e9nergies renouvelables est toujours en progression en Belgique et atteint 30%, en 2023.","robots":{"index":"index","follow":"follow","max-snippet":"max-snippet:-1","max-image-preview":"max-image-preview:large","max-video-preview":"max-video-preview:-1"},"canonical":"https:\/\/www.renouvelle.be\/fr\/belgique-30-consommation-electricite-energies-renouvelables\/","og_locale":"fr_FR","og_type":"article","og_title":"30% de la consommation d\u2019\u00e9lectricit\u00e9 belge issue des \u00e9nergies renouvelables - Renouvelle","og_description":"La consommation d'\u00e9lectricit\u00e9 issue des \u00e9nergies renouvelables est toujours en progression en Belgique et atteint 30%, en 2023.","og_url":"https:\/\/www.renouvelle.be\/fr\/belgique-30-consommation-electricite-energies-renouvelables\/","og_site_name":"Renouvelle","article_published_time":"2024-01-04T13:58:18+00:00","article_modified_time":"2024-01-09T08:57:12+00:00","og_image":[{"width":2000,"height":1302,"url":"https:\/\/www.renouvelle.be\/wp-content\/uploads\/2024\/01\/iStock-1331615106-Converti.jpg","type":"image\/jpeg"}],"author":"Samuel Alves","twitter_card":"summary_large_image","schema":{"@context":"https:\/\/schema.org","@graph":[{"@type":"Article","@id":"https:\/\/www.renouvelle.be\/fr\/belgique-30-consommation-electricite-energies-renouvelables\/#article","isPartOf":{"@id":"https:\/\/www.renouvelle.be\/fr\/belgique-30-consommation-electricite-energies-renouvelables\/"},"author":{"name":"Samuel Alves","@id":"https:\/\/www.renouvelle.be\/fr\/#\/schema\/person\/9d743366fb269eeceaa8d60e98d289d3"},"headline":"30% de la consommation d\u2019\u00e9lectricit\u00e9 belge issue des \u00e9nergies renouvelables","datePublished":"2024-01-04T13:58:18+00:00","dateModified":"2024-01-09T08:57:12+00:00","mainEntityOfPage":{"@id":"https:\/\/www.renouvelle.be\/fr\/belgique-30-consommation-electricite-energies-renouvelables\/"},"wordCount":450,"image":{"@id":"https:\/\/www.renouvelle.be\/fr\/belgique-30-consommation-electricite-energies-renouvelables\/#primaryimage"},"thumbnailUrl":"https:\/\/www.renouvelle.be\/wp-content\/uploads\/2024\/01\/iStock-1331615106-Converti.jpg","articleSection":["Actualit\u00e9","Actualit\u00e9 en Belgique"],"inLanguage":"fr-FR"},{"@type":"WebPage","@id":"https:\/\/www.renouvelle.be\/fr\/belgique-30-consommation-electricite-energies-renouvelables\/","url":"https:\/\/www.renouvelle.be\/fr\/belgique-30-consommation-electricite-energies-renouvelables\/","name":"30% de la consommation d\u2019\u00e9lectricit\u00e9 belge issue des \u00e9nergies renouvelables - Renouvelle","isPartOf":{"@id":"https:\/\/www.renouvelle.be\/fr\/#website"},"primaryImageOfPage":{"@id":"https:\/\/www.renouvelle.be\/fr\/belgique-30-consommation-electricite-energies-renouvelables\/#primaryimage"},"image":{"@id":"https:\/\/www.renouvelle.be\/fr\/belgique-30-consommation-electricite-energies-renouvelables\/#primaryimage"},"thumbnailUrl":"https:\/\/www.renouvelle.be\/wp-content\/uploads\/2024\/01\/iStock-1331615106-Converti.jpg","datePublished":"2024-01-04T13:58:18+00:00","dateModified":"2024-01-09T08:57:12+00:00","author":{"@id":"https:\/\/www.renouvelle.be\/fr\/#\/schema\/person\/9d743366fb269eeceaa8d60e98d289d3"},"description":"La consommation d'\u00e9lectricit\u00e9 issue des \u00e9nergies renouvelables est toujours en progression en Belgique et atteint 30%, en 2023.","breadcrumb":{"@id":"https:\/\/www.renouvelle.be\/fr\/belgique-30-consommation-electricite-energies-renouvelables\/#breadcrumb"},"inLanguage":"fr-FR","potentialAction":[{"@type":"ReadAction","target":["https:\/\/www.renouvelle.be\/fr\/belgique-30-consommation-electricite-energies-renouvelables\/"]}]},{"@type":"ImageObject","inLanguage":"fr-FR","@id":"https:\/\/www.renouvelle.be\/fr\/belgique-30-consommation-electricite-energies-renouvelables\/#primaryimage","url":"https:\/\/www.renouvelle.be\/wp-content\/uploads\/2024\/01\/iStock-1331615106-Converti.jpg","contentUrl":"https:\/\/www.renouvelle.be\/wp-content\/uploads\/2024\/01\/iStock-1331615106-Converti.jpg","width":2000,"height":1302,"caption":"transition \u00e9nerg\u00e9tique et \u00e9nergies renouvelables"},{"@type":"BreadcrumbList","@id":"https:\/\/www.renouvelle.be\/fr\/belgique-30-consommation-electricite-energies-renouvelables\/#breadcrumb","itemListElement":[{"@type":"ListItem","position":1,"name":"Accueil","item":"https:\/\/www.renouvelle.be\/fr\/"},{"@type":"ListItem","position":2,"name":"30% de la consommation d\u2019\u00e9lectricit\u00e9 belge issue des \u00e9nergies renouvelables"}]},{"@type":"WebSite","@id":"https:\/\/www.renouvelle.be\/fr\/#website","url":"https:\/\/www.renouvelle.be\/fr\/","name":"Renouvelle","description":"L&#039;actualit\u00e9 de l&#039;\u00e9nergie durable","potentialAction":[{"@type":"SearchAction","target":{"@type":"EntryPoint","urlTemplate":"https:\/\/www.renouvelle.be\/fr\/?s={search_term_string}"},"query-input":{"@type":"PropertyValueSpecification","valueRequired":true,"valueName":"search_term_string"}}],"inLanguage":"fr-FR"},{"@type":"Person","@id":"https:\/\/www.renouvelle.be\/fr\/#\/schema\/person\/9d743366fb269eeceaa8d60e98d289d3","name":"Samuel Alves","url":"https:\/\/www.renouvelle.be\/fr\/author\/salves\/"}]}},"_links":{"self":[{"href":"https:\/\/www.renouvelle.be\/fr\/wp-json\/wp\/v2\/posts\/11645","targetHints":{"allow":["GET"]}}],"collection":[{"href":"https:\/\/www.renouvelle.be\/fr\/wp-json\/wp\/v2\/posts"}],"about":[{"href":"https:\/\/www.renouvelle.be\/fr\/wp-json\/wp\/v2\/types\/post"}],"author":[{"embeddable":true,"href":"https:\/\/www.renouvelle.be\/fr\/wp-json\/wp\/v2\/users\/38"}],"replies":[{"embeddable":true,"href":"https:\/\/www.renouvelle.be\/fr\/wp-json\/wp\/v2\/comments?post=11645"}],"version-history":[{"count":19,"href":"https:\/\/www.renouvelle.be\/fr\/wp-json\/wp\/v2\/posts\/11645\/revisions"}],"predecessor-version":[{"id":11749,"href":"https:\/\/www.renouvelle.be\/fr\/wp-json\/wp\/v2\/posts\/11645\/revisions\/11749"}],"wp:featuredmedia":[{"embeddable":true,"href":"https:\/\/www.renouvelle.be\/fr\/wp-json\/wp\/v2\/media\/11652"}],"wp:attachment":[{"href":"https:\/\/www.renouvelle.be\/fr\/wp-json\/wp\/v2\/media?parent=11645"}],"wp:term":[{"taxonomy":"category","embeddable":true,"href":"https:\/\/www.renouvelle.be\/fr\/wp-json\/wp\/v2\/categories?post=11645"},{"taxonomy":"post_tag","embeddable":true,"href":"https:\/\/www.renouvelle.be\/fr\/wp-json\/wp\/v2\/tags?post=11645"},{"taxonomy":"section","embeddable":true,"href":"https:\/\/www.renouvelle.be\/fr\/wp-json\/wp\/v2\/section?post=11645"}],"curies":[{"name":"wp","href":"https:\/\/api.w.org\/{rel}","templated":true}]}}