{"id":11376,"date":"2023-12-19T10:29:54","date_gmt":"2023-12-19T09:29:54","guid":{"rendered":"https:\/\/www.renouvelle.be\/?p=11376"},"modified":"2023-12-19T10:30:02","modified_gmt":"2023-12-19T09:30:02","slug":"le-chargement-bidirectionnel-pour-en-finir-avec-le-sens-unique","status":"publish","type":"post","link":"https:\/\/www.renouvelle.be\/fr\/le-chargement-bidirectionnel-pour-en-finir-avec-le-sens-unique\/","title":{"rendered":"Le chargement bidirectionnel pour en finir avec le sens unique"},"content":{"rendered":"\n<p>Et avec un engouement de plus en plus fort pour le photovolta\u00efque, c\u2019est un changement qui s\u2019op\u00e8re dans les habitudes de consommation des citoyens, peut-\u00eatre futurs prosumers. Entre autoproduction et autoconsommation, ils r\u00e9apprennent \u00e0 consommer l\u2019\u00e9nergie autrement. Pourquoi ne pas essayer d&rsquo;optimiser encore plus sa consommation d&rsquo;\u00e9nergie gr\u00e2ce au chargement bidirectionnel ?<\/p>\n\n\n\n<h2 class=\"wp-block-heading\"><strong>Les v\u00e9hicules \u00e9lectriques&nbsp;: bidirectionnels ou rien&nbsp;!<\/strong><\/h2>\n\n\n\n<p>M\u00eame si elles restent encore marginales, <a href=\"https:\/\/statbel.fgov.be\/fr\/themes\/mobilite\/circulation\/parc-de-vehicules\" target=\"_blank\" rel=\"noreferrer noopener\">le parc des voitures \u00e9lectriques<\/a> en Belgique a tripl\u00e9 au cours des trois derni\u00e8res ann\u00e9es (voir graphique ci-dessous). Les mod\u00e8les sont nombreux et permettent, aux prosumers propri\u00e9taires de ce type de v\u00e9hicule, une optimisation de leur autoconsommation. Mais, pour l\u2019instant, la technologie ne va que dans un seul sens\u00a0: de votre logement \u00e0 votre voiture.<\/p>\n\n\n\n<figure class=\"wp-block-image size-full\"><img loading=\"lazy\" decoding=\"async\" width=\"764\" height=\"236\" src=\"https:\/\/www.renouvelle.be\/wp-content\/uploads\/2023\/12\/Graphique-vehicule.jpg\" alt=\"\" class=\"wp-image-11381\" srcset=\"https:\/\/www.renouvelle.be\/wp-content\/uploads\/2023\/12\/Graphique-vehicule.jpg 764w, https:\/\/www.renouvelle.be\/wp-content\/uploads\/2023\/12\/Graphique-vehicule-300x93.jpg 300w\" sizes=\"auto, (max-width: 764px) 100vw, 764px\" \/><figcaption class=\"wp-element-caption\">Evolution du parc automobile belge. Source : Statbel<\/figcaption><\/figure>\n\n\n\n<p><\/p>\n\n\n\n<p>C\u2019est l\u00e0 que le petit nouveau d\u00e9barque&nbsp;: le chargement bidirectionnel. Bien qu\u2019encore tr\u00e8s discret, ce concept technologique peut se r\u00e9sumer de la fa\u00e7on suivante&nbsp;: un chargement \u00e0 double sens, d\u2019un v\u00e9hicule \u00e9lectrique \u00e0 votre habitation et vice versa.<\/p>\n\n\n\n<p>Via une borne sp\u00e9ciale de recharge, \u00e0 installer devant chez soi, il permet plusieurs types de d\u00e9charge\/recharge comme&nbsp;:<\/p>\n\n\n\n<p><strong>Le V2G (Vehicle to Grid)<\/strong> o\u00f9 l\u2019\u00e9lectricit\u00e9 exc\u00e9dentaire de la batterie du v\u00e9hicule est inject\u00e9e dans le r\u00e9seau. Ces v\u00e9hicules \u00e9lectriques permettraient un r\u00e9\u00e9quilibrage de l\u2019offre et de la demande. En effet, en stationnement, la majorit\u00e9 du temps, ils pourraient d\u00e9saturer le r\u00e9seau en se rechargeant au moment des pics de production, \u00e9vitant ainsi un risque de surtension du r\u00e9seau. Sorte de batteries mobiles, elles injecteraient aussi leur stock, dans le r\u00e9seau, aux heures de pointe lorsque la demande est plus forte.<\/p>\n\n\n\n<p><strong>Le V2H (Vehicle to Home),<\/strong> quant \u00e0 lui, fournit l\u2019\u00e9nergie stock\u00e9e \u00e0 votre r\u00e9seau domestique, autrement dit\u00a0: de votre v\u00e9hicule \u00e0 votre habitation. C\u2019est donc un r\u00e9el atout pour l\u2019autosuffisance renouvelable. L\u2019\u00e9nergie non consomm\u00e9e de celui-ci peut \u00eatre ainsi utilis\u00e9e pour \u00e9viter de devoir \u00ab\u00a0tirer\u00a0\u00bb de l\u2019\u00e9lectricit\u00e9 du r\u00e9seau, pendant les heures critiques de demande (donc plus ch\u00e8res), par exemple. Le V2H peut \u00e9galement rev\u00eatir le r\u00f4le de batterie de secours pour subvenir aux besoins \u00e9nerg\u00e9tiques en cas de panne dans l\u2019habitation.<\/p>\n\n\n\n<h2 class=\"wp-block-heading\"><strong>Attention aux freins<\/strong><\/h2>\n\n\n\n<p>Mais alors, pourquoi ce syst\u00e8me est si peu connu&nbsp;? Pour pouvoir b\u00e9n\u00e9ficier de tous les avantages de la charge bidirectionnelle il existe encore un certain nombre d\u2019obstacles.<\/p>\n\n\n\n<p>Pour le moment, la majorit\u00e9 des v\u00e9hicules \u00e9lectriques sont unidirectionnels, ce qui veut dire qu\u2019ils transforment le courant continu en courant alternatif. Pour pouvoir transporter l\u2019\u00e9lectricit\u00e9 d\u2019un v\u00e9hicule \u00e9lectrique \u00e0 une habitation, il faut donc un interm\u00e9diaire pour convertir le courant alternatif en courant continu.<\/p>\n\n\n\n<p>Cela veut dire que le chargement bidirectionnel s\u2019accompagne de besoins sp\u00e9cifiques comme l\u2019installation d\u2019une borne de recharge domestique qui permettrait la conversion des courants. Actuellement les v\u00e9hicules bidirectionnels sont \u00e9quip\u00e9s du standard de prise \u00ab&nbsp;Chademo&nbsp;\u00bb, pl\u00e9biscit\u00e9 au Japon. Etant donn\u00e9 que les v\u00e9hicules compatibles avec le syst\u00e8me bidirectionnel sont au nombre de 5-6, et principalement japonais, cela ne facilite pas les choses \u00e9tant donn\u00e9 que le reste du monde pl\u00e9biscite, lui, les prises CCS.<\/p>\n\n\n\n<figure class=\"wp-block-image size-large\"><img loading=\"lazy\" decoding=\"async\" width=\"1024\" height=\"475\" src=\"https:\/\/www.renouvelle.be\/wp-content\/uploads\/2023\/12\/iStock-1369268936-1-1024x475.jpg\" alt=\"chargement bidirectionnel voiture \u00e9lectrique\" class=\"wp-image-11403\" srcset=\"https:\/\/www.renouvelle.be\/wp-content\/uploads\/2023\/12\/iStock-1369268936-1-1024x475.jpg 1024w, https:\/\/www.renouvelle.be\/wp-content\/uploads\/2023\/12\/iStock-1369268936-1-300x139.jpg 300w, https:\/\/www.renouvelle.be\/wp-content\/uploads\/2023\/12\/iStock-1369268936-1-768x356.jpg 768w, https:\/\/www.renouvelle.be\/wp-content\/uploads\/2023\/12\/iStock-1369268936-1-1200x557.jpg 1200w, https:\/\/www.renouvelle.be\/wp-content\/uploads\/2023\/12\/iStock-1369268936-1.jpg 1248w\" sizes=\"auto, (max-width: 1024px) 100vw, 1024px\" \/><\/figure>\n\n\n\n<p>Le co\u00fbt d\u2019installation d\u2019une borne de recharge reste encore fort restrictif \u00e9galement, il faut compter environ 5000 euros. En Belgique, une borne certifi\u00e9e existe chez <a href=\"https:\/\/wallbox.com\/fr_be\/quasar-2-cargeur-vehicule-electrique-bidirectionnel\" target=\"_blank\" rel=\"noreferrer noopener\">Wallbox<\/a>.<\/p>\n\n\n\n<p>Au niveau des normes europ\u00e9ennes, il y a encore une trop forte absence de r\u00e9gulation pour harmoniser le d\u00e9veloppement et l\u2019utilisation des batteries \u00e0 charge bidirectionnelle ainsi que les bornes n\u00e9cessaires. Le manque de r\u00e9glementation n\u2019aide donc pas \u00e0 l\u2019acc\u00e9l\u00e9ration du d\u00e9ploiement de cette technologie.<\/p>\n\n\n\n<p>Bien entendu, le r\u00eave de la pompe \u00e0 domicile devra s\u2019accompagner d\u2019une gestion accrue de l\u2019\u00e9nergie solaire. A ce titre, diff\u00e9rents fabricants d\u2019onduleurs annoncent des bornes de recharges bidirectionnelles, qui optimisent la production des installations solaires, le premier devrait-\u00eatre <a href=\"https:\/\/www.youtube.com\/watch?v=79DtJAd-PRk\" target=\"_blank\" rel=\"noreferrer noopener\">Solaredge<\/a> dont la borne devrait \u00eatre disponible \u00e0 la mi-mai 2024.<\/p>\n\n\n\n<p>Bien qu\u2019il y ait eu d\u00e9j\u00e0 <a href=\"https:\/\/bx1.be\/categories\/news\/la-premiere-borne-de-recharge-bidirectionnelle-de-belgique-installee-dans-une-maison-a-wemmel\/\" target=\"_blank\" rel=\"noreferrer noopener\">une premi\u00e8re installation<\/a> d\u2019un syst\u00e8me de charge bidirectionnelle en Belgique, ici, l\u2019exception ne fait malheureusement pas encore la r\u00e8gle.<\/p>\n\n\n\n<h2 class=\"wp-block-heading\"><strong>Vers une acc\u00e9l\u00e9ration du chargement bidirectionnel<\/strong><\/h2>\n\n\n\n<p>Alors oui, expliqu\u00e9 comme \u00e7a, tout cela semble un peu compliqu\u00e9 \u00e0 d\u00e9velopper. Pourtant, l\u2019autoconsommation gagnerait \u00e0 voir le chargement bidirectionnel se d\u00e9mocratiser. Grace \u00e0 sa flexibilit\u00e9, la possibilit\u00e9 d\u2019injecter son \u00ab\u00a0trop plein\u00a0\u00bb d\u2019\u00e9nergie dans le r\u00e9seau, aux heures de pointes, permettra d\u2019\u00e9viter les trop grands d\u00e9s\u00e9quilibres dans la production et la consommation d\u2019\u00e9lectricit\u00e9 renouvelable. N\u2019oublions pas que le chargement de nuit, \u00e0 un moment de moindre sollicitation, et pour une utilisation ult\u00e9rieure, \u00e9vitera de participer \u00e0 la forte demande en journ\u00e9e (tout d\u00e9pendant de l\u2019offre bien s\u00fbr).<\/p>\n\n\n\n<p>Les v\u00e9hicules \u00e9lectriques bidirectionnels seraient, en tout cas, plus rentables qu\u2019une <a href=\"https:\/\/www.renouvelle.be\/fr\/la-batterie-un-systeme-rentable-7-mythes-qui-nous-vendent-du-reve\/\" target=\"_blank\" rel=\"noreferrer noopener\">batterie de stockage domestique<\/a> puisqu&rsquo;on aurait non seulement un v\u00e9hicule mais \u00e9galement une batterie mobile.<\/p>\n\n\n\n<p>Il ne reste plus qu\u2019\u00e0 attendre (pas trop, on esp\u00e8re) une acc\u00e9l\u00e9ration pour populariser et rendre accessible le chargement bidirectionnel.<\/p>\n","protected":false},"excerpt":{"rendered":"<p>Et avec un engouement de plus en plus fort pour le photovolta\u00efque, c\u2019est un changement qui s\u2019op\u00e8re dans les habitudes de consommation des citoyens, peut-\u00eatre futurs prosumers. Entre autoproduction et autoconsommation, ils r\u00e9apprennent \u00e0 consommer l\u2019\u00e9nergie autrement. Pourquoi ne pas essayer d&rsquo;optimiser encore plus sa consommation d&rsquo;\u00e9nergie gr\u00e2ce au chargement bidirectionnel ? Les v\u00e9hicules \u00e9lectriques&nbsp;: bidirectionnels ou rien&nbsp;! M\u00eame si elles restent encore marginales, le parc des voitures \u00e9lectriques en Belgique a tripl\u00e9 au cours des trois derni\u00e8res ann\u00e9es (voir graphique ci-dessous). Les mod\u00e8les sont nombreux et permettent, aux prosumers propri\u00e9taires de ce type de v\u00e9hicule, une optimisation de leur autoconsommation. Mais, pour l\u2019instant, la technologie ne va que dans un seul sens\u00a0: de votre logement \u00e0 votre voiture. C\u2019est l\u00e0 que le petit nouveau d\u00e9barque&nbsp;: le chargement bidirectionnel. Bien qu\u2019encore tr\u00e8s discret, ce concept technologique peut se r\u00e9sumer de la fa\u00e7on suivante&nbsp;: un chargement \u00e0 double sens, d\u2019un v\u00e9hicule \u00e9lectrique \u00e0 votre habitation et vice versa. Via une borne sp\u00e9ciale de recharge, \u00e0 installer devant chez soi, il permet plusieurs types de d\u00e9charge\/recharge comme&nbsp;: Le V2G (Vehicle to Grid) o\u00f9 l\u2019\u00e9lectricit\u00e9 exc\u00e9dentaire de la batterie du v\u00e9hicule est inject\u00e9e dans le r\u00e9seau. Ces v\u00e9hicules \u00e9lectriques permettraient un r\u00e9\u00e9quilibrage de l\u2019offre et de la demande. En effet, en stationnement, la majorit\u00e9 du temps, ils pourraient d\u00e9saturer le r\u00e9seau en se rechargeant au moment des pics de production, \u00e9vitant ainsi un risque de surtension du r\u00e9seau. Sorte de batteries mobiles, elles injecteraient aussi leur stock, dans le r\u00e9seau, aux heures de pointe lorsque la demande est plus forte. Le V2H (Vehicle to Home), quant \u00e0 lui, fournit l\u2019\u00e9nergie stock\u00e9e \u00e0 votre r\u00e9seau domestique, autrement dit\u00a0: de votre v\u00e9hicule \u00e0 votre habitation. C\u2019est donc un r\u00e9el atout pour l\u2019autosuffisance renouvelable. L\u2019\u00e9nergie non &hellip; <a href=\"https:\/\/www.renouvelle.be\/fr\/le-chargement-bidirectionnel-pour-en-finir-avec-le-sens-unique\/\" class=\"more-link\">Continue reading<span class=\"screen-reader-text\"> \u00ab\u00a0Le chargement bidirectionnel pour en finir avec le sens unique\u00a0\u00bb<\/span><\/a><\/p>\n","protected":false},"author":38,"featured_media":11378,"comment_status":"closed","ping_status":"closed","sticky":false,"template":"","format":"standard","meta":{"_acf_changed":false,"footnotes":""},"categories":[20],"tags":[],"section":[8],"class_list":["post-11376","post","type-post","status-publish","format-standard","has-post-thumbnail","hentry","category-technologies","section-energie-renouvelables"],"acf":[],"yoast_head":"<!-- This site is optimized with the Yoast SEO plugin v27.5 - https:\/\/yoast.com\/product\/yoast-seo-wordpress\/ -->\n<title>Le chargement bidirectionnel pour en finir avec le sens unique - Renouvelle<\/title>\n<meta name=\"description\" content=\"Connaissez-vous le chargement bidirectionnel ? C&#039;est un syst\u00e8me de charge\/d\u00e9charge d&#039;un v\u00e9hicule \u00e9lectrique \u00e0 une habitation. Et vice versa !\" \/>\n<meta name=\"robots\" content=\"index, follow, max-snippet:-1, max-image-preview:large, max-video-preview:-1\" \/>\n<link rel=\"canonical\" href=\"https:\/\/www.renouvelle.be\/fr\/le-chargement-bidirectionnel-pour-en-finir-avec-le-sens-unique\/\" \/>\n<meta property=\"og:locale\" content=\"fr_FR\" \/>\n<meta property=\"og:type\" content=\"article\" \/>\n<meta property=\"og:title\" content=\"Le chargement bidirectionnel pour en finir avec le sens unique - Renouvelle\" \/>\n<meta property=\"og:description\" content=\"Connaissez-vous le chargement bidirectionnel ? C&#039;est un syst\u00e8me de charge\/d\u00e9charge d&#039;un v\u00e9hicule \u00e9lectrique \u00e0 une habitation. Et vice versa !\" \/>\n<meta property=\"og:url\" content=\"https:\/\/www.renouvelle.be\/fr\/le-chargement-bidirectionnel-pour-en-finir-avec-le-sens-unique\/\" \/>\n<meta property=\"og:site_name\" content=\"Renouvelle\" \/>\n<meta property=\"article:published_time\" content=\"2023-12-19T09:29:54+00:00\" \/>\n<meta property=\"article:modified_time\" content=\"2023-12-19T09:30:02+00:00\" \/>\n<meta property=\"og:image\" content=\"https:\/\/www.renouvelle.be\/wp-content\/uploads\/2023\/12\/iStock-1302486070-1024x518.jpg\" \/>\n\t<meta property=\"og:image:width\" content=\"1024\" \/>\n\t<meta property=\"og:image:height\" content=\"518\" \/>\n\t<meta property=\"og:image:type\" content=\"image\/jpeg\" \/>\n<meta name=\"author\" content=\"Samuel Alves\" \/>\n<meta name=\"twitter:card\" content=\"summary_large_image\" \/>\n<script type=\"application\/ld+json\" class=\"yoast-schema-graph\">{\"@context\":\"https:\\\/\\\/schema.org\",\"@graph\":[{\"@type\":\"Article\",\"@id\":\"https:\\\/\\\/www.renouvelle.be\\\/fr\\\/le-chargement-bidirectionnel-pour-en-finir-avec-le-sens-unique\\\/#article\",\"isPartOf\":{\"@id\":\"https:\\\/\\\/www.renouvelle.be\\\/fr\\\/le-chargement-bidirectionnel-pour-en-finir-avec-le-sens-unique\\\/\"},\"author\":{\"name\":\"Samuel Alves\",\"@id\":\"https:\\\/\\\/www.renouvelle.be\\\/fr\\\/#\\\/schema\\\/person\\\/9d743366fb269eeceaa8d60e98d289d3\"},\"headline\":\"Le chargement bidirectionnel pour en finir avec le sens unique\",\"datePublished\":\"2023-12-19T09:29:54+00:00\",\"dateModified\":\"2023-12-19T09:30:02+00:00\",\"mainEntityOfPage\":{\"@id\":\"https:\\\/\\\/www.renouvelle.be\\\/fr\\\/le-chargement-bidirectionnel-pour-en-finir-avec-le-sens-unique\\\/\"},\"wordCount\":913,\"image\":{\"@id\":\"https:\\\/\\\/www.renouvelle.be\\\/fr\\\/le-chargement-bidirectionnel-pour-en-finir-avec-le-sens-unique\\\/#primaryimage\"},\"thumbnailUrl\":\"https:\\\/\\\/www.renouvelle.be\\\/wp-content\\\/uploads\\\/2023\\\/12\\\/iStock-1302486070.jpg\",\"articleSection\":[\"Technologies\"],\"inLanguage\":\"fr-FR\"},{\"@type\":\"WebPage\",\"@id\":\"https:\\\/\\\/www.renouvelle.be\\\/fr\\\/le-chargement-bidirectionnel-pour-en-finir-avec-le-sens-unique\\\/\",\"url\":\"https:\\\/\\\/www.renouvelle.be\\\/fr\\\/le-chargement-bidirectionnel-pour-en-finir-avec-le-sens-unique\\\/\",\"name\":\"Le chargement bidirectionnel pour en finir avec le sens unique - Renouvelle\",\"isPartOf\":{\"@id\":\"https:\\\/\\\/www.renouvelle.be\\\/fr\\\/#website\"},\"primaryImageOfPage\":{\"@id\":\"https:\\\/\\\/www.renouvelle.be\\\/fr\\\/le-chargement-bidirectionnel-pour-en-finir-avec-le-sens-unique\\\/#primaryimage\"},\"image\":{\"@id\":\"https:\\\/\\\/www.renouvelle.be\\\/fr\\\/le-chargement-bidirectionnel-pour-en-finir-avec-le-sens-unique\\\/#primaryimage\"},\"thumbnailUrl\":\"https:\\\/\\\/www.renouvelle.be\\\/wp-content\\\/uploads\\\/2023\\\/12\\\/iStock-1302486070.jpg\",\"datePublished\":\"2023-12-19T09:29:54+00:00\",\"dateModified\":\"2023-12-19T09:30:02+00:00\",\"author\":{\"@id\":\"https:\\\/\\\/www.renouvelle.be\\\/fr\\\/#\\\/schema\\\/person\\\/9d743366fb269eeceaa8d60e98d289d3\"},\"description\":\"Connaissez-vous le chargement bidirectionnel ? C'est un syst\u00e8me de charge\\\/d\u00e9charge d'un v\u00e9hicule \u00e9lectrique \u00e0 une habitation. Et vice versa !\",\"breadcrumb\":{\"@id\":\"https:\\\/\\\/www.renouvelle.be\\\/fr\\\/le-chargement-bidirectionnel-pour-en-finir-avec-le-sens-unique\\\/#breadcrumb\"},\"inLanguage\":\"fr-FR\",\"potentialAction\":[{\"@type\":\"ReadAction\",\"target\":[\"https:\\\/\\\/www.renouvelle.be\\\/fr\\\/le-chargement-bidirectionnel-pour-en-finir-avec-le-sens-unique\\\/\"]}]},{\"@type\":\"ImageObject\",\"inLanguage\":\"fr-FR\",\"@id\":\"https:\\\/\\\/www.renouvelle.be\\\/fr\\\/le-chargement-bidirectionnel-pour-en-finir-avec-le-sens-unique\\\/#primaryimage\",\"url\":\"https:\\\/\\\/www.renouvelle.be\\\/wp-content\\\/uploads\\\/2023\\\/12\\\/iStock-1302486070.jpg\",\"contentUrl\":\"https:\\\/\\\/www.renouvelle.be\\\/wp-content\\\/uploads\\\/2023\\\/12\\\/iStock-1302486070.jpg\",\"width\":2434,\"height\":1232,\"caption\":\"chargement bidirectionnel avec v\u00e9hicule \u00e9lectrique\"},{\"@type\":\"BreadcrumbList\",\"@id\":\"https:\\\/\\\/www.renouvelle.be\\\/fr\\\/le-chargement-bidirectionnel-pour-en-finir-avec-le-sens-unique\\\/#breadcrumb\",\"itemListElement\":[{\"@type\":\"ListItem\",\"position\":1,\"name\":\"Accueil\",\"item\":\"https:\\\/\\\/www.renouvelle.be\\\/fr\\\/\"},{\"@type\":\"ListItem\",\"position\":2,\"name\":\"Le chargement bidirectionnel pour en finir avec le sens unique\"}]},{\"@type\":\"WebSite\",\"@id\":\"https:\\\/\\\/www.renouvelle.be\\\/fr\\\/#website\",\"url\":\"https:\\\/\\\/www.renouvelle.be\\\/fr\\\/\",\"name\":\"Renouvelle\",\"description\":\"L&#039;actualit\u00e9 de l&#039;\u00e9nergie durable\",\"potentialAction\":[{\"@type\":\"SearchAction\",\"target\":{\"@type\":\"EntryPoint\",\"urlTemplate\":\"https:\\\/\\\/www.renouvelle.be\\\/fr\\\/?s={search_term_string}\"},\"query-input\":{\"@type\":\"PropertyValueSpecification\",\"valueRequired\":true,\"valueName\":\"search_term_string\"}}],\"inLanguage\":\"fr-FR\"},{\"@type\":\"Person\",\"@id\":\"https:\\\/\\\/www.renouvelle.be\\\/fr\\\/#\\\/schema\\\/person\\\/9d743366fb269eeceaa8d60e98d289d3\",\"name\":\"Samuel Alves\",\"url\":\"https:\\\/\\\/www.renouvelle.be\\\/fr\\\/author\\\/salves\\\/\"}]}<\/script>\n<!-- \/ Yoast SEO plugin. -->","yoast_head_json":{"title":"Le chargement bidirectionnel pour en finir avec le sens unique - Renouvelle","description":"Connaissez-vous le chargement bidirectionnel ? C'est un syst\u00e8me de charge\/d\u00e9charge d'un v\u00e9hicule \u00e9lectrique \u00e0 une habitation. Et vice versa !","robots":{"index":"index","follow":"follow","max-snippet":"max-snippet:-1","max-image-preview":"max-image-preview:large","max-video-preview":"max-video-preview:-1"},"canonical":"https:\/\/www.renouvelle.be\/fr\/le-chargement-bidirectionnel-pour-en-finir-avec-le-sens-unique\/","og_locale":"fr_FR","og_type":"article","og_title":"Le chargement bidirectionnel pour en finir avec le sens unique - Renouvelle","og_description":"Connaissez-vous le chargement bidirectionnel ? C'est un syst\u00e8me de charge\/d\u00e9charge d'un v\u00e9hicule \u00e9lectrique \u00e0 une habitation. Et vice versa !","og_url":"https:\/\/www.renouvelle.be\/fr\/le-chargement-bidirectionnel-pour-en-finir-avec-le-sens-unique\/","og_site_name":"Renouvelle","article_published_time":"2023-12-19T09:29:54+00:00","article_modified_time":"2023-12-19T09:30:02+00:00","og_image":[{"width":1024,"height":518,"url":"https:\/\/www.renouvelle.be\/wp-content\/uploads\/2023\/12\/iStock-1302486070-1024x518.jpg","type":"image\/jpeg"}],"author":"Samuel Alves","twitter_card":"summary_large_image","schema":{"@context":"https:\/\/schema.org","@graph":[{"@type":"Article","@id":"https:\/\/www.renouvelle.be\/fr\/le-chargement-bidirectionnel-pour-en-finir-avec-le-sens-unique\/#article","isPartOf":{"@id":"https:\/\/www.renouvelle.be\/fr\/le-chargement-bidirectionnel-pour-en-finir-avec-le-sens-unique\/"},"author":{"name":"Samuel Alves","@id":"https:\/\/www.renouvelle.be\/fr\/#\/schema\/person\/9d743366fb269eeceaa8d60e98d289d3"},"headline":"Le chargement bidirectionnel pour en finir avec le sens unique","datePublished":"2023-12-19T09:29:54+00:00","dateModified":"2023-12-19T09:30:02+00:00","mainEntityOfPage":{"@id":"https:\/\/www.renouvelle.be\/fr\/le-chargement-bidirectionnel-pour-en-finir-avec-le-sens-unique\/"},"wordCount":913,"image":{"@id":"https:\/\/www.renouvelle.be\/fr\/le-chargement-bidirectionnel-pour-en-finir-avec-le-sens-unique\/#primaryimage"},"thumbnailUrl":"https:\/\/www.renouvelle.be\/wp-content\/uploads\/2023\/12\/iStock-1302486070.jpg","articleSection":["Technologies"],"inLanguage":"fr-FR"},{"@type":"WebPage","@id":"https:\/\/www.renouvelle.be\/fr\/le-chargement-bidirectionnel-pour-en-finir-avec-le-sens-unique\/","url":"https:\/\/www.renouvelle.be\/fr\/le-chargement-bidirectionnel-pour-en-finir-avec-le-sens-unique\/","name":"Le chargement bidirectionnel pour en finir avec le sens unique - Renouvelle","isPartOf":{"@id":"https:\/\/www.renouvelle.be\/fr\/#website"},"primaryImageOfPage":{"@id":"https:\/\/www.renouvelle.be\/fr\/le-chargement-bidirectionnel-pour-en-finir-avec-le-sens-unique\/#primaryimage"},"image":{"@id":"https:\/\/www.renouvelle.be\/fr\/le-chargement-bidirectionnel-pour-en-finir-avec-le-sens-unique\/#primaryimage"},"thumbnailUrl":"https:\/\/www.renouvelle.be\/wp-content\/uploads\/2023\/12\/iStock-1302486070.jpg","datePublished":"2023-12-19T09:29:54+00:00","dateModified":"2023-12-19T09:30:02+00:00","author":{"@id":"https:\/\/www.renouvelle.be\/fr\/#\/schema\/person\/9d743366fb269eeceaa8d60e98d289d3"},"description":"Connaissez-vous le chargement bidirectionnel ? C'est un syst\u00e8me de charge\/d\u00e9charge d'un v\u00e9hicule \u00e9lectrique \u00e0 une habitation. Et vice versa !","breadcrumb":{"@id":"https:\/\/www.renouvelle.be\/fr\/le-chargement-bidirectionnel-pour-en-finir-avec-le-sens-unique\/#breadcrumb"},"inLanguage":"fr-FR","potentialAction":[{"@type":"ReadAction","target":["https:\/\/www.renouvelle.be\/fr\/le-chargement-bidirectionnel-pour-en-finir-avec-le-sens-unique\/"]}]},{"@type":"ImageObject","inLanguage":"fr-FR","@id":"https:\/\/www.renouvelle.be\/fr\/le-chargement-bidirectionnel-pour-en-finir-avec-le-sens-unique\/#primaryimage","url":"https:\/\/www.renouvelle.be\/wp-content\/uploads\/2023\/12\/iStock-1302486070.jpg","contentUrl":"https:\/\/www.renouvelle.be\/wp-content\/uploads\/2023\/12\/iStock-1302486070.jpg","width":2434,"height":1232,"caption":"chargement bidirectionnel avec v\u00e9hicule \u00e9lectrique"},{"@type":"BreadcrumbList","@id":"https:\/\/www.renouvelle.be\/fr\/le-chargement-bidirectionnel-pour-en-finir-avec-le-sens-unique\/#breadcrumb","itemListElement":[{"@type":"ListItem","position":1,"name":"Accueil","item":"https:\/\/www.renouvelle.be\/fr\/"},{"@type":"ListItem","position":2,"name":"Le chargement bidirectionnel pour en finir avec le sens unique"}]},{"@type":"WebSite","@id":"https:\/\/www.renouvelle.be\/fr\/#website","url":"https:\/\/www.renouvelle.be\/fr\/","name":"Renouvelle","description":"L&#039;actualit\u00e9 de l&#039;\u00e9nergie durable","potentialAction":[{"@type":"SearchAction","target":{"@type":"EntryPoint","urlTemplate":"https:\/\/www.renouvelle.be\/fr\/?s={search_term_string}"},"query-input":{"@type":"PropertyValueSpecification","valueRequired":true,"valueName":"search_term_string"}}],"inLanguage":"fr-FR"},{"@type":"Person","@id":"https:\/\/www.renouvelle.be\/fr\/#\/schema\/person\/9d743366fb269eeceaa8d60e98d289d3","name":"Samuel Alves","url":"https:\/\/www.renouvelle.be\/fr\/author\/salves\/"}]}},"_links":{"self":[{"href":"https:\/\/www.renouvelle.be\/fr\/wp-json\/wp\/v2\/posts\/11376","targetHints":{"allow":["GET"]}}],"collection":[{"href":"https:\/\/www.renouvelle.be\/fr\/wp-json\/wp\/v2\/posts"}],"about":[{"href":"https:\/\/www.renouvelle.be\/fr\/wp-json\/wp\/v2\/types\/post"}],"author":[{"embeddable":true,"href":"https:\/\/www.renouvelle.be\/fr\/wp-json\/wp\/v2\/users\/38"}],"replies":[{"embeddable":true,"href":"https:\/\/www.renouvelle.be\/fr\/wp-json\/wp\/v2\/comments?post=11376"}],"version-history":[{"count":31,"href":"https:\/\/www.renouvelle.be\/fr\/wp-json\/wp\/v2\/posts\/11376\/revisions"}],"predecessor-version":[{"id":11415,"href":"https:\/\/www.renouvelle.be\/fr\/wp-json\/wp\/v2\/posts\/11376\/revisions\/11415"}],"wp:featuredmedia":[{"embeddable":true,"href":"https:\/\/www.renouvelle.be\/fr\/wp-json\/wp\/v2\/media\/11378"}],"wp:attachment":[{"href":"https:\/\/www.renouvelle.be\/fr\/wp-json\/wp\/v2\/media?parent=11376"}],"wp:term":[{"taxonomy":"category","embeddable":true,"href":"https:\/\/www.renouvelle.be\/fr\/wp-json\/wp\/v2\/categories?post=11376"},{"taxonomy":"post_tag","embeddable":true,"href":"https:\/\/www.renouvelle.be\/fr\/wp-json\/wp\/v2\/tags?post=11376"},{"taxonomy":"section","embeddable":true,"href":"https:\/\/www.renouvelle.be\/fr\/wp-json\/wp\/v2\/section?post=11376"}],"curies":[{"name":"wp","href":"https:\/\/api.w.org\/{rel}","templated":true}]}}