{"id":11365,"date":"2023-12-21T12:11:18","date_gmt":"2023-12-21T11:11:18","guid":{"rendered":"https:\/\/www.renouvelle.be\/?p=11365"},"modified":"2023-12-21T12:21:07","modified_gmt":"2023-12-21T11:21:07","slug":"voyage-au-coeur-de-nos-energies-renouvelables","status":"publish","type":"post","link":"https:\/\/www.renouvelle.be\/fr\/voyage-au-coeur-de-nos-energies-renouvelables\/","title":{"rendered":"Voyage au c\u0153ur de nos \u00e9nergies renouvelables"},"content":{"rendered":"\n<p><\/p>\n\n\n<div class=\"wp-block-image\">\n<figure data-wp-context=\"{&quot;imageId&quot;:&quot;69f20f51b9554&quot;}\" data-wp-interactive=\"core\/image\" data-wp-key=\"69f20f51b9554\" class=\"alignright size-full is-resized wp-lightbox-container\"><img loading=\"lazy\" decoding=\"async\" width=\"605\" height=\"572\" data-wp-class--hide=\"state.isContentHidden\" data-wp-class--show=\"state.isContentVisible\" data-wp-init=\"callbacks.setButtonStyles\" data-wp-on--click=\"actions.showLightbox\" data-wp-on--load=\"callbacks.setButtonStyles\" data-wp-on-window--resize=\"callbacks.setButtonStyles\" src=\"https:\/\/www.renouvelle.be\/wp-content\/uploads\/2023\/12\/Image1-1.jpg\" alt=\"\" class=\"wp-image-11429\" style=\"width:286px;height:auto\" srcset=\"https:\/\/www.renouvelle.be\/wp-content\/uploads\/2023\/12\/Image1-1.jpg 605w, https:\/\/www.renouvelle.be\/wp-content\/uploads\/2023\/12\/Image1-1-300x284.jpg 300w\" sizes=\"auto, (max-width: 605px) 100vw, 605px\" \/><button\n\t\t\tclass=\"lightbox-trigger\"\n\t\t\ttype=\"button\"\n\t\t\taria-haspopup=\"dialog\"\n\t\t\taria-label=\"Agrandir\"\n\t\t\tdata-wp-init=\"callbacks.initTriggerButton\"\n\t\t\tdata-wp-on--click=\"actions.showLightbox\"\n\t\t\tdata-wp-style--right=\"state.imageButtonRight\"\n\t\t\tdata-wp-style--top=\"state.imageButtonTop\"\n\t\t>\n\t\t\t<svg xmlns=\"http:\/\/www.w3.org\/2000\/svg\" width=\"12\" height=\"12\" fill=\"none\" viewBox=\"0 0 12 12\">\n\t\t\t\t<path fill=\"#fff\" d=\"M2 0a2 2 0 0 0-2 2v2h1.5V2a.5.5 0 0 1 .5-.5h2V0H2Zm2 10.5H2a.5.5 0 0 1-.5-.5V8H0v2a2 2 0 0 0 2 2h2v-1.5ZM8 12v-1.5h2a.5.5 0 0 0 .5-.5V8H12v2a2 2 0 0 1-2 2H8Zm2-12a2 2 0 0 1 2 2v2h-1.5V2a.5.5 0 0 0-.5-.5H8V0h2Z\" \/>\n\t\t\t<\/svg>\n\t\t<\/button><\/figure>\n<\/div>\n\n\n<p><a href=\"https:\/\/www.renouvelle.be\/fr\/la-transition-energetique-se-creuse-la-tete-sur-ses-materiaux\/\">L\u2019introduction de notre s\u00e9rie sur les mat\u00e9riaux de la transition<\/a>, vous avait laiss\u00e9 sur un constat&nbsp;: malgr\u00e9 l\u2019impr\u00e9visibilit\u00e9 de l\u2019\u00e9volution de la demande future et les variations entre les \u00e9tudes, tout semble converger vers une augmentation de l\u2019extraction des m\u00e9taux pour r\u00e9pondre aux besoins croissants li\u00e9s \u00e0 la transition \u00e9nerg\u00e9tique.<\/p>\n\n\n\n<p>Nos trois technologies phares de la transition \u00e9nerg\u00e9tique, repr\u00e9sent\u00e9es dans les trois derni\u00e8res colonnes du graphique ci-contre, sont compos\u00e9es d\u2019une vari\u00e9t\u00e9 de mat\u00e9riaux, les plus connus \u00e9tant le cuivre, le nickel, le cobalt et le lithium en raison de leurs propri\u00e9t\u00e9s. Zoomons maintenant sur chacune d\u2019entre elles pour en conna\u00eetre les quantit\u00e9s et proportions.<\/p>\n\n\n\n<h2 class=\"wp-block-heading\"><strong>Les panneaux photovolta\u00efques<\/strong><\/h2>\n\n\n<div class=\"wp-block-image\">\n<figure data-wp-context=\"{&quot;imageId&quot;:&quot;69f20f51b9bec&quot;}\" data-wp-interactive=\"core\/image\" data-wp-key=\"69f20f51b9bec\" class=\"alignleft size-full is-resized wp-lightbox-container\"><img loading=\"lazy\" decoding=\"async\" width=\"531\" height=\"449\" data-wp-class--hide=\"state.isContentHidden\" data-wp-class--show=\"state.isContentVisible\" data-wp-init=\"callbacks.setButtonStyles\" data-wp-on--click=\"actions.showLightbox\" data-wp-on--load=\"callbacks.setButtonStyles\" data-wp-on-window--resize=\"callbacks.setButtonStyles\" src=\"https:\/\/www.renouvelle.be\/wp-content\/uploads\/2023\/12\/Image2-1.jpg\" alt=\"\" class=\"wp-image-11442\" style=\"width:211px;height:auto\" srcset=\"https:\/\/www.renouvelle.be\/wp-content\/uploads\/2023\/12\/Image2-1.jpg 531w, https:\/\/www.renouvelle.be\/wp-content\/uploads\/2023\/12\/Image2-1-300x254.jpg 300w\" sizes=\"auto, (max-width: 531px) 100vw, 531px\" \/><button\n\t\t\tclass=\"lightbox-trigger\"\n\t\t\ttype=\"button\"\n\t\t\taria-haspopup=\"dialog\"\n\t\t\taria-label=\"Agrandir\"\n\t\t\tdata-wp-init=\"callbacks.initTriggerButton\"\n\t\t\tdata-wp-on--click=\"actions.showLightbox\"\n\t\t\tdata-wp-style--right=\"state.imageButtonRight\"\n\t\t\tdata-wp-style--top=\"state.imageButtonTop\"\n\t\t>\n\t\t\t<svg xmlns=\"http:\/\/www.w3.org\/2000\/svg\" width=\"12\" height=\"12\" fill=\"none\" viewBox=\"0 0 12 12\">\n\t\t\t\t<path fill=\"#fff\" d=\"M2 0a2 2 0 0 0-2 2v2h1.5V2a.5.5 0 0 1 .5-.5h2V0H2Zm2 10.5H2a.5.5 0 0 1-.5-.5V8H0v2a2 2 0 0 0 2 2h2v-1.5ZM8 12v-1.5h2a.5.5 0 0 0 .5-.5V8H12v2a2 2 0 0 1-2 2H8Zm2-12a2 2 0 0 1 2 2v2h-1.5V2a.5.5 0 0 0-.5-.5H8V0h2Z\" \/>\n\t\t\t<\/svg>\n\t\t<\/button><\/figure>\n<\/div>\n\n\n<p>Un panneau requiert des \u00e9l\u00e9ments tels que du silicium et du cuivre pour leurs propri\u00e9t\u00e9s fonctionnels&nbsp;\u00e0 la conversion d\u2019\u00e9nergie. Cependant, ceux-ci ne repr\u00e9sentent, ensemble, que quelques pourcents de la masse totale. Un panneau contient surtout des mat\u00e9riaux de structure li\u00e9s au module (aluminium, verre, plastique, etc.) et \u00e0 l\u2019installation (acier, b\u00e9ton rarement utilis\u00e9 pour les installations en toiture, etc.) qui repr\u00e9sentent plus de 80% de la masse totale. &nbsp;<\/p>\n\n\n\n<p>Par ailleurs, le silicium n\u2019est pas exactement un minerai rare et sa quantit\u00e9 n\u00e9cessaire, par watt de cellule PV, ne cesse de diminuer&nbsp;: 16 grammes en 2004, et moins de 4 grammes aujourd\u2019hui (idem pour l\u2019argent).<\/p>\n\n\n\n<h2 class=\"wp-block-heading\"><strong>Les \u00e9oliennes<\/strong><\/h2>\n\n\n\n<p>Contenant des mat\u00e9riaux comme du cuivre et du zinc, la grande majorit\u00e9 de leur poids provient du b\u00e9ton, de l\u2019acier et du fer, tout comme les panneaux photovolta\u00efques. Le ciment utilis\u00e9 pour les fondations des \u00e9oliennes fait souvent d\u00e9bat. Sans minimiser son impact, il convient aussi de mettre cela en perspective car, en Wallonie, ce ciment ne repr\u00e9sente que 0,05% de la production de celui-ci. En consid\u00e9rant 1000 tonnes de b\u00e9ton pour une \u00e9olienne de 4MW, 500 \u00e9oliennes en Wallonie en 18 ans et que 12% de la masse du b\u00e9ton est du ciment, on obtient 3333 tonnes de ciment par an, soit 0,05% du volume de ciment consomm\u00e9 en Belgique annuellement (7.340.000 tonnes en 2021, selon Febelcem, la f\u00e9d\u00e9ration de ciment belge).<\/p>\n\n\n\n<figure class=\"wp-block-gallery has-nested-images columns-default is-cropped wp-block-gallery-1 is-layout-flex wp-block-gallery-is-layout-flex\">\n<figure data-wp-context=\"{&quot;imageId&quot;:&quot;69f20f51ba1ee&quot;}\" data-wp-interactive=\"core\/image\" data-wp-key=\"69f20f51ba1ee\" class=\"wp-block-image size-large wp-lightbox-container\"><img loading=\"lazy\" decoding=\"async\" width=\"591\" height=\"246\" data-wp-class--hide=\"state.isContentHidden\" data-wp-class--show=\"state.isContentVisible\" data-wp-init=\"callbacks.setButtonStyles\" data-wp-on--click=\"actions.showLightbox\" data-wp-on--load=\"callbacks.setButtonStyles\" data-wp-on-window--resize=\"callbacks.setButtonStyles\" data-id=\"11451\" src=\"https:\/\/www.renouvelle.be\/wp-content\/uploads\/2023\/12\/Image3-1.jpg\" alt=\"\" class=\"wp-image-11451\" srcset=\"https:\/\/www.renouvelle.be\/wp-content\/uploads\/2023\/12\/Image3-1.jpg 591w, https:\/\/www.renouvelle.be\/wp-content\/uploads\/2023\/12\/Image3-1-300x125.jpg 300w\" sizes=\"auto, (max-width: 591px) 100vw, 591px\" \/><button\n\t\t\tclass=\"lightbox-trigger\"\n\t\t\ttype=\"button\"\n\t\t\taria-haspopup=\"dialog\"\n\t\t\taria-label=\"Agrandir\"\n\t\t\tdata-wp-init=\"callbacks.initTriggerButton\"\n\t\t\tdata-wp-on--click=\"actions.showLightbox\"\n\t\t\tdata-wp-style--right=\"state.imageButtonRight\"\n\t\t\tdata-wp-style--top=\"state.imageButtonTop\"\n\t\t>\n\t\t\t<svg xmlns=\"http:\/\/www.w3.org\/2000\/svg\" width=\"12\" height=\"12\" fill=\"none\" viewBox=\"0 0 12 12\">\n\t\t\t\t<path fill=\"#fff\" d=\"M2 0a2 2 0 0 0-2 2v2h1.5V2a.5.5 0 0 1 .5-.5h2V0H2Zm2 10.5H2a.5.5 0 0 1-.5-.5V8H0v2a2 2 0 0 0 2 2h2v-1.5ZM8 12v-1.5h2a.5.5 0 0 0 .5-.5V8H12v2a2 2 0 0 1-2 2H8Zm2-12a2 2 0 0 1 2 2v2h-1.5V2a.5.5 0 0 0-.5-.5H8V0h2Z\" \/>\n\t\t\t<\/svg>\n\t\t<\/button><\/figure>\n\n\n\n<figure data-wp-context=\"{&quot;imageId&quot;:&quot;69f20f51ba6af&quot;}\" data-wp-interactive=\"core\/image\" data-wp-key=\"69f20f51ba6af\" class=\"wp-block-image size-large wp-lightbox-container\"><img loading=\"lazy\" decoding=\"async\" width=\"615\" height=\"252\" data-wp-class--hide=\"state.isContentHidden\" data-wp-class--show=\"state.isContentVisible\" data-wp-init=\"callbacks.setButtonStyles\" data-wp-on--click=\"actions.showLightbox\" data-wp-on--load=\"callbacks.setButtonStyles\" data-wp-on-window--resize=\"callbacks.setButtonStyles\" data-id=\"11477\" src=\"https:\/\/www.renouvelle.be\/wp-content\/uploads\/2023\/12\/Image4-2.jpg\" alt=\"\" class=\"wp-image-11477\" srcset=\"https:\/\/www.renouvelle.be\/wp-content\/uploads\/2023\/12\/Image4-2.jpg 615w, https:\/\/www.renouvelle.be\/wp-content\/uploads\/2023\/12\/Image4-2-300x123.jpg 300w\" sizes=\"auto, (max-width: 615px) 100vw, 615px\" \/><button\n\t\t\tclass=\"lightbox-trigger\"\n\t\t\ttype=\"button\"\n\t\t\taria-haspopup=\"dialog\"\n\t\t\taria-label=\"Agrandir\"\n\t\t\tdata-wp-init=\"callbacks.initTriggerButton\"\n\t\t\tdata-wp-on--click=\"actions.showLightbox\"\n\t\t\tdata-wp-style--right=\"state.imageButtonRight\"\n\t\t\tdata-wp-style--top=\"state.imageButtonTop\"\n\t\t>\n\t\t\t<svg xmlns=\"http:\/\/www.w3.org\/2000\/svg\" width=\"12\" height=\"12\" fill=\"none\" viewBox=\"0 0 12 12\">\n\t\t\t\t<path fill=\"#fff\" d=\"M2 0a2 2 0 0 0-2 2v2h1.5V2a.5.5 0 0 1 .5-.5h2V0H2Zm2 10.5H2a.5.5 0 0 1-.5-.5V8H0v2a2 2 0 0 0 2 2h2v-1.5ZM8 12v-1.5h2a.5.5 0 0 0 .5-.5V8H12v2a2 2 0 0 1-2 2H8Zm2-12a2 2 0 0 1 2 2v2h-1.5V2a.5.5 0 0 0-.5-.5H8V0h2Z\" \/>\n\t\t\t<\/svg>\n\t\t<\/button><\/figure>\n<\/figure>\n\n\n\n<p>On entend souvent parler de terres rares dans les \u00e9oliennes. Il s\u2019agit de 17 \u00e9l\u00e9ments chimiquement r\u00e9actifs aux propri\u00e9t\u00e9s \u00e9lectromagn\u00e9tiques permettant un gain de performance pour les technologies les utilisant, comme les aimants des turbines d\u2019\u00e9oliennes. &nbsp;Mais l\u2019appellation \u00ab&nbsp;terres rares&nbsp;\u00bb est, ici, trompeuse car, g\u00e9ologiquement parlant, elles ne le sont pas dans la croute terrestre. Elle exprime, en r\u00e9alit\u00e9, la difficult\u00e9 \u00e9conomique de les exploiter et des cons\u00e9quences environnementales de leur extraction. Les diff\u00e9rentes \u00e9tapes sont tr\u00e8s polluantes et n\u00e9cessitent des quantit\u00e9s importantes d\u2019eau, \u00e0 traiter par la suite, pour \u00e9viter une pollution des sols et nappes phr\u00e9atiques. Notons que le secteur \u00e9olien cherche \u00e0 remplacer le n\u00e9odymium par du dysporisum, praseodymium et terbium. De la m\u00eame fa\u00e7on, la fabrication et l\u2019installation d\u2019une \u00e9olienne de 3,45MW requiert, par kWh d\u2019\u00e9lectricit\u00e9 produite, 15% de b\u00e9ton, 50% de cuivre, 50% de fibre de verre et 60% d\u2019aluminium de moins que les machines de 2MW mises en services il y a quelques ann\u00e9es.<\/p>\n\n\n\n<h2 class=\"wp-block-heading\"><strong>Les batteries des v\u00e9hicules \u00e9lectriques<\/strong><\/h2>\n\n\n\n<p>Enfin, attardons-nous sur les v\u00e9hicules \u00e9lectriques. N\u00e9cessitant un large \u00e9ventail de min\u00e9raux pour le moteur et la batterie, elles constituent le principal poste de consommation m\u00e9tallique de la transition (celle des PV et des \u00e9oliennes \u00e9tant n\u00e9gligeable), le march\u00e9 \u00e9tant actuellement domin\u00e9 par les batteries au lithium. Celles-ci exploitent les propri\u00e9t\u00e9s de divers min\u00e9raux pour alimenter les v\u00e9hicules \u00e9lectriques. Les plus populaires sont les batteries nickel-mangan\u00e8se-cobalt (NMC), nickel-cobalt-aluminium (NCA) et lithium-fer-phosphate (LFP).<\/p>\n\n\n\n<p>En termes de poids, les cellules d&rsquo;une batterie lithium-ion moyenne d&rsquo;une capacit\u00e9 de 60 kilowattheures (kWh) contiennent environ 185 kg de min\u00e9raux.<\/p>\n\n\n\n<div class=\"wp-block-group\"><div class=\"wp-block-group__inner-container is-layout-constrained wp-block-group-is-layout-constrained\">\n<figure class=\"wp-block-gallery has-nested-images columns-default is-cropped wp-block-gallery-2 is-layout-flex wp-block-gallery-is-layout-flex\">\n<figure data-wp-context=\"{&quot;imageId&quot;:&quot;69f20f51bafcc&quot;}\" data-wp-interactive=\"core\/image\" data-wp-key=\"69f20f51bafcc\" class=\"wp-block-image size-full wp-lightbox-container\"><img loading=\"lazy\" decoding=\"async\" width=\"468\" height=\"489\" data-wp-class--hide=\"state.isContentHidden\" data-wp-class--show=\"state.isContentVisible\" data-wp-init=\"callbacks.setButtonStyles\" data-wp-on--click=\"actions.showLightbox\" data-wp-on--load=\"callbacks.setButtonStyles\" data-wp-on-window--resize=\"callbacks.setButtonStyles\" data-id=\"11456\" src=\"https:\/\/www.renouvelle.be\/wp-content\/uploads\/2023\/12\/Image6.jpg\" alt=\"\" class=\"wp-image-11456\" srcset=\"https:\/\/www.renouvelle.be\/wp-content\/uploads\/2023\/12\/Image6.jpg 468w, https:\/\/www.renouvelle.be\/wp-content\/uploads\/2023\/12\/Image6-287x300.jpg 287w\" sizes=\"auto, (max-width: 468px) 100vw, 468px\" \/><button\n\t\t\tclass=\"lightbox-trigger\"\n\t\t\ttype=\"button\"\n\t\t\taria-haspopup=\"dialog\"\n\t\t\taria-label=\"Agrandir\"\n\t\t\tdata-wp-init=\"callbacks.initTriggerButton\"\n\t\t\tdata-wp-on--click=\"actions.showLightbox\"\n\t\t\tdata-wp-style--right=\"state.imageButtonRight\"\n\t\t\tdata-wp-style--top=\"state.imageButtonTop\"\n\t\t>\n\t\t\t<svg xmlns=\"http:\/\/www.w3.org\/2000\/svg\" width=\"12\" height=\"12\" fill=\"none\" viewBox=\"0 0 12 12\">\n\t\t\t\t<path fill=\"#fff\" d=\"M2 0a2 2 0 0 0-2 2v2h1.5V2a.5.5 0 0 1 .5-.5h2V0H2Zm2 10.5H2a.5.5 0 0 1-.5-.5V8H0v2a2 2 0 0 0 2 2h2v-1.5ZM8 12v-1.5h2a.5.5 0 0 0 .5-.5V8H12v2a2 2 0 0 1-2 2H8Zm2-12a2 2 0 0 1 2 2v2h-1.5V2a.5.5 0 0 0-.5-.5H8V0h2Z\" \/>\n\t\t\t<\/svg>\n\t\t<\/button><\/figure>\n\n\n\n<figure data-wp-context=\"{&quot;imageId&quot;:&quot;69f20f51bb4d1&quot;}\" data-wp-interactive=\"core\/image\" data-wp-key=\"69f20f51bb4d1\" class=\"wp-block-image size-full wp-lightbox-container\"><img loading=\"lazy\" decoding=\"async\" width=\"373\" height=\"326\" data-wp-class--hide=\"state.isContentHidden\" data-wp-class--show=\"state.isContentVisible\" data-wp-init=\"callbacks.setButtonStyles\" data-wp-on--click=\"actions.showLightbox\" data-wp-on--load=\"callbacks.setButtonStyles\" data-wp-on-window--resize=\"callbacks.setButtonStyles\" data-id=\"11458\" src=\"https:\/\/www.renouvelle.be\/wp-content\/uploads\/2023\/12\/Image7.jpg\" alt=\"\" class=\"wp-image-11458\" srcset=\"https:\/\/www.renouvelle.be\/wp-content\/uploads\/2023\/12\/Image7.jpg 373w, https:\/\/www.renouvelle.be\/wp-content\/uploads\/2023\/12\/Image7-300x262.jpg 300w\" sizes=\"auto, (max-width: 373px) 100vw, 373px\" \/><button\n\t\t\tclass=\"lightbox-trigger\"\n\t\t\ttype=\"button\"\n\t\t\taria-haspopup=\"dialog\"\n\t\t\taria-label=\"Agrandir\"\n\t\t\tdata-wp-init=\"callbacks.initTriggerButton\"\n\t\t\tdata-wp-on--click=\"actions.showLightbox\"\n\t\t\tdata-wp-style--right=\"state.imageButtonRight\"\n\t\t\tdata-wp-style--top=\"state.imageButtonTop\"\n\t\t>\n\t\t\t<svg xmlns=\"http:\/\/www.w3.org\/2000\/svg\" width=\"12\" height=\"12\" fill=\"none\" viewBox=\"0 0 12 12\">\n\t\t\t\t<path fill=\"#fff\" d=\"M2 0a2 2 0 0 0-2 2v2h1.5V2a.5.5 0 0 1 .5-.5h2V0H2Zm2 10.5H2a.5.5 0 0 1-.5-.5V8H0v2a2 2 0 0 0 2 2h2v-1.5ZM8 12v-1.5h2a.5.5 0 0 0 .5-.5V8H12v2a2 2 0 0 1-2 2H8Zm2-12a2 2 0 0 1 2 2v2h-1.5V2a.5.5 0 0 0-.5-.5H8V0h2Z\" \/>\n\t\t\t<\/svg>\n\t\t<\/button><\/figure>\n<\/figure>\n<\/div><\/div>\n\n\n\n<p>La chimie des batteries \u00e9volue rapidement. Les constructeurs \u00e9vitent de plus en plus les mat\u00e9riaux critiques comme le cobalt et le nickel en raison de probl\u00e8mes d&rsquo;\u00e9thique d&rsquo;exploitation et de volatilit\u00e9 des prix. Celui croissant du cobalt entra\u00eene une diminution de sa concentration dans les batteries (moins de 10%). En 2022, les batteries LFP et NMC dominaient le march\u00e9. Dans le graphique ci-dessus \u00e0 droite, le nombre \u00e0 trois chiffres \u00e0 c\u00f4t\u00e9 de NMC indique la proportion de l\u2019\u00e9l\u00e9ment dans la composition chimique de la batterie. On observe une augmentation du nickel (premier chiffre) et une diminution du cobalt (dernier chiffre). Les batteries NMC et LFP resteront probablement les plus courantes dans cette d\u00e9cennie. Mais de nouvelles technologies \u00e9mergent rapidement, comme les batteries au sodium (le 4<sup>\u00e8me<\/sup> \u00e9l\u00e9ment le plus abondant sur Terre) qui pourraient remplacer le lithium et le cobalt avec des options moins ch\u00e8res et plus abondantes.<\/p>\n\n\n<div class=\"wp-block-image\">\n<figure data-wp-context=\"{&quot;imageId&quot;:&quot;69f20f51bbb49&quot;}\" data-wp-interactive=\"core\/image\" data-wp-key=\"69f20f51bbb49\" class=\"alignright size-full is-resized wp-lightbox-container\"><img loading=\"lazy\" decoding=\"async\" width=\"605\" height=\"416\" data-wp-class--hide=\"state.isContentHidden\" data-wp-class--show=\"state.isContentVisible\" data-wp-init=\"callbacks.setButtonStyles\" data-wp-on--click=\"actions.showLightbox\" data-wp-on--load=\"callbacks.setButtonStyles\" data-wp-on-window--resize=\"callbacks.setButtonStyles\" src=\"https:\/\/www.renouvelle.be\/wp-content\/uploads\/2023\/12\/Image8.jpg\" alt=\"\" class=\"wp-image-11463\" style=\"width:382px;height:auto\" srcset=\"https:\/\/www.renouvelle.be\/wp-content\/uploads\/2023\/12\/Image8.jpg 605w, https:\/\/www.renouvelle.be\/wp-content\/uploads\/2023\/12\/Image8-300x206.jpg 300w\" sizes=\"auto, (max-width: 605px) 100vw, 605px\" \/><button\n\t\t\tclass=\"lightbox-trigger\"\n\t\t\ttype=\"button\"\n\t\t\taria-haspopup=\"dialog\"\n\t\t\taria-label=\"Agrandir\"\n\t\t\tdata-wp-init=\"callbacks.initTriggerButton\"\n\t\t\tdata-wp-on--click=\"actions.showLightbox\"\n\t\t\tdata-wp-style--right=\"state.imageButtonRight\"\n\t\t\tdata-wp-style--top=\"state.imageButtonTop\"\n\t\t>\n\t\t\t<svg xmlns=\"http:\/\/www.w3.org\/2000\/svg\" width=\"12\" height=\"12\" fill=\"none\" viewBox=\"0 0 12 12\">\n\t\t\t\t<path fill=\"#fff\" d=\"M2 0a2 2 0 0 0-2 2v2h1.5V2a.5.5 0 0 1 .5-.5h2V0H2Zm2 10.5H2a.5.5 0 0 1-.5-.5V8H0v2a2 2 0 0 0 2 2h2v-1.5ZM8 12v-1.5h2a.5.5 0 0 0 .5-.5V8H12v2a2 2 0 0 1-2 2H8Zm2-12a2 2 0 0 1 2 2v2h-1.5V2a.5.5 0 0 0-.5-.5H8V0h2Z\" \/>\n\t\t\t<\/svg>\n\t\t<\/button><\/figure>\n<\/div>\n\n\n<p>G\u00e9n\u00e9ralement, la demande de mat\u00e9riaux augmentera dans tous les sc\u00e9narios, surtout pour les v\u00e9hicules \u00e9lectriques et les batteries (repr\u00e9sent\u00e9s en vert fonc\u00e9 sur le graphique ci-dessous), ainsi que pour les r\u00e9seaux \u00e9lectriques (en jaune), qui joueront un r\u00f4le essentiel dans l&rsquo;augmentation de la demande en cuivre. Ce dernier est couramment employ\u00e9 dans les r\u00e9seaux \u00e9lectriques, et en raison de ses propri\u00e9t\u00e9s conductrices, il est \u00e9galement essentiel pour les technologies de production d&rsquo;\u00e9nergie \u00e0 faibles \u00e9missions, comme les panneaux solaires, les \u00e9oliennes et les batteries.<\/p>\n\n\n<div class=\"wp-block-image\">\n<figure data-wp-context=\"{&quot;imageId&quot;:&quot;69f20f51bc15f&quot;}\" data-wp-interactive=\"core\/image\" data-wp-key=\"69f20f51bc15f\" class=\"alignright size-full is-resized wp-lightbox-container\"><img loading=\"lazy\" decoding=\"async\" width=\"527\" height=\"477\" data-wp-class--hide=\"state.isContentHidden\" data-wp-class--show=\"state.isContentVisible\" data-wp-init=\"callbacks.setButtonStyles\" data-wp-on--click=\"actions.showLightbox\" data-wp-on--load=\"callbacks.setButtonStyles\" data-wp-on-window--resize=\"callbacks.setButtonStyles\" src=\"https:\/\/www.renouvelle.be\/wp-content\/uploads\/2023\/12\/Image9.jpg\" alt=\"\" class=\"wp-image-11472\" style=\"width:367px;height:auto\" srcset=\"https:\/\/www.renouvelle.be\/wp-content\/uploads\/2023\/12\/Image9.jpg 527w, https:\/\/www.renouvelle.be\/wp-content\/uploads\/2023\/12\/Image9-300x272.jpg 300w\" sizes=\"auto, (max-width: 527px) 100vw, 527px\" \/><button\n\t\t\tclass=\"lightbox-trigger\"\n\t\t\ttype=\"button\"\n\t\t\taria-haspopup=\"dialog\"\n\t\t\taria-label=\"Agrandir\"\n\t\t\tdata-wp-init=\"callbacks.initTriggerButton\"\n\t\t\tdata-wp-on--click=\"actions.showLightbox\"\n\t\t\tdata-wp-style--right=\"state.imageButtonRight\"\n\t\t\tdata-wp-style--top=\"state.imageButtonTop\"\n\t\t>\n\t\t\t<svg xmlns=\"http:\/\/www.w3.org\/2000\/svg\" width=\"12\" height=\"12\" fill=\"none\" viewBox=\"0 0 12 12\">\n\t\t\t\t<path fill=\"#fff\" d=\"M2 0a2 2 0 0 0-2 2v2h1.5V2a.5.5 0 0 1 .5-.5h2V0H2Zm2 10.5H2a.5.5 0 0 1-.5-.5V8H0v2a2 2 0 0 0 2 2h2v-1.5ZM8 12v-1.5h2a.5.5 0 0 0 .5-.5V8H12v2a2 2 0 0 1-2 2H8Zm2-12a2 2 0 0 1 2 2v2h-1.5V2a.5.5 0 0 0-.5-.5H8V0h2Z\" \/>\n\t\t\t<\/svg>\n\t\t<\/button><\/figure>\n<\/div>\n\n\n<p>On notera donc que les voitures \u00e9lectriques sont le principal consommateur de m\u00e9taux de la transition \u00e9nerg\u00e9tique, surtout pour leur besoin en lithium, nickel, cobalt, mangan\u00e8se et graphite. Des \u00e9l\u00e9ments essentiels pour optimiser les performances, la durabilit\u00e9 et la densit\u00e9 \u00e9nerg\u00e9tique des batteries. Quant au PV et aux \u00e9oliennes, leur impact sur la demande en m\u00e9taux dans les prochaines d\u00e9cennies sera minime. Bien que, les \u00e9oliennes n\u00e9cessitent des terres rares (pour les aimants permanents dans les turbines) et les panneaux solaires du silicium, ces technologies poss\u00e8dent un grand potentiel en termes d&rsquo;efficacit\u00e9 et continuent de r\u00e9duire leur utilisation de ces mat\u00e9riaux. Enfin, la transition \u00e9nerg\u00e9tique aura besoin du d\u00e9veloppement de nos r\u00e9seaux \u00e9lectriques impliquant une quantit\u00e9 consid\u00e9rable d\u2019aluminium et de cuivre, \u00e9l\u00e9ments essentiels pour toutes les technologies li\u00e9es \u00e0 l\u2019\u00e9lectricit\u00e9. &nbsp;&nbsp;<\/p>\n\n\n\n<h2 class=\"wp-block-heading\">Des ressources fragiles ?<\/h2>\n\n\n\n<p>Tout cela est-il soutenable&nbsp;? Ces mat\u00e9riaux sont-ils si critiques&nbsp;? Ces derni\u00e8res ann\u00e9es, des grandes puissances comme la Chine, l\u2019UE et les Etats-Unis ont \u00e9tabli des listes de min\u00e9raux critiques.<\/p>\n\n\n<div class=\"wp-block-image\">\n<figure data-wp-context=\"{&quot;imageId&quot;:&quot;69f20f51bc711&quot;}\" data-wp-interactive=\"core\/image\" data-wp-key=\"69f20f51bc711\" class=\"alignleft size-full is-resized wp-lightbox-container\"><img loading=\"lazy\" decoding=\"async\" width=\"499\" height=\"426\" data-wp-class--hide=\"state.isContentHidden\" data-wp-class--show=\"state.isContentVisible\" data-wp-init=\"callbacks.setButtonStyles\" data-wp-on--click=\"actions.showLightbox\" data-wp-on--load=\"callbacks.setButtonStyles\" data-wp-on-window--resize=\"callbacks.setButtonStyles\" src=\"https:\/\/www.renouvelle.be\/wp-content\/uploads\/2023\/12\/Image10.jpg\" alt=\"\" class=\"wp-image-11424\" style=\"width:265px;height:auto\" srcset=\"https:\/\/www.renouvelle.be\/wp-content\/uploads\/2023\/12\/Image10.jpg 499w, https:\/\/www.renouvelle.be\/wp-content\/uploads\/2023\/12\/Image10-300x256.jpg 300w\" sizes=\"auto, (max-width: 499px) 100vw, 499px\" \/><button\n\t\t\tclass=\"lightbox-trigger\"\n\t\t\ttype=\"button\"\n\t\t\taria-haspopup=\"dialog\"\n\t\t\taria-label=\"Agrandir\"\n\t\t\tdata-wp-init=\"callbacks.initTriggerButton\"\n\t\t\tdata-wp-on--click=\"actions.showLightbox\"\n\t\t\tdata-wp-style--right=\"state.imageButtonRight\"\n\t\t\tdata-wp-style--top=\"state.imageButtonTop\"\n\t\t>\n\t\t\t<svg xmlns=\"http:\/\/www.w3.org\/2000\/svg\" width=\"12\" height=\"12\" fill=\"none\" viewBox=\"0 0 12 12\">\n\t\t\t\t<path fill=\"#fff\" d=\"M2 0a2 2 0 0 0-2 2v2h1.5V2a.5.5 0 0 1 .5-.5h2V0H2Zm2 10.5H2a.5.5 0 0 1-.5-.5V8H0v2a2 2 0 0 0 2 2h2v-1.5ZM8 12v-1.5h2a.5.5 0 0 0 .5-.5V8H12v2a2 2 0 0 1-2 2H8Zm2-12a2 2 0 0 1 2 2v2h-1.5V2a.5.5 0 0 0-.5-.5H8V0h2Z\" \/>\n\t\t\t<\/svg>\n\t\t<\/button><\/figure>\n<\/div>\n\n\n<p>Au croisement de ces listes, on trouve plusieurs \u00e9l\u00e9ments \u00e9voqu\u00e9s pr\u00e9c\u00e9demment : cuivre, lithium, cobalt, nickel, terres rares et graphite. Notons que la criticit\u00e9 ne d\u00e9pend pas uniquement de sa disponibilit\u00e9 g\u00e9ologique. Elle prend en compte des aspects \u00e9conomiques, environnementaux, g\u00e9opolitiques, etc. Les capacit\u00e9s de production et de raffinage concentr\u00e9es dans quelques pays, l&rsquo;utilisation g\u00e9opolitique des ressources par les pays producteurs, la transparence et la stabilit\u00e9 des prix sont \u00e9galement des facteurs critiques. Par exemple, le lithium, bien que pr\u00e9sent en abondance dans la cro\u00fbte terrestre, conna\u00eet une hausse des prix, et la capacit\u00e9 de production future est incertaine en raison du temps et des obstacles pour ouvrir de nouvelles mines (16,5 ann\u00e9es en moyenne pour concr\u00e9tiser les projets miniers de la d\u00e9couverte \u00e0 la premi\u00e8re production).<\/p>\n\n\n\n<p>Dans le prochain num\u00e9ro, nous nous pencherons sur la criticit\u00e9 de ces mat\u00e9riaux.<\/p>\n","protected":false},"excerpt":{"rendered":"<p>L\u2019introduction de notre s\u00e9rie sur les mat\u00e9riaux de la transition, vous avait laiss\u00e9 sur un constat&nbsp;: malgr\u00e9 l\u2019impr\u00e9visibilit\u00e9 de l\u2019\u00e9volution de la demande future et les variations entre les \u00e9tudes, tout semble converger vers une augmentation de l\u2019extraction des m\u00e9taux pour r\u00e9pondre aux besoins croissants li\u00e9s \u00e0 la transition \u00e9nerg\u00e9tique. Nos trois technologies phares de la transition \u00e9nerg\u00e9tique, repr\u00e9sent\u00e9es dans les trois derni\u00e8res colonnes du graphique ci-contre, sont compos\u00e9es d\u2019une vari\u00e9t\u00e9 de mat\u00e9riaux, les plus connus \u00e9tant le cuivre, le nickel, le cobalt et le lithium en raison de leurs propri\u00e9t\u00e9s. Zoomons maintenant sur chacune d\u2019entre elles pour en conna\u00eetre les quantit\u00e9s et proportions. Les panneaux photovolta\u00efques Un panneau requiert des \u00e9l\u00e9ments tels que du silicium et du cuivre pour leurs propri\u00e9t\u00e9s fonctionnels&nbsp;\u00e0 la conversion d\u2019\u00e9nergie. Cependant, ceux-ci ne repr\u00e9sentent, ensemble, que quelques pourcents de la masse totale. Un panneau contient surtout des mat\u00e9riaux de structure li\u00e9s au module (aluminium, verre, plastique, etc.) et \u00e0 l\u2019installation (acier, b\u00e9ton rarement utilis\u00e9 pour les installations en toiture, etc.) qui repr\u00e9sentent plus de 80% de la masse totale. &nbsp; Par ailleurs, le silicium n\u2019est pas exactement un minerai rare et sa quantit\u00e9 n\u00e9cessaire, par watt de cellule PV, ne cesse de diminuer&nbsp;: 16 grammes en 2004, et moins de 4 grammes aujourd\u2019hui (idem pour l\u2019argent). Les \u00e9oliennes Contenant des mat\u00e9riaux comme du cuivre et du zinc, la grande majorit\u00e9 de leur poids provient du b\u00e9ton, de l\u2019acier et du fer, tout comme les panneaux photovolta\u00efques. Le ciment utilis\u00e9 pour les fondations des \u00e9oliennes fait souvent d\u00e9bat. Sans minimiser son impact, il convient aussi de mettre cela en perspective car, en Wallonie, ce ciment ne repr\u00e9sente que 0,05% de la production de celui-ci. En consid\u00e9rant 1000 tonnes de b\u00e9ton pour une \u00e9olienne de 4MW, &hellip; <a href=\"https:\/\/www.renouvelle.be\/fr\/voyage-au-coeur-de-nos-energies-renouvelables\/\" class=\"more-link\">Continue reading<span class=\"screen-reader-text\"> \u00ab\u00a0Voyage au c\u0153ur de nos \u00e9nergies renouvelables\u00a0\u00bb<\/span><\/a><\/p>\n","protected":false},"author":39,"featured_media":11367,"comment_status":"closed","ping_status":"closed","sticky":false,"template":"","format":"standard","meta":{"_acf_changed":false,"footnotes":""},"categories":[63],"tags":[],"section":[8],"class_list":["post-11365","post","type-post","status-publish","format-standard","has-post-thumbnail","hentry","category-analyses","section-energie-renouvelables"],"acf":[],"yoast_head":"<!-- This site is optimized with the Yoast SEO plugin v27.5 - https:\/\/yoast.com\/product\/yoast-seo-wordpress\/ -->\n<title>Voyage au c\u0153ur de nos \u00e9nergies renouvelables - Renouvelle<\/title>\n<meta name=\"description\" content=\"Quels mat\u00e9riaux composent vraiment nos technologies d&#039;\u00e9nergies renouvelables ? Embarquez pour un voyage fascinant au centre de la Terre.\" \/>\n<meta name=\"robots\" content=\"index, follow, max-snippet:-1, max-image-preview:large, max-video-preview:-1\" \/>\n<link rel=\"canonical\" href=\"https:\/\/www.renouvelle.be\/fr\/voyage-au-coeur-de-nos-energies-renouvelables\/\" \/>\n<meta property=\"og:locale\" content=\"fr_FR\" \/>\n<meta property=\"og:type\" content=\"article\" \/>\n<meta property=\"og:title\" content=\"Voyage au c\u0153ur de nos \u00e9nergies renouvelables - Renouvelle\" \/>\n<meta property=\"og:description\" content=\"Quels mat\u00e9riaux composent vraiment nos technologies d&#039;\u00e9nergies renouvelables ? Embarquez pour un voyage fascinant au centre de la Terre.\" \/>\n<meta property=\"og:url\" content=\"https:\/\/www.renouvelle.be\/fr\/voyage-au-coeur-de-nos-energies-renouvelables\/\" \/>\n<meta property=\"og:site_name\" content=\"Renouvelle\" \/>\n<meta property=\"article:published_time\" content=\"2023-12-21T11:11:18+00:00\" \/>\n<meta property=\"article:modified_time\" content=\"2023-12-21T11:21:07+00:00\" \/>\n<meta property=\"og:image\" content=\"https:\/\/www.renouvelle.be\/wp-content\/uploads\/2023\/12\/iStock-1450272068.jpg\" \/>\n\t<meta property=\"og:image:width\" content=\"1255\" \/>\n\t<meta property=\"og:image:height\" content=\"836\" \/>\n\t<meta property=\"og:image:type\" content=\"image\/jpeg\" \/>\n<meta name=\"author\" content=\"Nicolas Hubert\" \/>\n<meta name=\"twitter:card\" content=\"summary_large_image\" \/>\n<script type=\"application\/ld+json\" class=\"yoast-schema-graph\">{\"@context\":\"https:\\\/\\\/schema.org\",\"@graph\":[{\"@type\":\"Article\",\"@id\":\"https:\\\/\\\/www.renouvelle.be\\\/fr\\\/voyage-au-coeur-de-nos-energies-renouvelables\\\/#article\",\"isPartOf\":{\"@id\":\"https:\\\/\\\/www.renouvelle.be\\\/fr\\\/voyage-au-coeur-de-nos-energies-renouvelables\\\/\"},\"author\":{\"name\":\"Nicolas Hubert\",\"@id\":\"https:\\\/\\\/www.renouvelle.be\\\/fr\\\/#\\\/schema\\\/person\\\/2f8776071d07c029365db2eee4a0d3cf\"},\"headline\":\"Voyage au c\u0153ur de nos \u00e9nergies renouvelables\",\"datePublished\":\"2023-12-21T11:11:18+00:00\",\"dateModified\":\"2023-12-21T11:21:07+00:00\",\"mainEntityOfPage\":{\"@id\":\"https:\\\/\\\/www.renouvelle.be\\\/fr\\\/voyage-au-coeur-de-nos-energies-renouvelables\\\/\"},\"wordCount\":1275,\"image\":{\"@id\":\"https:\\\/\\\/www.renouvelle.be\\\/fr\\\/voyage-au-coeur-de-nos-energies-renouvelables\\\/#primaryimage\"},\"thumbnailUrl\":\"https:\\\/\\\/www.renouvelle.be\\\/wp-content\\\/uploads\\\/2023\\\/12\\\/iStock-1450272068.jpg\",\"articleSection\":[\"Analyses\"],\"inLanguage\":\"fr-FR\"},{\"@type\":\"WebPage\",\"@id\":\"https:\\\/\\\/www.renouvelle.be\\\/fr\\\/voyage-au-coeur-de-nos-energies-renouvelables\\\/\",\"url\":\"https:\\\/\\\/www.renouvelle.be\\\/fr\\\/voyage-au-coeur-de-nos-energies-renouvelables\\\/\",\"name\":\"Voyage au c\u0153ur de nos \u00e9nergies renouvelables - Renouvelle\",\"isPartOf\":{\"@id\":\"https:\\\/\\\/www.renouvelle.be\\\/fr\\\/#website\"},\"primaryImageOfPage\":{\"@id\":\"https:\\\/\\\/www.renouvelle.be\\\/fr\\\/voyage-au-coeur-de-nos-energies-renouvelables\\\/#primaryimage\"},\"image\":{\"@id\":\"https:\\\/\\\/www.renouvelle.be\\\/fr\\\/voyage-au-coeur-de-nos-energies-renouvelables\\\/#primaryimage\"},\"thumbnailUrl\":\"https:\\\/\\\/www.renouvelle.be\\\/wp-content\\\/uploads\\\/2023\\\/12\\\/iStock-1450272068.jpg\",\"datePublished\":\"2023-12-21T11:11:18+00:00\",\"dateModified\":\"2023-12-21T11:21:07+00:00\",\"author\":{\"@id\":\"https:\\\/\\\/www.renouvelle.be\\\/fr\\\/#\\\/schema\\\/person\\\/2f8776071d07c029365db2eee4a0d3cf\"},\"description\":\"Quels mat\u00e9riaux composent vraiment nos technologies d'\u00e9nergies renouvelables ? Embarquez pour un voyage fascinant au centre de la Terre.\",\"breadcrumb\":{\"@id\":\"https:\\\/\\\/www.renouvelle.be\\\/fr\\\/voyage-au-coeur-de-nos-energies-renouvelables\\\/#breadcrumb\"},\"inLanguage\":\"fr-FR\",\"potentialAction\":[{\"@type\":\"ReadAction\",\"target\":[\"https:\\\/\\\/www.renouvelle.be\\\/fr\\\/voyage-au-coeur-de-nos-energies-renouvelables\\\/\"]}]},{\"@type\":\"ImageObject\",\"inLanguage\":\"fr-FR\",\"@id\":\"https:\\\/\\\/www.renouvelle.be\\\/fr\\\/voyage-au-coeur-de-nos-energies-renouvelables\\\/#primaryimage\",\"url\":\"https:\\\/\\\/www.renouvelle.be\\\/wp-content\\\/uploads\\\/2023\\\/12\\\/iStock-1450272068.jpg\",\"contentUrl\":\"https:\\\/\\\/www.renouvelle.be\\\/wp-content\\\/uploads\\\/2023\\\/12\\\/iStock-1450272068.jpg\",\"width\":1255,\"height\":836},{\"@type\":\"BreadcrumbList\",\"@id\":\"https:\\\/\\\/www.renouvelle.be\\\/fr\\\/voyage-au-coeur-de-nos-energies-renouvelables\\\/#breadcrumb\",\"itemListElement\":[{\"@type\":\"ListItem\",\"position\":1,\"name\":\"Accueil\",\"item\":\"https:\\\/\\\/www.renouvelle.be\\\/fr\\\/\"},{\"@type\":\"ListItem\",\"position\":2,\"name\":\"Voyage au c\u0153ur de nos \u00e9nergies renouvelables\"}]},{\"@type\":\"WebSite\",\"@id\":\"https:\\\/\\\/www.renouvelle.be\\\/fr\\\/#website\",\"url\":\"https:\\\/\\\/www.renouvelle.be\\\/fr\\\/\",\"name\":\"Renouvelle\",\"description\":\"L&#039;actualit\u00e9 de l&#039;\u00e9nergie durable\",\"potentialAction\":[{\"@type\":\"SearchAction\",\"target\":{\"@type\":\"EntryPoint\",\"urlTemplate\":\"https:\\\/\\\/www.renouvelle.be\\\/fr\\\/?s={search_term_string}\"},\"query-input\":{\"@type\":\"PropertyValueSpecification\",\"valueRequired\":true,\"valueName\":\"search_term_string\"}}],\"inLanguage\":\"fr-FR\"},{\"@type\":\"Person\",\"@id\":\"https:\\\/\\\/www.renouvelle.be\\\/fr\\\/#\\\/schema\\\/person\\\/2f8776071d07c029365db2eee4a0d3cf\",\"name\":\"Nicolas Hubert\",\"url\":\"https:\\\/\\\/www.renouvelle.be\\\/fr\\\/author\\\/nhubert\\\/\"}]}<\/script>\n<!-- \/ Yoast SEO plugin. -->","yoast_head_json":{"title":"Voyage au c\u0153ur de nos \u00e9nergies renouvelables - Renouvelle","description":"Quels mat\u00e9riaux composent vraiment nos technologies d'\u00e9nergies renouvelables ? Embarquez pour un voyage fascinant au centre de la Terre.","robots":{"index":"index","follow":"follow","max-snippet":"max-snippet:-1","max-image-preview":"max-image-preview:large","max-video-preview":"max-video-preview:-1"},"canonical":"https:\/\/www.renouvelle.be\/fr\/voyage-au-coeur-de-nos-energies-renouvelables\/","og_locale":"fr_FR","og_type":"article","og_title":"Voyage au c\u0153ur de nos \u00e9nergies renouvelables - Renouvelle","og_description":"Quels mat\u00e9riaux composent vraiment nos technologies d'\u00e9nergies renouvelables ? Embarquez pour un voyage fascinant au centre de la Terre.","og_url":"https:\/\/www.renouvelle.be\/fr\/voyage-au-coeur-de-nos-energies-renouvelables\/","og_site_name":"Renouvelle","article_published_time":"2023-12-21T11:11:18+00:00","article_modified_time":"2023-12-21T11:21:07+00:00","og_image":[{"width":1255,"height":836,"url":"https:\/\/www.renouvelle.be\/wp-content\/uploads\/2023\/12\/iStock-1450272068.jpg","type":"image\/jpeg"}],"author":"Nicolas Hubert","twitter_card":"summary_large_image","schema":{"@context":"https:\/\/schema.org","@graph":[{"@type":"Article","@id":"https:\/\/www.renouvelle.be\/fr\/voyage-au-coeur-de-nos-energies-renouvelables\/#article","isPartOf":{"@id":"https:\/\/www.renouvelle.be\/fr\/voyage-au-coeur-de-nos-energies-renouvelables\/"},"author":{"name":"Nicolas Hubert","@id":"https:\/\/www.renouvelle.be\/fr\/#\/schema\/person\/2f8776071d07c029365db2eee4a0d3cf"},"headline":"Voyage au c\u0153ur de nos \u00e9nergies renouvelables","datePublished":"2023-12-21T11:11:18+00:00","dateModified":"2023-12-21T11:21:07+00:00","mainEntityOfPage":{"@id":"https:\/\/www.renouvelle.be\/fr\/voyage-au-coeur-de-nos-energies-renouvelables\/"},"wordCount":1275,"image":{"@id":"https:\/\/www.renouvelle.be\/fr\/voyage-au-coeur-de-nos-energies-renouvelables\/#primaryimage"},"thumbnailUrl":"https:\/\/www.renouvelle.be\/wp-content\/uploads\/2023\/12\/iStock-1450272068.jpg","articleSection":["Analyses"],"inLanguage":"fr-FR"},{"@type":"WebPage","@id":"https:\/\/www.renouvelle.be\/fr\/voyage-au-coeur-de-nos-energies-renouvelables\/","url":"https:\/\/www.renouvelle.be\/fr\/voyage-au-coeur-de-nos-energies-renouvelables\/","name":"Voyage au c\u0153ur de nos \u00e9nergies renouvelables - Renouvelle","isPartOf":{"@id":"https:\/\/www.renouvelle.be\/fr\/#website"},"primaryImageOfPage":{"@id":"https:\/\/www.renouvelle.be\/fr\/voyage-au-coeur-de-nos-energies-renouvelables\/#primaryimage"},"image":{"@id":"https:\/\/www.renouvelle.be\/fr\/voyage-au-coeur-de-nos-energies-renouvelables\/#primaryimage"},"thumbnailUrl":"https:\/\/www.renouvelle.be\/wp-content\/uploads\/2023\/12\/iStock-1450272068.jpg","datePublished":"2023-12-21T11:11:18+00:00","dateModified":"2023-12-21T11:21:07+00:00","author":{"@id":"https:\/\/www.renouvelle.be\/fr\/#\/schema\/person\/2f8776071d07c029365db2eee4a0d3cf"},"description":"Quels mat\u00e9riaux composent vraiment nos technologies d'\u00e9nergies renouvelables ? Embarquez pour un voyage fascinant au centre de la Terre.","breadcrumb":{"@id":"https:\/\/www.renouvelle.be\/fr\/voyage-au-coeur-de-nos-energies-renouvelables\/#breadcrumb"},"inLanguage":"fr-FR","potentialAction":[{"@type":"ReadAction","target":["https:\/\/www.renouvelle.be\/fr\/voyage-au-coeur-de-nos-energies-renouvelables\/"]}]},{"@type":"ImageObject","inLanguage":"fr-FR","@id":"https:\/\/www.renouvelle.be\/fr\/voyage-au-coeur-de-nos-energies-renouvelables\/#primaryimage","url":"https:\/\/www.renouvelle.be\/wp-content\/uploads\/2023\/12\/iStock-1450272068.jpg","contentUrl":"https:\/\/www.renouvelle.be\/wp-content\/uploads\/2023\/12\/iStock-1450272068.jpg","width":1255,"height":836},{"@type":"BreadcrumbList","@id":"https:\/\/www.renouvelle.be\/fr\/voyage-au-coeur-de-nos-energies-renouvelables\/#breadcrumb","itemListElement":[{"@type":"ListItem","position":1,"name":"Accueil","item":"https:\/\/www.renouvelle.be\/fr\/"},{"@type":"ListItem","position":2,"name":"Voyage au c\u0153ur de nos \u00e9nergies renouvelables"}]},{"@type":"WebSite","@id":"https:\/\/www.renouvelle.be\/fr\/#website","url":"https:\/\/www.renouvelle.be\/fr\/","name":"Renouvelle","description":"L&#039;actualit\u00e9 de l&#039;\u00e9nergie durable","potentialAction":[{"@type":"SearchAction","target":{"@type":"EntryPoint","urlTemplate":"https:\/\/www.renouvelle.be\/fr\/?s={search_term_string}"},"query-input":{"@type":"PropertyValueSpecification","valueRequired":true,"valueName":"search_term_string"}}],"inLanguage":"fr-FR"},{"@type":"Person","@id":"https:\/\/www.renouvelle.be\/fr\/#\/schema\/person\/2f8776071d07c029365db2eee4a0d3cf","name":"Nicolas Hubert","url":"https:\/\/www.renouvelle.be\/fr\/author\/nhubert\/"}]}},"_links":{"self":[{"href":"https:\/\/www.renouvelle.be\/fr\/wp-json\/wp\/v2\/posts\/11365","targetHints":{"allow":["GET"]}}],"collection":[{"href":"https:\/\/www.renouvelle.be\/fr\/wp-json\/wp\/v2\/posts"}],"about":[{"href":"https:\/\/www.renouvelle.be\/fr\/wp-json\/wp\/v2\/types\/post"}],"author":[{"embeddable":true,"href":"https:\/\/www.renouvelle.be\/fr\/wp-json\/wp\/v2\/users\/39"}],"replies":[{"embeddable":true,"href":"https:\/\/www.renouvelle.be\/fr\/wp-json\/wp\/v2\/comments?post=11365"}],"version-history":[{"count":51,"href":"https:\/\/www.renouvelle.be\/fr\/wp-json\/wp\/v2\/posts\/11365\/revisions"}],"predecessor-version":[{"id":11513,"href":"https:\/\/www.renouvelle.be\/fr\/wp-json\/wp\/v2\/posts\/11365\/revisions\/11513"}],"wp:featuredmedia":[{"embeddable":true,"href":"https:\/\/www.renouvelle.be\/fr\/wp-json\/wp\/v2\/media\/11367"}],"wp:attachment":[{"href":"https:\/\/www.renouvelle.be\/fr\/wp-json\/wp\/v2\/media?parent=11365"}],"wp:term":[{"taxonomy":"category","embeddable":true,"href":"https:\/\/www.renouvelle.be\/fr\/wp-json\/wp\/v2\/categories?post=11365"},{"taxonomy":"post_tag","embeddable":true,"href":"https:\/\/www.renouvelle.be\/fr\/wp-json\/wp\/v2\/tags?post=11365"},{"taxonomy":"section","embeddable":true,"href":"https:\/\/www.renouvelle.be\/fr\/wp-json\/wp\/v2\/section?post=11365"}],"curies":[{"name":"wp","href":"https:\/\/api.w.org\/{rel}","templated":true}]}}