{"id":11215,"date":"2023-12-06T12:12:30","date_gmt":"2023-12-06T11:12:30","guid":{"rendered":"https:\/\/www.renouvelle.be\/?p=11215"},"modified":"2023-12-14T09:55:47","modified_gmt":"2023-12-14T08:55:47","slug":"500-menages-bruxellois-partage-energie","status":"publish","type":"post","link":"https:\/\/www.renouvelle.be\/fr\/500-menages-bruxellois-partage-energie\/","title":{"rendered":"500 m\u00e9nages bruxellois s&rsquo;impliquent pour le partage d\u2019\u00e9nergie"},"content":{"rendered":"\n<p>5 communaut\u00e9s d\u2019\u00e9nergie ont vu le jour, 50 activit\u00e9s de partage actives entre voisins, 1000 accompagnements ! Des chiffres inspirants qui montrent un engagement r\u00e9el pour une nouvelle fa\u00e7on de consommer l\u2019\u00e9nergie renouvelable&nbsp;: locale, juste et solidaire.<\/p>\n\n\n\n<p>Retrouvez le communiqu\u00e9 de presse du cabinet d\u2019Alain Maron, <a href=\"https:\/\/maron-trachte.brussels\/2023\/11\/28\/en-un-an-pres-de-500-menages-bruxellois-se-sont-lances-dans-le-partage-denergie\/\">ici<\/a>.<\/p>\n\n\n\n<figure class=\"wp-block-image size-large\"><img loading=\"lazy\" decoding=\"async\" width=\"1024\" height=\"579\" src=\"https:\/\/www.renouvelle.be\/wp-content\/uploads\/2023\/12\/image-partage-denergie-1024x579.png\" alt=\"Partage d'\u00e9nergie \u00e0 Bruxelles\" class=\"wp-image-11217\" srcset=\"https:\/\/www.renouvelle.be\/wp-content\/uploads\/2023\/12\/image-partage-denergie-1024x579.png 1024w, https:\/\/www.renouvelle.be\/wp-content\/uploads\/2023\/12\/image-partage-denergie-300x170.png 300w, https:\/\/www.renouvelle.be\/wp-content\/uploads\/2023\/12\/image-partage-denergie-768x434.png 768w, https:\/\/www.renouvelle.be\/wp-content\/uploads\/2023\/12\/image-partage-denergie.png 1146w\" sizes=\"auto, (max-width: 1024px) 100vw, 1024px\" \/><figcaption class=\"wp-element-caption\">Source : cabinet d&rsquo;Alain Maron<\/figcaption><\/figure>\n\n\n\n<p><\/p>\n","protected":false},"excerpt":{"rendered":"<p>5 communaut\u00e9s d\u2019\u00e9nergie ont vu le jour, 50 activit\u00e9s de partage actives entre voisins, 1000 accompagnements ! Des chiffres inspirants qui montrent un engagement r\u00e9el pour une nouvelle fa\u00e7on de consommer l\u2019\u00e9nergie renouvelable&nbsp;: locale, juste et solidaire. Retrouvez le communiqu\u00e9 de presse du cabinet d\u2019Alain Maron, ici.<\/p>\n","protected":false},"author":38,"featured_media":11219,"comment_status":"closed","ping_status":"closed","sticky":false,"template":"","format":"standard","meta":{"_acf_changed":false,"footnotes":""},"categories":[17],"tags":[],"section":[5],"class_list":["post-11215","post","type-post","status-publish","format-standard","has-post-thumbnail","hentry","category-actualite-en-belgique","section-communaute-denergie"],"acf":[],"yoast_head":"<!-- This site is optimized with the Yoast SEO plugin v27.5 - https:\/\/yoast.com\/product\/yoast-seo-wordpress\/ -->\n<title>500 m\u00e9nages bruxellois s&#039;impliquent pour le partage d\u2019\u00e9nergie - Renouvelle<\/title>\n<meta name=\"description\" content=\"En un an, 500 m\u00e9nages se sont engag\u00e9s dans le partage d&#039;\u00e9nergie \u00e0 Bruxelles. Plusieurs communaut\u00e9s d&#039;\u00e9nergie ont vu le jour.\" \/>\n<meta name=\"robots\" content=\"index, follow, max-snippet:-1, max-image-preview:large, max-video-preview:-1\" \/>\n<link rel=\"canonical\" href=\"https:\/\/www.renouvelle.be\/fr\/500-menages-bruxellois-partage-energie\/\" \/>\n<meta property=\"og:locale\" content=\"fr_FR\" \/>\n<meta property=\"og:type\" content=\"article\" \/>\n<meta property=\"og:title\" content=\"500 m\u00e9nages bruxellois s&#039;impliquent pour le partage d\u2019\u00e9nergie - Renouvelle\" \/>\n<meta property=\"og:description\" content=\"En un an, 500 m\u00e9nages se sont engag\u00e9s dans le partage d&#039;\u00e9nergie \u00e0 Bruxelles. Plusieurs communaut\u00e9s d&#039;\u00e9nergie ont vu le jour.\" \/>\n<meta property=\"og:url\" content=\"https:\/\/www.renouvelle.be\/fr\/500-menages-bruxellois-partage-energie\/\" \/>\n<meta property=\"og:site_name\" content=\"Renouvelle\" \/>\n<meta property=\"article:published_time\" content=\"2023-12-06T11:12:30+00:00\" \/>\n<meta property=\"article:modified_time\" content=\"2023-12-14T08:55:47+00:00\" \/>\n<meta property=\"og:image\" content=\"https:\/\/www.renouvelle.be\/wp-content\/uploads\/2023\/12\/iStock-1093935162.jpg\" \/>\n\t<meta property=\"og:image:width\" content=\"1254\" \/>\n\t<meta property=\"og:image:height\" content=\"836\" \/>\n\t<meta property=\"og:image:type\" content=\"image\/jpeg\" \/>\n<meta name=\"author\" content=\"Samuel Alves\" \/>\n<meta name=\"twitter:card\" content=\"summary_large_image\" \/>\n<script type=\"application\/ld+json\" class=\"yoast-schema-graph\">{\"@context\":\"https:\\\/\\\/schema.org\",\"@graph\":[{\"@type\":\"Article\",\"@id\":\"https:\\\/\\\/www.renouvelle.be\\\/fr\\\/500-menages-bruxellois-partage-energie\\\/#article\",\"isPartOf\":{\"@id\":\"https:\\\/\\\/www.renouvelle.be\\\/fr\\\/500-menages-bruxellois-partage-energie\\\/\"},\"author\":{\"name\":\"Samuel Alves\",\"@id\":\"https:\\\/\\\/www.renouvelle.be\\\/fr\\\/#\\\/schema\\\/person\\\/9d743366fb269eeceaa8d60e98d289d3\"},\"headline\":\"500 m\u00e9nages bruxellois s&rsquo;impliquent pour le partage d\u2019\u00e9nergie\",\"datePublished\":\"2023-12-06T11:12:30+00:00\",\"dateModified\":\"2023-12-14T08:55:47+00:00\",\"mainEntityOfPage\":{\"@id\":\"https:\\\/\\\/www.renouvelle.be\\\/fr\\\/500-menages-bruxellois-partage-energie\\\/\"},\"wordCount\":66,\"image\":{\"@id\":\"https:\\\/\\\/www.renouvelle.be\\\/fr\\\/500-menages-bruxellois-partage-energie\\\/#primaryimage\"},\"thumbnailUrl\":\"https:\\\/\\\/www.renouvelle.be\\\/wp-content\\\/uploads\\\/2023\\\/12\\\/iStock-1093935162.jpg\",\"articleSection\":[\"Actualit\u00e9 en Belgique\"],\"inLanguage\":\"fr-FR\"},{\"@type\":\"WebPage\",\"@id\":\"https:\\\/\\\/www.renouvelle.be\\\/fr\\\/500-menages-bruxellois-partage-energie\\\/\",\"url\":\"https:\\\/\\\/www.renouvelle.be\\\/fr\\\/500-menages-bruxellois-partage-energie\\\/\",\"name\":\"500 m\u00e9nages bruxellois s'impliquent pour le partage d\u2019\u00e9nergie - Renouvelle\",\"isPartOf\":{\"@id\":\"https:\\\/\\\/www.renouvelle.be\\\/fr\\\/#website\"},\"primaryImageOfPage\":{\"@id\":\"https:\\\/\\\/www.renouvelle.be\\\/fr\\\/500-menages-bruxellois-partage-energie\\\/#primaryimage\"},\"image\":{\"@id\":\"https:\\\/\\\/www.renouvelle.be\\\/fr\\\/500-menages-bruxellois-partage-energie\\\/#primaryimage\"},\"thumbnailUrl\":\"https:\\\/\\\/www.renouvelle.be\\\/wp-content\\\/uploads\\\/2023\\\/12\\\/iStock-1093935162.jpg\",\"datePublished\":\"2023-12-06T11:12:30+00:00\",\"dateModified\":\"2023-12-14T08:55:47+00:00\",\"author\":{\"@id\":\"https:\\\/\\\/www.renouvelle.be\\\/fr\\\/#\\\/schema\\\/person\\\/9d743366fb269eeceaa8d60e98d289d3\"},\"description\":\"En un an, 500 m\u00e9nages se sont engag\u00e9s dans le partage d'\u00e9nergie \u00e0 Bruxelles. Plusieurs communaut\u00e9s d'\u00e9nergie ont vu le jour.\",\"breadcrumb\":{\"@id\":\"https:\\\/\\\/www.renouvelle.be\\\/fr\\\/500-menages-bruxellois-partage-energie\\\/#breadcrumb\"},\"inLanguage\":\"fr-FR\",\"potentialAction\":[{\"@type\":\"ReadAction\",\"target\":[\"https:\\\/\\\/www.renouvelle.be\\\/fr\\\/500-menages-bruxellois-partage-energie\\\/\"]}]},{\"@type\":\"ImageObject\",\"inLanguage\":\"fr-FR\",\"@id\":\"https:\\\/\\\/www.renouvelle.be\\\/fr\\\/500-menages-bruxellois-partage-energie\\\/#primaryimage\",\"url\":\"https:\\\/\\\/www.renouvelle.be\\\/wp-content\\\/uploads\\\/2023\\\/12\\\/iStock-1093935162.jpg\",\"contentUrl\":\"https:\\\/\\\/www.renouvelle.be\\\/wp-content\\\/uploads\\\/2023\\\/12\\\/iStock-1093935162.jpg\",\"width\":1254,\"height\":836,\"caption\":\"People stacking hands together in the park\"},{\"@type\":\"BreadcrumbList\",\"@id\":\"https:\\\/\\\/www.renouvelle.be\\\/fr\\\/500-menages-bruxellois-partage-energie\\\/#breadcrumb\",\"itemListElement\":[{\"@type\":\"ListItem\",\"position\":1,\"name\":\"Accueil\",\"item\":\"https:\\\/\\\/www.renouvelle.be\\\/fr\\\/\"},{\"@type\":\"ListItem\",\"position\":2,\"name\":\"500 m\u00e9nages bruxellois s&rsquo;impliquent pour le partage d\u2019\u00e9nergie\"}]},{\"@type\":\"WebSite\",\"@id\":\"https:\\\/\\\/www.renouvelle.be\\\/fr\\\/#website\",\"url\":\"https:\\\/\\\/www.renouvelle.be\\\/fr\\\/\",\"name\":\"Renouvelle\",\"description\":\"L&#039;actualit\u00e9 de l&#039;\u00e9nergie durable\",\"potentialAction\":[{\"@type\":\"SearchAction\",\"target\":{\"@type\":\"EntryPoint\",\"urlTemplate\":\"https:\\\/\\\/www.renouvelle.be\\\/fr\\\/?s={search_term_string}\"},\"query-input\":{\"@type\":\"PropertyValueSpecification\",\"valueRequired\":true,\"valueName\":\"search_term_string\"}}],\"inLanguage\":\"fr-FR\"},{\"@type\":\"Person\",\"@id\":\"https:\\\/\\\/www.renouvelle.be\\\/fr\\\/#\\\/schema\\\/person\\\/9d743366fb269eeceaa8d60e98d289d3\",\"name\":\"Samuel Alves\",\"url\":\"https:\\\/\\\/www.renouvelle.be\\\/fr\\\/author\\\/salves\\\/\"}]}<\/script>\n<!-- \/ Yoast SEO plugin. -->","yoast_head_json":{"title":"500 m\u00e9nages bruxellois s'impliquent pour le partage d\u2019\u00e9nergie - Renouvelle","description":"En un an, 500 m\u00e9nages se sont engag\u00e9s dans le partage d'\u00e9nergie \u00e0 Bruxelles. Plusieurs communaut\u00e9s d'\u00e9nergie ont vu le jour.","robots":{"index":"index","follow":"follow","max-snippet":"max-snippet:-1","max-image-preview":"max-image-preview:large","max-video-preview":"max-video-preview:-1"},"canonical":"https:\/\/www.renouvelle.be\/fr\/500-menages-bruxellois-partage-energie\/","og_locale":"fr_FR","og_type":"article","og_title":"500 m\u00e9nages bruxellois s'impliquent pour le partage d\u2019\u00e9nergie - Renouvelle","og_description":"En un an, 500 m\u00e9nages se sont engag\u00e9s dans le partage d'\u00e9nergie \u00e0 Bruxelles. Plusieurs communaut\u00e9s d'\u00e9nergie ont vu le jour.","og_url":"https:\/\/www.renouvelle.be\/fr\/500-menages-bruxellois-partage-energie\/","og_site_name":"Renouvelle","article_published_time":"2023-12-06T11:12:30+00:00","article_modified_time":"2023-12-14T08:55:47+00:00","og_image":[{"width":1254,"height":836,"url":"https:\/\/www.renouvelle.be\/wp-content\/uploads\/2023\/12\/iStock-1093935162.jpg","type":"image\/jpeg"}],"author":"Samuel Alves","twitter_card":"summary_large_image","schema":{"@context":"https:\/\/schema.org","@graph":[{"@type":"Article","@id":"https:\/\/www.renouvelle.be\/fr\/500-menages-bruxellois-partage-energie\/#article","isPartOf":{"@id":"https:\/\/www.renouvelle.be\/fr\/500-menages-bruxellois-partage-energie\/"},"author":{"name":"Samuel Alves","@id":"https:\/\/www.renouvelle.be\/fr\/#\/schema\/person\/9d743366fb269eeceaa8d60e98d289d3"},"headline":"500 m\u00e9nages bruxellois s&rsquo;impliquent pour le partage d\u2019\u00e9nergie","datePublished":"2023-12-06T11:12:30+00:00","dateModified":"2023-12-14T08:55:47+00:00","mainEntityOfPage":{"@id":"https:\/\/www.renouvelle.be\/fr\/500-menages-bruxellois-partage-energie\/"},"wordCount":66,"image":{"@id":"https:\/\/www.renouvelle.be\/fr\/500-menages-bruxellois-partage-energie\/#primaryimage"},"thumbnailUrl":"https:\/\/www.renouvelle.be\/wp-content\/uploads\/2023\/12\/iStock-1093935162.jpg","articleSection":["Actualit\u00e9 en Belgique"],"inLanguage":"fr-FR"},{"@type":"WebPage","@id":"https:\/\/www.renouvelle.be\/fr\/500-menages-bruxellois-partage-energie\/","url":"https:\/\/www.renouvelle.be\/fr\/500-menages-bruxellois-partage-energie\/","name":"500 m\u00e9nages bruxellois s'impliquent pour le partage d\u2019\u00e9nergie - Renouvelle","isPartOf":{"@id":"https:\/\/www.renouvelle.be\/fr\/#website"},"primaryImageOfPage":{"@id":"https:\/\/www.renouvelle.be\/fr\/500-menages-bruxellois-partage-energie\/#primaryimage"},"image":{"@id":"https:\/\/www.renouvelle.be\/fr\/500-menages-bruxellois-partage-energie\/#primaryimage"},"thumbnailUrl":"https:\/\/www.renouvelle.be\/wp-content\/uploads\/2023\/12\/iStock-1093935162.jpg","datePublished":"2023-12-06T11:12:30+00:00","dateModified":"2023-12-14T08:55:47+00:00","author":{"@id":"https:\/\/www.renouvelle.be\/fr\/#\/schema\/person\/9d743366fb269eeceaa8d60e98d289d3"},"description":"En un an, 500 m\u00e9nages se sont engag\u00e9s dans le partage d'\u00e9nergie \u00e0 Bruxelles. Plusieurs communaut\u00e9s d'\u00e9nergie ont vu le jour.","breadcrumb":{"@id":"https:\/\/www.renouvelle.be\/fr\/500-menages-bruxellois-partage-energie\/#breadcrumb"},"inLanguage":"fr-FR","potentialAction":[{"@type":"ReadAction","target":["https:\/\/www.renouvelle.be\/fr\/500-menages-bruxellois-partage-energie\/"]}]},{"@type":"ImageObject","inLanguage":"fr-FR","@id":"https:\/\/www.renouvelle.be\/fr\/500-menages-bruxellois-partage-energie\/#primaryimage","url":"https:\/\/www.renouvelle.be\/wp-content\/uploads\/2023\/12\/iStock-1093935162.jpg","contentUrl":"https:\/\/www.renouvelle.be\/wp-content\/uploads\/2023\/12\/iStock-1093935162.jpg","width":1254,"height":836,"caption":"People stacking hands together in the park"},{"@type":"BreadcrumbList","@id":"https:\/\/www.renouvelle.be\/fr\/500-menages-bruxellois-partage-energie\/#breadcrumb","itemListElement":[{"@type":"ListItem","position":1,"name":"Accueil","item":"https:\/\/www.renouvelle.be\/fr\/"},{"@type":"ListItem","position":2,"name":"500 m\u00e9nages bruxellois s&rsquo;impliquent pour le partage d\u2019\u00e9nergie"}]},{"@type":"WebSite","@id":"https:\/\/www.renouvelle.be\/fr\/#website","url":"https:\/\/www.renouvelle.be\/fr\/","name":"Renouvelle","description":"L&#039;actualit\u00e9 de l&#039;\u00e9nergie durable","potentialAction":[{"@type":"SearchAction","target":{"@type":"EntryPoint","urlTemplate":"https:\/\/www.renouvelle.be\/fr\/?s={search_term_string}"},"query-input":{"@type":"PropertyValueSpecification","valueRequired":true,"valueName":"search_term_string"}}],"inLanguage":"fr-FR"},{"@type":"Person","@id":"https:\/\/www.renouvelle.be\/fr\/#\/schema\/person\/9d743366fb269eeceaa8d60e98d289d3","name":"Samuel Alves","url":"https:\/\/www.renouvelle.be\/fr\/author\/salves\/"}]}},"_links":{"self":[{"href":"https:\/\/www.renouvelle.be\/fr\/wp-json\/wp\/v2\/posts\/11215","targetHints":{"allow":["GET"]}}],"collection":[{"href":"https:\/\/www.renouvelle.be\/fr\/wp-json\/wp\/v2\/posts"}],"about":[{"href":"https:\/\/www.renouvelle.be\/fr\/wp-json\/wp\/v2\/types\/post"}],"author":[{"embeddable":true,"href":"https:\/\/www.renouvelle.be\/fr\/wp-json\/wp\/v2\/users\/38"}],"replies":[{"embeddable":true,"href":"https:\/\/www.renouvelle.be\/fr\/wp-json\/wp\/v2\/comments?post=11215"}],"version-history":[{"count":13,"href":"https:\/\/www.renouvelle.be\/fr\/wp-json\/wp\/v2\/posts\/11215\/revisions"}],"predecessor-version":[{"id":11360,"href":"https:\/\/www.renouvelle.be\/fr\/wp-json\/wp\/v2\/posts\/11215\/revisions\/11360"}],"wp:featuredmedia":[{"embeddable":true,"href":"https:\/\/www.renouvelle.be\/fr\/wp-json\/wp\/v2\/media\/11219"}],"wp:attachment":[{"href":"https:\/\/www.renouvelle.be\/fr\/wp-json\/wp\/v2\/media?parent=11215"}],"wp:term":[{"taxonomy":"category","embeddable":true,"href":"https:\/\/www.renouvelle.be\/fr\/wp-json\/wp\/v2\/categories?post=11215"},{"taxonomy":"post_tag","embeddable":true,"href":"https:\/\/www.renouvelle.be\/fr\/wp-json\/wp\/v2\/tags?post=11215"},{"taxonomy":"section","embeddable":true,"href":"https:\/\/www.renouvelle.be\/fr\/wp-json\/wp\/v2\/section?post=11215"}],"curies":[{"name":"wp","href":"https:\/\/api.w.org\/{rel}","templated":true}]}}