{"id":11114,"date":"2023-11-29T17:00:18","date_gmt":"2023-11-29T16:00:18","guid":{"rendered":"https:\/\/www.renouvelle.be\/?p=11114"},"modified":"2023-12-18T09:40:09","modified_gmt":"2023-12-18T08:40:09","slug":"la-transition-energetique-se-creuse-la-tete-sur-ses-materiaux","status":"publish","type":"post","link":"https:\/\/www.renouvelle.be\/fr\/la-transition-energetique-se-creuse-la-tete-sur-ses-materiaux\/","title":{"rendered":"La transition \u00e9nerg\u00e9tique se creuse la t\u00eate sur ses mat\u00e9riaux"},"content":{"rendered":"\n<p>La transition \u00e9nerg\u00e9tique est indubitablement en cours, et aujourd\u2019hui, sa n\u00e9cessit\u00e9 est incontestable. Cependant, comme c\u2019est souvent le cas avec tout progr\u00e8s, qu\u2019il rev\u00eate une dimension technologique, \u00e9cologique ou sociale, des clich\u00e9s tenaces persistent et alimentent des appr\u00e9hensions l\u00e9gitimes, notamment en ce qui concerne l\u2019extraction mini\u00e8re li\u00e9e aux \u00e9nergies renouvelables.<\/p>\n\n\n\n<p>Ces craintes risquent pourtant de ralentir l\u2019indispensable transition \u00e9nerg\u00e9tique.<\/p>\n\n\n\n<p>Combien de fois avez-vous entendu qu\u2019il n\u2019y aura pas assez de mat\u00e9riaux disponibles sur Terre pour fabriquer toutes ces technologies n\u00e9cessaires \u00e0 la transition \u00e9nerg\u00e9tique\u00a0? Des personnes clamant que la voiture \u00e9lectrique est pire que la voiture thermique parce qu\u2019elle utilise \u00e9norm\u00e9ment de mat\u00e9riaux dont l\u2019extraction est un d\u00e9sastre environnemental et social\u00a0? Que les technologies renouvelables ne sont en fait pas renouvelables du fait de la non recyclabilit\u00e9 des m\u00e9taux qui les composent\u00a0?<\/p>\n\n\n\n<p>Au cours des prochaines semaines, Renouvelle vous invitera \u00e0 explorer ces id\u00e9es re\u00e7ues sur les mat\u00e9riaux de la transition \u00e9nerg\u00e9tique dans une s\u00e9rie de trois articles. Mais avant \u00e7a&nbsp;: dressons un \u00e9tat des lieux&nbsp;!<\/p>\n\n\n\n<h2 class=\"wp-block-heading\">Un d\u00e9veloppement rapide des \u00e9nergies renouvelables<\/h2>\n\n\n\n<p>Ces derni\u00e8res ann\u00e9es, les \u00e9nergies renouvelables ont connu une \u00e9volution record. L\u2019<a href=\"https:\/\/www.iea.org\/reports\/renewable-energy-market-update-june-2023\/executive-summary\">Agence Internationale de l\u2019Energie<\/a> estime, par exemple, que les ventes de v\u00e9hicules \u00e9lectriques ont grimp\u00e9 de 60% en 2022. Le solaire et l\u2019\u00e9olien ne sont pas en reste avec une augmentation de la capacit\u00e9 renouvelable de 107 gigawatts (GW) \u00e0 l\u2019\u00e9chelle mondiale en 2023. Pour se faire une id\u00e9e, c\u2019est comme si on rajoutait l\u2019\u00e9quivalent de toute la puissance \u00e9lectrique install\u00e9e de l&rsquo;Allemagne et de l&rsquo;Espagne r\u00e9unies.<\/p>\n\n\n\n<h2 class=\"wp-block-heading\">Un impact sur notre demande en m\u00e9taux<\/h2>\n\n\n\n<p>Ce boom du renouvelable est une bonne nouvelle pour la r\u00e9duction de nos \u00e9missions, \u00e0 condition bien s\u00fbr que ces renouvelables viennent se substituer aux \u00e9nergies fossiles et pas s\u2019y rajouter comme c\u2019est le cas actuellement, au niveau mondial. Cependant, elles soul\u00e8vent une s\u00e9rie d\u2019enjeux, li\u00e9s \u00e0 la consommation de ressources min\u00e9rales, qu\u2019elles engendrent. En effet, l\u2019extraction et l\u2019utilisation de mat\u00e9riaux tels que le lithium, le cobalt ou le nickel, bien que cruciaux pour leurs propri\u00e9t\u00e9s physiques dans les technologies vertes, suscitent des questions environnementales, sociales et g\u00e9opolitiques.<\/p>\n\n\n\n<p>Se passer des \u00e9nergies fossiles au profit de l\u2019\u00e9lectrification et des \u00e9nergies renouvelables n\u00e9cessitera, sans aucun doute, l\u2019extraction suppl\u00e9mentaire de certains m\u00e9taux afin de construire les diff\u00e9rentes solutions climatiques n\u00e9cessaires pour d\u00e9carboner notre soci\u00e9t\u00e9. Les panneaux solaires, les \u00e9oliennes et en particulier les voitures \u00e9lectriques demandent g\u00e9n\u00e9ralement davantage de m\u00e9taux \u00e0 fabriquer que leurs homologues aliment\u00e9s par des combustibles fossiles. Par exemple, la construction d\u2019un v\u00e9hicule \u00e9lectrique n\u00e9cessite, en moyenne, six fois plus de ressources min\u00e9rales qu\u2019une voiture conventionnelle, et une \u00e9olienne terrestre requiert neuf fois plus de ressources min\u00e9rales qu\u2019une centrale au gaz pour sa fabrication. Par la suite, nous verrons que si on consid\u00e8re l&rsquo;enti\u00e8ret\u00e9 du cycle de vie de nos \u00e9nergies renouvelables, une \u00e9olienne n\u00e9cessite, en r\u00e9alit\u00e9, bien moins d&rsquo;extraction que leurs cousines fossiles.<\/p>\n\n\n\n<div class=\"wp-block-group is-nowrap is-layout-flex wp-container-core-group-is-layout-ad2f72ca wp-block-group-is-layout-flex\"><div class=\"wp-block-image\">\n<figure data-wp-context=\"{&quot;imageId&quot;:&quot;69f1d8c76dd60&quot;}\" data-wp-interactive=\"core\/image\" data-wp-key=\"69f1d8c76dd60\" class=\"aligncenter size-full wp-lightbox-container\"><img loading=\"lazy\" decoding=\"async\" width=\"946\" height=\"823\" data-wp-class--hide=\"state.isContentHidden\" data-wp-class--show=\"state.isContentVisible\" data-wp-init=\"callbacks.setButtonStyles\" data-wp-on--click=\"actions.showLightbox\" data-wp-on--load=\"callbacks.setButtonStyles\" data-wp-on-window--resize=\"callbacks.setButtonStyles\" src=\"https:\/\/www.renouvelle.be\/wp-content\/uploads\/2023\/11\/Graph1-1.jpg\" alt=\"\" class=\"wp-image-11122\" srcset=\"https:\/\/www.renouvelle.be\/wp-content\/uploads\/2023\/11\/Graph1-1.jpg 946w, https:\/\/www.renouvelle.be\/wp-content\/uploads\/2023\/11\/Graph1-1-300x261.jpg 300w, https:\/\/www.renouvelle.be\/wp-content\/uploads\/2023\/11\/Graph1-1-768x668.jpg 768w\" sizes=\"auto, (max-width: 946px) 100vw, 946px\" \/><button\n\t\t\tclass=\"lightbox-trigger\"\n\t\t\ttype=\"button\"\n\t\t\taria-haspopup=\"dialog\"\n\t\t\taria-label=\"Agrandir\"\n\t\t\tdata-wp-init=\"callbacks.initTriggerButton\"\n\t\t\tdata-wp-on--click=\"actions.showLightbox\"\n\t\t\tdata-wp-style--right=\"state.imageButtonRight\"\n\t\t\tdata-wp-style--top=\"state.imageButtonTop\"\n\t\t>\n\t\t\t<svg xmlns=\"http:\/\/www.w3.org\/2000\/svg\" width=\"12\" height=\"12\" fill=\"none\" viewBox=\"0 0 12 12\">\n\t\t\t\t<path fill=\"#fff\" d=\"M2 0a2 2 0 0 0-2 2v2h1.5V2a.5.5 0 0 1 .5-.5h2V0H2Zm2 10.5H2a.5.5 0 0 1-.5-.5V8H0v2a2 2 0 0 0 2 2h2v-1.5ZM8 12v-1.5h2a.5.5 0 0 0 .5-.5V8H12v2a2 2 0 0 1-2 2H8Zm2-12a2 2 0 0 1 2 2v2h-1.5V2a.5.5 0 0 0-.5-.5H8V0h2Z\" \/>\n\t\t\t<\/svg>\n\t\t<\/button><figcaption class=\"wp-element-caption\">Source : International Energy Agency<\/figcaption><\/figure>\n<\/div>\n\n\n<figure data-wp-context=\"{&quot;imageId&quot;:&quot;69f1d8c76e313&quot;}\" data-wp-interactive=\"core\/image\" data-wp-key=\"69f1d8c76e313\" class=\"wp-block-image size-full wp-lightbox-container\"><img loading=\"lazy\" decoding=\"async\" width=\"895\" height=\"805\" data-wp-class--hide=\"state.isContentHidden\" data-wp-class--show=\"state.isContentVisible\" data-wp-init=\"callbacks.setButtonStyles\" data-wp-on--click=\"actions.showLightbox\" data-wp-on--load=\"callbacks.setButtonStyles\" data-wp-on-window--resize=\"callbacks.setButtonStyles\" src=\"https:\/\/www.renouvelle.be\/wp-content\/uploads\/2023\/11\/Graph2.jpg\" alt=\"\" class=\"wp-image-11124\" srcset=\"https:\/\/www.renouvelle.be\/wp-content\/uploads\/2023\/11\/Graph2.jpg 895w, https:\/\/www.renouvelle.be\/wp-content\/uploads\/2023\/11\/Graph2-300x270.jpg 300w, https:\/\/www.renouvelle.be\/wp-content\/uploads\/2023\/11\/Graph2-768x691.jpg 768w\" sizes=\"auto, (max-width: 895px) 100vw, 895px\" \/><button\n\t\t\tclass=\"lightbox-trigger\"\n\t\t\ttype=\"button\"\n\t\t\taria-haspopup=\"dialog\"\n\t\t\taria-label=\"Agrandir\"\n\t\t\tdata-wp-init=\"callbacks.initTriggerButton\"\n\t\t\tdata-wp-on--click=\"actions.showLightbox\"\n\t\t\tdata-wp-style--right=\"state.imageButtonRight\"\n\t\t\tdata-wp-style--top=\"state.imageButtonTop\"\n\t\t>\n\t\t\t<svg xmlns=\"http:\/\/www.w3.org\/2000\/svg\" width=\"12\" height=\"12\" fill=\"none\" viewBox=\"0 0 12 12\">\n\t\t\t\t<path fill=\"#fff\" d=\"M2 0a2 2 0 0 0-2 2v2h1.5V2a.5.5 0 0 1 .5-.5h2V0H2Zm2 10.5H2a.5.5 0 0 1-.5-.5V8H0v2a2 2 0 0 0 2 2h2v-1.5ZM8 12v-1.5h2a.5.5 0 0 0 .5-.5V8H12v2a2 2 0 0 1-2 2H8Zm2-12a2 2 0 0 1 2 2v2h-1.5V2a.5.5 0 0 0-.5-.5H8V0h2Z\" \/>\n\t\t\t<\/svg>\n\t\t<\/button><figcaption class=\"wp-element-caption\">Source : International Energy Agency<\/figcaption><\/figure>\n<\/div>\n\n\n\n<p>Dans le secteur de l\u2019\u00e9nergie, la demande pour certains m\u00e9taux a explos\u00e9 ces cinq derni\u00e8res ann\u00e9es&nbsp;: trois fois plus pour le lithium, plus de 70% pour le cobalt et plus de 40% pour le nickel. En 2022, la transition \u00e9nerg\u00e9tique repr\u00e9sentait 56% de la demande du lithium (contre 30% il y a 5 ans), 40% de la demande du cobalt (contre 17% auparavant) et 16% du nickel (contre 6%). L&rsquo;industrie automobile s&rsquo;est rapidement impos\u00e9e comme le plus grand consommateur, avec environ 40 % du total. Aujourd\u2019hui, environ 60% du lithium extrait dans le monde est utilis\u00e9 dans les v\u00e9hicules \u00e9lectriques, et cette part est encore amen\u00e9e \u00e0 augmenter dans les prochaines ann\u00e9es.<\/p>\n\n\n\n<p>Il est complexe de pr\u00e9dire l\u2019\u00e9volution de la demande. Les chiffres \u00e9voluent constamment en raison de l\u2019impr\u00e9visibilit\u00e9 des politiques climatiques et des avanc\u00e9es technologiques. Les fabricants cherchent continuellement des alternatives aux mat\u00e9riaux critiques dans leurs technologies, ce qui modifie rapidement les perspectives. La chimie des batteries, par exemple, \u00e9volue pour r\u00e9duire la d\u00e9pendance au cobalt et au nickel, tandis que l\u2019\u00e9olien explore des solutions sans terres rares comme le n\u00e9odyme, et m\u00eame le photovolta\u00efque cherche \u00e0 diversifier son usage du silicium.<\/p>\n\n\n\n<p>Selon diff\u00e9rentes \u00e9tudes, les projections de la demande varient consid\u00e9rablement. Une \u00e9tude de la KULeuven sugg\u00e8re une augmentation significative de la demande de lithium, de dysprosium et de cobalt d\u2019ici 2050.<\/p>\n\n\n<div class=\"wp-block-image\">\n<figure class=\"aligncenter size-large is-resized\"><img loading=\"lazy\" decoding=\"async\" width=\"1024\" height=\"640\" src=\"https:\/\/www.renouvelle.be\/wp-content\/uploads\/2023\/11\/Graph3-1024x640.jpg\" alt=\"\" class=\"wp-image-11128\" style=\"width:672px;height:auto\" srcset=\"https:\/\/www.renouvelle.be\/wp-content\/uploads\/2023\/11\/Graph3-1024x640.jpg 1024w, https:\/\/www.renouvelle.be\/wp-content\/uploads\/2023\/11\/Graph3-300x187.jpg 300w, https:\/\/www.renouvelle.be\/wp-content\/uploads\/2023\/11\/Graph3-768x480.jpg 768w, https:\/\/www.renouvelle.be\/wp-content\/uploads\/2023\/11\/Graph3.jpg 1111w\" sizes=\"auto, (max-width: 1024px) 100vw, 1024px\" \/><figcaption class=\"wp-element-caption\">Source : KU Leuven<\/figcaption><\/figure>\n<\/div>\n\n\n<p>L\u2019Agence Internationale de l\u2019Energie propose des fourchettes larges en fonction de divers sc\u00e9narios, soulignant l\u2019incertitude entourant ces pr\u00e9visions. En fin de compte, il est essentiel de prendre ces estimations avec pr\u00e9caution et de rester attentif aux \u00e9volutions rapides de la technologie et des politiques climatiques.<\/p>\n\n\n<div class=\"wp-block-image\">\n<figure data-wp-context=\"{&quot;imageId&quot;:&quot;69f1d8c76ef5f&quot;}\" data-wp-interactive=\"core\/image\" data-wp-key=\"69f1d8c76ef5f\" class=\"aligncenter size-full is-resized wp-lightbox-container\"><img loading=\"lazy\" decoding=\"async\" width=\"909\" height=\"817\" data-wp-class--hide=\"state.isContentHidden\" data-wp-class--show=\"state.isContentVisible\" data-wp-init=\"callbacks.setButtonStyles\" data-wp-on--click=\"actions.showLightbox\" data-wp-on--load=\"callbacks.setButtonStyles\" data-wp-on-window--resize=\"callbacks.setButtonStyles\" src=\"https:\/\/www.renouvelle.be\/wp-content\/uploads\/2023\/11\/Graph4.jpg\" alt=\"\" class=\"wp-image-11132\" style=\"width:428px;height:auto\" srcset=\"https:\/\/www.renouvelle.be\/wp-content\/uploads\/2023\/11\/Graph4.jpg 909w, https:\/\/www.renouvelle.be\/wp-content\/uploads\/2023\/11\/Graph4-300x270.jpg 300w, https:\/\/www.renouvelle.be\/wp-content\/uploads\/2023\/11\/Graph4-768x690.jpg 768w\" sizes=\"auto, (max-width: 909px) 100vw, 909px\" \/><button\n\t\t\tclass=\"lightbox-trigger\"\n\t\t\ttype=\"button\"\n\t\t\taria-haspopup=\"dialog\"\n\t\t\taria-label=\"Agrandir\"\n\t\t\tdata-wp-init=\"callbacks.initTriggerButton\"\n\t\t\tdata-wp-on--click=\"actions.showLightbox\"\n\t\t\tdata-wp-style--right=\"state.imageButtonRight\"\n\t\t\tdata-wp-style--top=\"state.imageButtonTop\"\n\t\t>\n\t\t\t<svg xmlns=\"http:\/\/www.w3.org\/2000\/svg\" width=\"12\" height=\"12\" fill=\"none\" viewBox=\"0 0 12 12\">\n\t\t\t\t<path fill=\"#fff\" d=\"M2 0a2 2 0 0 0-2 2v2h1.5V2a.5.5 0 0 1 .5-.5h2V0H2Zm2 10.5H2a.5.5 0 0 1-.5-.5V8H0v2a2 2 0 0 0 2 2h2v-1.5ZM8 12v-1.5h2a.5.5 0 0 0 .5-.5V8H12v2a2 2 0 0 1-2 2H8Zm2-12a2 2 0 0 1 2 2v2h-1.5V2a.5.5 0 0 0-.5-.5H8V0h2Z\" \/>\n\t\t\t<\/svg>\n\t\t<\/button><figcaption class=\"wp-element-caption\">Source : International Energy Agency<\/figcaption><\/figure>\n<\/div>\n\n\n<p>Quelles que soient les projections retenues, il est incontestable que nos besoins en m\u00e9taux connaitront une augmentation substantielle dans tous les sc\u00e9narios, principalement en raison de la demande croissante li\u00e9e aux v\u00e9hicules \u00e9lectriques, aux batteries, et \u00e0 une contribution significative aux r\u00e9seaux \u00e9lectriques. L\u2019association Negawatt projette qu\u2019en 2040, la consommation annuelle du lithium pour les seuls v\u00e9hicules \u00e9lectriques pourrait atteindre 8 fois la production mini\u00e8re mondiale actuelle. Simon Michaux, ing\u00e9nieur minier et professeur \u00e0 l\u2019Institut g\u00e9ologique de Finlande, a calcul\u00e9 r\u00e9cemment que l\u2019\u00e9lectrification des 1,4 milliard de voitures en circulation n\u00e9cessiterait l\u2019\u00e9quivalent de 156 fois la production mondiale actuelle de lithium, 51 fois celle de cobalt, 119 celle de graphite, et plus de deux fois et demie celle de cuivre.<\/p>\n\n\n\n<p>La transition \u00e9nerg\u00e9tique est donc destin\u00e9e \u00e0 devenir une composante de plus en plus pr\u00e9pond\u00e9rante dans notre consommation de m\u00e9taux, soulevant ainsi un ensemble de questions et d\u2019inqui\u00e9tudes, tant sur le plan environnemental que social. Une r\u00e9flexion est aujourd\u2019hui au c\u0153ur du d\u00e9bat public, suscitant \u00e9galement son lot de mythes et de fantasmes.<\/p>\n\n\n\n<p>Dans le premier article de notre s\u00e9rie, nous irons creuser au c\u0153ur des technologies vertes pour y explorer ce qui s\u2019y cache vraiment&nbsp;!<\/p>\n","protected":false},"excerpt":{"rendered":"<p>La transition \u00e9nerg\u00e9tique est indubitablement en cours, et aujourd\u2019hui, sa n\u00e9cessit\u00e9 est incontestable. Cependant, comme c\u2019est souvent le cas avec tout progr\u00e8s, qu\u2019il rev\u00eate une dimension technologique, \u00e9cologique ou sociale, des clich\u00e9s tenaces persistent et alimentent des appr\u00e9hensions l\u00e9gitimes, notamment en ce qui concerne l\u2019extraction mini\u00e8re li\u00e9e aux \u00e9nergies renouvelables. Ces craintes risquent pourtant de ralentir l\u2019indispensable transition \u00e9nerg\u00e9tique. Combien de fois avez-vous entendu qu\u2019il n\u2019y aura pas assez de mat\u00e9riaux disponibles sur Terre pour fabriquer toutes ces technologies n\u00e9cessaires \u00e0 la transition \u00e9nerg\u00e9tique\u00a0? Des personnes clamant que la voiture \u00e9lectrique est pire que la voiture thermique parce qu\u2019elle utilise \u00e9norm\u00e9ment de mat\u00e9riaux dont l\u2019extraction est un d\u00e9sastre environnemental et social\u00a0? Que les technologies renouvelables ne sont en fait pas renouvelables du fait de la non recyclabilit\u00e9 des m\u00e9taux qui les composent\u00a0? Au cours des prochaines semaines, Renouvelle vous invitera \u00e0 explorer ces id\u00e9es re\u00e7ues sur les mat\u00e9riaux de la transition \u00e9nerg\u00e9tique dans une s\u00e9rie de trois articles. Mais avant \u00e7a&nbsp;: dressons un \u00e9tat des lieux&nbsp;! Un d\u00e9veloppement rapide des \u00e9nergies renouvelables Ces derni\u00e8res ann\u00e9es, les \u00e9nergies renouvelables ont connu une \u00e9volution record. L\u2019Agence Internationale de l\u2019Energie estime, par exemple, que les ventes de v\u00e9hicules \u00e9lectriques ont grimp\u00e9 de 60% en 2022. Le solaire et l\u2019\u00e9olien ne sont pas en reste avec une augmentation de la capacit\u00e9 renouvelable de 107 gigawatts (GW) \u00e0 l\u2019\u00e9chelle mondiale en 2023. Pour se faire une id\u00e9e, c\u2019est comme si on rajoutait l\u2019\u00e9quivalent de toute la puissance \u00e9lectrique install\u00e9e de l&rsquo;Allemagne et de l&rsquo;Espagne r\u00e9unies. Un impact sur notre demande en m\u00e9taux Ce boom du renouvelable est une bonne nouvelle pour la r\u00e9duction de nos \u00e9missions, \u00e0 condition bien s\u00fbr que ces renouvelables viennent se substituer aux \u00e9nergies fossiles et pas s\u2019y rajouter comme c\u2019est &hellip; <a href=\"https:\/\/www.renouvelle.be\/fr\/la-transition-energetique-se-creuse-la-tete-sur-ses-materiaux\/\" class=\"more-link\">Continue reading<span class=\"screen-reader-text\"> \u00ab\u00a0La transition \u00e9nerg\u00e9tique se creuse la t\u00eate sur ses mat\u00e9riaux\u00a0\u00bb<\/span><\/a><\/p>\n","protected":false},"author":39,"featured_media":11115,"comment_status":"closed","ping_status":"closed","sticky":false,"template":"","format":"standard","meta":{"_acf_changed":false,"footnotes":""},"categories":[63],"tags":[],"section":[8],"class_list":["post-11114","post","type-post","status-publish","format-standard","has-post-thumbnail","hentry","category-analyses","section-energie-renouvelables"],"acf":[],"yoast_head":"<!-- This site is optimized with the Yoast SEO plugin v27.5 - https:\/\/yoast.com\/product\/yoast-seo-wordpress\/ -->\n<title>La transition \u00e9nerg\u00e9tique se creuse la t\u00eate sur ses mat\u00e9riaux - Renouvelle<\/title>\n<meta name=\"description\" content=\"Les mat\u00e9riaux de la transition \u00e9nerg\u00e9tique g\u00e9n\u00e8rent beaucoup d&#039;id\u00e9es re\u00e7ues. Renouvelle vous propose d&#039;explorer la r\u00e9alit\u00e9 de ces clich\u00e9s.\" \/>\n<meta name=\"robots\" content=\"index, follow, max-snippet:-1, max-image-preview:large, max-video-preview:-1\" \/>\n<link rel=\"canonical\" href=\"https:\/\/www.renouvelle.be\/fr\/la-transition-energetique-se-creuse-la-tete-sur-ses-materiaux\/\" \/>\n<meta property=\"og:locale\" content=\"fr_FR\" \/>\n<meta property=\"og:type\" content=\"article\" \/>\n<meta property=\"og:title\" content=\"La transition \u00e9nerg\u00e9tique se creuse la t\u00eate sur ses mat\u00e9riaux - Renouvelle\" \/>\n<meta property=\"og:description\" content=\"Les mat\u00e9riaux de la transition \u00e9nerg\u00e9tique g\u00e9n\u00e8rent beaucoup d&#039;id\u00e9es re\u00e7ues. Renouvelle vous propose d&#039;explorer la r\u00e9alit\u00e9 de ces clich\u00e9s.\" \/>\n<meta property=\"og:url\" content=\"https:\/\/www.renouvelle.be\/fr\/la-transition-energetique-se-creuse-la-tete-sur-ses-materiaux\/\" \/>\n<meta property=\"og:site_name\" content=\"Renouvelle\" \/>\n<meta property=\"article:published_time\" content=\"2023-11-29T16:00:18+00:00\" \/>\n<meta property=\"article:modified_time\" content=\"2023-12-18T08:40:09+00:00\" \/>\n<meta property=\"og:image\" content=\"https:\/\/www.renouvelle.be\/wp-content\/uploads\/2023\/11\/iStock-1352973595.jpg\" \/>\n\t<meta property=\"og:image:width\" content=\"1254\" \/>\n\t<meta property=\"og:image:height\" content=\"837\" \/>\n\t<meta property=\"og:image:type\" content=\"image\/jpeg\" \/>\n<meta name=\"author\" content=\"Nicolas Hubert\" \/>\n<meta name=\"twitter:card\" content=\"summary_large_image\" \/>\n<script type=\"application\/ld+json\" class=\"yoast-schema-graph\">{\"@context\":\"https:\\\/\\\/schema.org\",\"@graph\":[{\"@type\":\"Article\",\"@id\":\"https:\\\/\\\/www.renouvelle.be\\\/fr\\\/la-transition-energetique-se-creuse-la-tete-sur-ses-materiaux\\\/#article\",\"isPartOf\":{\"@id\":\"https:\\\/\\\/www.renouvelle.be\\\/fr\\\/la-transition-energetique-se-creuse-la-tete-sur-ses-materiaux\\\/\"},\"author\":{\"name\":\"Nicolas Hubert\",\"@id\":\"https:\\\/\\\/www.renouvelle.be\\\/fr\\\/#\\\/schema\\\/person\\\/2f8776071d07c029365db2eee4a0d3cf\"},\"headline\":\"La transition \u00e9nerg\u00e9tique se creuse la t\u00eate sur ses mat\u00e9riaux\",\"datePublished\":\"2023-11-29T16:00:18+00:00\",\"dateModified\":\"2023-12-18T08:40:09+00:00\",\"mainEntityOfPage\":{\"@id\":\"https:\\\/\\\/www.renouvelle.be\\\/fr\\\/la-transition-energetique-se-creuse-la-tete-sur-ses-materiaux\\\/\"},\"wordCount\":1088,\"image\":{\"@id\":\"https:\\\/\\\/www.renouvelle.be\\\/fr\\\/la-transition-energetique-se-creuse-la-tete-sur-ses-materiaux\\\/#primaryimage\"},\"thumbnailUrl\":\"https:\\\/\\\/www.renouvelle.be\\\/wp-content\\\/uploads\\\/2023\\\/11\\\/iStock-1352973595.jpg\",\"articleSection\":[\"Analyses\"],\"inLanguage\":\"fr-FR\"},{\"@type\":\"WebPage\",\"@id\":\"https:\\\/\\\/www.renouvelle.be\\\/fr\\\/la-transition-energetique-se-creuse-la-tete-sur-ses-materiaux\\\/\",\"url\":\"https:\\\/\\\/www.renouvelle.be\\\/fr\\\/la-transition-energetique-se-creuse-la-tete-sur-ses-materiaux\\\/\",\"name\":\"La transition \u00e9nerg\u00e9tique se creuse la t\u00eate sur ses mat\u00e9riaux - Renouvelle\",\"isPartOf\":{\"@id\":\"https:\\\/\\\/www.renouvelle.be\\\/fr\\\/#website\"},\"primaryImageOfPage\":{\"@id\":\"https:\\\/\\\/www.renouvelle.be\\\/fr\\\/la-transition-energetique-se-creuse-la-tete-sur-ses-materiaux\\\/#primaryimage\"},\"image\":{\"@id\":\"https:\\\/\\\/www.renouvelle.be\\\/fr\\\/la-transition-energetique-se-creuse-la-tete-sur-ses-materiaux\\\/#primaryimage\"},\"thumbnailUrl\":\"https:\\\/\\\/www.renouvelle.be\\\/wp-content\\\/uploads\\\/2023\\\/11\\\/iStock-1352973595.jpg\",\"datePublished\":\"2023-11-29T16:00:18+00:00\",\"dateModified\":\"2023-12-18T08:40:09+00:00\",\"author\":{\"@id\":\"https:\\\/\\\/www.renouvelle.be\\\/fr\\\/#\\\/schema\\\/person\\\/2f8776071d07c029365db2eee4a0d3cf\"},\"description\":\"Les mat\u00e9riaux de la transition \u00e9nerg\u00e9tique g\u00e9n\u00e8rent beaucoup d'id\u00e9es re\u00e7ues. Renouvelle vous propose d'explorer la r\u00e9alit\u00e9 de ces clich\u00e9s.\",\"breadcrumb\":{\"@id\":\"https:\\\/\\\/www.renouvelle.be\\\/fr\\\/la-transition-energetique-se-creuse-la-tete-sur-ses-materiaux\\\/#breadcrumb\"},\"inLanguage\":\"fr-FR\",\"potentialAction\":[{\"@type\":\"ReadAction\",\"target\":[\"https:\\\/\\\/www.renouvelle.be\\\/fr\\\/la-transition-energetique-se-creuse-la-tete-sur-ses-materiaux\\\/\"]}]},{\"@type\":\"ImageObject\",\"inLanguage\":\"fr-FR\",\"@id\":\"https:\\\/\\\/www.renouvelle.be\\\/fr\\\/la-transition-energetique-se-creuse-la-tete-sur-ses-materiaux\\\/#primaryimage\",\"url\":\"https:\\\/\\\/www.renouvelle.be\\\/wp-content\\\/uploads\\\/2023\\\/11\\\/iStock-1352973595.jpg\",\"contentUrl\":\"https:\\\/\\\/www.renouvelle.be\\\/wp-content\\\/uploads\\\/2023\\\/11\\\/iStock-1352973595.jpg\",\"width\":1254,\"height\":837,\"caption\":\"Massive Sulfide Nickel Ore Rock\"},{\"@type\":\"BreadcrumbList\",\"@id\":\"https:\\\/\\\/www.renouvelle.be\\\/fr\\\/la-transition-energetique-se-creuse-la-tete-sur-ses-materiaux\\\/#breadcrumb\",\"itemListElement\":[{\"@type\":\"ListItem\",\"position\":1,\"name\":\"Accueil\",\"item\":\"https:\\\/\\\/www.renouvelle.be\\\/fr\\\/\"},{\"@type\":\"ListItem\",\"position\":2,\"name\":\"La transition \u00e9nerg\u00e9tique se creuse la t\u00eate sur ses mat\u00e9riaux\"}]},{\"@type\":\"WebSite\",\"@id\":\"https:\\\/\\\/www.renouvelle.be\\\/fr\\\/#website\",\"url\":\"https:\\\/\\\/www.renouvelle.be\\\/fr\\\/\",\"name\":\"Renouvelle\",\"description\":\"L&#039;actualit\u00e9 de l&#039;\u00e9nergie durable\",\"potentialAction\":[{\"@type\":\"SearchAction\",\"target\":{\"@type\":\"EntryPoint\",\"urlTemplate\":\"https:\\\/\\\/www.renouvelle.be\\\/fr\\\/?s={search_term_string}\"},\"query-input\":{\"@type\":\"PropertyValueSpecification\",\"valueRequired\":true,\"valueName\":\"search_term_string\"}}],\"inLanguage\":\"fr-FR\"},{\"@type\":\"Person\",\"@id\":\"https:\\\/\\\/www.renouvelle.be\\\/fr\\\/#\\\/schema\\\/person\\\/2f8776071d07c029365db2eee4a0d3cf\",\"name\":\"Nicolas Hubert\",\"url\":\"https:\\\/\\\/www.renouvelle.be\\\/fr\\\/author\\\/nhubert\\\/\"}]}<\/script>\n<!-- \/ Yoast SEO plugin. -->","yoast_head_json":{"title":"La transition \u00e9nerg\u00e9tique se creuse la t\u00eate sur ses mat\u00e9riaux - Renouvelle","description":"Les mat\u00e9riaux de la transition \u00e9nerg\u00e9tique g\u00e9n\u00e8rent beaucoup d'id\u00e9es re\u00e7ues. Renouvelle vous propose d'explorer la r\u00e9alit\u00e9 de ces clich\u00e9s.","robots":{"index":"index","follow":"follow","max-snippet":"max-snippet:-1","max-image-preview":"max-image-preview:large","max-video-preview":"max-video-preview:-1"},"canonical":"https:\/\/www.renouvelle.be\/fr\/la-transition-energetique-se-creuse-la-tete-sur-ses-materiaux\/","og_locale":"fr_FR","og_type":"article","og_title":"La transition \u00e9nerg\u00e9tique se creuse la t\u00eate sur ses mat\u00e9riaux - Renouvelle","og_description":"Les mat\u00e9riaux de la transition \u00e9nerg\u00e9tique g\u00e9n\u00e8rent beaucoup d'id\u00e9es re\u00e7ues. Renouvelle vous propose d'explorer la r\u00e9alit\u00e9 de ces clich\u00e9s.","og_url":"https:\/\/www.renouvelle.be\/fr\/la-transition-energetique-se-creuse-la-tete-sur-ses-materiaux\/","og_site_name":"Renouvelle","article_published_time":"2023-11-29T16:00:18+00:00","article_modified_time":"2023-12-18T08:40:09+00:00","og_image":[{"width":1254,"height":837,"url":"https:\/\/www.renouvelle.be\/wp-content\/uploads\/2023\/11\/iStock-1352973595.jpg","type":"image\/jpeg"}],"author":"Nicolas Hubert","twitter_card":"summary_large_image","schema":{"@context":"https:\/\/schema.org","@graph":[{"@type":"Article","@id":"https:\/\/www.renouvelle.be\/fr\/la-transition-energetique-se-creuse-la-tete-sur-ses-materiaux\/#article","isPartOf":{"@id":"https:\/\/www.renouvelle.be\/fr\/la-transition-energetique-se-creuse-la-tete-sur-ses-materiaux\/"},"author":{"name":"Nicolas Hubert","@id":"https:\/\/www.renouvelle.be\/fr\/#\/schema\/person\/2f8776071d07c029365db2eee4a0d3cf"},"headline":"La transition \u00e9nerg\u00e9tique se creuse la t\u00eate sur ses mat\u00e9riaux","datePublished":"2023-11-29T16:00:18+00:00","dateModified":"2023-12-18T08:40:09+00:00","mainEntityOfPage":{"@id":"https:\/\/www.renouvelle.be\/fr\/la-transition-energetique-se-creuse-la-tete-sur-ses-materiaux\/"},"wordCount":1088,"image":{"@id":"https:\/\/www.renouvelle.be\/fr\/la-transition-energetique-se-creuse-la-tete-sur-ses-materiaux\/#primaryimage"},"thumbnailUrl":"https:\/\/www.renouvelle.be\/wp-content\/uploads\/2023\/11\/iStock-1352973595.jpg","articleSection":["Analyses"],"inLanguage":"fr-FR"},{"@type":"WebPage","@id":"https:\/\/www.renouvelle.be\/fr\/la-transition-energetique-se-creuse-la-tete-sur-ses-materiaux\/","url":"https:\/\/www.renouvelle.be\/fr\/la-transition-energetique-se-creuse-la-tete-sur-ses-materiaux\/","name":"La transition \u00e9nerg\u00e9tique se creuse la t\u00eate sur ses mat\u00e9riaux - Renouvelle","isPartOf":{"@id":"https:\/\/www.renouvelle.be\/fr\/#website"},"primaryImageOfPage":{"@id":"https:\/\/www.renouvelle.be\/fr\/la-transition-energetique-se-creuse-la-tete-sur-ses-materiaux\/#primaryimage"},"image":{"@id":"https:\/\/www.renouvelle.be\/fr\/la-transition-energetique-se-creuse-la-tete-sur-ses-materiaux\/#primaryimage"},"thumbnailUrl":"https:\/\/www.renouvelle.be\/wp-content\/uploads\/2023\/11\/iStock-1352973595.jpg","datePublished":"2023-11-29T16:00:18+00:00","dateModified":"2023-12-18T08:40:09+00:00","author":{"@id":"https:\/\/www.renouvelle.be\/fr\/#\/schema\/person\/2f8776071d07c029365db2eee4a0d3cf"},"description":"Les mat\u00e9riaux de la transition \u00e9nerg\u00e9tique g\u00e9n\u00e8rent beaucoup d'id\u00e9es re\u00e7ues. Renouvelle vous propose d'explorer la r\u00e9alit\u00e9 de ces clich\u00e9s.","breadcrumb":{"@id":"https:\/\/www.renouvelle.be\/fr\/la-transition-energetique-se-creuse-la-tete-sur-ses-materiaux\/#breadcrumb"},"inLanguage":"fr-FR","potentialAction":[{"@type":"ReadAction","target":["https:\/\/www.renouvelle.be\/fr\/la-transition-energetique-se-creuse-la-tete-sur-ses-materiaux\/"]}]},{"@type":"ImageObject","inLanguage":"fr-FR","@id":"https:\/\/www.renouvelle.be\/fr\/la-transition-energetique-se-creuse-la-tete-sur-ses-materiaux\/#primaryimage","url":"https:\/\/www.renouvelle.be\/wp-content\/uploads\/2023\/11\/iStock-1352973595.jpg","contentUrl":"https:\/\/www.renouvelle.be\/wp-content\/uploads\/2023\/11\/iStock-1352973595.jpg","width":1254,"height":837,"caption":"Massive Sulfide Nickel Ore Rock"},{"@type":"BreadcrumbList","@id":"https:\/\/www.renouvelle.be\/fr\/la-transition-energetique-se-creuse-la-tete-sur-ses-materiaux\/#breadcrumb","itemListElement":[{"@type":"ListItem","position":1,"name":"Accueil","item":"https:\/\/www.renouvelle.be\/fr\/"},{"@type":"ListItem","position":2,"name":"La transition \u00e9nerg\u00e9tique se creuse la t\u00eate sur ses mat\u00e9riaux"}]},{"@type":"WebSite","@id":"https:\/\/www.renouvelle.be\/fr\/#website","url":"https:\/\/www.renouvelle.be\/fr\/","name":"Renouvelle","description":"L&#039;actualit\u00e9 de l&#039;\u00e9nergie durable","potentialAction":[{"@type":"SearchAction","target":{"@type":"EntryPoint","urlTemplate":"https:\/\/www.renouvelle.be\/fr\/?s={search_term_string}"},"query-input":{"@type":"PropertyValueSpecification","valueRequired":true,"valueName":"search_term_string"}}],"inLanguage":"fr-FR"},{"@type":"Person","@id":"https:\/\/www.renouvelle.be\/fr\/#\/schema\/person\/2f8776071d07c029365db2eee4a0d3cf","name":"Nicolas Hubert","url":"https:\/\/www.renouvelle.be\/fr\/author\/nhubert\/"}]}},"_links":{"self":[{"href":"https:\/\/www.renouvelle.be\/fr\/wp-json\/wp\/v2\/posts\/11114","targetHints":{"allow":["GET"]}}],"collection":[{"href":"https:\/\/www.renouvelle.be\/fr\/wp-json\/wp\/v2\/posts"}],"about":[{"href":"https:\/\/www.renouvelle.be\/fr\/wp-json\/wp\/v2\/types\/post"}],"author":[{"embeddable":true,"href":"https:\/\/www.renouvelle.be\/fr\/wp-json\/wp\/v2\/users\/39"}],"replies":[{"embeddable":true,"href":"https:\/\/www.renouvelle.be\/fr\/wp-json\/wp\/v2\/comments?post=11114"}],"version-history":[{"count":23,"href":"https:\/\/www.renouvelle.be\/fr\/wp-json\/wp\/v2\/posts\/11114\/revisions"}],"predecessor-version":[{"id":11172,"href":"https:\/\/www.renouvelle.be\/fr\/wp-json\/wp\/v2\/posts\/11114\/revisions\/11172"}],"wp:featuredmedia":[{"embeddable":true,"href":"https:\/\/www.renouvelle.be\/fr\/wp-json\/wp\/v2\/media\/11115"}],"wp:attachment":[{"href":"https:\/\/www.renouvelle.be\/fr\/wp-json\/wp\/v2\/media?parent=11114"}],"wp:term":[{"taxonomy":"category","embeddable":true,"href":"https:\/\/www.renouvelle.be\/fr\/wp-json\/wp\/v2\/categories?post=11114"},{"taxonomy":"post_tag","embeddable":true,"href":"https:\/\/www.renouvelle.be\/fr\/wp-json\/wp\/v2\/tags?post=11114"},{"taxonomy":"section","embeddable":true,"href":"https:\/\/www.renouvelle.be\/fr\/wp-json\/wp\/v2\/section?post=11114"}],"curies":[{"name":"wp","href":"https:\/\/api.w.org\/{rel}","templated":true}]}}