{"id":10984,"date":"2023-11-22T17:14:45","date_gmt":"2023-11-22T16:14:45","guid":{"rendered":"https:\/\/www.renouvelle.be\/?p=10984"},"modified":"2023-11-22T17:14:48","modified_gmt":"2023-11-22T16:14:48","slug":"la-sobriete-au-dela-de-energie-yamina-saheb","status":"publish","type":"post","link":"https:\/\/www.renouvelle.be\/fr\/la-sobriete-au-dela-de-energie-yamina-saheb\/","title":{"rendered":"La sobri\u00e9t\u00e9 \u00e9nerg\u00e9tique, retour \u00e0 l&rsquo;\u00e2ge de pierre ? Pas pour Yamina Saheb."},"content":{"rendered":"\n<p>Ing\u00e9nieure en b\u00e2timent et docteure en \u00e9nergie, enseignante \u00e0 Sciences Po Paris, Yamina Saheb est l\u2019une des autrices du troisi\u00e8me volet du rapport du\u00a0<a href=\"https:\/\/www.ouest-france.fr\/environnement\/rechauffement-climatique\/mais-au-fait-c-est-quoi-le-giec-ad293e3e-64d1-11ed-921e-4ba615c3f69c\" target=\"_blank\" rel=\"noreferrer noopener\">Groupe d\u2019experts intergouvernemental sur l\u2019\u00e9volution du climat<\/a>\u00a0(GIEC), consacr\u00e9 \u00e0 la r\u00e9duction des \u00e9missions de gaz \u00e0 effet de serre, paru en 2022. Elle a travaill\u00e9 sur le chapitre consacr\u00e9 au secteur du b\u00e2timent. Devant un public majoritairement compos\u00e9 d\u2019\u00e9tudiants, l\u2019experte a transmis un vigoureux plaidoyer en faveur d\u2019une sobri\u00e9t\u00e9 appliqu\u00e9e \u00e0 tous les domaines \u201cde notre vie quotidienne\u201d.<\/p>\n\n\n\n<h2 class=\"wp-block-heading\"><strong>Se mobiliser pour un monde vivable<\/strong><\/h2>\n\n\n\n<p>Selon Yamina Saheb, la sobri\u00e9t\u00e9 est un concept encore trop m\u00e9connu de la population et m\u00eame des experts du climat. Il s\u2019agit pourtant d\u2019un des leviers les plus importants si l\u2019on veut s\u2019inscrire dans les accords de Paris pour limiter le r\u00e9chauffement de la temp\u00e9rature entre 1,5\u00b0C et 2\u00b0C par rapport \u00e0 l\u2019\u00e8re pr\u00e9-industrielle. L\u2019experte du GIEC rappelle qu\u2019actuellement on se dirige plut\u00f4t vers une augmentation de 3\u00b0C pour l\u2019ensemble de la plan\u00e8te et m\u00eame de 4\u00b0C pour l\u2019Europe \u00e0 la fin de ce si\u00e8cle. Un tel r\u00e9chauffement rendrait la vie humaine carr\u00e9ment impossible dans certaines r\u00e9gions. Yamina Saheb puise dans ce constat catastrophiste l\u2019\u00e9nergie pour lutter en faveur d\u2019un changement radical de mod\u00e8le, pour op\u00e9rer non pas une transition mais une transformation, une m\u00e9tamorphose de notre soci\u00e9t\u00e9. La bonne nouvelle, car il y en a aussi, c\u2019est que la sobri\u00e9t\u00e9 ne signifie pas n\u00e9cessairement un avenir morose, un retour en arri\u00e8re \u00e0 l\u2019\u00e2ge de la bougie.<\/p>\n\n\n\n<h2 class=\"wp-block-heading\"><strong>Les 4 piliers de la sobri\u00e9t\u00e9<\/strong><\/h2>\n\n\n\n<p>Pour le GIEC, ce concept de sobri\u00e9t\u00e9 repose sur 4 piliers dont le premier est le politique. Car ce sont les politiques publiques qui d\u00e9clenchent l\u2019\u00e9volution des normes sociales, comme on peut le voir pour la pratique du v\u00e9lo : c\u2019est gr\u00e2ce \u00e0 une bonne signalisation et \u00e0 des pistes cyclables qu\u2019on pourra la favoriser.&nbsp;Selon l\u2019experte, on ne peut mettre sur les citoyens toute la charge mentale de la transformation du syst\u00e8me. En effet, les citoyens sont \u00ab&nbsp;enferm\u00e9s&nbsp;\u00bb dans les solutions techniques propos\u00e9es par l\u2019industrie et autoris\u00e9es par le politique.<\/p>\n\n\n\n<p>Le deuxi\u00e8me pilier \u00e9nonce que la sobri\u00e9t\u00e9 concerne toutes les ressources naturelles&nbsp;: il faut \u00e9viter en amont l\u2019utilisation d\u2019\u00e9nergie, de mat\u00e9riaux, de sols, d\u2019eau, donc cela d\u00e9passe de loin la sobri\u00e9t\u00e9 \u00e9nerg\u00e9tique, m\u00eame si l\u2019\u00e9nergie est pr\u00e9sente \u00e0 chaque fois que l\u2019on extrait une mati\u00e8re premi\u00e8re et qu\u2019on la transforme.<\/p>\n\n\n\n<p>Le troisi\u00e8me pilier de la sobri\u00e9t\u00e9 repose sur la garantie du bien-\u00eatre pour toutes et tous. Il est indispensable de ne pas confondre sobri\u00e9t\u00e9 et pr\u00e9carit\u00e9 et de s\u2019assurer que les mesures politiques ne plongent pas certaines personnes dans la mis\u00e8re. La sobri\u00e9t\u00e9 doit donc \u00eatre mise en place en offrant une vie d\u00e9cente pour chacun.<\/p>\n\n\n\n<p>Le quatri\u00e8me pilier pr\u00e9conise de respecter toutes les limites plan\u00e9taires, qui d\u00e9passent de loin le changement climatique caus\u00e9 par les \u00e9missions de gaz \u00e0 effet de serre. Si on s\u2019enferme dans le budget carbone, on risque de d\u00e9laisser d\u2019autres probl\u00e8mes, comme celui de l\u2019eau ou de la pollution chimique.<\/p>\n\n\n\n<figure class=\"wp-block-image size-large\"><img loading=\"lazy\" decoding=\"async\" width=\"1024\" height=\"549\" src=\"https:\/\/www.renouvelle.be\/wp-content\/uploads\/2023\/11\/iStock-668218790-1024x549.jpg\" alt=\"\" class=\"wp-image-10993\" srcset=\"https:\/\/www.renouvelle.be\/wp-content\/uploads\/2023\/11\/iStock-668218790-1024x549.jpg 1024w, https:\/\/www.renouvelle.be\/wp-content\/uploads\/2023\/11\/iStock-668218790-300x161.jpg 300w, https:\/\/www.renouvelle.be\/wp-content\/uploads\/2023\/11\/iStock-668218790-768x411.jpg 768w, https:\/\/www.renouvelle.be\/wp-content\/uploads\/2023\/11\/iStock-668218790-1536x823.jpg 1536w, https:\/\/www.renouvelle.be\/wp-content\/uploads\/2023\/11\/iStock-668218790-2048x1097.jpg 2048w, https:\/\/www.renouvelle.be\/wp-content\/uploads\/2023\/11\/iStock-668218790-1200x643.jpg 1200w\" sizes=\"auto, (max-width: 1024px) 100vw, 1024px\" \/><\/figure>\n\n\n\n<h2 class=\"wp-block-heading\"><strong>Quelles politiques mettre en place&nbsp;?<\/strong><\/h2>\n\n\n\n<p>Dans le logement, il faudrait selon Yamina Saheb prioriser la r\u00e9habilitation de logements non occup\u00e9s et construire l\u00e0 o\u00f9 il existe d\u00e9j\u00e0 des services pour la population plut\u00f4t que sur de nouvelles parcelles. Dans le transport, elle recommande de privil\u00e9gier la mobilit\u00e9 douce et les transports en commun. La semaine de 4 jours est aussi un exemple de sobri\u00e9t\u00e9 qui permet d\u2019\u00e9viter beaucoup de d\u00e9placements. Ce ne sont que quelques exemples parmi bien d\u2019autres \u00e0 d\u00e9battre et \u00e0 mettre en place de mani\u00e8re adapt\u00e9e aux situations locales.<\/p>\n\n\n\n<h2 class=\"wp-block-heading\"><strong>Pour une croissance non polluante<\/strong><\/h2>\n\n\n\n<p>Selon Yamina Saheb, il n\u2019y a pas de lien automatique entre sobri\u00e9t\u00e9 et d\u00e9croissance. En fait, aucune \u00e9tude ne permet de l\u2019affirmer. Si on prend le sc\u00e9nario sobre (\u2018g\u00e9n\u00e9ration frugale\u2019) pr\u00e9vu par l\u2019<a href=\"https:\/\/www.ademe.fr\/les-futurs-en-transition\/les-scenarios\/\" target=\"_blank\" rel=\"noreferrer noopener\">ADEME<\/a> pour la France, on voit que cette politique n\u2019entrainerait pas de r\u00e9cession, juste une baisse de 0,1 \u00e0 0,2% du PIB pendant les premi\u00e8res ann\u00e9es. Ensuite, on assisterait \u00e0 une autre forme de croissance non plus bas\u00e9e sur les \u00e9nergies fossiles et sur la pollution mais sur d\u2019autres valeurs. Il faut sortir de l\u2019id\u00e9e que l\u2019accumulation de biens mat\u00e9riels est la seule mani\u00e8re d\u2019\u00eatre heureux, cela n\u00e9cessite donc un changement culturel.<\/p>\n\n\n\n<h2 class=\"wp-block-heading\"><strong>Ne plus attendre pour franchir le pas<\/strong><\/h2>\n\n\n\n<p>La France est le premier pays occidental \u00e0 avoir adopt\u00e9 une loi sur la sobri\u00e9t\u00e9, qui vise surtout \u00e0 planifier une sobri\u00e9t\u00e9 \u00e9nerg\u00e9tique. Pour Yamina Saheb, ce n\u2019est pas suffisant mais c\u2019est d\u00e9j\u00e0 un d\u00e9but. Il faudrait informer un maximum de citoyens et les mobiliser pour faire pression sur leurs gouvernements afin d\u2019arr\u00eater les activit\u00e9s les plus polluantes et de mettre en place des plans de sobri\u00e9t\u00e9. Tout cela implique des nouveaux r\u00e9cits qui permettent d\u2019entrevoir un avenir d\u00e9sirable. Le discours scientifique du GIEC ou de l\u2019UE reste incompr\u00e9hensible pour la plupart des gens. Comment mobiliser la population avec un objectif de r\u00e9duction des GES de 55% par rapport \u00e0 1990 d\u2019ici 2030&nbsp;? On pourrait expliquer aux gens que si l\u2019on ne change rien, c\u2019est leur sant\u00e9 et leur alimentation qui sont menac\u00e9es dans un proche avenir. Yamina Saheb pense que tout cela devra aussi passer par une r\u00e9invention de la d\u00e9mocratie, avec plus de participation citoyenne aux d\u00e9cisions.<\/p>\n","protected":false},"excerpt":{"rendered":"<p>Ing\u00e9nieure en b\u00e2timent et docteure en \u00e9nergie, enseignante \u00e0 Sciences Po Paris, Yamina Saheb est l\u2019une des autrices du troisi\u00e8me volet du rapport du\u00a0Groupe d\u2019experts intergouvernemental sur l\u2019\u00e9volution du climat\u00a0(GIEC), consacr\u00e9 \u00e0 la r\u00e9duction des \u00e9missions de gaz \u00e0 effet de serre, paru en 2022. Elle a travaill\u00e9 sur le chapitre consacr\u00e9 au secteur du b\u00e2timent. Devant un public majoritairement compos\u00e9 d\u2019\u00e9tudiants, l\u2019experte a transmis un vigoureux plaidoyer en faveur d\u2019une sobri\u00e9t\u00e9 appliqu\u00e9e \u00e0 tous les domaines \u201cde notre vie quotidienne\u201d. Se mobiliser pour un monde vivable Selon Yamina Saheb, la sobri\u00e9t\u00e9 est un concept encore trop m\u00e9connu de la population et m\u00eame des experts du climat. Il s\u2019agit pourtant d\u2019un des leviers les plus importants si l\u2019on veut s\u2019inscrire dans les accords de Paris pour limiter le r\u00e9chauffement de la temp\u00e9rature entre 1,5\u00b0C et 2\u00b0C par rapport \u00e0 l\u2019\u00e8re pr\u00e9-industrielle. L\u2019experte du GIEC rappelle qu\u2019actuellement on se dirige plut\u00f4t vers une augmentation de 3\u00b0C pour l\u2019ensemble de la plan\u00e8te et m\u00eame de 4\u00b0C pour l\u2019Europe \u00e0 la fin de ce si\u00e8cle. Un tel r\u00e9chauffement rendrait la vie humaine carr\u00e9ment impossible dans certaines r\u00e9gions. Yamina Saheb puise dans ce constat catastrophiste l\u2019\u00e9nergie pour lutter en faveur d\u2019un changement radical de mod\u00e8le, pour op\u00e9rer non pas une transition mais une transformation, une m\u00e9tamorphose de notre soci\u00e9t\u00e9. La bonne nouvelle, car il y en a aussi, c\u2019est que la sobri\u00e9t\u00e9 ne signifie pas n\u00e9cessairement un avenir morose, un retour en arri\u00e8re \u00e0 l\u2019\u00e2ge de la bougie. Les 4 piliers de la sobri\u00e9t\u00e9 Pour le GIEC, ce concept de sobri\u00e9t\u00e9 repose sur 4 piliers dont le premier est le politique. Car ce sont les politiques publiques qui d\u00e9clenchent l\u2019\u00e9volution des normes sociales, comme on peut le voir pour la pratique du v\u00e9lo : &hellip; <a href=\"https:\/\/www.renouvelle.be\/fr\/la-sobriete-au-dela-de-energie-yamina-saheb\/\" class=\"more-link\">Continue reading<span class=\"screen-reader-text\"> \u00ab\u00a0La sobri\u00e9t\u00e9 \u00e9nerg\u00e9tique, retour \u00e0 l&rsquo;\u00e2ge de pierre ? Pas pour Yamina Saheb.\u00a0\u00bb<\/span><\/a><\/p>\n","protected":false},"author":33,"featured_media":10991,"comment_status":"closed","ping_status":"closed","sticky":false,"template":"","format":"standard","meta":{"_acf_changed":false,"footnotes":""},"categories":[21],"tags":[],"section":[8],"class_list":["post-10984","post","type-post","status-publish","format-standard","has-post-thumbnail","hentry","category-debats","section-energie-renouvelables"],"acf":[],"yoast_head":"<!-- This site is optimized with the Yoast SEO plugin v27.5 - https:\/\/yoast.com\/product\/yoast-seo-wordpress\/ -->\n<title>La sobri\u00e9t\u00e9 \u00e9nerg\u00e9tique, retour \u00e0 l&#039;\u00e2ge de pierre ? Pas pour Yamina Saheb. - Renouvelle<\/title>\n<meta name=\"description\" content=\"Nous avons assist\u00e9 \u00e0 la conf\u00e9rence \u00ab La sobri\u00e9t\u00e9 au-del\u00e0 de l\u2019\u00e9nergie \u00bb, donn\u00e9e par Yamina Saheb, autrice et membre du GIEC, \u00e0 l&#039;ULB.\" \/>\n<meta name=\"robots\" content=\"index, follow, max-snippet:-1, max-image-preview:large, max-video-preview:-1\" \/>\n<link rel=\"canonical\" href=\"https:\/\/www.renouvelle.be\/fr\/la-sobriete-au-dela-de-energie-yamina-saheb\/\" \/>\n<meta property=\"og:locale\" content=\"fr_FR\" \/>\n<meta property=\"og:type\" content=\"article\" \/>\n<meta property=\"og:title\" content=\"La sobri\u00e9t\u00e9 \u00e9nerg\u00e9tique, retour \u00e0 l&#039;\u00e2ge de pierre ? Pas pour Yamina Saheb. - Renouvelle\" \/>\n<meta property=\"og:description\" content=\"Nous avons assist\u00e9 \u00e0 la conf\u00e9rence \u00ab La sobri\u00e9t\u00e9 au-del\u00e0 de l\u2019\u00e9nergie \u00bb, donn\u00e9e par Yamina Saheb, autrice et membre du GIEC, \u00e0 l&#039;ULB.\" \/>\n<meta property=\"og:url\" content=\"https:\/\/www.renouvelle.be\/fr\/la-sobriete-au-dela-de-energie-yamina-saheb\/\" \/>\n<meta property=\"og:site_name\" content=\"Renouvelle\" \/>\n<meta property=\"article:published_time\" content=\"2023-11-22T16:14:45+00:00\" \/>\n<meta property=\"article:modified_time\" content=\"2023-11-22T16:14:48+00:00\" \/>\n<meta property=\"og:image\" content=\"https:\/\/www.renouvelle.be\/wp-content\/uploads\/2023\/11\/iStock-1452440781.jpg\" \/>\n\t<meta property=\"og:image:width\" content=\"2190\" \/>\n\t<meta property=\"og:image:height\" content=\"1369\" \/>\n\t<meta property=\"og:image:type\" content=\"image\/jpeg\" \/>\n<meta name=\"author\" content=\"Roland D&#039;Hoop\" \/>\n<meta name=\"twitter:card\" content=\"summary_large_image\" \/>\n<script type=\"application\/ld+json\" class=\"yoast-schema-graph\">{\"@context\":\"https:\\\/\\\/schema.org\",\"@graph\":[{\"@type\":\"Article\",\"@id\":\"https:\\\/\\\/www.renouvelle.be\\\/fr\\\/la-sobriete-au-dela-de-energie-yamina-saheb\\\/#article\",\"isPartOf\":{\"@id\":\"https:\\\/\\\/www.renouvelle.be\\\/fr\\\/la-sobriete-au-dela-de-energie-yamina-saheb\\\/\"},\"author\":{\"name\":\"Roland D'Hoop\",\"@id\":\"https:\\\/\\\/www.renouvelle.be\\\/fr\\\/#\\\/schema\\\/person\\\/f7915fd49dbf3d7119b794b35aec9fef\"},\"headline\":\"La sobri\u00e9t\u00e9 \u00e9nerg\u00e9tique, retour \u00e0 l&rsquo;\u00e2ge de pierre ? Pas pour Yamina Saheb.\",\"datePublished\":\"2023-11-22T16:14:45+00:00\",\"dateModified\":\"2023-11-22T16:14:48+00:00\",\"mainEntityOfPage\":{\"@id\":\"https:\\\/\\\/www.renouvelle.be\\\/fr\\\/la-sobriete-au-dela-de-energie-yamina-saheb\\\/\"},\"wordCount\":1009,\"image\":{\"@id\":\"https:\\\/\\\/www.renouvelle.be\\\/fr\\\/la-sobriete-au-dela-de-energie-yamina-saheb\\\/#primaryimage\"},\"thumbnailUrl\":\"https:\\\/\\\/www.renouvelle.be\\\/wp-content\\\/uploads\\\/2023\\\/11\\\/iStock-1452440781.jpg\",\"articleSection\":[\"D\u00e9bats\"],\"inLanguage\":\"fr-FR\"},{\"@type\":\"WebPage\",\"@id\":\"https:\\\/\\\/www.renouvelle.be\\\/fr\\\/la-sobriete-au-dela-de-energie-yamina-saheb\\\/\",\"url\":\"https:\\\/\\\/www.renouvelle.be\\\/fr\\\/la-sobriete-au-dela-de-energie-yamina-saheb\\\/\",\"name\":\"La sobri\u00e9t\u00e9 \u00e9nerg\u00e9tique, retour \u00e0 l'\u00e2ge de pierre ? Pas pour Yamina Saheb. - Renouvelle\",\"isPartOf\":{\"@id\":\"https:\\\/\\\/www.renouvelle.be\\\/fr\\\/#website\"},\"primaryImageOfPage\":{\"@id\":\"https:\\\/\\\/www.renouvelle.be\\\/fr\\\/la-sobriete-au-dela-de-energie-yamina-saheb\\\/#primaryimage\"},\"image\":{\"@id\":\"https:\\\/\\\/www.renouvelle.be\\\/fr\\\/la-sobriete-au-dela-de-energie-yamina-saheb\\\/#primaryimage\"},\"thumbnailUrl\":\"https:\\\/\\\/www.renouvelle.be\\\/wp-content\\\/uploads\\\/2023\\\/11\\\/iStock-1452440781.jpg\",\"datePublished\":\"2023-11-22T16:14:45+00:00\",\"dateModified\":\"2023-11-22T16:14:48+00:00\",\"author\":{\"@id\":\"https:\\\/\\\/www.renouvelle.be\\\/fr\\\/#\\\/schema\\\/person\\\/f7915fd49dbf3d7119b794b35aec9fef\"},\"description\":\"Nous avons assist\u00e9 \u00e0 la conf\u00e9rence \u00ab La sobri\u00e9t\u00e9 au-del\u00e0 de l\u2019\u00e9nergie \u00bb, donn\u00e9e par Yamina Saheb, autrice et membre du GIEC, \u00e0 l'ULB.\",\"breadcrumb\":{\"@id\":\"https:\\\/\\\/www.renouvelle.be\\\/fr\\\/la-sobriete-au-dela-de-energie-yamina-saheb\\\/#breadcrumb\"},\"inLanguage\":\"fr-FR\",\"potentialAction\":[{\"@type\":\"ReadAction\",\"target\":[\"https:\\\/\\\/www.renouvelle.be\\\/fr\\\/la-sobriete-au-dela-de-energie-yamina-saheb\\\/\"]}]},{\"@type\":\"ImageObject\",\"inLanguage\":\"fr-FR\",\"@id\":\"https:\\\/\\\/www.renouvelle.be\\\/fr\\\/la-sobriete-au-dela-de-energie-yamina-saheb\\\/#primaryimage\",\"url\":\"https:\\\/\\\/www.renouvelle.be\\\/wp-content\\\/uploads\\\/2023\\\/11\\\/iStock-1452440781.jpg\",\"contentUrl\":\"https:\\\/\\\/www.renouvelle.be\\\/wp-content\\\/uploads\\\/2023\\\/11\\\/iStock-1452440781.jpg\",\"width\":2190,\"height\":1369},{\"@type\":\"BreadcrumbList\",\"@id\":\"https:\\\/\\\/www.renouvelle.be\\\/fr\\\/la-sobriete-au-dela-de-energie-yamina-saheb\\\/#breadcrumb\",\"itemListElement\":[{\"@type\":\"ListItem\",\"position\":1,\"name\":\"Accueil\",\"item\":\"https:\\\/\\\/www.renouvelle.be\\\/fr\\\/\"},{\"@type\":\"ListItem\",\"position\":2,\"name\":\"La sobri\u00e9t\u00e9 \u00e9nerg\u00e9tique, retour \u00e0 l&rsquo;\u00e2ge de pierre ? Pas pour Yamina Saheb.\"}]},{\"@type\":\"WebSite\",\"@id\":\"https:\\\/\\\/www.renouvelle.be\\\/fr\\\/#website\",\"url\":\"https:\\\/\\\/www.renouvelle.be\\\/fr\\\/\",\"name\":\"Renouvelle\",\"description\":\"L&#039;actualit\u00e9 de l&#039;\u00e9nergie durable\",\"potentialAction\":[{\"@type\":\"SearchAction\",\"target\":{\"@type\":\"EntryPoint\",\"urlTemplate\":\"https:\\\/\\\/www.renouvelle.be\\\/fr\\\/?s={search_term_string}\"},\"query-input\":{\"@type\":\"PropertyValueSpecification\",\"valueRequired\":true,\"valueName\":\"search_term_string\"}}],\"inLanguage\":\"fr-FR\"},{\"@type\":\"Person\",\"@id\":\"https:\\\/\\\/www.renouvelle.be\\\/fr\\\/#\\\/schema\\\/person\\\/f7915fd49dbf3d7119b794b35aec9fef\",\"name\":\"Roland D'Hoop\",\"url\":\"https:\\\/\\\/www.renouvelle.be\\\/fr\\\/author\\\/rdhoop\\\/\"}]}<\/script>\n<!-- \/ Yoast SEO plugin. -->","yoast_head_json":{"title":"La sobri\u00e9t\u00e9 \u00e9nerg\u00e9tique, retour \u00e0 l'\u00e2ge de pierre ? Pas pour Yamina Saheb. - Renouvelle","description":"Nous avons assist\u00e9 \u00e0 la conf\u00e9rence \u00ab La sobri\u00e9t\u00e9 au-del\u00e0 de l\u2019\u00e9nergie \u00bb, donn\u00e9e par Yamina Saheb, autrice et membre du GIEC, \u00e0 l'ULB.","robots":{"index":"index","follow":"follow","max-snippet":"max-snippet:-1","max-image-preview":"max-image-preview:large","max-video-preview":"max-video-preview:-1"},"canonical":"https:\/\/www.renouvelle.be\/fr\/la-sobriete-au-dela-de-energie-yamina-saheb\/","og_locale":"fr_FR","og_type":"article","og_title":"La sobri\u00e9t\u00e9 \u00e9nerg\u00e9tique, retour \u00e0 l'\u00e2ge de pierre ? Pas pour Yamina Saheb. - Renouvelle","og_description":"Nous avons assist\u00e9 \u00e0 la conf\u00e9rence \u00ab La sobri\u00e9t\u00e9 au-del\u00e0 de l\u2019\u00e9nergie \u00bb, donn\u00e9e par Yamina Saheb, autrice et membre du GIEC, \u00e0 l'ULB.","og_url":"https:\/\/www.renouvelle.be\/fr\/la-sobriete-au-dela-de-energie-yamina-saheb\/","og_site_name":"Renouvelle","article_published_time":"2023-11-22T16:14:45+00:00","article_modified_time":"2023-11-22T16:14:48+00:00","og_image":[{"width":2190,"height":1369,"url":"https:\/\/www.renouvelle.be\/wp-content\/uploads\/2023\/11\/iStock-1452440781.jpg","type":"image\/jpeg"}],"author":"Roland D'Hoop","twitter_card":"summary_large_image","schema":{"@context":"https:\/\/schema.org","@graph":[{"@type":"Article","@id":"https:\/\/www.renouvelle.be\/fr\/la-sobriete-au-dela-de-energie-yamina-saheb\/#article","isPartOf":{"@id":"https:\/\/www.renouvelle.be\/fr\/la-sobriete-au-dela-de-energie-yamina-saheb\/"},"author":{"name":"Roland D'Hoop","@id":"https:\/\/www.renouvelle.be\/fr\/#\/schema\/person\/f7915fd49dbf3d7119b794b35aec9fef"},"headline":"La sobri\u00e9t\u00e9 \u00e9nerg\u00e9tique, retour \u00e0 l&rsquo;\u00e2ge de pierre ? Pas pour Yamina Saheb.","datePublished":"2023-11-22T16:14:45+00:00","dateModified":"2023-11-22T16:14:48+00:00","mainEntityOfPage":{"@id":"https:\/\/www.renouvelle.be\/fr\/la-sobriete-au-dela-de-energie-yamina-saheb\/"},"wordCount":1009,"image":{"@id":"https:\/\/www.renouvelle.be\/fr\/la-sobriete-au-dela-de-energie-yamina-saheb\/#primaryimage"},"thumbnailUrl":"https:\/\/www.renouvelle.be\/wp-content\/uploads\/2023\/11\/iStock-1452440781.jpg","articleSection":["D\u00e9bats"],"inLanguage":"fr-FR"},{"@type":"WebPage","@id":"https:\/\/www.renouvelle.be\/fr\/la-sobriete-au-dela-de-energie-yamina-saheb\/","url":"https:\/\/www.renouvelle.be\/fr\/la-sobriete-au-dela-de-energie-yamina-saheb\/","name":"La sobri\u00e9t\u00e9 \u00e9nerg\u00e9tique, retour \u00e0 l'\u00e2ge de pierre ? Pas pour Yamina Saheb. - Renouvelle","isPartOf":{"@id":"https:\/\/www.renouvelle.be\/fr\/#website"},"primaryImageOfPage":{"@id":"https:\/\/www.renouvelle.be\/fr\/la-sobriete-au-dela-de-energie-yamina-saheb\/#primaryimage"},"image":{"@id":"https:\/\/www.renouvelle.be\/fr\/la-sobriete-au-dela-de-energie-yamina-saheb\/#primaryimage"},"thumbnailUrl":"https:\/\/www.renouvelle.be\/wp-content\/uploads\/2023\/11\/iStock-1452440781.jpg","datePublished":"2023-11-22T16:14:45+00:00","dateModified":"2023-11-22T16:14:48+00:00","author":{"@id":"https:\/\/www.renouvelle.be\/fr\/#\/schema\/person\/f7915fd49dbf3d7119b794b35aec9fef"},"description":"Nous avons assist\u00e9 \u00e0 la conf\u00e9rence \u00ab La sobri\u00e9t\u00e9 au-del\u00e0 de l\u2019\u00e9nergie \u00bb, donn\u00e9e par Yamina Saheb, autrice et membre du GIEC, \u00e0 l'ULB.","breadcrumb":{"@id":"https:\/\/www.renouvelle.be\/fr\/la-sobriete-au-dela-de-energie-yamina-saheb\/#breadcrumb"},"inLanguage":"fr-FR","potentialAction":[{"@type":"ReadAction","target":["https:\/\/www.renouvelle.be\/fr\/la-sobriete-au-dela-de-energie-yamina-saheb\/"]}]},{"@type":"ImageObject","inLanguage":"fr-FR","@id":"https:\/\/www.renouvelle.be\/fr\/la-sobriete-au-dela-de-energie-yamina-saheb\/#primaryimage","url":"https:\/\/www.renouvelle.be\/wp-content\/uploads\/2023\/11\/iStock-1452440781.jpg","contentUrl":"https:\/\/www.renouvelle.be\/wp-content\/uploads\/2023\/11\/iStock-1452440781.jpg","width":2190,"height":1369},{"@type":"BreadcrumbList","@id":"https:\/\/www.renouvelle.be\/fr\/la-sobriete-au-dela-de-energie-yamina-saheb\/#breadcrumb","itemListElement":[{"@type":"ListItem","position":1,"name":"Accueil","item":"https:\/\/www.renouvelle.be\/fr\/"},{"@type":"ListItem","position":2,"name":"La sobri\u00e9t\u00e9 \u00e9nerg\u00e9tique, retour \u00e0 l&rsquo;\u00e2ge de pierre ? Pas pour Yamina Saheb."}]},{"@type":"WebSite","@id":"https:\/\/www.renouvelle.be\/fr\/#website","url":"https:\/\/www.renouvelle.be\/fr\/","name":"Renouvelle","description":"L&#039;actualit\u00e9 de l&#039;\u00e9nergie durable","potentialAction":[{"@type":"SearchAction","target":{"@type":"EntryPoint","urlTemplate":"https:\/\/www.renouvelle.be\/fr\/?s={search_term_string}"},"query-input":{"@type":"PropertyValueSpecification","valueRequired":true,"valueName":"search_term_string"}}],"inLanguage":"fr-FR"},{"@type":"Person","@id":"https:\/\/www.renouvelle.be\/fr\/#\/schema\/person\/f7915fd49dbf3d7119b794b35aec9fef","name":"Roland D'Hoop","url":"https:\/\/www.renouvelle.be\/fr\/author\/rdhoop\/"}]}},"_links":{"self":[{"href":"https:\/\/www.renouvelle.be\/fr\/wp-json\/wp\/v2\/posts\/10984","targetHints":{"allow":["GET"]}}],"collection":[{"href":"https:\/\/www.renouvelle.be\/fr\/wp-json\/wp\/v2\/posts"}],"about":[{"href":"https:\/\/www.renouvelle.be\/fr\/wp-json\/wp\/v2\/types\/post"}],"author":[{"embeddable":true,"href":"https:\/\/www.renouvelle.be\/fr\/wp-json\/wp\/v2\/users\/33"}],"replies":[{"embeddable":true,"href":"https:\/\/www.renouvelle.be\/fr\/wp-json\/wp\/v2\/comments?post=10984"}],"version-history":[{"count":20,"href":"https:\/\/www.renouvelle.be\/fr\/wp-json\/wp\/v2\/posts\/10984\/revisions"}],"predecessor-version":[{"id":11024,"href":"https:\/\/www.renouvelle.be\/fr\/wp-json\/wp\/v2\/posts\/10984\/revisions\/11024"}],"wp:featuredmedia":[{"embeddable":true,"href":"https:\/\/www.renouvelle.be\/fr\/wp-json\/wp\/v2\/media\/10991"}],"wp:attachment":[{"href":"https:\/\/www.renouvelle.be\/fr\/wp-json\/wp\/v2\/media?parent=10984"}],"wp:term":[{"taxonomy":"category","embeddable":true,"href":"https:\/\/www.renouvelle.be\/fr\/wp-json\/wp\/v2\/categories?post=10984"},{"taxonomy":"post_tag","embeddable":true,"href":"https:\/\/www.renouvelle.be\/fr\/wp-json\/wp\/v2\/tags?post=10984"},{"taxonomy":"section","embeddable":true,"href":"https:\/\/www.renouvelle.be\/fr\/wp-json\/wp\/v2\/section?post=10984"}],"curies":[{"name":"wp","href":"https:\/\/api.w.org\/{rel}","templated":true}]}}