{"id":10929,"date":"2023-11-20T12:35:09","date_gmt":"2023-11-20T11:35:09","guid":{"rendered":"https:\/\/www.renouvelle.be\/?p=10929"},"modified":"2023-12-14T10:01:17","modified_gmt":"2023-12-14T09:01:17","slug":"ile-energetique-princesse-elisabeth-permis-environnement","status":"publish","type":"post","link":"https:\/\/www.renouvelle.be\/fr\/ile-energetique-princesse-elisabeth-permis-environnement\/","title":{"rendered":"L\u2019\u00eele \u00e9nerg\u00e9tique Princesse Elisabeth couronn\u00e9e d&rsquo;un permis d\u2019environnement"},"content":{"rendered":"\n<p>Elle permettra d\u2019assurer un meilleur approvisionnement d\u2019\u00e9nergie renouvelable \u00e0 notre pays. R\u00e9cemment, un permis d\u2019environnement a \u00e9t\u00e9 obtenu pour le d\u00e9marrage de sa construction. Zoom sur le sacre de cette innovation belge et ses enjeux.<\/p>\n\n\n\n<h2 class=\"wp-block-heading\">L&rsquo;innovation insuffl\u00e9e dans l&rsquo;\u00e9olien offshore belge<\/h2>\n\n\n\n<p>Confirmant le statut de la Belgique comme un des leaders de l\u2019offshore \u00e9olien, notre pays s\u2019appr\u00eate \u00e0 lancer la construction de la premi\u00e8re \u00eele \u00e9nerg\u00e9tique artificielle au monde.<\/p>\n\n\n\n<p>L\u2019\u00eele, d\u2019une surface de 6 hectares, sera situ\u00e9e \u00e0 45 km de la c\u00f4te. Futur p\u00f4le \u00e9nerg\u00e9tique de la zone \u00e9olienne Princesse Elisabeth (zone de 285 km\u00b2), elle en centralisera une puissance estim\u00e9e de 3,5 GW d\u2019ici 2030 et jusqu\u2019\u00e0 8GW en 2040 (la puissance install\u00e9e actuellement \u00e9tant de 2,2 GW). Cette \u00e9nergie sera ensuite achemin\u00e9e vers la terre ferme via des c\u00e2bles sous-marins.<\/p>\n\n\n\n<p>L\u2019infrastructure peut \u00eatre vue comme une extension du r\u00e9seau belge qui sera reli\u00e9e \u00e0 de nouveaux parcs \u00e9oliens, dans le futur. Avec le temps, l\u2019\u00eele \u00e9nerg\u00e9tique verra se d\u00e9velopper une interconnexion sous-marine avec le Royaume-Uni et le Danemark. Cette interconnexion jouera donc un r\u00f4le important pour l\u2019approvisionnement europ\u00e9en.<\/p>\n\n\n\n<p>Deux ans seront n\u00e9cessaires pour sa construction (mars 2024 \u00e0 ao\u00fbt 2026), elle devrait \u00eatre totalement op\u00e9rationnelle en 2030.<\/p>\n\n\n\n<p>Evidemment, il est impossible de passer \u00e0 c\u00f4t\u00e9 de certaines pr\u00e9occupations, l\u00e9gitimes, quant \u00e0 l\u2019impact sur la biodiversit\u00e9. Mais qu\u2019on se rassure, une attention particuli\u00e8re a \u00e9t\u00e9 port\u00e9e \u00e0 la conception de l\u2019\u00eele avec un \u00ab&nbsp;nature inclusive design&nbsp;\u00bb afin qu\u2019elle puisse cohabiter avec la biodiversit\u00e9, voire la favoriser (il s\u2019agit d\u2019une zone prot\u00e9g\u00e9e Natura 2000).<\/p>\n\n\n\n<p>Un mod\u00e8le r\u00e9duit de l\u2019\u00eele \u00e9nerg\u00e9tique Princesse Elisabeth a r\u00e9cemment subit <a href=\"https:\/\/www.rtbf.be\/article\/un-centre-dessai-unique-au-monde-pour-tester-la-resistance-de-la-future-ile-energetique-princesse-elisabeth-11272212\" target=\"_blank\" rel=\"noreferrer noopener\">une batterie de tests en laboratoire<\/a>, par simulations, afin d\u2019analyser sa r\u00e9sistance \u00e0 des conditions m\u00e9t\u00e9os extr\u00eames. On n\u2019est jamais trop prudent&nbsp;!<\/p>\n\n\n\n<p>Avec la fra\u00eeche <a href=\"https:\/\/www.elia.be\/fr\/actualites\/communiques-de-presse\/2023\/10\/20231003_environmental-permit-awarded-for-princess-elisabeth-island\" target=\"_blank\" rel=\"noreferrer noopener\">obtention d\u2019un permis d\u2019environnement<\/a>, c\u2019est le d\u00e9marrage officiel d\u2019un projet ambitieux et porteur d\u2019avenir pour la production \u00e9olienne d\u2019\u00e9nergie renouvelable.<\/p>\n\n\n\n<figure class=\"wp-block-image size-large\"><img loading=\"lazy\" decoding=\"async\" width=\"1024\" height=\"802\" src=\"https:\/\/www.renouvelle.be\/wp-content\/uploads\/2023\/11\/20221104-Princess-Elisabeth-island-map-1024x802.jpg\" alt=\"\" class=\"wp-image-10968\" srcset=\"https:\/\/www.renouvelle.be\/wp-content\/uploads\/2023\/11\/20221104-Princess-Elisabeth-island-map-1024x802.jpg 1024w, https:\/\/www.renouvelle.be\/wp-content\/uploads\/2023\/11\/20221104-Princess-Elisabeth-island-map-300x235.jpg 300w, https:\/\/www.renouvelle.be\/wp-content\/uploads\/2023\/11\/20221104-Princess-Elisabeth-island-map-768x601.jpg 768w, https:\/\/www.renouvelle.be\/wp-content\/uploads\/2023\/11\/20221104-Princess-Elisabeth-island-map-1200x940.jpg 1200w, https:\/\/www.renouvelle.be\/wp-content\/uploads\/2023\/11\/20221104-Princess-Elisabeth-island-map.jpg 1379w\" sizes=\"auto, (max-width: 1024px) 100vw, 1024px\" \/><figcaption class=\"wp-element-caption\">Source: Elia<\/figcaption><\/figure>\n\n\n\n<h2 class=\"wp-block-heading\">La mer du Nord, cette turbine \u00e9lectrique<\/h2>\n\n\n\n<p>Acc\u00e9l\u00e9rant l\u2019id\u00e9e de faire de la mer du Nord un centre n\u00e9vralgique de la production d\u2019\u00e9lectricit\u00e9 renouvelable, l\u2019\u00eele \u00e9nerg\u00e9tique Princesse Elisabeth contribuera tr\u00e8s certainement \u00e0 atteindre le but de l\u2019Europe&nbsp;de devenir, de plus en plus, ind\u00e9pendante \u00e9nerg\u00e9tiquement.<\/p>\n\n\n\n<p>C\u2019est lors du North Sea Summit, d\u2019avril 2023, que <a href=\"https:\/\/www.renouvelle.be\/fr\/developpement-eolien-offshore-en-mer-du-nord-citoyen-et-europeen\/\" target=\"_blank\" rel=\"noreferrer noopener\">9 pays ont sign\u00e9 la d\u00e9claration d\u2019Ostende<\/a>. Cette derni\u00e8re engage les signataires \u00e0 installer, ensemble, une puissance de 120 GW d\u2019\u00e9nergie \u00e9olienne d\u2019ici 2030 et de 300 GW d\u2019ici 2050, en Mer du Nord. Elle pourrait alimenter 460 millions de foyers europ\u00e9ens.<\/p>\n\n\n\n<p>Le d\u00e9veloppement \u00e9olien en mer fera la part belle \u00e0 l\u2019\u00e9nergie citoyenne vu que les crit\u00e8res des appels d\u2019offres f\u00e9d\u00e9raux pour les concessions pour les futurs parcs de la zone Princesse Elisabeth attribueront des points \u00e0 la participation citoyenne. Les coop\u00e9ratives belges f\u00e9d\u00e9r\u00e9es au sein de SeaCoop entendent se positionner dans les appels d\u2019offres aux c\u00f4t\u00e9s de partenaires industriels et financiers. Les citoyens profiteront ainsi de l\u2019\u00e9nergie \u00e9olienne en mer \u00e0 un prix \u00e9quitable. <\/p>\n\n\n\n<p>Il est \u00e0 noter que les premi\u00e8res \u00e9oliennes de la zone Princesse Elisabeth seront mises en service en 2028 donnant ainsi un nouveau souffle \u00e0 l\u2019\u00e9olien offshore belge.<\/p>\n","protected":false},"excerpt":{"rendered":"<p>Elle permettra d\u2019assurer un meilleur approvisionnement d\u2019\u00e9nergie renouvelable \u00e0 notre pays. R\u00e9cemment, un permis d\u2019environnement a \u00e9t\u00e9 obtenu pour le d\u00e9marrage de sa construction. Zoom sur le sacre de cette innovation belge et ses enjeux. L&rsquo;innovation insuffl\u00e9e dans l&rsquo;\u00e9olien offshore belge Confirmant le statut de la Belgique comme un des leaders de l\u2019offshore \u00e9olien, notre pays s\u2019appr\u00eate \u00e0 lancer la construction de la premi\u00e8re \u00eele \u00e9nerg\u00e9tique artificielle au monde. L\u2019\u00eele, d\u2019une surface de 6 hectares, sera situ\u00e9e \u00e0 45 km de la c\u00f4te. Futur p\u00f4le \u00e9nerg\u00e9tique de la zone \u00e9olienne Princesse Elisabeth (zone de 285 km\u00b2), elle en centralisera une puissance estim\u00e9e de 3,5 GW d\u2019ici 2030 et jusqu\u2019\u00e0 8GW en 2040 (la puissance install\u00e9e actuellement \u00e9tant de 2,2 GW). Cette \u00e9nergie sera ensuite achemin\u00e9e vers la terre ferme via des c\u00e2bles sous-marins. L\u2019infrastructure peut \u00eatre vue comme une extension du r\u00e9seau belge qui sera reli\u00e9e \u00e0 de nouveaux parcs \u00e9oliens, dans le futur. Avec le temps, l\u2019\u00eele \u00e9nerg\u00e9tique verra se d\u00e9velopper une interconnexion sous-marine avec le Royaume-Uni et le Danemark. Cette interconnexion jouera donc un r\u00f4le important pour l\u2019approvisionnement europ\u00e9en. Deux ans seront n\u00e9cessaires pour sa construction (mars 2024 \u00e0 ao\u00fbt 2026), elle devrait \u00eatre totalement op\u00e9rationnelle en 2030. Evidemment, il est impossible de passer \u00e0 c\u00f4t\u00e9 de certaines pr\u00e9occupations, l\u00e9gitimes, quant \u00e0 l\u2019impact sur la biodiversit\u00e9. Mais qu\u2019on se rassure, une attention particuli\u00e8re a \u00e9t\u00e9 port\u00e9e \u00e0 la conception de l\u2019\u00eele avec un \u00ab&nbsp;nature inclusive design&nbsp;\u00bb afin qu\u2019elle puisse cohabiter avec la biodiversit\u00e9, voire la favoriser (il s\u2019agit d\u2019une zone prot\u00e9g\u00e9e Natura 2000). Un mod\u00e8le r\u00e9duit de l\u2019\u00eele \u00e9nerg\u00e9tique Princesse Elisabeth a r\u00e9cemment subit une batterie de tests en laboratoire, par simulations, afin d\u2019analyser sa r\u00e9sistance \u00e0 des conditions m\u00e9t\u00e9os extr\u00eames. On n\u2019est jamais trop prudent&nbsp;! Avec la &hellip; <a href=\"https:\/\/www.renouvelle.be\/fr\/ile-energetique-princesse-elisabeth-permis-environnement\/\" class=\"more-link\">Continue reading<span class=\"screen-reader-text\"> \u00ab\u00a0L\u2019\u00eele \u00e9nerg\u00e9tique Princesse Elisabeth couronn\u00e9e d&rsquo;un permis d\u2019environnement\u00a0\u00bb<\/span><\/a><\/p>\n","protected":false},"author":38,"featured_media":10940,"comment_status":"closed","ping_status":"closed","sticky":false,"template":"","format":"standard","meta":{"_acf_changed":false,"footnotes":""},"categories":[17],"tags":[],"section":[6],"class_list":["post-10929","post","type-post","status-publish","format-standard","has-post-thumbnail","hentry","category-actualite-en-belgique","section-eolien"],"acf":[],"yoast_head":"<!-- This site is optimized with the Yoast SEO plugin v27.4 - https:\/\/yoast.com\/product\/yoast-seo-wordpress\/ -->\n<title>L\u2019\u00eele \u00e9nerg\u00e9tique Princesse Elisabeth couronn\u00e9e d&#039;un permis d\u2019environnement - Renouvelle<\/title>\n<meta name=\"description\" content=\"La construction de la premi\u00e8re \u00eele \u00e9nerg\u00e9tique artificielle au monde va pouvoir \u00eatre lanc\u00e9e et il s&#039;agit d&#039;une innovation belge.\" \/>\n<meta name=\"robots\" content=\"index, follow, max-snippet:-1, max-image-preview:large, max-video-preview:-1\" \/>\n<link rel=\"canonical\" href=\"https:\/\/www.renouvelle.be\/fr\/ile-energetique-princesse-elisabeth-permis-environnement\/\" \/>\n<meta property=\"og:locale\" content=\"fr_FR\" \/>\n<meta property=\"og:type\" content=\"article\" \/>\n<meta property=\"og:title\" content=\"L\u2019\u00eele \u00e9nerg\u00e9tique Princesse Elisabeth couronn\u00e9e d&#039;un permis d\u2019environnement - Renouvelle\" \/>\n<meta property=\"og:description\" content=\"La construction de la premi\u00e8re \u00eele \u00e9nerg\u00e9tique artificielle au monde va pouvoir \u00eatre lanc\u00e9e et il s&#039;agit d&#039;une innovation belge.\" \/>\n<meta property=\"og:url\" content=\"https:\/\/www.renouvelle.be\/fr\/ile-energetique-princesse-elisabeth-permis-environnement\/\" \/>\n<meta property=\"og:site_name\" content=\"Renouvelle\" \/>\n<meta property=\"article:published_time\" content=\"2023-11-20T11:35:09+00:00\" \/>\n<meta property=\"article:modified_time\" content=\"2023-12-14T09:01:17+00:00\" \/>\n<meta property=\"og:image\" content=\"https:\/\/www.renouvelle.be\/wp-content\/uploads\/2023\/11\/iStock-1341415375.jpg\" \/>\n\t<meta property=\"og:image:width\" content=\"2414\" \/>\n\t<meta property=\"og:image:height\" content=\"1242\" \/>\n\t<meta property=\"og:image:type\" content=\"image\/jpeg\" \/>\n<meta name=\"author\" content=\"Samuel Alves\" \/>\n<meta name=\"twitter:card\" content=\"summary_large_image\" \/>\n<script type=\"application\/ld+json\" class=\"yoast-schema-graph\">{\"@context\":\"https:\\\/\\\/schema.org\",\"@graph\":[{\"@type\":\"Article\",\"@id\":\"https:\\\/\\\/www.renouvelle.be\\\/fr\\\/ile-energetique-princesse-elisabeth-permis-environnement\\\/#article\",\"isPartOf\":{\"@id\":\"https:\\\/\\\/www.renouvelle.be\\\/fr\\\/ile-energetique-princesse-elisabeth-permis-environnement\\\/\"},\"author\":{\"name\":\"Samuel Alves\",\"@id\":\"https:\\\/\\\/www.renouvelle.be\\\/fr\\\/#\\\/schema\\\/person\\\/9d743366fb269eeceaa8d60e98d289d3\"},\"headline\":\"L\u2019\u00eele \u00e9nerg\u00e9tique Princesse Elisabeth couronn\u00e9e d&rsquo;un permis d\u2019environnement\",\"datePublished\":\"2023-11-20T11:35:09+00:00\",\"dateModified\":\"2023-12-14T09:01:17+00:00\",\"mainEntityOfPage\":{\"@id\":\"https:\\\/\\\/www.renouvelle.be\\\/fr\\\/ile-energetique-princesse-elisabeth-permis-environnement\\\/\"},\"wordCount\":598,\"image\":{\"@id\":\"https:\\\/\\\/www.renouvelle.be\\\/fr\\\/ile-energetique-princesse-elisabeth-permis-environnement\\\/#primaryimage\"},\"thumbnailUrl\":\"https:\\\/\\\/www.renouvelle.be\\\/wp-content\\\/uploads\\\/2023\\\/11\\\/iStock-1341415375.jpg\",\"articleSection\":[\"Actualit\u00e9 en Belgique\"],\"inLanguage\":\"fr-FR\"},{\"@type\":\"WebPage\",\"@id\":\"https:\\\/\\\/www.renouvelle.be\\\/fr\\\/ile-energetique-princesse-elisabeth-permis-environnement\\\/\",\"url\":\"https:\\\/\\\/www.renouvelle.be\\\/fr\\\/ile-energetique-princesse-elisabeth-permis-environnement\\\/\",\"name\":\"L\u2019\u00eele \u00e9nerg\u00e9tique Princesse Elisabeth couronn\u00e9e d'un permis d\u2019environnement - Renouvelle\",\"isPartOf\":{\"@id\":\"https:\\\/\\\/www.renouvelle.be\\\/fr\\\/#website\"},\"primaryImageOfPage\":{\"@id\":\"https:\\\/\\\/www.renouvelle.be\\\/fr\\\/ile-energetique-princesse-elisabeth-permis-environnement\\\/#primaryimage\"},\"image\":{\"@id\":\"https:\\\/\\\/www.renouvelle.be\\\/fr\\\/ile-energetique-princesse-elisabeth-permis-environnement\\\/#primaryimage\"},\"thumbnailUrl\":\"https:\\\/\\\/www.renouvelle.be\\\/wp-content\\\/uploads\\\/2023\\\/11\\\/iStock-1341415375.jpg\",\"datePublished\":\"2023-11-20T11:35:09+00:00\",\"dateModified\":\"2023-12-14T09:01:17+00:00\",\"author\":{\"@id\":\"https:\\\/\\\/www.renouvelle.be\\\/fr\\\/#\\\/schema\\\/person\\\/9d743366fb269eeceaa8d60e98d289d3\"},\"description\":\"La construction de la premi\u00e8re \u00eele \u00e9nerg\u00e9tique artificielle au monde va pouvoir \u00eatre lanc\u00e9e et il s'agit d'une innovation belge.\",\"breadcrumb\":{\"@id\":\"https:\\\/\\\/www.renouvelle.be\\\/fr\\\/ile-energetique-princesse-elisabeth-permis-environnement\\\/#breadcrumb\"},\"inLanguage\":\"fr-FR\",\"potentialAction\":[{\"@type\":\"ReadAction\",\"target\":[\"https:\\\/\\\/www.renouvelle.be\\\/fr\\\/ile-energetique-princesse-elisabeth-permis-environnement\\\/\"]}]},{\"@type\":\"ImageObject\",\"inLanguage\":\"fr-FR\",\"@id\":\"https:\\\/\\\/www.renouvelle.be\\\/fr\\\/ile-energetique-princesse-elisabeth-permis-environnement\\\/#primaryimage\",\"url\":\"https:\\\/\\\/www.renouvelle.be\\\/wp-content\\\/uploads\\\/2023\\\/11\\\/iStock-1341415375.jpg\",\"contentUrl\":\"https:\\\/\\\/www.renouvelle.be\\\/wp-content\\\/uploads\\\/2023\\\/11\\\/iStock-1341415375.jpg\",\"width\":2414,\"height\":1242,\"caption\":\"Offshore windfarm at Redcar in the northeast of England.\"},{\"@type\":\"BreadcrumbList\",\"@id\":\"https:\\\/\\\/www.renouvelle.be\\\/fr\\\/ile-energetique-princesse-elisabeth-permis-environnement\\\/#breadcrumb\",\"itemListElement\":[{\"@type\":\"ListItem\",\"position\":1,\"name\":\"Accueil\",\"item\":\"https:\\\/\\\/www.renouvelle.be\\\/fr\\\/\"},{\"@type\":\"ListItem\",\"position\":2,\"name\":\"L\u2019\u00eele \u00e9nerg\u00e9tique Princesse Elisabeth couronn\u00e9e d&rsquo;un permis d\u2019environnement\"}]},{\"@type\":\"WebSite\",\"@id\":\"https:\\\/\\\/www.renouvelle.be\\\/fr\\\/#website\",\"url\":\"https:\\\/\\\/www.renouvelle.be\\\/fr\\\/\",\"name\":\"Renouvelle\",\"description\":\"L&#039;actualit\u00e9 de l&#039;\u00e9nergie durable\",\"potentialAction\":[{\"@type\":\"SearchAction\",\"target\":{\"@type\":\"EntryPoint\",\"urlTemplate\":\"https:\\\/\\\/www.renouvelle.be\\\/fr\\\/?s={search_term_string}\"},\"query-input\":{\"@type\":\"PropertyValueSpecification\",\"valueRequired\":true,\"valueName\":\"search_term_string\"}}],\"inLanguage\":\"fr-FR\"},{\"@type\":\"Person\",\"@id\":\"https:\\\/\\\/www.renouvelle.be\\\/fr\\\/#\\\/schema\\\/person\\\/9d743366fb269eeceaa8d60e98d289d3\",\"name\":\"Samuel Alves\",\"url\":\"https:\\\/\\\/www.renouvelle.be\\\/fr\\\/author\\\/salves\\\/\"}]}<\/script>\n<!-- \/ Yoast SEO plugin. -->","yoast_head_json":{"title":"L\u2019\u00eele \u00e9nerg\u00e9tique Princesse Elisabeth couronn\u00e9e d'un permis d\u2019environnement - Renouvelle","description":"La construction de la premi\u00e8re \u00eele \u00e9nerg\u00e9tique artificielle au monde va pouvoir \u00eatre lanc\u00e9e et il s'agit d'une innovation belge.","robots":{"index":"index","follow":"follow","max-snippet":"max-snippet:-1","max-image-preview":"max-image-preview:large","max-video-preview":"max-video-preview:-1"},"canonical":"https:\/\/www.renouvelle.be\/fr\/ile-energetique-princesse-elisabeth-permis-environnement\/","og_locale":"fr_FR","og_type":"article","og_title":"L\u2019\u00eele \u00e9nerg\u00e9tique Princesse Elisabeth couronn\u00e9e d'un permis d\u2019environnement - Renouvelle","og_description":"La construction de la premi\u00e8re \u00eele \u00e9nerg\u00e9tique artificielle au monde va pouvoir \u00eatre lanc\u00e9e et il s'agit d'une innovation belge.","og_url":"https:\/\/www.renouvelle.be\/fr\/ile-energetique-princesse-elisabeth-permis-environnement\/","og_site_name":"Renouvelle","article_published_time":"2023-11-20T11:35:09+00:00","article_modified_time":"2023-12-14T09:01:17+00:00","og_image":[{"width":2414,"height":1242,"url":"https:\/\/www.renouvelle.be\/wp-content\/uploads\/2023\/11\/iStock-1341415375.jpg","type":"image\/jpeg"}],"author":"Samuel Alves","twitter_card":"summary_large_image","schema":{"@context":"https:\/\/schema.org","@graph":[{"@type":"Article","@id":"https:\/\/www.renouvelle.be\/fr\/ile-energetique-princesse-elisabeth-permis-environnement\/#article","isPartOf":{"@id":"https:\/\/www.renouvelle.be\/fr\/ile-energetique-princesse-elisabeth-permis-environnement\/"},"author":{"name":"Samuel Alves","@id":"https:\/\/www.renouvelle.be\/fr\/#\/schema\/person\/9d743366fb269eeceaa8d60e98d289d3"},"headline":"L\u2019\u00eele \u00e9nerg\u00e9tique Princesse Elisabeth couronn\u00e9e d&rsquo;un permis d\u2019environnement","datePublished":"2023-11-20T11:35:09+00:00","dateModified":"2023-12-14T09:01:17+00:00","mainEntityOfPage":{"@id":"https:\/\/www.renouvelle.be\/fr\/ile-energetique-princesse-elisabeth-permis-environnement\/"},"wordCount":598,"image":{"@id":"https:\/\/www.renouvelle.be\/fr\/ile-energetique-princesse-elisabeth-permis-environnement\/#primaryimage"},"thumbnailUrl":"https:\/\/www.renouvelle.be\/wp-content\/uploads\/2023\/11\/iStock-1341415375.jpg","articleSection":["Actualit\u00e9 en Belgique"],"inLanguage":"fr-FR"},{"@type":"WebPage","@id":"https:\/\/www.renouvelle.be\/fr\/ile-energetique-princesse-elisabeth-permis-environnement\/","url":"https:\/\/www.renouvelle.be\/fr\/ile-energetique-princesse-elisabeth-permis-environnement\/","name":"L\u2019\u00eele \u00e9nerg\u00e9tique Princesse Elisabeth couronn\u00e9e d'un permis d\u2019environnement - Renouvelle","isPartOf":{"@id":"https:\/\/www.renouvelle.be\/fr\/#website"},"primaryImageOfPage":{"@id":"https:\/\/www.renouvelle.be\/fr\/ile-energetique-princesse-elisabeth-permis-environnement\/#primaryimage"},"image":{"@id":"https:\/\/www.renouvelle.be\/fr\/ile-energetique-princesse-elisabeth-permis-environnement\/#primaryimage"},"thumbnailUrl":"https:\/\/www.renouvelle.be\/wp-content\/uploads\/2023\/11\/iStock-1341415375.jpg","datePublished":"2023-11-20T11:35:09+00:00","dateModified":"2023-12-14T09:01:17+00:00","author":{"@id":"https:\/\/www.renouvelle.be\/fr\/#\/schema\/person\/9d743366fb269eeceaa8d60e98d289d3"},"description":"La construction de la premi\u00e8re \u00eele \u00e9nerg\u00e9tique artificielle au monde va pouvoir \u00eatre lanc\u00e9e et il s'agit d'une innovation belge.","breadcrumb":{"@id":"https:\/\/www.renouvelle.be\/fr\/ile-energetique-princesse-elisabeth-permis-environnement\/#breadcrumb"},"inLanguage":"fr-FR","potentialAction":[{"@type":"ReadAction","target":["https:\/\/www.renouvelle.be\/fr\/ile-energetique-princesse-elisabeth-permis-environnement\/"]}]},{"@type":"ImageObject","inLanguage":"fr-FR","@id":"https:\/\/www.renouvelle.be\/fr\/ile-energetique-princesse-elisabeth-permis-environnement\/#primaryimage","url":"https:\/\/www.renouvelle.be\/wp-content\/uploads\/2023\/11\/iStock-1341415375.jpg","contentUrl":"https:\/\/www.renouvelle.be\/wp-content\/uploads\/2023\/11\/iStock-1341415375.jpg","width":2414,"height":1242,"caption":"Offshore windfarm at Redcar in the northeast of England."},{"@type":"BreadcrumbList","@id":"https:\/\/www.renouvelle.be\/fr\/ile-energetique-princesse-elisabeth-permis-environnement\/#breadcrumb","itemListElement":[{"@type":"ListItem","position":1,"name":"Accueil","item":"https:\/\/www.renouvelle.be\/fr\/"},{"@type":"ListItem","position":2,"name":"L\u2019\u00eele \u00e9nerg\u00e9tique Princesse Elisabeth couronn\u00e9e d&rsquo;un permis d\u2019environnement"}]},{"@type":"WebSite","@id":"https:\/\/www.renouvelle.be\/fr\/#website","url":"https:\/\/www.renouvelle.be\/fr\/","name":"Renouvelle","description":"L&#039;actualit\u00e9 de l&#039;\u00e9nergie durable","potentialAction":[{"@type":"SearchAction","target":{"@type":"EntryPoint","urlTemplate":"https:\/\/www.renouvelle.be\/fr\/?s={search_term_string}"},"query-input":{"@type":"PropertyValueSpecification","valueRequired":true,"valueName":"search_term_string"}}],"inLanguage":"fr-FR"},{"@type":"Person","@id":"https:\/\/www.renouvelle.be\/fr\/#\/schema\/person\/9d743366fb269eeceaa8d60e98d289d3","name":"Samuel Alves","url":"https:\/\/www.renouvelle.be\/fr\/author\/salves\/"}]}},"_links":{"self":[{"href":"https:\/\/www.renouvelle.be\/fr\/wp-json\/wp\/v2\/posts\/10929","targetHints":{"allow":["GET"]}}],"collection":[{"href":"https:\/\/www.renouvelle.be\/fr\/wp-json\/wp\/v2\/posts"}],"about":[{"href":"https:\/\/www.renouvelle.be\/fr\/wp-json\/wp\/v2\/types\/post"}],"author":[{"embeddable":true,"href":"https:\/\/www.renouvelle.be\/fr\/wp-json\/wp\/v2\/users\/38"}],"replies":[{"embeddable":true,"href":"https:\/\/www.renouvelle.be\/fr\/wp-json\/wp\/v2\/comments?post=10929"}],"version-history":[{"count":35,"href":"https:\/\/www.renouvelle.be\/fr\/wp-json\/wp\/v2\/posts\/10929\/revisions"}],"predecessor-version":[{"id":11361,"href":"https:\/\/www.renouvelle.be\/fr\/wp-json\/wp\/v2\/posts\/10929\/revisions\/11361"}],"wp:featuredmedia":[{"embeddable":true,"href":"https:\/\/www.renouvelle.be\/fr\/wp-json\/wp\/v2\/media\/10940"}],"wp:attachment":[{"href":"https:\/\/www.renouvelle.be\/fr\/wp-json\/wp\/v2\/media?parent=10929"}],"wp:term":[{"taxonomy":"category","embeddable":true,"href":"https:\/\/www.renouvelle.be\/fr\/wp-json\/wp\/v2\/categories?post=10929"},{"taxonomy":"post_tag","embeddable":true,"href":"https:\/\/www.renouvelle.be\/fr\/wp-json\/wp\/v2\/tags?post=10929"},{"taxonomy":"section","embeddable":true,"href":"https:\/\/www.renouvelle.be\/fr\/wp-json\/wp\/v2\/section?post=10929"}],"curies":[{"name":"wp","href":"https:\/\/api.w.org\/{rel}","templated":true}]}}