{"id":10851,"date":"2023-11-13T16:18:41","date_gmt":"2023-11-13T15:18:41","guid":{"rendered":"https:\/\/www.renouvelle.be\/?p=10851"},"modified":"2023-11-22T14:59:35","modified_gmt":"2023-11-22T13:59:35","slug":"la-belgique-transporteur-hydrogene-vert-en-europe","status":"publish","type":"post","link":"https:\/\/www.renouvelle.be\/fr\/la-belgique-transporteur-hydrogene-vert-en-europe\/","title":{"rendered":"La Belgique, transporteur de l\u2019hydrog\u00e8ne vert en Europe"},"content":{"rendered":"\n<p>Actuellement, chez nous, Fluxys (gestionnaire du r\u00e9seau gazier belge) teste actuellement un projet de stockage d\u2019hydrog\u00e8ne en sous-sol. Une premi\u00e8re mondiale ouvrant la perspective du stockage du surplus de production d\u2019\u00e9nergies renouvelables, transform\u00e9 en hydrog\u00e8ne, pour une utilisation ult\u00e9rieure. Mais la Belgique, berceau de la capitale de l\u2019Europe s\u2019y attribue un autre r\u00f4le, beaucoup plus central\u00a0: le transport.<\/p>\n\n\n\n<h2 class=\"wp-block-heading\"><strong>L\u2019hydrog\u00e8ne, cet eldorado europ\u00e9en\u00a0\u00a0\u00a0\u00a0\u00a0\u00a0\u00a0\u00a0\u00a0\u00a0\u00a0\u00a0\u00a0\u00a0\u00a0\u00a0\u00a0\u00a0\u00a0\u00a0\u00a0\u00a0\u00a0\u00a0\u00a0\u00a0 <\/strong><\/h2>\n\n\n\n<p>Nouvelle \u00e9g\u00e9rie europ\u00e9enne de l\u2019\u00e9nergie verte, on sait que l\u2019hydrog\u00e8ne jouera un r\u00f4le cl\u00e9 dans les domaines de l\u2019industrie et des transports, pour ne citer que quelques exemples (mais forts significatifs). Il devrait permettre le remplacement des \u00e9nergies fossiles en apportant des capacit\u00e9s de stockage, \u00e9ventuellement intersaisonnier, des \u00e9nergies de flux que sont le solaire et le vent. Par un effet domino, il contribuera donc \u00e0 la diminution des gaz \u00e0 effet de serre. Pour une transition \u00e9nerg\u00e9tique r\u00e9ussie et \u00e9quitable entre les \u00e9tats europ\u00e9ens, il faudra d\u00e9velopper et diversifier la production de ces \u00e9nergies pour pouvoir atteindre la neutralit\u00e9 climatique d\u2019ici 2050.<em><\/em><\/p>\n\n\n\n<h2 class=\"wp-block-heading\"><strong>L\u2019hydrog\u00e8ne pour tous, tous pour l\u2019hydrog\u00e8ne<\/strong><strong><\/strong><\/h2>\n\n\n\n<p>Bien que la transition soit en marche, les \u00e9tats europ\u00e9ens ne logent pas tous \u00e0 la m\u00eame enseigne concernant la fabrication d\u2019hydrog\u00e8ne renouvelable. Entre le besoin d\u2019\u00e9lectricit\u00e9 bon march\u00e9 (via par exemple de grands exc\u00e9dents) et un fonctionnement constant pour pouvoir faire fonctionner les hydrolyseurs, de mani\u00e8re \u00e9conomiquement acceptable, comment b\u00e9n\u00e9ficier des avantages de l\u2019hydrog\u00e8ne en Belgique ? L\u2019hydrog\u00e8ne \u00e9tant souvent pr\u00e9sent sous forme gazeuse, il faut pouvoir le transporter&nbsp;! S\u2019agissant d\u2019un type de gaz bien sp\u00e9cifique, une r\u00e9adaptation des gazoducs existants est cependant n\u00e9cessaire. Leur transformation serait une approche plus judicieuse que la construction de nouvelles infrastructures. Cela permettrait une transition \u00e9nerg\u00e9tique moins co\u00fbteuse et plus rapide. Actuellement, des initiatives comme le <a href=\"https:\/\/ehb.eu\/\" target=\"_blank\" rel=\"noreferrer noopener\">EHB<\/a> (European Hydrogen Backbone) planchent sur le d\u00e9ploiement d\u2019un r\u00e9seau de distribution d\u2019hydrog\u00e8ne vert qui arriverait \u00e0 un r\u00e9seau de 53000 km d\u2019ici 2040. Et la Belgique dans tout \u00e7a&nbsp;?<\/p>\n\n\n\n<figure class=\"wp-block-image size-large\"><img loading=\"lazy\" decoding=\"async\" width=\"1024\" height=\"683\" src=\"https:\/\/www.renouvelle.be\/wp-content\/uploads\/2023\/11\/iStock-1486731600-1024x683.jpg\" alt=\"\" class=\"wp-image-10854\" srcset=\"https:\/\/www.renouvelle.be\/wp-content\/uploads\/2023\/11\/iStock-1486731600-1024x683.jpg 1024w, https:\/\/www.renouvelle.be\/wp-content\/uploads\/2023\/11\/iStock-1486731600-300x200.jpg 300w, https:\/\/www.renouvelle.be\/wp-content\/uploads\/2023\/11\/iStock-1486731600-768x512.jpg 768w, https:\/\/www.renouvelle.be\/wp-content\/uploads\/2023\/11\/iStock-1486731600-1536x1024.jpg 1536w, https:\/\/www.renouvelle.be\/wp-content\/uploads\/2023\/11\/iStock-1486731600-2048x1365.jpg 2048w, https:\/\/www.renouvelle.be\/wp-content\/uploads\/2023\/11\/iStock-1486731600-1200x800.jpg 1200w\" sizes=\"auto, (max-width: 1024px) 100vw, 1024px\" \/><\/figure>\n\n\n\n<h2 class=\"wp-block-heading\"><strong>Le transport comme strat\u00e9gie<\/strong><strong><\/strong><\/h2>\n\n\n\n<p>Avec pour ambition de devenir le leader europ\u00e9en dans le domaine de l\u2019hydrog\u00e8ne, la Belgique a entam\u00e9 une strat\u00e9gie afin de devenir le c\u0153ur battant qui fera circuler cet hydrog\u00e8ne internationalement.<\/p>\n\n\n\n<p>Bien que celle-ci reprennent les diff\u00e9rents aspects de l\u2019hydrog\u00e8ne comme la production et le stockage, en passant par la fabrication du mat\u00e9riel pour le produire, l\u2019accent a surtout \u00e9t\u00e9 mis sur le transport.<\/p>\n\n\n\n<p>Que cela soit pour l\u2019utiliser ou le stocker (ailleurs que dans son lieu de production), il faudra bien pouvoir transporter tout cet hydrog\u00e8ne. Avec un positionnement g\u00e9ographique avantageux (que nos pays voisins voient aussi d\u2019un bon \u0153il), il n\u2019est donc pas \u00e9tonnant de vouloir concentrer les investissements publics, avant tout, sur les infrastructures d\u2019acheminement de l\u2019hydrog\u00e8ne. Pour le moment, les candidatures pour la d\u00e9signation du gestionnaire, de ce futur r\u00e9seau d\u2019hydrog\u00e8ne, sont ouvertes, jusqu\u2019au 30 novembre 2023. Les premi\u00e8res importations de mol\u00e9cules d\u2019hydrog\u00e8ne devraient avoir lieu d\u00e8s 2026.<\/p>\n\n\n\n<p>Mais la Belgique ne se repose pas sur ses lauriers et travaille d\u00e9j\u00e0, depuis 2021, \u00e0 d\u00e9velopper des partenariats pour tirer pleinement profit des diff\u00e9rentes voies d\u2019importations et de transit d\u2019hydrog\u00e8ne qui couvriront deux aspects essentiels, le premier \u00e9tant d\u2019\u00eatre moins d\u00e9pendant d\u2019un pays sp\u00e9cifique sur le plan de l\u2019approvisionnement et ensuite de booster la circulation de l\u2019hydrog\u00e8ne qui passera par notre pays.<\/p>\n\n\n\n<p>Quelles sont ces voies&nbsp;? Il y a, tout d\u2019abord, <strong>la route de la mer du Nord. <\/strong>Celle-ci devient un point incontournable de production d\u2019\u00e9lectricit\u00e9 verte en Europe, on pourra alors miser sur une production belge d\u2019hydrog\u00e8ne renouvelable. N\u2019oublions pas l\u2019expertise que pourront apporter des entreprises belges comme <a href=\"https:\/\/hydrogen.johncockerill.com\/fr\/\" target=\"_blank\" rel=\"noreferrer noopener\">John Cockerill<\/a>, leader mondial de la production d\u2019\u00e9lectrolyseurs pour <a href=\"https:\/\/hydrogen.johncockerill.com\/fr\/a-propos-hydrogene-vert\/\" target=\"_blank\" rel=\"noreferrer noopener\">l\u2019hydrog\u00e8ne vert<\/a>. Cet hydrog\u00e8ne pourrait \u00eatre distribu\u00e9 ensuite, en Europe, gr\u00e2ce \u00e0 des pipelines interconnect\u00e9s \u00e0 partir de 2030.<\/p>\n\n\n\n<p>Une autre piste \u00e9tudi\u00e9e est celle de la \u00ab&nbsp;<strong>route du Sud<\/strong>&nbsp;\u00bb (p\u00e9ninsule ib\u00e9rique et Afrique du Nord), dans ce cas, il s\u2019agira d\u2019importations par pipelines et ne sera possible que gr\u00e2ce au d\u00e9veloppement d\u2019un r\u00e9seau solide et \u00e9tendu comme s\u2019attelle \u00e0 le faire l\u2019EHB, d\u2019ici l\u00e0 (2040) c\u2019est la troisi\u00e8me option,<strong> la maritime<\/strong>, qui sera privil\u00e9gi\u00e9e pour ladite zone g\u00e9ographique. Cette m\u00eame route est appel\u00e9e \u00e0 \u00e9voluer pour nous permettre d\u2019\u00eatre reli\u00e9s \u00e0 des zones difficilement accessibles par gazoduc comme le Moyen-Orient ou l\u2019Am\u00e9rique.<\/p>\n\n\n\n<p>La Belgique pourra \u00e9galement compter sur le <a href=\"https:\/\/belgianhydrogencouncil.be\/\" target=\"_blank\" rel=\"noreferrer noopener\">Belgian Hydrogen Council<\/a>, organisation de promotion de nos id\u00e9es et notre savoir-faire sur un plan international.<\/p>\n\n\n\n<p>Toute cette activit\u00e9 nous permettra d\u2019atteindre le but fix\u00e9&nbsp;: devenir le pivot central de ce transit europ\u00e9en et le facilitateur d\u2019acc\u00e8s \u00e0 l\u2019hydrog\u00e8ne vert.<\/p>\n","protected":false},"excerpt":{"rendered":"<p>Actuellement, chez nous, Fluxys (gestionnaire du r\u00e9seau gazier belge) teste actuellement un projet de stockage d\u2019hydrog\u00e8ne en sous-sol. Une premi\u00e8re mondiale ouvrant la perspective du stockage du surplus de production d\u2019\u00e9nergies renouvelables, transform\u00e9 en hydrog\u00e8ne, pour une utilisation ult\u00e9rieure. Mais la Belgique, berceau de la capitale de l\u2019Europe s\u2019y attribue un autre r\u00f4le, beaucoup plus central\u00a0: le transport. L\u2019hydrog\u00e8ne, cet eldorado europ\u00e9en\u00a0\u00a0\u00a0\u00a0\u00a0\u00a0\u00a0\u00a0\u00a0\u00a0\u00a0\u00a0\u00a0\u00a0\u00a0\u00a0\u00a0\u00a0\u00a0\u00a0\u00a0\u00a0\u00a0\u00a0\u00a0\u00a0 Nouvelle \u00e9g\u00e9rie europ\u00e9enne de l\u2019\u00e9nergie verte, on sait que l\u2019hydrog\u00e8ne jouera un r\u00f4le cl\u00e9 dans les domaines de l\u2019industrie et des transports, pour ne citer que quelques exemples (mais forts significatifs). Il devrait permettre le remplacement des \u00e9nergies fossiles en apportant des capacit\u00e9s de stockage, \u00e9ventuellement intersaisonnier, des \u00e9nergies de flux que sont le solaire et le vent. Par un effet domino, il contribuera donc \u00e0 la diminution des gaz \u00e0 effet de serre. Pour une transition \u00e9nerg\u00e9tique r\u00e9ussie et \u00e9quitable entre les \u00e9tats europ\u00e9ens, il faudra d\u00e9velopper et diversifier la production de ces \u00e9nergies pour pouvoir atteindre la neutralit\u00e9 climatique d\u2019ici 2050. L\u2019hydrog\u00e8ne pour tous, tous pour l\u2019hydrog\u00e8ne Bien que la transition soit en marche, les \u00e9tats europ\u00e9ens ne logent pas tous \u00e0 la m\u00eame enseigne concernant la fabrication d\u2019hydrog\u00e8ne renouvelable. Entre le besoin d\u2019\u00e9lectricit\u00e9 bon march\u00e9 (via par exemple de grands exc\u00e9dents) et un fonctionnement constant pour pouvoir faire fonctionner les hydrolyseurs, de mani\u00e8re \u00e9conomiquement acceptable, comment b\u00e9n\u00e9ficier des avantages de l\u2019hydrog\u00e8ne en Belgique ? L\u2019hydrog\u00e8ne \u00e9tant souvent pr\u00e9sent sous forme gazeuse, il faut pouvoir le transporter&nbsp;! S\u2019agissant d\u2019un type de gaz bien sp\u00e9cifique, une r\u00e9adaptation des gazoducs existants est cependant n\u00e9cessaire. Leur transformation serait une approche plus judicieuse que la construction de nouvelles infrastructures. Cela permettrait une transition \u00e9nerg\u00e9tique moins co\u00fbteuse et plus rapide. Actuellement, des initiatives comme le EHB (European Hydrogen Backbone) planchent sur &hellip; <a href=\"https:\/\/www.renouvelle.be\/fr\/la-belgique-transporteur-hydrogene-vert-en-europe\/\" class=\"more-link\">Continue reading<span class=\"screen-reader-text\"> \u00ab\u00a0La Belgique, transporteur de l\u2019hydrog\u00e8ne vert en Europe\u00a0\u00bb<\/span><\/a><\/p>\n","protected":false},"author":38,"featured_media":10858,"comment_status":"closed","ping_status":"closed","sticky":false,"template":"","format":"standard","meta":{"_acf_changed":false,"footnotes":""},"categories":[17],"tags":[],"section":[11],"class_list":["post-10851","post","type-post","status-publish","format-standard","has-post-thumbnail","hentry","category-actualite-en-belgique","section-hydrogene"],"acf":[],"yoast_head":"<!-- This site is optimized with the Yoast SEO plugin v27.5 - https:\/\/yoast.com\/product\/yoast-seo-wordpress\/ -->\n<title>La Belgique, transporteur de l\u2019hydrog\u00e8ne vert en Europe - Renouvelle<\/title>\n<meta name=\"description\" content=\"L&#039;hydrog\u00e8ne renouvelable occupe le devant de la sc\u00e8ne \u00e9nerg\u00e9tique en Europe. La Belgique se positionne strat\u00e9giquement comme transporteur.\" \/>\n<meta name=\"robots\" content=\"index, follow, max-snippet:-1, max-image-preview:large, max-video-preview:-1\" \/>\n<link rel=\"canonical\" href=\"https:\/\/www.renouvelle.be\/fr\/la-belgique-transporteur-hydrogene-vert-en-europe\/\" \/>\n<meta property=\"og:locale\" content=\"fr_FR\" \/>\n<meta property=\"og:type\" content=\"article\" \/>\n<meta property=\"og:title\" content=\"La Belgique, transporteur de l\u2019hydrog\u00e8ne vert en Europe - Renouvelle\" \/>\n<meta property=\"og:description\" content=\"L&#039;hydrog\u00e8ne renouvelable occupe le devant de la sc\u00e8ne \u00e9nerg\u00e9tique en Europe. La Belgique se positionne strat\u00e9giquement comme transporteur.\" \/>\n<meta property=\"og:url\" content=\"https:\/\/www.renouvelle.be\/fr\/la-belgique-transporteur-hydrogene-vert-en-europe\/\" \/>\n<meta property=\"og:site_name\" content=\"Renouvelle\" \/>\n<meta property=\"article:published_time\" content=\"2023-11-13T15:18:41+00:00\" \/>\n<meta property=\"article:modified_time\" content=\"2023-11-22T13:59:35+00:00\" \/>\n<meta property=\"og:image\" content=\"https:\/\/www.renouvelle.be\/wp-content\/uploads\/2023\/11\/iStock-1404041789-1024x686.jpg\" \/>\n\t<meta property=\"og:image:width\" content=\"1024\" \/>\n\t<meta property=\"og:image:height\" content=\"686\" \/>\n\t<meta property=\"og:image:type\" content=\"image\/jpeg\" \/>\n<meta name=\"author\" content=\"Samuel Alves\" \/>\n<meta name=\"twitter:card\" content=\"summary_large_image\" \/>\n<script type=\"application\/ld+json\" class=\"yoast-schema-graph\">{\"@context\":\"https:\\\/\\\/schema.org\",\"@graph\":[{\"@type\":\"Article\",\"@id\":\"https:\\\/\\\/www.renouvelle.be\\\/fr\\\/la-belgique-transporteur-hydrogene-vert-en-europe\\\/#article\",\"isPartOf\":{\"@id\":\"https:\\\/\\\/www.renouvelle.be\\\/fr\\\/la-belgique-transporteur-hydrogene-vert-en-europe\\\/\"},\"author\":{\"name\":\"Samuel Alves\",\"@id\":\"https:\\\/\\\/www.renouvelle.be\\\/fr\\\/#\\\/schema\\\/person\\\/9d743366fb269eeceaa8d60e98d289d3\"},\"headline\":\"La Belgique, transporteur de l\u2019hydrog\u00e8ne vert en Europe\",\"datePublished\":\"2023-11-13T15:18:41+00:00\",\"dateModified\":\"2023-11-22T13:59:35+00:00\",\"mainEntityOfPage\":{\"@id\":\"https:\\\/\\\/www.renouvelle.be\\\/fr\\\/la-belgique-transporteur-hydrogene-vert-en-europe\\\/\"},\"wordCount\":877,\"image\":{\"@id\":\"https:\\\/\\\/www.renouvelle.be\\\/fr\\\/la-belgique-transporteur-hydrogene-vert-en-europe\\\/#primaryimage\"},\"thumbnailUrl\":\"https:\\\/\\\/www.renouvelle.be\\\/wp-content\\\/uploads\\\/2023\\\/11\\\/iStock-1404041789.jpg\",\"articleSection\":[\"Actualit\u00e9 en Belgique\"],\"inLanguage\":\"fr-FR\"},{\"@type\":\"WebPage\",\"@id\":\"https:\\\/\\\/www.renouvelle.be\\\/fr\\\/la-belgique-transporteur-hydrogene-vert-en-europe\\\/\",\"url\":\"https:\\\/\\\/www.renouvelle.be\\\/fr\\\/la-belgique-transporteur-hydrogene-vert-en-europe\\\/\",\"name\":\"La Belgique, transporteur de l\u2019hydrog\u00e8ne vert en Europe - Renouvelle\",\"isPartOf\":{\"@id\":\"https:\\\/\\\/www.renouvelle.be\\\/fr\\\/#website\"},\"primaryImageOfPage\":{\"@id\":\"https:\\\/\\\/www.renouvelle.be\\\/fr\\\/la-belgique-transporteur-hydrogene-vert-en-europe\\\/#primaryimage\"},\"image\":{\"@id\":\"https:\\\/\\\/www.renouvelle.be\\\/fr\\\/la-belgique-transporteur-hydrogene-vert-en-europe\\\/#primaryimage\"},\"thumbnailUrl\":\"https:\\\/\\\/www.renouvelle.be\\\/wp-content\\\/uploads\\\/2023\\\/11\\\/iStock-1404041789.jpg\",\"datePublished\":\"2023-11-13T15:18:41+00:00\",\"dateModified\":\"2023-11-22T13:59:35+00:00\",\"author\":{\"@id\":\"https:\\\/\\\/www.renouvelle.be\\\/fr\\\/#\\\/schema\\\/person\\\/9d743366fb269eeceaa8d60e98d289d3\"},\"description\":\"L'hydrog\u00e8ne renouvelable occupe le devant de la sc\u00e8ne \u00e9nerg\u00e9tique en Europe. La Belgique se positionne strat\u00e9giquement comme transporteur.\",\"breadcrumb\":{\"@id\":\"https:\\\/\\\/www.renouvelle.be\\\/fr\\\/la-belgique-transporteur-hydrogene-vert-en-europe\\\/#breadcrumb\"},\"inLanguage\":\"fr-FR\",\"potentialAction\":[{\"@type\":\"ReadAction\",\"target\":[\"https:\\\/\\\/www.renouvelle.be\\\/fr\\\/la-belgique-transporteur-hydrogene-vert-en-europe\\\/\"]}]},{\"@type\":\"ImageObject\",\"inLanguage\":\"fr-FR\",\"@id\":\"https:\\\/\\\/www.renouvelle.be\\\/fr\\\/la-belgique-transporteur-hydrogene-vert-en-europe\\\/#primaryimage\",\"url\":\"https:\\\/\\\/www.renouvelle.be\\\/wp-content\\\/uploads\\\/2023\\\/11\\\/iStock-1404041789.jpg\",\"contentUrl\":\"https:\\\/\\\/www.renouvelle.be\\\/wp-content\\\/uploads\\\/2023\\\/11\\\/iStock-1404041789.jpg\",\"width\":2116,\"height\":1417,\"caption\":\"Hydrogen renewable energy production pipeline - hydrogen gas for clean electricity solar and windturbine facility.\"},{\"@type\":\"BreadcrumbList\",\"@id\":\"https:\\\/\\\/www.renouvelle.be\\\/fr\\\/la-belgique-transporteur-hydrogene-vert-en-europe\\\/#breadcrumb\",\"itemListElement\":[{\"@type\":\"ListItem\",\"position\":1,\"name\":\"Accueil\",\"item\":\"https:\\\/\\\/www.renouvelle.be\\\/fr\\\/\"},{\"@type\":\"ListItem\",\"position\":2,\"name\":\"La Belgique, transporteur de l\u2019hydrog\u00e8ne vert en Europe\"}]},{\"@type\":\"WebSite\",\"@id\":\"https:\\\/\\\/www.renouvelle.be\\\/fr\\\/#website\",\"url\":\"https:\\\/\\\/www.renouvelle.be\\\/fr\\\/\",\"name\":\"Renouvelle\",\"description\":\"L&#039;actualit\u00e9 de l&#039;\u00e9nergie durable\",\"potentialAction\":[{\"@type\":\"SearchAction\",\"target\":{\"@type\":\"EntryPoint\",\"urlTemplate\":\"https:\\\/\\\/www.renouvelle.be\\\/fr\\\/?s={search_term_string}\"},\"query-input\":{\"@type\":\"PropertyValueSpecification\",\"valueRequired\":true,\"valueName\":\"search_term_string\"}}],\"inLanguage\":\"fr-FR\"},{\"@type\":\"Person\",\"@id\":\"https:\\\/\\\/www.renouvelle.be\\\/fr\\\/#\\\/schema\\\/person\\\/9d743366fb269eeceaa8d60e98d289d3\",\"name\":\"Samuel Alves\",\"url\":\"https:\\\/\\\/www.renouvelle.be\\\/fr\\\/author\\\/salves\\\/\"}]}<\/script>\n<!-- \/ Yoast SEO plugin. -->","yoast_head_json":{"title":"La Belgique, transporteur de l\u2019hydrog\u00e8ne vert en Europe - Renouvelle","description":"L'hydrog\u00e8ne renouvelable occupe le devant de la sc\u00e8ne \u00e9nerg\u00e9tique en Europe. La Belgique se positionne strat\u00e9giquement comme transporteur.","robots":{"index":"index","follow":"follow","max-snippet":"max-snippet:-1","max-image-preview":"max-image-preview:large","max-video-preview":"max-video-preview:-1"},"canonical":"https:\/\/www.renouvelle.be\/fr\/la-belgique-transporteur-hydrogene-vert-en-europe\/","og_locale":"fr_FR","og_type":"article","og_title":"La Belgique, transporteur de l\u2019hydrog\u00e8ne vert en Europe - Renouvelle","og_description":"L'hydrog\u00e8ne renouvelable occupe le devant de la sc\u00e8ne \u00e9nerg\u00e9tique en Europe. La Belgique se positionne strat\u00e9giquement comme transporteur.","og_url":"https:\/\/www.renouvelle.be\/fr\/la-belgique-transporteur-hydrogene-vert-en-europe\/","og_site_name":"Renouvelle","article_published_time":"2023-11-13T15:18:41+00:00","article_modified_time":"2023-11-22T13:59:35+00:00","og_image":[{"width":1024,"height":686,"url":"https:\/\/www.renouvelle.be\/wp-content\/uploads\/2023\/11\/iStock-1404041789-1024x686.jpg","type":"image\/jpeg"}],"author":"Samuel Alves","twitter_card":"summary_large_image","schema":{"@context":"https:\/\/schema.org","@graph":[{"@type":"Article","@id":"https:\/\/www.renouvelle.be\/fr\/la-belgique-transporteur-hydrogene-vert-en-europe\/#article","isPartOf":{"@id":"https:\/\/www.renouvelle.be\/fr\/la-belgique-transporteur-hydrogene-vert-en-europe\/"},"author":{"name":"Samuel Alves","@id":"https:\/\/www.renouvelle.be\/fr\/#\/schema\/person\/9d743366fb269eeceaa8d60e98d289d3"},"headline":"La Belgique, transporteur de l\u2019hydrog\u00e8ne vert en Europe","datePublished":"2023-11-13T15:18:41+00:00","dateModified":"2023-11-22T13:59:35+00:00","mainEntityOfPage":{"@id":"https:\/\/www.renouvelle.be\/fr\/la-belgique-transporteur-hydrogene-vert-en-europe\/"},"wordCount":877,"image":{"@id":"https:\/\/www.renouvelle.be\/fr\/la-belgique-transporteur-hydrogene-vert-en-europe\/#primaryimage"},"thumbnailUrl":"https:\/\/www.renouvelle.be\/wp-content\/uploads\/2023\/11\/iStock-1404041789.jpg","articleSection":["Actualit\u00e9 en Belgique"],"inLanguage":"fr-FR"},{"@type":"WebPage","@id":"https:\/\/www.renouvelle.be\/fr\/la-belgique-transporteur-hydrogene-vert-en-europe\/","url":"https:\/\/www.renouvelle.be\/fr\/la-belgique-transporteur-hydrogene-vert-en-europe\/","name":"La Belgique, transporteur de l\u2019hydrog\u00e8ne vert en Europe - Renouvelle","isPartOf":{"@id":"https:\/\/www.renouvelle.be\/fr\/#website"},"primaryImageOfPage":{"@id":"https:\/\/www.renouvelle.be\/fr\/la-belgique-transporteur-hydrogene-vert-en-europe\/#primaryimage"},"image":{"@id":"https:\/\/www.renouvelle.be\/fr\/la-belgique-transporteur-hydrogene-vert-en-europe\/#primaryimage"},"thumbnailUrl":"https:\/\/www.renouvelle.be\/wp-content\/uploads\/2023\/11\/iStock-1404041789.jpg","datePublished":"2023-11-13T15:18:41+00:00","dateModified":"2023-11-22T13:59:35+00:00","author":{"@id":"https:\/\/www.renouvelle.be\/fr\/#\/schema\/person\/9d743366fb269eeceaa8d60e98d289d3"},"description":"L'hydrog\u00e8ne renouvelable occupe le devant de la sc\u00e8ne \u00e9nerg\u00e9tique en Europe. La Belgique se positionne strat\u00e9giquement comme transporteur.","breadcrumb":{"@id":"https:\/\/www.renouvelle.be\/fr\/la-belgique-transporteur-hydrogene-vert-en-europe\/#breadcrumb"},"inLanguage":"fr-FR","potentialAction":[{"@type":"ReadAction","target":["https:\/\/www.renouvelle.be\/fr\/la-belgique-transporteur-hydrogene-vert-en-europe\/"]}]},{"@type":"ImageObject","inLanguage":"fr-FR","@id":"https:\/\/www.renouvelle.be\/fr\/la-belgique-transporteur-hydrogene-vert-en-europe\/#primaryimage","url":"https:\/\/www.renouvelle.be\/wp-content\/uploads\/2023\/11\/iStock-1404041789.jpg","contentUrl":"https:\/\/www.renouvelle.be\/wp-content\/uploads\/2023\/11\/iStock-1404041789.jpg","width":2116,"height":1417,"caption":"Hydrogen renewable energy production pipeline - hydrogen gas for clean electricity solar and windturbine facility."},{"@type":"BreadcrumbList","@id":"https:\/\/www.renouvelle.be\/fr\/la-belgique-transporteur-hydrogene-vert-en-europe\/#breadcrumb","itemListElement":[{"@type":"ListItem","position":1,"name":"Accueil","item":"https:\/\/www.renouvelle.be\/fr\/"},{"@type":"ListItem","position":2,"name":"La Belgique, transporteur de l\u2019hydrog\u00e8ne vert en Europe"}]},{"@type":"WebSite","@id":"https:\/\/www.renouvelle.be\/fr\/#website","url":"https:\/\/www.renouvelle.be\/fr\/","name":"Renouvelle","description":"L&#039;actualit\u00e9 de l&#039;\u00e9nergie durable","potentialAction":[{"@type":"SearchAction","target":{"@type":"EntryPoint","urlTemplate":"https:\/\/www.renouvelle.be\/fr\/?s={search_term_string}"},"query-input":{"@type":"PropertyValueSpecification","valueRequired":true,"valueName":"search_term_string"}}],"inLanguage":"fr-FR"},{"@type":"Person","@id":"https:\/\/www.renouvelle.be\/fr\/#\/schema\/person\/9d743366fb269eeceaa8d60e98d289d3","name":"Samuel Alves","url":"https:\/\/www.renouvelle.be\/fr\/author\/salves\/"}]}},"_links":{"self":[{"href":"https:\/\/www.renouvelle.be\/fr\/wp-json\/wp\/v2\/posts\/10851","targetHints":{"allow":["GET"]}}],"collection":[{"href":"https:\/\/www.renouvelle.be\/fr\/wp-json\/wp\/v2\/posts"}],"about":[{"href":"https:\/\/www.renouvelle.be\/fr\/wp-json\/wp\/v2\/types\/post"}],"author":[{"embeddable":true,"href":"https:\/\/www.renouvelle.be\/fr\/wp-json\/wp\/v2\/users\/38"}],"replies":[{"embeddable":true,"href":"https:\/\/www.renouvelle.be\/fr\/wp-json\/wp\/v2\/comments?post=10851"}],"version-history":[{"count":27,"href":"https:\/\/www.renouvelle.be\/fr\/wp-json\/wp\/v2\/posts\/10851\/revisions"}],"predecessor-version":[{"id":11018,"href":"https:\/\/www.renouvelle.be\/fr\/wp-json\/wp\/v2\/posts\/10851\/revisions\/11018"}],"wp:featuredmedia":[{"embeddable":true,"href":"https:\/\/www.renouvelle.be\/fr\/wp-json\/wp\/v2\/media\/10858"}],"wp:attachment":[{"href":"https:\/\/www.renouvelle.be\/fr\/wp-json\/wp\/v2\/media?parent=10851"}],"wp:term":[{"taxonomy":"category","embeddable":true,"href":"https:\/\/www.renouvelle.be\/fr\/wp-json\/wp\/v2\/categories?post=10851"},{"taxonomy":"post_tag","embeddable":true,"href":"https:\/\/www.renouvelle.be\/fr\/wp-json\/wp\/v2\/tags?post=10851"},{"taxonomy":"section","embeddable":true,"href":"https:\/\/www.renouvelle.be\/fr\/wp-json\/wp\/v2\/section?post=10851"}],"curies":[{"name":"wp","href":"https:\/\/api.w.org\/{rel}","templated":true}]}}