{"id":10805,"date":"2023-11-07T15:00:25","date_gmt":"2023-11-07T14:00:25","guid":{"rendered":"https:\/\/www.renouvelle.be\/?p=10805"},"modified":"2023-11-07T15:00:30","modified_gmt":"2023-11-07T14:00:30","slug":"la-transition-ecologique-sera-systemique-ou-ne-sera-pas","status":"publish","type":"post","link":"https:\/\/www.renouvelle.be\/fr\/la-transition-ecologique-sera-systemique-ou-ne-sera-pas\/","title":{"rendered":"La transition \u00e9cologique sera syst\u00e9mique ou ne sera pas"},"content":{"rendered":"\n<h2 class=\"wp-block-heading\"><strong>Tout est dans tout\u2026 et r\u00e9ciproquement<\/strong><\/h2>\n\n\n\n<p>Cette citation attribu\u00e9e au romancier Alfred Capus r\u00e9sume bien le propos. Nos soci\u00e9t\u00e9s sont fond\u00e9es sur un tissu extr\u00eamement complexe de liens et d\u2019interd\u00e9pendances que l\u2019esprit humain est bien incapable d\u2019int\u00e9grer dans leur ensemble. Cela peut sembler \u00e9vident\u2026 Mais le rappeler et en tenir compte n\u2019est jamais inutile. Il existe une situation r\u00e9elle, qui ne peut \u00eatre ni\u00e9e, mais elle est bien trop complexe pour qu\u2019un individu puisse la conna\u00eetre dans son int\u00e9gralit\u00e9. Nous devons donc cr\u00e9er notre cadre de compr\u00e9hension du monde au moyen d\u2019un acte d\u2019imagination, ce qu\u2019on peut appeler une id\u00e9ologie. Nous en avons tous une, un rapport imaginaire \u00e0 une situation r\u00e9elle, et c\u2019est une bonne chose. Vision, philosophie, religion, tout cela est synonyme d\u2019id\u00e9ologie. Il en va de m\u00eame pour la science, m\u00eame si elle est diff\u00e9rente, sp\u00e9ciale, par ses recoupements perp\u00e9tuels avec la r\u00e9alit\u00e9 et par l\u2019approfondissement continu de ses champs d\u2019analyse. Elle doit donc \u00eatre plac\u00e9e au c\u0153ur de la cr\u00e9ation d\u2019un cadre de pens\u00e9e qui explique de mani\u00e8re coh\u00e9rente et utile autant que possible le monde actuel et les enjeux auxquels il est confront\u00e9.<\/p>\n\n\n\n<p>Gr\u00e2ce \u00e0 son approche syst\u00e9mique, la r\u00e9silience sociale-\u00e9cologique offre un tel cadre. En analysant la capacit\u00e9 actuelle et \u00e0 venir d\u2019un territoire \u00e0 couvrir les besoins humains fondamentaux dans un contexte de risques \u00e9conomiques, environnementaux, sociaux, technologiques et politiques, et en identifiant les principales interconnexions entre besoins et entre risques, elle tente d\u2019approcher au mieux cette complexit\u00e9 pour orienter notre action dans le sens d\u2019une transition \u00e9cologique socialement juste.<\/p>\n\n\n<div class=\"wp-block-image\">\n<figure class=\"aligncenter size-full is-resized\"><img loading=\"lazy\" decoding=\"async\" width=\"720\" height=\"715\" src=\"https:\/\/www.renouvelle.be\/wp-content\/uploads\/2023\/11\/Image02-1.jpg\" alt=\"\" class=\"wp-image-10821\" style=\"object-fit:cover;width:600px;height:600px\" srcset=\"https:\/\/www.renouvelle.be\/wp-content\/uploads\/2023\/11\/Image02-1.jpg 720w, https:\/\/www.renouvelle.be\/wp-content\/uploads\/2023\/11\/Image02-1-300x298.jpg 300w, https:\/\/www.renouvelle.be\/wp-content\/uploads\/2023\/11\/Image02-1-150x150.jpg 150w\" sizes=\"auto, (max-width: 720px) 100vw, 720px\" \/><\/figure>\n<\/div>\n\n\n<p>Partant d\u2019un objectif sp\u00e9cifique que l\u2019on d\u00e9sire se donner pour le d\u00e9veloppement d\u2019un territoire, elle tisse le fil des interconnexions entre ce dernier et l\u2019ensemble des besoins fondamentaux confront\u00e9s \u00e0 de multiples risques en s\u2019appuyant sur la th\u00e9orie des syst\u00e8mes complexes en plein essor.<\/p>\n\n\n\n<p>Prenons l\u2019exemple d\u2019un territoire qui d\u00e9sire r\u00e9fl\u00e9chir \u00e0 son red\u00e9ploiement \u00e9conomique. L\u00e0 o\u00f9 l\u2019approche actuellement la plus r\u00e9pandue consisterait \u00e0 tenter de mettre en place les conditions qui permettraient d\u2019attirer les investisseurs quels que soient leurs domaines d\u2019activit\u00e9 et \u00e0 former les demandeurs d\u2019emploi locaux pour qu\u2019ils r\u00e9pondent aux besoins de ces entrepreneurs, une approche r\u00e9siliente cherche \u00e0 ce que l\u2019\u00e9conomie d\u00e9velopp\u00e9e permette de produire et d\u2019\u00e9changer des biens et services utiles \u00e0 la couverture des besoins fondamentaux locaux.<\/p>\n\n\n\n<p>Pour cr\u00e9er des emplois locaux r\u00e9pondants aux enjeux actuels et futurs du territoire, il s\u2019agira d\u00e8s lors par exemple de diversifier la production agricole, de d\u00e9velopper des fili\u00e8res locales de transformation et de distribution alimentaires, d\u2019am\u00e9liorer la soutenabilit\u00e9 de la production agricole en l\u2019intensifiant en main d\u2019\u0153uvre, de d\u00e9velopper une fili\u00e8re locale de production et d\u2019entretien de mat\u00e9riel agricole low-tech, de d\u00e9velopper la manufacture locale de biens essentiels, de r\u00e9nover les logements, d\u2019augmenter la production locale d\u2019\u00e9nergie renouvelable, de renforcer la premi\u00e8re ligne de soins, de d\u00e9velopper des fili\u00e8res de production de m\u00e9dicaments et de soins alternatifs, de d\u00e9velopper les pratiques de soins int\u00e9gr\u00e9s multidisciplinaires, et de soutenir la biodiversit\u00e9 en concr\u00e9tisant un vaste plan de restauration et de protection des habitats et des esp\u00e8ces. Cela n\u00e9cessitera des formations dans les fili\u00e8res concern\u00e9es, de soutenir l\u2019\u00e9conomie sociale et solidaire, notamment pour favoriser le financement participatif des projets en pla\u00e7ant l\u2019humain avant le profit, et des partenariats public-priv\u00e9-citoyen pour faire \u00e9merger une r\u00e9elle gouvernance partag\u00e9e et mobiliser toutes les forces vives locales.<\/p>\n\n\n\n<h2 class=\"wp-block-heading\"><strong>Des causes profondes et multiples<\/strong><\/h2>\n\n\n\n<p>Suivre le fil des interconnexions et des boucles de r\u00e9troaction n\u00e9gatives et positives entre besoins et entre risques am\u00e8ne \u00e0 descendre de plus en plus profond\u00e9ment dans les causes \u00e0 l\u2019origine des d\u00e9faillances et fragilit\u00e9s de nos soci\u00e9t\u00e9s. En nous confrontant \u00e0 notre tendance \u00e0 agir face \u00e0 des \u00e9v\u00e9nements sans suffisamment questionner ce qui les g\u00e9n\u00e8re en profondeur, l\u2019approche syst\u00e9mique nous invite donc \u00e0 rechercher les \u00ab&nbsp;racines du mal&nbsp;\u00bb.<\/p>\n\n\n\n<p>Selon l\u2019analogie de l\u2019iceberg, il s\u2019agit de rendre visible ce qui, la plupart du temps, est cach\u00e9 sous les \u00e9v\u00e9nements que nous observons, d\u2019identifier les structures sous-jacentes, soit les r\u00e9seaux de relations entre des \u00e9l\u00e9ments qui cr\u00e9ent ces \u00e9v\u00e9nements, ainsi que les mod\u00e8les mentaux, les hypoth\u00e8ses, les croyances et les valeurs qui ont fa\u00e7onn\u00e9 ces structures.<\/p>\n\n\n\n<figure class=\"wp-block-image size-large\"><img loading=\"lazy\" decoding=\"async\" width=\"1024\" height=\"647\" src=\"https:\/\/www.renouvelle.be\/wp-content\/uploads\/2023\/11\/Image03-1-1024x647.jpg\" alt=\"\" class=\"wp-image-10826\" srcset=\"https:\/\/www.renouvelle.be\/wp-content\/uploads\/2023\/11\/Image03-1-1024x647.jpg 1024w, https:\/\/www.renouvelle.be\/wp-content\/uploads\/2023\/11\/Image03-1-300x190.jpg 300w, https:\/\/www.renouvelle.be\/wp-content\/uploads\/2023\/11\/Image03-1-768x485.jpg 768w, https:\/\/www.renouvelle.be\/wp-content\/uploads\/2023\/11\/Image03-1-1200x759.jpg 1200w, https:\/\/www.renouvelle.be\/wp-content\/uploads\/2023\/11\/Image03-1.jpg 1321w\" sizes=\"auto, (max-width: 1024px) 100vw, 1024px\" \/><\/figure>\n\n\n\n<p>Agir en r\u00e9action \u00e0 un \u00e9v\u00e9nement ne va probablement r\u00e9gler le probl\u00e8me que temporairement. En revanche, observer ce type d\u2019\u00e9v\u00e9nement \u00e0 travers le temps, tenter de percevoir les sch\u00e9mas qui se reproduisent, remonter le fil des causes qui les m\u00e8nent \u00e0 se reproduire, et travailler sur ces causes s\u2019av\u00e9rera bien plus efficace sur le long terme. Plus nous agissons \u00e0 la base de l\u2019iceberg, plus la transformation sera profonde et durable. Et si on r\u00e9ussit \u00e0 agir sur les mentalit\u00e9s, les principes, les id\u00e9es cl\u00e9s derri\u00e8re les m\u00e9canismes observ\u00e9s, l\u2019impact sera encore plus grand. Notons n\u00e9anmoins que plus l\u2019on vise \u00e0 agir \u00e0 la base de l\u2019iceberg, plus grande est la r\u00e9sistance au changement.<\/p>\n\n\n\n<p>Prenons un exemple cher \u00e0 Renouvelle\u2026 le co\u00fbt de l\u2019\u00e9nergie. A la suite de la crise \u00e9nerg\u00e9tique, le nombre de m\u00e9nages en pr\u00e9carit\u00e9 \u00e9nerg\u00e9tique explose. Il est urgent d\u2019agir face \u00e0 leur d\u00e9tresse. Le gouvernement d\u00e9cide donc de d\u00e9bloquer des fonds pour mettre en place une prime destin\u00e9e \u00e0 r\u00e9duire leur facture \u00e9nerg\u00e9tique. Malheureusement, cette crise dure, au point qu\u2019il est difficile d\u2019imaginer voir les prix de l\u2019\u00e9nergie revenir \u00e0 des niveaux similaires \u00e0 ceux d\u2019avant. Si bien qu\u2019il est n\u00e9cessaire de reconduire ann\u00e9e apr\u00e8s ann\u00e9e cette politique d\u2019aide \u00e0 la consommation, sans apporter de r\u00e9ponse aux racines du probl\u00e8me. Sans parler des cons\u00e9quences d\u00e9sastreuses sur les finances publiques d\u00e9j\u00e0 fragilis\u00e9es par des crises environnementales, sanitaires et \u00e9conomiques successives. Comme expliqu\u00e9 dans notre <a href=\"https:\/\/www.renouvelle.be\/fr\/de-nouveaux-acteurs-sur-le-marche-de-lenergie-une-solution-pour-resoudre-la-crise-actuelle\/\">article suivant<\/a>, une analyse approfondie des causes profondes de ce probl\u00e8me doit amener \u00e0 prendre des mesures structurelles, plus lentes \u00e0 mettre en \u0153uvre, mais moins co\u00fbteuses, plus efficaces et impactant tous les consommateurs. On parlera de r\u00e9forme du march\u00e9 de l\u2019\u00e9nergie de politiques plus volontaristes d\u2019efficacit\u00e9 et de sobri\u00e9t\u00e9, de soutien \u00e0 la production d\u2019\u00e9nergie renouvelable, de flexibilisation de la demande, et de cr\u00e9ation de circuits courts de l\u2019\u00e9nergie. Mais, lorsqu\u2019on creuse encore un peu plus profond\u00e9ment, on se rend malheureusement compte que beaucoup de ces solutions ont du mal \u00e0 se d\u00e9ployer \u00e0 large \u00e9chelle et \u00e0 toucher les publics qui en ont le plus besoin. Se posent alors les questions de la conscience que ces derniers ont de leur pouvoir d\u2019action et de l\u2019espace qui leur est donn\u00e9 pour la d\u00e9velopper, des valeurs et r\u00e9cits qui sous-tendent notre rapport \u00e0 l\u2019\u00e9nergie ainsi que le fonctionnement de ses march\u00e9s, et in fine la question des in\u00e9galit\u00e9s syst\u00e9miques. Ce cheminement nous m\u00e8nera in\u00e9vitablement \u00e0 la conclusion qu\u2019il est n\u00e9cessaire de mener un travail culturel collectif qui questionne le fonctionnement m\u00eame des march\u00e9s, notre demande d\u2019\u00e9nergie, notre implication individuelle et collective dans sa production, et les moyens qui nous sont donn\u00e9s pour que cette implication grandisse. On parlera alors par exemple de r\u00e9duction collective du temps de travail ou de cr\u00e9ation de cong\u00e9s citoyens tels que celui propos\u00e9 dans le <a href=\"https:\/\/drive.google.com\/file\/d\/1Khgmtd_NGlKhQ_-XzIcfg6EiAJmjLxmG\/view\">m\u00e9morandum d\u2019Energie Commune<\/a>. Ce qui aurait pu sembler, au d\u00e9part de la r\u00e9flexion, un enjeu bien \u00e9loign\u00e9 de la lutte contre la pr\u00e9carit\u00e9 \u00e9nerg\u00e9tique. &nbsp;<\/p>\n\n\n\n<h2 class=\"wp-block-heading\"><strong>Seule certitude, l\u2019incertitude&nbsp;?<\/strong><\/h2>\n\n\n\n<p>Malgr\u00e9 l\u2019utilisation d\u2019un cadre de pens\u00e9e tentant de prendre en compte la complexit\u00e9 des liens et interconnexions au sein de notre monde, il est impossible de mod\u00e9liser le syst\u00e8me-terre ou les soci\u00e9t\u00e9s humaines pour pr\u00e9dire l\u2019avenir de mani\u00e8re certaine. D\u2019autant plus que le facteur humain fait que bien des \u00e9v\u00e9nements et changements soci\u00e9taux importants \u00e9chappent \u00e0 toute logique probabiliste. En effet, combien de bifurcations majeures de l\u2019histoire n\u2019ont-elles pas \u00e9t\u00e9 d\u00e9clench\u00e9es par un \u00e9v\u00e9nement pouvant sembler mineur ou une d\u00e9couverte fortuite.<\/p>\n\n\n\n<p>D\u2019ailleurs, l\u2019utilisation de la logique probabiliste ne se heurte-t-elle pas elle-m\u00eame souvent \u00e0 un manque d\u2019objectivit\u00e9 flagrant ? C\u2019est le cas, pour illustrer le propos, de l\u2019exemple particuli\u00e8rement d\u00e9sastreux du d\u00e9calage de 20 ans observ\u00e9 entre les projections climatiques et la r\u00e9alit\u00e9. En effet, on observe ces derni\u00e8res ann\u00e9es des ph\u00e9nom\u00e8nes extr\u00eames comme, en Belgique, les inondations de 2021 ou la vague de chaleur de ce mois de septembre 2023 alors qu\u2019ils n\u2019\u00e9taient pas attendus avant 2040 par les mod\u00e8les de projection climatique les plus pessimistes. Le climatologue Xavier Fetweis, de l\u2019Universit\u00e9 de Li\u00e8ge, propose dans <a href=\"https:\/\/www.rtbf.be\/article\/20-ans-separent-les-modeles-de-projections-climatiques-de-la-realite-comment-expliquer-un-tel-decalage-11254623\">l\u2019article de la RTBF suivant<\/a> deux hypoth\u00e8ses pour expliquer ce d\u00e9calage&nbsp;:<\/p>\n\n\n\n<ul class=\"wp-block-list\">\n<li>Tout d&rsquo;abord, les mod\u00e8les sont conservatifs. Ils sous-estiment tout simplement une s\u00e9rie de ph\u00e9nom\u00e8nes qui amplifient le r\u00e9chauffement climatique (l&rsquo;Arctique de moins en moins blanc et l&rsquo;impact de l&rsquo;effet alb\u00e9do, le r\u00e9chauffement des oc\u00e9ans, l&rsquo;impact des nuages etc.)<\/li>\n\n\n\n<li>De plus, ils ont \u00e9t\u00e9 con\u00e7us pour avoir une sensibilit\u00e9 climatique proche de +3\u00b0C comme demand\u00e9 par le GIEC et c&rsquo;est la raison pour laquelle ils peuvent se tromper<\/li>\n<\/ul>\n\n\n\n<p>Mais pourquoi les mod\u00e8les utilis\u00e9s sont-ils conservatifs et pourquoi le GIEC a-t-il d\u00e9cid\u00e9 de prioriser les mod\u00e8les con\u00e7us pour avoir une sensibilit\u00e9 proche de +3\u00b0C alors qu\u2019il faudrait vraisemblablement opter pour 4 voire 5\u00b0C&nbsp;? Une approche 100% objective n\u2019existe pas\u2026 m\u00eame en science.<\/p>\n\n\n\n<figure class=\"wp-block-image size-large\"><img loading=\"lazy\" decoding=\"async\" width=\"1024\" height=\"646\" src=\"https:\/\/www.renouvelle.be\/wp-content\/uploads\/2023\/11\/Image04-1024x646.jpg\" alt=\"\" class=\"wp-image-10828\" srcset=\"https:\/\/www.renouvelle.be\/wp-content\/uploads\/2023\/11\/Image04-1024x646.jpg 1024w, https:\/\/www.renouvelle.be\/wp-content\/uploads\/2023\/11\/Image04-300x189.jpg 300w, https:\/\/www.renouvelle.be\/wp-content\/uploads\/2023\/11\/Image04-768x484.jpg 768w, https:\/\/www.renouvelle.be\/wp-content\/uploads\/2023\/11\/Image04-1200x757.jpg 1200w, https:\/\/www.renouvelle.be\/wp-content\/uploads\/2023\/11\/Image04.jpg 1315w\" sizes=\"auto, (max-width: 1024px) 100vw, 1024px\" \/><\/figure>\n\n\n\n<p>D\u00e8s lors, quelle attitude adopter face \u00e0 l\u2019incertitude et l\u2019impr\u00e9visibilit\u00e9&nbsp;? Premi\u00e8rement, les accepter et les reconna\u00eetre en toute humilit\u00e9. Deuxi\u00e8mement, face \u00e0 l\u2019incertitude, oser exp\u00e9rimenter une diversit\u00e9 de solutions pour autant qu\u2019elles r\u00e9pondent au double crit\u00e8re de r\u00e9g\u00e9n\u00e9ration du vivant et de r\u00e9duction des in\u00e9galit\u00e9s. Et enfin, face \u00e0 l\u2019impr\u00e9visibilit\u00e9, d\u00e9velopper une v\u00e9ritable culture du risque qui consisterait \u00e0 anticiper le pire, s\u2019y pr\u00e9parer tout en agissant pour qu\u2019il n\u2019advienne pas, et concevoir nos politiques et strat\u00e9gies de mani\u00e8re agile, pour qu\u2019elles puissent \u00eatre rapidement adapt\u00e9es \u00e0 l\u2019\u00e9volution du contexte. Ce sont ces principes que nous approfondirons dans le prochain article de la s\u00e9rie \u00ab\u00a0R\u00e9silience\u00a0\u00bb.<\/p>\n","protected":false},"excerpt":{"rendered":"<p>Tout est dans tout\u2026 et r\u00e9ciproquement Cette citation attribu\u00e9e au romancier Alfred Capus r\u00e9sume bien le propos. Nos soci\u00e9t\u00e9s sont fond\u00e9es sur un tissu extr\u00eamement complexe de liens et d\u2019interd\u00e9pendances que l\u2019esprit humain est bien incapable d\u2019int\u00e9grer dans leur ensemble. Cela peut sembler \u00e9vident\u2026 Mais le rappeler et en tenir compte n\u2019est jamais inutile. Il existe une situation r\u00e9elle, qui ne peut \u00eatre ni\u00e9e, mais elle est bien trop complexe pour qu\u2019un individu puisse la conna\u00eetre dans son int\u00e9gralit\u00e9. Nous devons donc cr\u00e9er notre cadre de compr\u00e9hension du monde au moyen d\u2019un acte d\u2019imagination, ce qu\u2019on peut appeler une id\u00e9ologie. Nous en avons tous une, un rapport imaginaire \u00e0 une situation r\u00e9elle, et c\u2019est une bonne chose. Vision, philosophie, religion, tout cela est synonyme d\u2019id\u00e9ologie. Il en va de m\u00eame pour la science, m\u00eame si elle est diff\u00e9rente, sp\u00e9ciale, par ses recoupements perp\u00e9tuels avec la r\u00e9alit\u00e9 et par l\u2019approfondissement continu de ses champs d\u2019analyse. Elle doit donc \u00eatre plac\u00e9e au c\u0153ur de la cr\u00e9ation d\u2019un cadre de pens\u00e9e qui explique de mani\u00e8re coh\u00e9rente et utile autant que possible le monde actuel et les enjeux auxquels il est confront\u00e9. Gr\u00e2ce \u00e0 son approche syst\u00e9mique, la r\u00e9silience sociale-\u00e9cologique offre un tel cadre. En analysant la capacit\u00e9 actuelle et \u00e0 venir d\u2019un territoire \u00e0 couvrir les besoins humains fondamentaux dans un contexte de risques \u00e9conomiques, environnementaux, sociaux, technologiques et politiques, et en identifiant les principales interconnexions entre besoins et entre risques, elle tente d\u2019approcher au mieux cette complexit\u00e9 pour orienter notre action dans le sens d\u2019une transition \u00e9cologique socialement juste. Partant d\u2019un objectif sp\u00e9cifique que l\u2019on d\u00e9sire se donner pour le d\u00e9veloppement d\u2019un territoire, elle tisse le fil des interconnexions entre ce dernier et l\u2019ensemble des besoins fondamentaux confront\u00e9s \u00e0 de multiples risques &hellip; <a href=\"https:\/\/www.renouvelle.be\/fr\/la-transition-ecologique-sera-systemique-ou-ne-sera-pas\/\" class=\"more-link\">Continue reading<span class=\"screen-reader-text\"> \u00ab\u00a0La transition \u00e9cologique sera syst\u00e9mique ou ne sera pas\u00a0\u00bb<\/span><\/a><\/p>\n","protected":false},"author":21,"featured_media":10823,"comment_status":"closed","ping_status":"closed","sticky":false,"template":"","format":"standard","meta":{"_acf_changed":false,"footnotes":""},"categories":[63],"tags":[],"section":[8],"class_list":["post-10805","post","type-post","status-publish","format-standard","has-post-thumbnail","hentry","category-analyses","section-energie-renouvelables"],"acf":[],"yoast_head":"<!-- This site is optimized with the Yoast SEO plugin v27.5 - https:\/\/yoast.com\/product\/yoast-seo-wordpress\/ -->\n<title>La transition \u00e9cologique sera syst\u00e9mique ou ne sera pas - Renouvelle<\/title>\n<meta name=\"description\" content=\"Que signifie la r\u00e9silience ? Renouvelle s\u2019int\u00e9resse, dans une s\u00e9rie d&#039;articles, au concept de r\u00e9silience sociale-\u00e9cologique.\" \/>\n<meta name=\"robots\" content=\"index, follow, max-snippet:-1, max-image-preview:large, max-video-preview:-1\" \/>\n<link rel=\"canonical\" href=\"https:\/\/www.renouvelle.be\/fr\/la-transition-ecologique-sera-systemique-ou-ne-sera-pas\/\" \/>\n<meta property=\"og:locale\" content=\"fr_FR\" \/>\n<meta property=\"og:type\" content=\"article\" \/>\n<meta property=\"og:title\" content=\"La transition \u00e9cologique sera syst\u00e9mique ou ne sera pas - Renouvelle\" \/>\n<meta property=\"og:description\" content=\"Que signifie la r\u00e9silience ? Renouvelle s\u2019int\u00e9resse, dans une s\u00e9rie d&#039;articles, au concept de r\u00e9silience sociale-\u00e9cologique.\" \/>\n<meta property=\"og:url\" content=\"https:\/\/www.renouvelle.be\/fr\/la-transition-ecologique-sera-systemique-ou-ne-sera-pas\/\" \/>\n<meta property=\"og:site_name\" content=\"Renouvelle\" \/>\n<meta property=\"article:published_time\" content=\"2023-11-07T14:00:25+00:00\" \/>\n<meta property=\"article:modified_time\" content=\"2023-11-07T14:00:30+00:00\" \/>\n<meta property=\"og:image\" content=\"https:\/\/www.renouvelle.be\/wp-content\/uploads\/2023\/11\/Image01-1.jpg\" \/>\n\t<meta property=\"og:image:width\" content=\"1443\" \/>\n\t<meta property=\"og:image:height\" content=\"832\" \/>\n\t<meta property=\"og:image:type\" content=\"image\/jpeg\" \/>\n<meta name=\"author\" content=\"Fr\u00e9d\u00e9ric PRAILLET\" \/>\n<meta name=\"twitter:card\" content=\"summary_large_image\" \/>\n<script type=\"application\/ld+json\" class=\"yoast-schema-graph\">{\"@context\":\"https:\\\/\\\/schema.org\",\"@graph\":[{\"@type\":\"Article\",\"@id\":\"https:\\\/\\\/www.renouvelle.be\\\/fr\\\/la-transition-ecologique-sera-systemique-ou-ne-sera-pas\\\/#article\",\"isPartOf\":{\"@id\":\"https:\\\/\\\/www.renouvelle.be\\\/fr\\\/la-transition-ecologique-sera-systemique-ou-ne-sera-pas\\\/\"},\"author\":{\"name\":\"Fr\u00e9d\u00e9ric PRAILLET\",\"@id\":\"https:\\\/\\\/www.renouvelle.be\\\/fr\\\/#\\\/schema\\\/person\\\/9d3565ca9db7252f965f75c1f3561a53\"},\"headline\":\"La transition \u00e9cologique sera syst\u00e9mique ou ne sera pas\",\"datePublished\":\"2023-11-07T14:00:25+00:00\",\"dateModified\":\"2023-11-07T14:00:30+00:00\",\"mainEntityOfPage\":{\"@id\":\"https:\\\/\\\/www.renouvelle.be\\\/fr\\\/la-transition-ecologique-sera-systemique-ou-ne-sera-pas\\\/\"},\"wordCount\":1875,\"image\":{\"@id\":\"https:\\\/\\\/www.renouvelle.be\\\/fr\\\/la-transition-ecologique-sera-systemique-ou-ne-sera-pas\\\/#primaryimage\"},\"thumbnailUrl\":\"https:\\\/\\\/www.renouvelle.be\\\/wp-content\\\/uploads\\\/2023\\\/11\\\/Image01-1.jpg\",\"articleSection\":[\"Analyses\"],\"inLanguage\":\"fr-FR\"},{\"@type\":\"WebPage\",\"@id\":\"https:\\\/\\\/www.renouvelle.be\\\/fr\\\/la-transition-ecologique-sera-systemique-ou-ne-sera-pas\\\/\",\"url\":\"https:\\\/\\\/www.renouvelle.be\\\/fr\\\/la-transition-ecologique-sera-systemique-ou-ne-sera-pas\\\/\",\"name\":\"La transition \u00e9cologique sera syst\u00e9mique ou ne sera pas - Renouvelle\",\"isPartOf\":{\"@id\":\"https:\\\/\\\/www.renouvelle.be\\\/fr\\\/#website\"},\"primaryImageOfPage\":{\"@id\":\"https:\\\/\\\/www.renouvelle.be\\\/fr\\\/la-transition-ecologique-sera-systemique-ou-ne-sera-pas\\\/#primaryimage\"},\"image\":{\"@id\":\"https:\\\/\\\/www.renouvelle.be\\\/fr\\\/la-transition-ecologique-sera-systemique-ou-ne-sera-pas\\\/#primaryimage\"},\"thumbnailUrl\":\"https:\\\/\\\/www.renouvelle.be\\\/wp-content\\\/uploads\\\/2023\\\/11\\\/Image01-1.jpg\",\"datePublished\":\"2023-11-07T14:00:25+00:00\",\"dateModified\":\"2023-11-07T14:00:30+00:00\",\"author\":{\"@id\":\"https:\\\/\\\/www.renouvelle.be\\\/fr\\\/#\\\/schema\\\/person\\\/9d3565ca9db7252f965f75c1f3561a53\"},\"description\":\"Que signifie la r\u00e9silience ? Renouvelle s\u2019int\u00e9resse, dans une s\u00e9rie d'articles, au concept de r\u00e9silience sociale-\u00e9cologique.\",\"breadcrumb\":{\"@id\":\"https:\\\/\\\/www.renouvelle.be\\\/fr\\\/la-transition-ecologique-sera-systemique-ou-ne-sera-pas\\\/#breadcrumb\"},\"inLanguage\":\"fr-FR\",\"potentialAction\":[{\"@type\":\"ReadAction\",\"target\":[\"https:\\\/\\\/www.renouvelle.be\\\/fr\\\/la-transition-ecologique-sera-systemique-ou-ne-sera-pas\\\/\"]}]},{\"@type\":\"ImageObject\",\"inLanguage\":\"fr-FR\",\"@id\":\"https:\\\/\\\/www.renouvelle.be\\\/fr\\\/la-transition-ecologique-sera-systemique-ou-ne-sera-pas\\\/#primaryimage\",\"url\":\"https:\\\/\\\/www.renouvelle.be\\\/wp-content\\\/uploads\\\/2023\\\/11\\\/Image01-1.jpg\",\"contentUrl\":\"https:\\\/\\\/www.renouvelle.be\\\/wp-content\\\/uploads\\\/2023\\\/11\\\/Image01-1.jpg\",\"width\":1443,\"height\":832},{\"@type\":\"BreadcrumbList\",\"@id\":\"https:\\\/\\\/www.renouvelle.be\\\/fr\\\/la-transition-ecologique-sera-systemique-ou-ne-sera-pas\\\/#breadcrumb\",\"itemListElement\":[{\"@type\":\"ListItem\",\"position\":1,\"name\":\"Accueil\",\"item\":\"https:\\\/\\\/www.renouvelle.be\\\/fr\\\/\"},{\"@type\":\"ListItem\",\"position\":2,\"name\":\"La transition \u00e9cologique sera syst\u00e9mique ou ne sera pas\"}]},{\"@type\":\"WebSite\",\"@id\":\"https:\\\/\\\/www.renouvelle.be\\\/fr\\\/#website\",\"url\":\"https:\\\/\\\/www.renouvelle.be\\\/fr\\\/\",\"name\":\"Renouvelle\",\"description\":\"L&#039;actualit\u00e9 de l&#039;\u00e9nergie durable\",\"potentialAction\":[{\"@type\":\"SearchAction\",\"target\":{\"@type\":\"EntryPoint\",\"urlTemplate\":\"https:\\\/\\\/www.renouvelle.be\\\/fr\\\/?s={search_term_string}\"},\"query-input\":{\"@type\":\"PropertyValueSpecification\",\"valueRequired\":true,\"valueName\":\"search_term_string\"}}],\"inLanguage\":\"fr-FR\"},{\"@type\":\"Person\",\"@id\":\"https:\\\/\\\/www.renouvelle.be\\\/fr\\\/#\\\/schema\\\/person\\\/9d3565ca9db7252f965f75c1f3561a53\",\"name\":\"Fr\u00e9d\u00e9ric PRAILLET\",\"url\":\"https:\\\/\\\/www.renouvelle.be\\\/fr\\\/author\\\/fredericpraillet\\\/\"}]}<\/script>\n<!-- \/ Yoast SEO plugin. -->","yoast_head_json":{"title":"La transition \u00e9cologique sera syst\u00e9mique ou ne sera pas - Renouvelle","description":"Que signifie la r\u00e9silience ? Renouvelle s\u2019int\u00e9resse, dans une s\u00e9rie d'articles, au concept de r\u00e9silience sociale-\u00e9cologique.","robots":{"index":"index","follow":"follow","max-snippet":"max-snippet:-1","max-image-preview":"max-image-preview:large","max-video-preview":"max-video-preview:-1"},"canonical":"https:\/\/www.renouvelle.be\/fr\/la-transition-ecologique-sera-systemique-ou-ne-sera-pas\/","og_locale":"fr_FR","og_type":"article","og_title":"La transition \u00e9cologique sera syst\u00e9mique ou ne sera pas - Renouvelle","og_description":"Que signifie la r\u00e9silience ? Renouvelle s\u2019int\u00e9resse, dans une s\u00e9rie d'articles, au concept de r\u00e9silience sociale-\u00e9cologique.","og_url":"https:\/\/www.renouvelle.be\/fr\/la-transition-ecologique-sera-systemique-ou-ne-sera-pas\/","og_site_name":"Renouvelle","article_published_time":"2023-11-07T14:00:25+00:00","article_modified_time":"2023-11-07T14:00:30+00:00","og_image":[{"width":1443,"height":832,"url":"https:\/\/www.renouvelle.be\/wp-content\/uploads\/2023\/11\/Image01-1.jpg","type":"image\/jpeg"}],"author":"Fr\u00e9d\u00e9ric PRAILLET","twitter_card":"summary_large_image","schema":{"@context":"https:\/\/schema.org","@graph":[{"@type":"Article","@id":"https:\/\/www.renouvelle.be\/fr\/la-transition-ecologique-sera-systemique-ou-ne-sera-pas\/#article","isPartOf":{"@id":"https:\/\/www.renouvelle.be\/fr\/la-transition-ecologique-sera-systemique-ou-ne-sera-pas\/"},"author":{"name":"Fr\u00e9d\u00e9ric PRAILLET","@id":"https:\/\/www.renouvelle.be\/fr\/#\/schema\/person\/9d3565ca9db7252f965f75c1f3561a53"},"headline":"La transition \u00e9cologique sera syst\u00e9mique ou ne sera pas","datePublished":"2023-11-07T14:00:25+00:00","dateModified":"2023-11-07T14:00:30+00:00","mainEntityOfPage":{"@id":"https:\/\/www.renouvelle.be\/fr\/la-transition-ecologique-sera-systemique-ou-ne-sera-pas\/"},"wordCount":1875,"image":{"@id":"https:\/\/www.renouvelle.be\/fr\/la-transition-ecologique-sera-systemique-ou-ne-sera-pas\/#primaryimage"},"thumbnailUrl":"https:\/\/www.renouvelle.be\/wp-content\/uploads\/2023\/11\/Image01-1.jpg","articleSection":["Analyses"],"inLanguage":"fr-FR"},{"@type":"WebPage","@id":"https:\/\/www.renouvelle.be\/fr\/la-transition-ecologique-sera-systemique-ou-ne-sera-pas\/","url":"https:\/\/www.renouvelle.be\/fr\/la-transition-ecologique-sera-systemique-ou-ne-sera-pas\/","name":"La transition \u00e9cologique sera syst\u00e9mique ou ne sera pas - Renouvelle","isPartOf":{"@id":"https:\/\/www.renouvelle.be\/fr\/#website"},"primaryImageOfPage":{"@id":"https:\/\/www.renouvelle.be\/fr\/la-transition-ecologique-sera-systemique-ou-ne-sera-pas\/#primaryimage"},"image":{"@id":"https:\/\/www.renouvelle.be\/fr\/la-transition-ecologique-sera-systemique-ou-ne-sera-pas\/#primaryimage"},"thumbnailUrl":"https:\/\/www.renouvelle.be\/wp-content\/uploads\/2023\/11\/Image01-1.jpg","datePublished":"2023-11-07T14:00:25+00:00","dateModified":"2023-11-07T14:00:30+00:00","author":{"@id":"https:\/\/www.renouvelle.be\/fr\/#\/schema\/person\/9d3565ca9db7252f965f75c1f3561a53"},"description":"Que signifie la r\u00e9silience ? Renouvelle s\u2019int\u00e9resse, dans une s\u00e9rie d'articles, au concept de r\u00e9silience sociale-\u00e9cologique.","breadcrumb":{"@id":"https:\/\/www.renouvelle.be\/fr\/la-transition-ecologique-sera-systemique-ou-ne-sera-pas\/#breadcrumb"},"inLanguage":"fr-FR","potentialAction":[{"@type":"ReadAction","target":["https:\/\/www.renouvelle.be\/fr\/la-transition-ecologique-sera-systemique-ou-ne-sera-pas\/"]}]},{"@type":"ImageObject","inLanguage":"fr-FR","@id":"https:\/\/www.renouvelle.be\/fr\/la-transition-ecologique-sera-systemique-ou-ne-sera-pas\/#primaryimage","url":"https:\/\/www.renouvelle.be\/wp-content\/uploads\/2023\/11\/Image01-1.jpg","contentUrl":"https:\/\/www.renouvelle.be\/wp-content\/uploads\/2023\/11\/Image01-1.jpg","width":1443,"height":832},{"@type":"BreadcrumbList","@id":"https:\/\/www.renouvelle.be\/fr\/la-transition-ecologique-sera-systemique-ou-ne-sera-pas\/#breadcrumb","itemListElement":[{"@type":"ListItem","position":1,"name":"Accueil","item":"https:\/\/www.renouvelle.be\/fr\/"},{"@type":"ListItem","position":2,"name":"La transition \u00e9cologique sera syst\u00e9mique ou ne sera pas"}]},{"@type":"WebSite","@id":"https:\/\/www.renouvelle.be\/fr\/#website","url":"https:\/\/www.renouvelle.be\/fr\/","name":"Renouvelle","description":"L&#039;actualit\u00e9 de l&#039;\u00e9nergie durable","potentialAction":[{"@type":"SearchAction","target":{"@type":"EntryPoint","urlTemplate":"https:\/\/www.renouvelle.be\/fr\/?s={search_term_string}"},"query-input":{"@type":"PropertyValueSpecification","valueRequired":true,"valueName":"search_term_string"}}],"inLanguage":"fr-FR"},{"@type":"Person","@id":"https:\/\/www.renouvelle.be\/fr\/#\/schema\/person\/9d3565ca9db7252f965f75c1f3561a53","name":"Fr\u00e9d\u00e9ric PRAILLET","url":"https:\/\/www.renouvelle.be\/fr\/author\/fredericpraillet\/"}]}},"_links":{"self":[{"href":"https:\/\/www.renouvelle.be\/fr\/wp-json\/wp\/v2\/posts\/10805","targetHints":{"allow":["GET"]}}],"collection":[{"href":"https:\/\/www.renouvelle.be\/fr\/wp-json\/wp\/v2\/posts"}],"about":[{"href":"https:\/\/www.renouvelle.be\/fr\/wp-json\/wp\/v2\/types\/post"}],"author":[{"embeddable":true,"href":"https:\/\/www.renouvelle.be\/fr\/wp-json\/wp\/v2\/users\/21"}],"replies":[{"embeddable":true,"href":"https:\/\/www.renouvelle.be\/fr\/wp-json\/wp\/v2\/comments?post=10805"}],"version-history":[{"count":18,"href":"https:\/\/www.renouvelle.be\/fr\/wp-json\/wp\/v2\/posts\/10805\/revisions"}],"predecessor-version":[{"id":10850,"href":"https:\/\/www.renouvelle.be\/fr\/wp-json\/wp\/v2\/posts\/10805\/revisions\/10850"}],"wp:featuredmedia":[{"embeddable":true,"href":"https:\/\/www.renouvelle.be\/fr\/wp-json\/wp\/v2\/media\/10823"}],"wp:attachment":[{"href":"https:\/\/www.renouvelle.be\/fr\/wp-json\/wp\/v2\/media?parent=10805"}],"wp:term":[{"taxonomy":"category","embeddable":true,"href":"https:\/\/www.renouvelle.be\/fr\/wp-json\/wp\/v2\/categories?post=10805"},{"taxonomy":"post_tag","embeddable":true,"href":"https:\/\/www.renouvelle.be\/fr\/wp-json\/wp\/v2\/tags?post=10805"},{"taxonomy":"section","embeddable":true,"href":"https:\/\/www.renouvelle.be\/fr\/wp-json\/wp\/v2\/section?post=10805"}],"curies":[{"name":"wp","href":"https:\/\/api.w.org\/{rel}","templated":true}]}}