{"id":10659,"date":"2023-10-30T10:08:30","date_gmt":"2023-10-30T09:08:30","guid":{"rendered":"https:\/\/www.renouvelle.be\/?p=10659"},"modified":"2023-11-02T16:47:02","modified_gmt":"2023-11-02T15:47:02","slug":"exemples-calculs-de-rentabilite-economique-dun-partage-delectricite-en-wallonie","status":"publish","type":"post","link":"https:\/\/www.renouvelle.be\/fr\/exemples-calculs-de-rentabilite-economique-dun-partage-delectricite-en-wallonie\/","title":{"rendered":"EXEMPLES \u2013 calculs de rentabilit\u00e9 \u00e9conomique d&rsquo;un partage d&rsquo;\u00e9lectricit\u00e9 en Wallonie"},"content":{"rendered":"\n<h3 class=\"wp-block-heading\"><strong>Cliquez sur un des trois exemples ci-dessous.<\/strong><\/h3>\n\n\n\n<figure class=\"wp-block-image size-large\"><img loading=\"lazy\" decoding=\"async\" width=\"1024\" height=\"315\" src=\"https:\/\/www.renouvelle.be\/wp-content\/uploads\/2023\/09\/Image1-2-1024x315.png\" alt=\"\" class=\"wp-image-10398\" srcset=\"https:\/\/www.renouvelle.be\/wp-content\/uploads\/2023\/09\/Image1-2-1024x315.png 1024w, https:\/\/www.renouvelle.be\/wp-content\/uploads\/2023\/09\/Image1-2-300x92.png 300w, https:\/\/www.renouvelle.be\/wp-content\/uploads\/2023\/09\/Image1-2-768x237.png 768w, https:\/\/www.renouvelle.be\/wp-content\/uploads\/2023\/09\/Image1-2.png 1039w\" sizes=\"auto, (max-width: 1024px) 100vw, 1024px\" \/><\/figure>\n\n\n\n<figure class=\"wp-block-table is-style-stripes\"><table class=\"has-white-background-color has-text-color has-background\" style=\"color:#3e5876\"><tbody><tr><td class=\"has-text-align-center\" data-align=\"center\"><a href=\"#Pair-a-pair-wallonie\">Pair \u00e0 pair<\/a><\/td><td class=\"has-text-align-center\" data-align=\"center\"><a href=\"#meme-batiment-wallonie\">Au sein <\/a><br><a href=\"#meme-batiment-wallonie\">d&rsquo;un m\u00eame b\u00e2timent<\/a><\/td><td class=\"has-text-align-center\" data-align=\"center\"><a href=\"#communaute-denergie-wallonie\">Au sein<br>d&rsquo;une communaut\u00e9<br>d&rsquo;\u00e9nergie<\/a><\/td><\/tr><\/tbody><\/table><\/figure>\n\n\n\n<h2 class=\"wp-block-heading\" id=\"Pair-a-pair-wallonie\"><strong>PAIR A PAIR<\/strong><\/h2>\n\n\n\n<p>Bien que ce mode d&rsquo;\u00e9change ne soit pas possible, pour le moment, en Wallonie, nous l&rsquo;analysons \u00e0 titre indicatif afin d&rsquo;\u00eatre \u00e9quitable avec notre exemple \u00e0 Bruxelles. Dans ce cas, reprenons ledit exemple mais retirons-y les r\u00e9ductions appliqu\u00e9es sur les frais de r\u00e9seaux mais en y ajoutant les frais administratifs des fournisseurs. Le tout avec les tarifs en vigueurs en Wallonie (les frais de r\u00e9seaux \u00e9tant diff\u00e9rents entre ces deux r\u00e9gions).<\/p>\n\n\n\n<p><strong>Production du 1<sup>er<\/sup> pair&nbsp;(producteur local) : 4 500 kWh\/an<\/strong><\/p>\n\n\n\n<ul class=\"wp-block-list\">\n<li><span style=\"font-size: revert; color: initial;\">Autoconsommation du 1<\/span><sup style=\"color: initial;\">er<\/sup><span style=\"font-size: revert; color: initial;\"> pair&nbsp;: 1 500kWh\/an<\/span><\/li>\n\n\n\n<li>Injection : 3 000 kWh\/an\n<ul class=\"wp-block-list\">\n<li><span style=\"color: initial;\">Part de l\u2019injection partag\u00e9e au 2<\/span><sup style=\"color: initial;\">\u00e8me<\/sup><span style=\"color: initial;\"> pair&nbsp;: 750 kWh\/an<\/span> (25%)<\/li>\n\n\n\n<li>Part de l\u2019injection r\u00e9siduelle vendue au fournisseur&nbsp;: 2 150 kWh\/an<\/li>\n<\/ul>\n<\/li>\n<\/ul>\n\n\n\n<figure class=\"wp-block-image size-large\"><img loading=\"lazy\" decoding=\"async\" width=\"1024\" height=\"378\" src=\"https:\/\/www.renouvelle.be\/wp-content\/uploads\/2023\/10\/Pairapair0-1024x378.png\" alt=\"\" class=\"wp-image-10662\" srcset=\"https:\/\/www.renouvelle.be\/wp-content\/uploads\/2023\/10\/Pairapair0-1024x378.png 1024w, https:\/\/www.renouvelle.be\/wp-content\/uploads\/2023\/10\/Pairapair0-300x111.png 300w, https:\/\/www.renouvelle.be\/wp-content\/uploads\/2023\/10\/Pairapair0-768x283.png 768w, https:\/\/www.renouvelle.be\/wp-content\/uploads\/2023\/10\/Pairapair0-1200x443.png 1200w, https:\/\/www.renouvelle.be\/wp-content\/uploads\/2023\/10\/Pairapair0.png 1252w\" sizes=\"auto, (max-width: 1024px) 100vw, 1024px\" \/><\/figure>\n\n\n\n<p>Dans la plupart des cas, c&rsquo;est le producteur qui d\u00e9termine <strong>le co\u00fbt de l&rsquo;\u00e9nergie partag\u00e9e<\/strong> propos\u00e9e au consommateur, en prenant compte des frais de r\u00e9seaux et des frais obligatoires (accises et cotisation \u00e9nergie) auxquels sera soumis le consommateur du partage. Pour rappel, les frais de r\u00e9seaux seront factur\u00e9s par le fournisseur du consommateur, mais la facturation de l\u2019\u00e9nergie et les frais obligatoires seront \u00e0 charge du producteur local.<\/p>\n\n\n\n<p>Si nous partons du principe que le producteur du partage proposera un prix \u00e9quivalent \u00e0 son tarif de rachat d\u2019injection (6c\u20ac\/kWh), et que le prix moyen de vente d\u2019\u00e9lectricit\u00e9 d\u2019un fournisseur en Wallonie est de 15c\u20ac\/kWh hors frais r\u00e9gul\u00e9s (octobre 2023), nous pouvons en d\u00e9duire les \u00e9conomies suivantes.<\/p>\n\n\n\n<figure class=\"wp-block-image size-large\"><img loading=\"lazy\" decoding=\"async\" width=\"1024\" height=\"317\" src=\"https:\/\/www.renouvelle.be\/wp-content\/uploads\/2023\/11\/Pairapair03-1024x317.png\" alt=\"\" class=\"wp-image-10800\" srcset=\"https:\/\/www.renouvelle.be\/wp-content\/uploads\/2023\/11\/Pairapair03-1024x317.png 1024w, https:\/\/www.renouvelle.be\/wp-content\/uploads\/2023\/11\/Pairapair03-300x93.png 300w, https:\/\/www.renouvelle.be\/wp-content\/uploads\/2023\/11\/Pairapair03-768x238.png 768w, https:\/\/www.renouvelle.be\/wp-content\/uploads\/2023\/11\/Pairapair03-1200x371.png 1200w, https:\/\/www.renouvelle.be\/wp-content\/uploads\/2023\/11\/Pairapair03.png 1409w\" sizes=\"auto, (max-width: 1024px) 100vw, 1024px\" \/><\/figure>\n\n\n\n<p><strong>Conclusion<\/strong><\/p>\n\n\n\n<p>Les frais administratifs des fournisseurs sont non n\u00e9gligeables dans le calcul des \u00e9conomies du consommateur, nous pouvons notamment voir que dans cette situation, un consommateur client chez Luminus, Dats 24, Mega, Octa + et Eneco pourrait ne pas tirer d\u2019avantage \u00e9conomique au partage. Cependant, si les hypoth\u00e8ses de calcul venaient \u00e0 changer (prix de vente du producteur plus faible, prix du march\u00e9 qui s\u2019envole, autoconsommation plus importante), les r\u00e9sultats pourraient devenir positifs pour le consommateur.<\/p>\n\n\n\n<p>Du c\u00f4t\u00e9 du producteur, ce dernier pourrait \u00e9galement \u00eatre soumis \u00e0 cette redevance suppl\u00e9mentaire pour sa participation \u00e0 un partage d\u2019\u00e9nergie. Le montant de la redevance pourrait \u00eatre compens\u00e9 par un meilleur prix de son injection vendue localement. A noter que l\u2019offre de certains fournisseurs pour le rachat de l\u2019injection des producteurs wallons est \u00e0 moins de 1c\u20ac\/kWh, ces derniers mois. Si ce producteur et le consommateur s\u2019entendent sur un prix autour de 6c\u20ac\/kWh, les deux pairs seront donc gagnants en s\u00e9curisant le prix de l\u2019\u00e9nergie partag\u00e9e.<\/p>\n\n\n\n<p>Ensuite, il sera \u00e9galement important de choisir un consommateur et un producteur qui se compl\u00e8tent, un consommateur qui pourra adapter sa consommation en heure solaire (une petite PME, une \u00e9cole, une personne r\u00e9guli\u00e8rement en t\u00e9l\u00e9travail) au risque que le consommateur n\u2019\u00e9conomise pas sur sa facture, et un prosumer qui injecte suffisamment d\u2019\u00e9lectricit\u00e9. Au plus l\u2019\u00e9change de l\u2019\u00e9lectricit\u00e9 sera important, \u00e0 un prix attractif et stable, au plus les deux y gagneront.<\/p>\n\n\n\n<p>Enfin, ce type de partage peut tout \u00e0 fait int\u00e9resser certains types d\u2019acteurs qui disposent  d\u2019une installation photovolta\u00efque sur un premier b\u00e2timent (une piscine) et un second b\u00e2timent ne pouvant pas recevoir d\u2019installation (maison communale class\u00e9e au patrimoine, toiture en mauvais \u00e9tat, ombrage,&#8230;). L\u2019injection du premier b\u00e2timent peut \u00eatre envoy\u00e9e vers le second, pour un co\u00fbt r\u00e9duit (la gratuit\u00e9 sur la commodit\u00e9 est possible).<\/p>\n\n\n\n<p>Nous pouvons \u00e9galement imaginer que les int\u00e9r\u00eats des deux participants de ce partage ne soient pas purement \u00e9conomiques, mais plut\u00f4t de cr\u00e9er un projet environnemental et social. Si certains consommateurs choisissent aujourd\u2019hui d\u2019acheter l\u2019\u00e9lectricit\u00e9 \u00e0 des coop\u00e9ratives d\u2019\u00e9nergie, \u00e0 des prix parfois pas comp\u00e9titifs par rapport au march\u00e9, ils le font surtout pour participer \u00e0 un projet commun et mettre leurs \u00e9conomies chez un acteur qui n\u2019a pas d\u2019ambition lucrative.<\/p>\n\n\n\n<hr class=\"wp-block-separator has-text-color has-alpha-channel-opacity has-background is-style-default\" style=\"background-color:#a6ce39;color:#a6ce39\"\/>\n\n\n\n<h2 class=\"wp-block-heading\" id=\"meme-batiment-wallonie\"><strong>AU SEIN D\u2019UN M\u00caME B\u00c2TIMENT<\/strong><\/h2>\n\n\n<div class=\"wp-block-image\">\n<figure class=\"alignleft size-full is-resized\"><img loading=\"lazy\" decoding=\"async\" width=\"200\" height=\"304\" src=\"https:\/\/www.renouvelle.be\/wp-content\/uploads\/2023\/09\/Image3.png\" alt=\"\" class=\"wp-image-10407\" style=\"aspect-ratio:0.6582633053221288;width:318px;height:auto\" srcset=\"https:\/\/www.renouvelle.be\/wp-content\/uploads\/2023\/09\/Image3.png 200w, https:\/\/www.renouvelle.be\/wp-content\/uploads\/2023\/09\/Image3-197x300.png 197w\" sizes=\"auto, (max-width: 200px) 100vw, 200px\" \/><\/figure>\n<\/div>\n\n\n<p class=\"has-text-align-left\">Prenons l\u2019exemple d\u2019un partage au sein d\u2019une copropri\u00e9t\u00e9, en Wallonie de 10 appartements qui a fait un investissement dans une installation photovolta\u00efque de 15 kWc, raccord\u00e9e au compteur commun. Nous allons analyser si l\u2019investissement, dans une installation commune, peut \u00eatre rentabilis\u00e9 gr\u00e2ce aux \u00e9conomies des communs et \u00e0 la vente de l\u2019injection, localement.<\/p>\n\n\n\n<p><strong>Co\u00fbt de l\u2019investissement&nbsp;: 19 000\u20ac TTC (prix estim\u00e9s en 2024)<\/strong><\/p>\n\n\n\n<p class=\"has-text-align-left\"><strong><mark style=\"background-color:rgba(0, 0, 0, 0);color:#007a9d\" class=\"has-inline-color\">(1)<\/mark> <\/strong>Production annuelle&nbsp;: &nbsp;13 500 kWh\/an.<\/p>\n\n\n\n<p class=\"has-text-align-left\"><mark style=\"background-color:rgba(0, 0, 0, 0);color:#007a9d\" class=\"has-inline-color\"><strong>(2)<\/strong><\/mark> Autoconsommation du compteur commun\u00a0: de 850 kWh\/an, soit une <strong>\u00e9conomie de 300\u20ac\/an<\/strong> (co\u00fbt de l\u2019\u00e9lectricit\u00e9 des communs = 0,35\u20ac\/kWh).<\/p>\n\n\n\n<p class=\"has-text-align-left\"><mark style=\"background-color:rgba(0, 0, 0, 0);color:#007a9d\" class=\"has-inline-color\"><strong>(3)<\/strong><\/mark> Le surplus non autoconsomm\u00e9 par le compteur sera en partie partag\u00e9 vers les 10 appartements (5 000 kWh\/an) \u00e0 un prix de 0,06\u20ac\/kWh.<\/p>\n\n\n\n<p class=\"has-text-align-left\"><mark style=\"background-color:rgba(0, 0, 0, 0);color:#007a9d\" class=\"has-inline-color\"><strong>(4)<\/strong><\/mark> L\u2019injection qui n\u2019aura pas \u00e9t\u00e9 partag\u00e9e, dans le b\u00e2timent (7 650 kWh), sera revendue \u00e0 un fournisseur au prix de march\u00e9 de l\u2019injection (+\/- 0,04\u20ac\/kWh).<\/p>\n\n\n\n<p class=\"has-text-align-left\"><\/p>\n\n\n\n<p><strong>Composition du prix de l\u2019\u00e9lectricit\u00e9<\/strong><\/p>\n\n\n\n<div class=\"wp-block-columns is-layout-flex wp-container-core-columns-is-layout-9d6595d7 wp-block-columns-is-layout-flex\">\n<div class=\"wp-block-column is-layout-flow wp-block-column-is-layout-flow\" style=\"flex-basis:100%\">\n<figure class=\"wp-block-image size-large is-resized\"><img loading=\"lazy\" decoding=\"async\" width=\"1024\" height=\"226\" src=\"https:\/\/www.renouvelle.be\/wp-content\/uploads\/2023\/10\/Auseinbatiment01-1024x226.png\" alt=\"\" class=\"wp-image-10671\" style=\"width:922px;height:auto\" srcset=\"https:\/\/www.renouvelle.be\/wp-content\/uploads\/2023\/10\/Auseinbatiment01-1024x226.png 1024w, https:\/\/www.renouvelle.be\/wp-content\/uploads\/2023\/10\/Auseinbatiment01-300x66.png 300w, https:\/\/www.renouvelle.be\/wp-content\/uploads\/2023\/10\/Auseinbatiment01-768x170.png 768w, https:\/\/www.renouvelle.be\/wp-content\/uploads\/2023\/10\/Auseinbatiment01-1200x265.png 1200w, https:\/\/www.renouvelle.be\/wp-content\/uploads\/2023\/10\/Auseinbatiment01.png 1323w\" sizes=\"auto, (max-width: 1024px) 100vw, 1024px\" \/><figcaption class=\"wp-element-caption\">Fournisseur traditionnel (gauche) &gt;&lt; Electricit\u00e9 partag\u00e9e (droite)<\/figcaption><\/figure>\n<\/div>\n<\/div>\n\n\n\n<p class=\"has-text-align-left\"><\/p>\n\n\n\n<p class=\"has-text-align-left\">R\u00e9sumons alors l\u2019ensemble des frais, des \u00e9conomies et des revenus que le partage procurera en fonction de 3 types de participants rencontr\u00e9s dans une copropri\u00e9t\u00e9&nbsp;:<\/p>\n\n\n\n<ul class=\"wp-block-list\">\n<li>le copropri\u00e9taire occupant&nbsp;: investisseur et b\u00e9n\u00e9ficiaire des \u00e9conomies d\u2019\u00e9nergie et des autres revenus (vente de l\u2019\u00e9lectricit\u00e9)<\/li>\n\n\n\n<li>le copropri\u00e9taire non-occupant&nbsp;: investisseur et b\u00e9n\u00e9ficiaire des autres revenus<\/li>\n\n\n\n<li>le locataire&nbsp;: b\u00e9n\u00e9ficiaire des \u00e9conomies d\u2019\u00e9nergie.<\/li>\n<\/ul>\n\n\n\n<p class=\"has-text-align-left\">Les valeurs indiqu\u00e9es ci-dessous sont individualis\u00e9es, c\u2019est-\u00e0-dire, par appartement. Nous faisons l\u2019hypoth\u00e8se que les 10 copropri\u00e9taires participent \u00e0 l\u2019investissement et qu\u2019ils investissent chacun 10 % de la somme. Ils recevront donc 10 % des revenus li\u00e9s \u00e0 la vente d&rsquo;\u00e9lectricit\u00e9.<\/p>\n\n\n\n<figure class=\"wp-block-image size-large\"><img loading=\"lazy\" decoding=\"async\" width=\"1024\" height=\"457\" src=\"https:\/\/www.renouvelle.be\/wp-content\/uploads\/2023\/10\/Auseinbatiment02-1024x457.png\" alt=\"\" class=\"wp-image-10674\" srcset=\"https:\/\/www.renouvelle.be\/wp-content\/uploads\/2023\/10\/Auseinbatiment02-1024x457.png 1024w, https:\/\/www.renouvelle.be\/wp-content\/uploads\/2023\/10\/Auseinbatiment02-300x134.png 300w, https:\/\/www.renouvelle.be\/wp-content\/uploads\/2023\/10\/Auseinbatiment02-768x343.png 768w, https:\/\/www.renouvelle.be\/wp-content\/uploads\/2023\/10\/Auseinbatiment02-1200x536.png 1200w, https:\/\/www.renouvelle.be\/wp-content\/uploads\/2023\/10\/Auseinbatiment02.png 1420w\" sizes=\"auto, (max-width: 1024px) 100vw, 1024px\" \/><\/figure>\n\n\n\n<p><strong>Conclusion<\/strong><\/p>\n\n\n\n<p><strong><em>Le locataire<\/em><\/strong> peut \u00eatre impact\u00e9 par la redevance du fournisseur. Il devra donc s\u2019informer aupr\u00e8s de celui-ci pour conna\u00eetre les conditions d\u2019application. Avec les tarifs actuels, un prix local de 6c\u20ac\/kWh permet de faire 75\u20ac d\u2019\u00e9conomie par an (sans redevance). Si une redevance moyenne de 75\u20ac \u00e9tait appliqu\u00e9e, cela annulerait les gains procur\u00e9s par le partage.<\/p>\n\n\n\n<p><strong><em>Le copropri\u00e9taire bailleur<\/em><\/strong> pourra retoucher les \u00e9ventuels revenus issus de la vente annuelle d\u2019\u00e9lectricit\u00e9, en fonction du pourcentage de sa participation dans l\u2019investissement. Cependant, vu les prix actuels sur le march\u00e9 et le prix minimum pour procurer un int\u00e9r\u00eat au consommateur, il se pourrait que cet acteur ne soit pas suffisamment motiv\u00e9 pour investir dans l\u2019installation. En effet, avec un prix de vente de 6c\u20ac\/kWh par exemple, le temps de retour sur investissement avoisine les 30 ans.<\/p>\n\n\n\n<p><strong><em>Le copropri\u00e9taire occupant <\/em><\/strong>sera celui qui pourra pr\u00e9tendre \u00e0 plus d\u2019\u00e9conomie. Il cumulera les \u00e9conomies sur les charges communes, sur sa facture privative. Il pourra \u00e9galement participer au financement et donc retoucher les gains de la revente locale. Encore une fois, le prix de l\u2019\u00e9nergie revendue en interne, et l\u2019application ou non d\u2019une redevance par son fournisseur sernot d\u00e9cisifs pour que son investissement soit rembours\u00e9. Dans notre exemple, un temps de retour sur investissement est atteint en 15 ans.<\/p>\n\n\n\n<p>Dans ces trois situations, la redevance des fournisseurs a un impact important. Il faudra donc veiller \u00e0 ce que les potentiels participants s\u2019informent aupr\u00e8s de leurs fournisseurs pour conna\u00eetre l\u2019\u00e9ventuel montant appliqu\u00e9. Pour rappel, tous les fournisseurs ne pratiquent pas ce type de redevance.<\/p>\n\n\n\n<p>Le prix propos\u00e9 au niveau de la copropri\u00e9t\u00e9 pourra \u00e9galement \u00eatre stable dans le temps, et ainsi devenir une protection pour les consommateurs, face \u00e0 l\u2019envol\u00e9e des prix sur le march\u00e9 de l\u2019\u00e9nergie. Le projet peut donc sembler ne pas \u00eatre \u00e9conomiquement int\u00e9ressant, avec les prix que l\u2019on connait en octobre, mais en cas de crise, il permet de geler une partie de sa facture.<\/p>\n\n\n\n<p>Autre point, quelques copropri\u00e9t\u00e9s d\u00e9fendent un projet o\u00f9 le prix de l\u2019\u00e9lectricit\u00e9 ne sera pas forc\u00e9ment plus faible que celui des fournisseurs. Cela permettrait, selon elles, de maintenir les copropri\u00e9taires bailleurs dans le bateau des investissements, et trouver un syst\u00e8me qui permettra, dans le futur, de cr\u00e9er un revenu pour la copropri\u00e9t\u00e9 qui pourra \u00eatre d\u00e9di\u00e9 \u00e0 l\u2019am\u00e9lioration du b\u00e2timent. On pourrait donc imaginer un calcul o\u00f9 le prix de l\u2019\u00e9nergie partag\u00e9e serait de 15 c\u20ac\/kWh, et non 6c\u20ac\/kWh.<\/p>\n\n\n\n<hr class=\"wp-block-separator has-text-color has-alpha-channel-opacity has-background is-style-default\" style=\"background-color:#a6ce39;color:#a6ce39\"\/>\n\n\n\n<h2 class=\"wp-block-heading\" id=\"communaute-denergie-wallonie\"><strong>AU SEIN D\u2019UNE COMMUNAUTE D\u2019ENERGIE<\/strong><\/h2>\n\n\n\n<p class=\"has-text-align-left\">En Wallonie, il sera possible pour une communaut\u00e9 d\u2019\u00e9nergie renouvelable (CER) de pratiquer plusieurs mod\u00e8les de partage d\u2019\u00e9nergie. Nous avons choisi de vous pr\u00e9senter l\u2019un des mod\u00e8les les plus innovants, \u00e0 savoir, la possibilit\u00e9 pour une CER de faire du tiers investissement avec l\u2019un de ses membres.<\/p>\n\n\n<div class=\"wp-block-image\">\n<figure class=\"alignleft size-full is-resized\"><img loading=\"lazy\" decoding=\"async\" width=\"380\" height=\"614\" src=\"https:\/\/www.renouvelle.be\/wp-content\/uploads\/2023\/10\/Image9.png\" alt=\"\" class=\"wp-image-10676\" style=\"aspect-ratio:0.5890736342042755;width:297px;height:auto\" srcset=\"https:\/\/www.renouvelle.be\/wp-content\/uploads\/2023\/10\/Image9.png 380w, https:\/\/www.renouvelle.be\/wp-content\/uploads\/2023\/10\/Image9-186x300.png 186w\" sizes=\"auto, (max-width: 380px) 100vw, 380px\" \/><\/figure>\n<\/div>\n\n\n<p>La communaut\u00e9 peut proposer d\u2019investir dans une installation renouvelable (photovolta\u00efque par exemple) qu\u2019elle placerait sur le toit de l\u2019un de ses membres (dans notre exemple, une \u00e9cole primaire). Celui-ci pourra jouir de l\u2019autoconsommation gratuitement contre une redevance annuelle de location des panneaux \u00e0 la communaut\u00e9 d\u2019\u00e9nergie. Ce m\u00eame membre pourra \u00e9galement \u00eatre propri\u00e9taire de l\u2019injection et revendre l\u2019injection d\u2019\u00e9lectricit\u00e9 \u00e0 la communaut\u00e9, celle-ci pouvant en faire profiter ses autres membres consommateurs.<\/p>\n\n\n\n<p>Voici un exemple de projet de tiers investissement d\u2019une communaut\u00e9 d\u2019\u00e9nergie.<\/p>\n\n\n\n<p>Une CER investit dans une installation de 20 kWc pour un montant de 25 000\u20ac. L\u2019installation est plac\u00e9e sur le toit d\u2019une \u00e9cole et raccord\u00e9e au compteur de celle-ci. L\u2019\u00e9cole est donc propri\u00e9taire de l\u2019\u00e9lectricit\u00e9 produite.<\/p>\n\n\n\n<p>L\u2019installation produira 20 000 kWh\/an,<\/p>\n\n\n\n<ul class=\"wp-block-list\">\n<li><span style=\"font-size: revert; color: initial;\">10 000 kWh seront autoconsomm\u00e9s par l\u2019\u00e9cole,<\/span><\/li>\n\n\n\n<li><span style=\"font-size: revert; color: initial;\">7000 kWh partag\u00e9s vers les autres membres consommateurs,<\/span><\/li>\n\n\n\n<li>3000 kWh revendus en surplus \u00e0 un fournisseur.<\/li>\n<\/ul>\n\n\n\n<p>&nbsp;L\u2019\u00e9cole, ayant l\u2019installation sur son compteur, sera le producteur du partage. Elle revendra l\u2019injection \u00e0 la communaut\u00e9 dont elle sera membre \u00e0 un prix de 3c\u20ac\/kWh durant 10 ans.<\/p>\n\n\n\n<p>Un membre consommateur pourrait recevoir 500 kWh\/an de sa communaut\u00e9, \u00e0 un prix de la commodit\u00e9 \u00e0 3c\u20ac au lieu de 15c\u20ac chez son fournisseur.<\/p>\n\n\n\n<p>Nous r\u00e9sumons ci-dessous le bilan \u00e9conomique pour ces trois acteurs du partage.<\/p>\n\n\n\n<figure class=\"wp-block-image size-large\"><img loading=\"lazy\" decoding=\"async\" width=\"1024\" height=\"704\" src=\"https:\/\/www.renouvelle.be\/wp-content\/uploads\/2023\/10\/Auseincommunaute-1024x704.png\" alt=\"\" class=\"wp-image-10679\" srcset=\"https:\/\/www.renouvelle.be\/wp-content\/uploads\/2023\/10\/Auseincommunaute-1024x704.png 1024w, https:\/\/www.renouvelle.be\/wp-content\/uploads\/2023\/10\/Auseincommunaute-300x206.png 300w, https:\/\/www.renouvelle.be\/wp-content\/uploads\/2023\/10\/Auseincommunaute-768x528.png 768w, https:\/\/www.renouvelle.be\/wp-content\/uploads\/2023\/10\/Auseincommunaute.png 1101w\" sizes=\"auto, (max-width: 1024px) 100vw, 1024px\" \/><\/figure>\n\n\n\n<p class=\"has-text-align-left\"><strong>Conclusion<\/strong><\/p>\n\n\n\n<p><strong><em>Le membre qui re\u00e7oit l\u2019installation<\/em> <em>photovolta\u00efque<\/em><\/strong><em> <\/em>(l\u2019\u00e9cole dans l\u2019exemple) rembourse sa redevance annuelle gr\u00e2ce aux \u00e9conomies d\u2019\u00e9nergie li\u00e9es \u00e0 l\u2019autoconsommation et \u00e0 la revente de l\u2019injection. La communaut\u00e9 peut proposer un contrat de rachat de l\u2019injection \u00e0 un prix garanti suffisant pour l\u2019\u00e9cole afin de pouvoir rembourser sa redevance.<\/p>\n\n\n\n<p>En Wallonie, des frais d\u2019injection sont appliqu\u00e9s aux producteurs qui d\u00e9passent la puissance de 10 kVa onduleur. Nous avons donc int\u00e9gr\u00e9 ces frais qui seraient \u00e0 charge du producteur (l\u2019\u00e9cole).<\/p>\n\n\n\n<p><strong><em>Le membre consommateur,<\/em><\/strong> peut investir dans un projet citoyen, r\u00e9duisant ainsi sa propre facture d\u2019\u00e9nergie en b\u00e9n\u00e9ficiant de l\u2019injection. Il devra veiller \u00e0 ce que la redevance de son fournisseur ne soit pas p\u00e9nalisante dans le cas o\u00f9 il souhaiterait participer au partage d\u2019\u00e9nergie.<\/p>\n\n\n\n<p><strong><em>La communaut\u00e9 d\u2019\u00e9nergie<\/em><\/strong> peut rembourser les membres qui auront cofinanc\u00e9 l\u2019installation avec la redevance annuelle pay\u00e9e par l\u2019\u00e9cole. Si une marge dans le contrat de tiers investissement est d\u00e9gag\u00e9e, celle-ci permettra de concr\u00e9tiser plus facilement de futurs projets d\u2019investissement, et ainsi rajouter des capacit\u00e9s de production renouvelable dans son partage.<\/p>\n\n\n\n<p>A l&rsquo;avenir, il faudra trouver d&rsquo;autres sources de motivation que des raisons \u00e9conomiques pour attirer les membres dans une communaut\u00e9 d&rsquo;\u00e9nergie. Par exemple, mettre en avant que prendre part \u00e0 un projet collectif citoyen permet de pouvoir participer directement \u00e0 la transition \u00e9nerg\u00e9tique de leur commune que cela soit au travers de conf\u00e9rences sur l\u2019\u00e9nergie et l\u2019isolation, d&rsquo;ateliers collectifs pour apprendre \u00e0 isoler son habitation ou encore comprendre sa facture d\u2019\u00e9nergie. Il faut garder en t\u00eate que lorsqu\u2019un citoyen d\u00e9cidera de s\u2019impliquer dans une communaut\u00e9 d\u2019\u00e9nergie (asbl, coop\u00e9rative, etc.), il le fera pour l\u2019enjeu social et environnemental avant de rechercher un quelconque profit.<\/p>\n","protected":false},"excerpt":{"rendered":"<p>Cliquez sur un des trois exemples ci-dessous. Pair \u00e0 pair Au sein d&rsquo;un m\u00eame b\u00e2timent Au seind&rsquo;une communaut\u00e9d&rsquo;\u00e9nergie PAIR A PAIR Bien que ce mode d&rsquo;\u00e9change ne soit pas possible, pour le moment, en Wallonie, nous l&rsquo;analysons \u00e0 titre indicatif afin d&rsquo;\u00eatre \u00e9quitable avec notre exemple \u00e0 Bruxelles. Dans ce cas, reprenons ledit exemple mais retirons-y les r\u00e9ductions appliqu\u00e9es sur les frais de r\u00e9seaux mais en y ajoutant les frais administratifs des fournisseurs. Le tout avec les tarifs en vigueurs en Wallonie (les frais de r\u00e9seaux \u00e9tant diff\u00e9rents entre ces deux r\u00e9gions). Production du 1er pair&nbsp;(producteur local) : 4 500 kWh\/an Dans la plupart des cas, c&rsquo;est le producteur qui d\u00e9termine le co\u00fbt de l&rsquo;\u00e9nergie partag\u00e9e propos\u00e9e au consommateur, en prenant compte des frais de r\u00e9seaux et des frais obligatoires (accises et cotisation \u00e9nergie) auxquels sera soumis le consommateur du partage. Pour rappel, les frais de r\u00e9seaux seront factur\u00e9s par le fournisseur du consommateur, mais la facturation de l\u2019\u00e9nergie et les frais obligatoires seront \u00e0 charge du producteur local. Si nous partons du principe que le producteur du partage proposera un prix \u00e9quivalent \u00e0 son tarif de rachat d\u2019injection (6c\u20ac\/kWh), et que le prix moyen de vente d\u2019\u00e9lectricit\u00e9 d\u2019un fournisseur en Wallonie est de 15c\u20ac\/kWh hors frais r\u00e9gul\u00e9s (octobre 2023), nous pouvons en d\u00e9duire les \u00e9conomies suivantes. Conclusion Les frais administratifs des fournisseurs sont non n\u00e9gligeables dans le calcul des \u00e9conomies du consommateur, nous pouvons notamment voir que dans cette situation, un consommateur client chez Luminus, Dats 24, Mega, Octa + et Eneco pourrait ne pas tirer d\u2019avantage \u00e9conomique au partage. Cependant, si les hypoth\u00e8ses de calcul venaient \u00e0 changer (prix de vente du producteur plus faible, prix du march\u00e9 qui s\u2019envole, autoconsommation plus importante), les r\u00e9sultats pourraient devenir positifs &hellip; <a href=\"https:\/\/www.renouvelle.be\/fr\/exemples-calculs-de-rentabilite-economique-dun-partage-delectricite-en-wallonie\/\" class=\"more-link\">Continue reading<span class=\"screen-reader-text\"> \u00ab\u00a0EXEMPLES \u2013 calculs de rentabilit\u00e9 \u00e9conomique d&rsquo;un partage d&rsquo;\u00e9lectricit\u00e9 en Wallonie\u00a0\u00bb<\/span><\/a><\/p>\n","protected":false},"author":27,"featured_media":10683,"comment_status":"closed","ping_status":"closed","sticky":false,"template":"","format":"standard","meta":{"_acf_changed":false,"footnotes":""},"categories":[17],"tags":[],"section":[5,13],"class_list":["post-10659","post","type-post","status-publish","format-standard","has-post-thumbnail","hentry","category-actualite-en-belgique","section-communaute-denergie","section-solaire"],"acf":[],"yoast_head":"<!-- This site is optimized with the Yoast SEO plugin v27.5 - https:\/\/yoast.com\/product\/yoast-seo-wordpress\/ -->\n<title>EXEMPLES \u2013 calculs de rentabilit\u00e9 \u00e9conomique d&#039;un partage d&#039;\u00e9lectricit\u00e9 en Wallonie - Renouvelle<\/title>\n<meta name=\"description\" content=\"Voici nos exemples chiffr\u00e9s sur la rentabilit\u00e9 \u00e9conomique d&#039;un partage d&#039;\u00e9lectricit\u00e9, produite par des \u00e9nergies renouvelables, en Wallonie.\" \/>\n<meta name=\"robots\" content=\"index, follow, max-snippet:-1, max-image-preview:large, max-video-preview:-1\" \/>\n<link rel=\"canonical\" href=\"https:\/\/www.renouvelle.be\/fr\/exemples-calculs-de-rentabilite-economique-dun-partage-delectricite-en-wallonie\/\" \/>\n<meta property=\"og:locale\" content=\"fr_FR\" \/>\n<meta property=\"og:type\" content=\"article\" \/>\n<meta property=\"og:title\" content=\"EXEMPLES \u2013 calculs de rentabilit\u00e9 \u00e9conomique d&#039;un partage d&#039;\u00e9lectricit\u00e9 en Wallonie - Renouvelle\" \/>\n<meta property=\"og:description\" content=\"Voici nos exemples chiffr\u00e9s sur la rentabilit\u00e9 \u00e9conomique d&#039;un partage d&#039;\u00e9lectricit\u00e9, produite par des \u00e9nergies renouvelables, en Wallonie.\" \/>\n<meta property=\"og:url\" content=\"https:\/\/www.renouvelle.be\/fr\/exemples-calculs-de-rentabilite-economique-dun-partage-delectricite-en-wallonie\/\" \/>\n<meta property=\"og:site_name\" content=\"Renouvelle\" \/>\n<meta property=\"article:published_time\" content=\"2023-10-30T09:08:30+00:00\" \/>\n<meta property=\"article:modified_time\" content=\"2023-11-02T15:47:02+00:00\" \/>\n<meta property=\"og:image\" content=\"https:\/\/www.renouvelle.be\/wp-content\/uploads\/2023\/10\/iStock-1285857830.jpg\" \/>\n\t<meta property=\"og:image:width\" content=\"2072\" \/>\n\t<meta property=\"og:image:height\" content=\"1446\" \/>\n\t<meta property=\"og:image:type\" content=\"image\/jpeg\" \/>\n<meta name=\"author\" content=\"Jean Frippiat\" \/>\n<meta name=\"twitter:card\" content=\"summary_large_image\" \/>\n<script type=\"application\/ld+json\" class=\"yoast-schema-graph\">{\"@context\":\"https:\\\/\\\/schema.org\",\"@graph\":[{\"@type\":\"Article\",\"@id\":\"https:\\\/\\\/www.renouvelle.be\\\/fr\\\/exemples-calculs-de-rentabilite-economique-dun-partage-delectricite-en-wallonie\\\/#article\",\"isPartOf\":{\"@id\":\"https:\\\/\\\/www.renouvelle.be\\\/fr\\\/exemples-calculs-de-rentabilite-economique-dun-partage-delectricite-en-wallonie\\\/\"},\"author\":{\"name\":\"Jean Frippiat\",\"@id\":\"https:\\\/\\\/www.renouvelle.be\\\/fr\\\/#\\\/schema\\\/person\\\/2b8afd89c9b7934d06ad7db3417abc38\"},\"headline\":\"EXEMPLES \u2013 calculs de rentabilit\u00e9 \u00e9conomique d&rsquo;un partage d&rsquo;\u00e9lectricit\u00e9 en Wallonie\",\"datePublished\":\"2023-10-30T09:08:30+00:00\",\"dateModified\":\"2023-11-02T15:47:02+00:00\",\"mainEntityOfPage\":{\"@id\":\"https:\\\/\\\/www.renouvelle.be\\\/fr\\\/exemples-calculs-de-rentabilite-economique-dun-partage-delectricite-en-wallonie\\\/\"},\"wordCount\":2025,\"image\":{\"@id\":\"https:\\\/\\\/www.renouvelle.be\\\/fr\\\/exemples-calculs-de-rentabilite-economique-dun-partage-delectricite-en-wallonie\\\/#primaryimage\"},\"thumbnailUrl\":\"https:\\\/\\\/www.renouvelle.be\\\/wp-content\\\/uploads\\\/2023\\\/10\\\/iStock-1285857830.jpg\",\"articleSection\":[\"Actualit\u00e9 en Belgique\"],\"inLanguage\":\"fr-FR\"},{\"@type\":\"WebPage\",\"@id\":\"https:\\\/\\\/www.renouvelle.be\\\/fr\\\/exemples-calculs-de-rentabilite-economique-dun-partage-delectricite-en-wallonie\\\/\",\"url\":\"https:\\\/\\\/www.renouvelle.be\\\/fr\\\/exemples-calculs-de-rentabilite-economique-dun-partage-delectricite-en-wallonie\\\/\",\"name\":\"EXEMPLES \u2013 calculs de rentabilit\u00e9 \u00e9conomique d'un partage d'\u00e9lectricit\u00e9 en Wallonie - Renouvelle\",\"isPartOf\":{\"@id\":\"https:\\\/\\\/www.renouvelle.be\\\/fr\\\/#website\"},\"primaryImageOfPage\":{\"@id\":\"https:\\\/\\\/www.renouvelle.be\\\/fr\\\/exemples-calculs-de-rentabilite-economique-dun-partage-delectricite-en-wallonie\\\/#primaryimage\"},\"image\":{\"@id\":\"https:\\\/\\\/www.renouvelle.be\\\/fr\\\/exemples-calculs-de-rentabilite-economique-dun-partage-delectricite-en-wallonie\\\/#primaryimage\"},\"thumbnailUrl\":\"https:\\\/\\\/www.renouvelle.be\\\/wp-content\\\/uploads\\\/2023\\\/10\\\/iStock-1285857830.jpg\",\"datePublished\":\"2023-10-30T09:08:30+00:00\",\"dateModified\":\"2023-11-02T15:47:02+00:00\",\"author\":{\"@id\":\"https:\\\/\\\/www.renouvelle.be\\\/fr\\\/#\\\/schema\\\/person\\\/2b8afd89c9b7934d06ad7db3417abc38\"},\"description\":\"Voici nos exemples chiffr\u00e9s sur la rentabilit\u00e9 \u00e9conomique d'un partage d'\u00e9lectricit\u00e9, produite par des \u00e9nergies renouvelables, en Wallonie.\",\"breadcrumb\":{\"@id\":\"https:\\\/\\\/www.renouvelle.be\\\/fr\\\/exemples-calculs-de-rentabilite-economique-dun-partage-delectricite-en-wallonie\\\/#breadcrumb\"},\"inLanguage\":\"fr-FR\",\"potentialAction\":[{\"@type\":\"ReadAction\",\"target\":[\"https:\\\/\\\/www.renouvelle.be\\\/fr\\\/exemples-calculs-de-rentabilite-economique-dun-partage-delectricite-en-wallonie\\\/\"]}]},{\"@type\":\"ImageObject\",\"inLanguage\":\"fr-FR\",\"@id\":\"https:\\\/\\\/www.renouvelle.be\\\/fr\\\/exemples-calculs-de-rentabilite-economique-dun-partage-delectricite-en-wallonie\\\/#primaryimage\",\"url\":\"https:\\\/\\\/www.renouvelle.be\\\/wp-content\\\/uploads\\\/2023\\\/10\\\/iStock-1285857830.jpg\",\"contentUrl\":\"https:\\\/\\\/www.renouvelle.be\\\/wp-content\\\/uploads\\\/2023\\\/10\\\/iStock-1285857830.jpg\",\"width\":2072,\"height\":1446,\"caption\":\"Mortgage and Home Buying Concept. Tiny Female Character with Huge Calculator and Percent Symbol at House with Golden Coins Calculate Bank Loan for Purchasing Real Estate. Cartoon Vector Illustration\"},{\"@type\":\"BreadcrumbList\",\"@id\":\"https:\\\/\\\/www.renouvelle.be\\\/fr\\\/exemples-calculs-de-rentabilite-economique-dun-partage-delectricite-en-wallonie\\\/#breadcrumb\",\"itemListElement\":[{\"@type\":\"ListItem\",\"position\":1,\"name\":\"Accueil\",\"item\":\"https:\\\/\\\/www.renouvelle.be\\\/fr\\\/\"},{\"@type\":\"ListItem\",\"position\":2,\"name\":\"EXEMPLES \u2013 calculs de rentabilit\u00e9 \u00e9conomique d&rsquo;un partage d&rsquo;\u00e9lectricit\u00e9 en Wallonie\"}]},{\"@type\":\"WebSite\",\"@id\":\"https:\\\/\\\/www.renouvelle.be\\\/fr\\\/#website\",\"url\":\"https:\\\/\\\/www.renouvelle.be\\\/fr\\\/\",\"name\":\"Renouvelle\",\"description\":\"L&#039;actualit\u00e9 de l&#039;\u00e9nergie durable\",\"potentialAction\":[{\"@type\":\"SearchAction\",\"target\":{\"@type\":\"EntryPoint\",\"urlTemplate\":\"https:\\\/\\\/www.renouvelle.be\\\/fr\\\/?s={search_term_string}\"},\"query-input\":{\"@type\":\"PropertyValueSpecification\",\"valueRequired\":true,\"valueName\":\"search_term_string\"}}],\"inLanguage\":\"fr-FR\"},{\"@type\":\"Person\",\"@id\":\"https:\\\/\\\/www.renouvelle.be\\\/fr\\\/#\\\/schema\\\/person\\\/2b8afd89c9b7934d06ad7db3417abc38\",\"name\":\"Jean Frippiat\",\"url\":\"https:\\\/\\\/www.renouvelle.be\\\/fr\\\/author\\\/jeanfrippiat\\\/\"}]}<\/script>\n<!-- \/ Yoast SEO plugin. -->","yoast_head_json":{"title":"EXEMPLES \u2013 calculs de rentabilit\u00e9 \u00e9conomique d'un partage d'\u00e9lectricit\u00e9 en Wallonie - Renouvelle","description":"Voici nos exemples chiffr\u00e9s sur la rentabilit\u00e9 \u00e9conomique d'un partage d'\u00e9lectricit\u00e9, produite par des \u00e9nergies renouvelables, en Wallonie.","robots":{"index":"index","follow":"follow","max-snippet":"max-snippet:-1","max-image-preview":"max-image-preview:large","max-video-preview":"max-video-preview:-1"},"canonical":"https:\/\/www.renouvelle.be\/fr\/exemples-calculs-de-rentabilite-economique-dun-partage-delectricite-en-wallonie\/","og_locale":"fr_FR","og_type":"article","og_title":"EXEMPLES \u2013 calculs de rentabilit\u00e9 \u00e9conomique d'un partage d'\u00e9lectricit\u00e9 en Wallonie - Renouvelle","og_description":"Voici nos exemples chiffr\u00e9s sur la rentabilit\u00e9 \u00e9conomique d'un partage d'\u00e9lectricit\u00e9, produite par des \u00e9nergies renouvelables, en Wallonie.","og_url":"https:\/\/www.renouvelle.be\/fr\/exemples-calculs-de-rentabilite-economique-dun-partage-delectricite-en-wallonie\/","og_site_name":"Renouvelle","article_published_time":"2023-10-30T09:08:30+00:00","article_modified_time":"2023-11-02T15:47:02+00:00","og_image":[{"width":2072,"height":1446,"url":"https:\/\/www.renouvelle.be\/wp-content\/uploads\/2023\/10\/iStock-1285857830.jpg","type":"image\/jpeg"}],"author":"Jean Frippiat","twitter_card":"summary_large_image","schema":{"@context":"https:\/\/schema.org","@graph":[{"@type":"Article","@id":"https:\/\/www.renouvelle.be\/fr\/exemples-calculs-de-rentabilite-economique-dun-partage-delectricite-en-wallonie\/#article","isPartOf":{"@id":"https:\/\/www.renouvelle.be\/fr\/exemples-calculs-de-rentabilite-economique-dun-partage-delectricite-en-wallonie\/"},"author":{"name":"Jean Frippiat","@id":"https:\/\/www.renouvelle.be\/fr\/#\/schema\/person\/2b8afd89c9b7934d06ad7db3417abc38"},"headline":"EXEMPLES \u2013 calculs de rentabilit\u00e9 \u00e9conomique d&rsquo;un partage d&rsquo;\u00e9lectricit\u00e9 en Wallonie","datePublished":"2023-10-30T09:08:30+00:00","dateModified":"2023-11-02T15:47:02+00:00","mainEntityOfPage":{"@id":"https:\/\/www.renouvelle.be\/fr\/exemples-calculs-de-rentabilite-economique-dun-partage-delectricite-en-wallonie\/"},"wordCount":2025,"image":{"@id":"https:\/\/www.renouvelle.be\/fr\/exemples-calculs-de-rentabilite-economique-dun-partage-delectricite-en-wallonie\/#primaryimage"},"thumbnailUrl":"https:\/\/www.renouvelle.be\/wp-content\/uploads\/2023\/10\/iStock-1285857830.jpg","articleSection":["Actualit\u00e9 en Belgique"],"inLanguage":"fr-FR"},{"@type":"WebPage","@id":"https:\/\/www.renouvelle.be\/fr\/exemples-calculs-de-rentabilite-economique-dun-partage-delectricite-en-wallonie\/","url":"https:\/\/www.renouvelle.be\/fr\/exemples-calculs-de-rentabilite-economique-dun-partage-delectricite-en-wallonie\/","name":"EXEMPLES \u2013 calculs de rentabilit\u00e9 \u00e9conomique d'un partage d'\u00e9lectricit\u00e9 en Wallonie - Renouvelle","isPartOf":{"@id":"https:\/\/www.renouvelle.be\/fr\/#website"},"primaryImageOfPage":{"@id":"https:\/\/www.renouvelle.be\/fr\/exemples-calculs-de-rentabilite-economique-dun-partage-delectricite-en-wallonie\/#primaryimage"},"image":{"@id":"https:\/\/www.renouvelle.be\/fr\/exemples-calculs-de-rentabilite-economique-dun-partage-delectricite-en-wallonie\/#primaryimage"},"thumbnailUrl":"https:\/\/www.renouvelle.be\/wp-content\/uploads\/2023\/10\/iStock-1285857830.jpg","datePublished":"2023-10-30T09:08:30+00:00","dateModified":"2023-11-02T15:47:02+00:00","author":{"@id":"https:\/\/www.renouvelle.be\/fr\/#\/schema\/person\/2b8afd89c9b7934d06ad7db3417abc38"},"description":"Voici nos exemples chiffr\u00e9s sur la rentabilit\u00e9 \u00e9conomique d'un partage d'\u00e9lectricit\u00e9, produite par des \u00e9nergies renouvelables, en Wallonie.","breadcrumb":{"@id":"https:\/\/www.renouvelle.be\/fr\/exemples-calculs-de-rentabilite-economique-dun-partage-delectricite-en-wallonie\/#breadcrumb"},"inLanguage":"fr-FR","potentialAction":[{"@type":"ReadAction","target":["https:\/\/www.renouvelle.be\/fr\/exemples-calculs-de-rentabilite-economique-dun-partage-delectricite-en-wallonie\/"]}]},{"@type":"ImageObject","inLanguage":"fr-FR","@id":"https:\/\/www.renouvelle.be\/fr\/exemples-calculs-de-rentabilite-economique-dun-partage-delectricite-en-wallonie\/#primaryimage","url":"https:\/\/www.renouvelle.be\/wp-content\/uploads\/2023\/10\/iStock-1285857830.jpg","contentUrl":"https:\/\/www.renouvelle.be\/wp-content\/uploads\/2023\/10\/iStock-1285857830.jpg","width":2072,"height":1446,"caption":"Mortgage and Home Buying Concept. Tiny Female Character with Huge Calculator and Percent Symbol at House with Golden Coins Calculate Bank Loan for Purchasing Real Estate. Cartoon Vector Illustration"},{"@type":"BreadcrumbList","@id":"https:\/\/www.renouvelle.be\/fr\/exemples-calculs-de-rentabilite-economique-dun-partage-delectricite-en-wallonie\/#breadcrumb","itemListElement":[{"@type":"ListItem","position":1,"name":"Accueil","item":"https:\/\/www.renouvelle.be\/fr\/"},{"@type":"ListItem","position":2,"name":"EXEMPLES \u2013 calculs de rentabilit\u00e9 \u00e9conomique d&rsquo;un partage d&rsquo;\u00e9lectricit\u00e9 en Wallonie"}]},{"@type":"WebSite","@id":"https:\/\/www.renouvelle.be\/fr\/#website","url":"https:\/\/www.renouvelle.be\/fr\/","name":"Renouvelle","description":"L&#039;actualit\u00e9 de l&#039;\u00e9nergie durable","potentialAction":[{"@type":"SearchAction","target":{"@type":"EntryPoint","urlTemplate":"https:\/\/www.renouvelle.be\/fr\/?s={search_term_string}"},"query-input":{"@type":"PropertyValueSpecification","valueRequired":true,"valueName":"search_term_string"}}],"inLanguage":"fr-FR"},{"@type":"Person","@id":"https:\/\/www.renouvelle.be\/fr\/#\/schema\/person\/2b8afd89c9b7934d06ad7db3417abc38","name":"Jean Frippiat","url":"https:\/\/www.renouvelle.be\/fr\/author\/jeanfrippiat\/"}]}},"_links":{"self":[{"href":"https:\/\/www.renouvelle.be\/fr\/wp-json\/wp\/v2\/posts\/10659","targetHints":{"allow":["GET"]}}],"collection":[{"href":"https:\/\/www.renouvelle.be\/fr\/wp-json\/wp\/v2\/posts"}],"about":[{"href":"https:\/\/www.renouvelle.be\/fr\/wp-json\/wp\/v2\/types\/post"}],"author":[{"embeddable":true,"href":"https:\/\/www.renouvelle.be\/fr\/wp-json\/wp\/v2\/users\/27"}],"replies":[{"embeddable":true,"href":"https:\/\/www.renouvelle.be\/fr\/wp-json\/wp\/v2\/comments?post=10659"}],"version-history":[{"count":48,"href":"https:\/\/www.renouvelle.be\/fr\/wp-json\/wp\/v2\/posts\/10659\/revisions"}],"predecessor-version":[{"id":10804,"href":"https:\/\/www.renouvelle.be\/fr\/wp-json\/wp\/v2\/posts\/10659\/revisions\/10804"}],"wp:featuredmedia":[{"embeddable":true,"href":"https:\/\/www.renouvelle.be\/fr\/wp-json\/wp\/v2\/media\/10683"}],"wp:attachment":[{"href":"https:\/\/www.renouvelle.be\/fr\/wp-json\/wp\/v2\/media?parent=10659"}],"wp:term":[{"taxonomy":"category","embeddable":true,"href":"https:\/\/www.renouvelle.be\/fr\/wp-json\/wp\/v2\/categories?post=10659"},{"taxonomy":"post_tag","embeddable":true,"href":"https:\/\/www.renouvelle.be\/fr\/wp-json\/wp\/v2\/tags?post=10659"},{"taxonomy":"section","embeddable":true,"href":"https:\/\/www.renouvelle.be\/fr\/wp-json\/wp\/v2\/section?post=10659"}],"curies":[{"name":"wp","href":"https:\/\/api.w.org\/{rel}","templated":true}]}}