{"id":10648,"date":"2023-10-30T10:10:31","date_gmt":"2023-10-30T09:10:31","guid":{"rendered":"https:\/\/www.renouvelle.be\/?p=10648"},"modified":"2023-12-06T12:36:21","modified_gmt":"2023-12-06T11:36:21","slug":"partage-delectricite-renouvelable-en-wallonie-un-avantage-economique-pour-les-consommateurs","status":"publish","type":"post","link":"https:\/\/www.renouvelle.be\/fr\/partage-delectricite-renouvelable-en-wallonie-un-avantage-economique-pour-les-consommateurs\/","title":{"rendered":"L&rsquo;\u00e9lectricit\u00e9 partag\u00e9e en Wallonie : un avantage \u00e9conomique pour les consommateurs ?"},"content":{"rendered":"\n<p>Il y a quelques semaines nous partagions, avec vous, une analyse sur <a href=\"https:\/\/www.renouvelle.be\/fr\/le-partage-delectricite-renouvelable-un-gain-financier-pour-le-consommateur-vraiment\/\">le gain financier que pourrait procurer le partage d&rsquo;\u00e9lectricit\u00e9 renouvelable, \u00e0 Bruxelles<\/a>. Dans l&rsquo;article qui suit, nous nous concentrerons, cette fois, sur la Wallonie.<\/p>\n\n\n\n<h2 class=\"wp-block-heading\"><strong>Les atouts de l\u2019\u00e9lectricit\u00e9 renouvelable partag\u00e9e<\/strong><\/h2>\n\n\n\n<p>L\u2019\u00e9lectricit\u00e9 renouvelable (solaire, \u00e9olienne, \u2026) est aujourd\u2019hui l\u2019une des <strong>\u00e9nergies les moins ch\u00e8res \u00e0 produire<\/strong>. Or, de nombreux consommateurs ne peuvent pas profiter, pour des raisons de propri\u00e9t\u00e9 (locataires), des raisons techniques (trop d\u2019ombre) ou \u00e9conomiques (fonds propres insuffisants). Ces consommateurs sont donc enti\u00e8rement d\u00e9pendants de leur fournisseur dont le prix est fix\u00e9 par le march\u00e9, principalement influenc\u00e9 par la sp\u00e9culation et le co\u00fbt des \u00e9nergies fossiles.<\/p>\n\n\n\n<p>Le partage d\u2019\u00e9lectricit\u00e9 est donc un moyen pour le consommateur <strong>d\u2019acc\u00e9der \u00e0 une \u00e9nergie renouvelable<\/strong> et donc de b\u00e9n\u00e9ficier de son co\u00fbt r\u00e9duit pour une partie de sa consommation, et ce, ind\u00e9pendamment des futures hausses de prix de l\u2019\u00e9nergie.<\/p>\n\n\n\n<h2 class=\"wp-block-heading\"><strong>L\u2019\u00e9lectricit\u00e9 partag\u00e9e, \u00e0 quel prix&nbsp;?<\/strong> <strong>Petit rappel<\/strong><\/h2>\n\n\n\n<p>Avant de r\u00e9pondre \u00e0 cette question, rappelons les diff\u00e9rentes composantes du prix de l\u2019\u00e9nergie.<\/p>\n\n\n<div class=\"wp-block-image\">\n<figure class=\"alignleft size-full\"><img loading=\"lazy\" decoding=\"async\" width=\"179\" height=\"133\" src=\"https:\/\/www.renouvelle.be\/wp-content\/uploads\/2023\/09\/Image5.png\" alt=\"\" class=\"wp-image-10317\"\/><\/figure>\n<\/div>\n\n\n<p>Le prix de l\u2019\u00e9lectricit\u00e9 est la somme du prix de l\u2019\u00e9nergie en tant que telle, des frais obligatoires (taxes, surcharges et cotisations) et des frais de r\u00e9seaux (distribution et transport). Il est exprim\u00e9 en \u20ac par kWh [\u20ac\/kWh].<\/p>\n\n\n\n<p><\/p>\n\n\n\n<p>Si les frais obligatoires (cotisation, accise sp\u00e9ciale) restent identiques, le partage d\u2019\u00e9lectricit\u00e9 peut avoir un impact sur le co\u00fbt de l\u2019\u00e9nergie &#8211; diff\u00e9rent du co\u00fbt propos\u00e9 par le fournisseur et sur les tarifs r\u00e9seaux qui seront fonction de la R\u00e9gion et du p\u00e9rim\u00e8tre du partage.<\/p>\n\n\n\n<p><strong>L\u2018analyse qui suit concerne la R\u00e9gion Wallonne.<\/strong><\/p>\n\n\n\n<h2 class=\"wp-block-heading\"><strong>Le partage d\u2019\u00e9nergie en Wallonie<\/strong><\/h2>\n\n\n\n<p>En Wallonie, les projets de partage pourront, tr\u00e8s prochainement, d\u00e9marrer gr\u00e2ce \u00e0 la publication des derniers documents indispensables \u00e0 la mise en place d\u2019un tel projet (<a href=\"https:\/\/www.cwape.be\/secteur\/communautes-partage-energie?fbclid=IwAR0B2ilIJdKuKLhMrEKFszKSukuCvqMWUw1A2PHwnaADo9ccxAle3JJoFkE\">formulaire d\u2019autorisation et de notification de la CWaPE<\/a>). Cependant, la question de l\u2019int\u00e9r\u00eat \u00e9conomique d\u2019un partage d\u2019\u00e9nergie, en Wallonie, est sur toutes les l\u00e8vres des acteurs du secteur. Nous allons essayer de mener cette analyse en fonction de 3 situations (pair \u00e0 pair, partage au sein d\u2019un m\u00eame b\u00e2timent, partage au sein d\u2019une communaut\u00e9 d\u2019\u00e9nergie renouvelable).<\/p>\n\n\n\n<h2 class=\"wp-block-heading\"><strong>Pas encore de frais de r\u00e9seaux incitatifs en Wallonie<\/strong><\/h2>\n\n\n\n<p>Comme en r\u00e9gion Bruxelloise et en r\u00e9gion Flamande, les tarifs de r\u00e9seaux (frais de distribution et transport) et les frais obligatoires (accises f\u00e9d\u00e9rales) seront d\u2019application dans un projet de partage d\u2019\u00e9nergie en Wallonie. Ceux-ci seront cependant diff\u00e9rents entre les r\u00e9gions (lire notre <a href=\"https:\/\/www.renouvelle.be\/fr\/la-cwape-pose-les-jalons-de-la-tarification-future-de-lelectricite-tout-en-donnant-un-solide-coup-de-pouce-au-partage-delectricite-renouvelable-au-sein-du-meme-batiment\/\">article<\/a>, \u00e9voquant certains points, \u00e0 ce sujet). <\/p>\n\n\n\n<p>La CWaPE (r\u00e9gulateur du march\u00e9 de l\u2019\u00e9lectricit\u00e9 et gaz en Wallonie) devrait publier en juillet 2024 les grandes lignes d\u00e9crivant la future m\u00e9thodologie tarifaire 2025-2029, une m\u00e9thodologie qui d\u00e9finira les diff\u00e9rents frais r\u00e9seaux appliqu\u00e9s au partage d\u2019\u00e9nergie. Cette m\u00e9thodologie ne sera cependant pas appliqu\u00e9e avant 2026. Un projet de partage qui se d\u00e9veloppera en Wallonie avant cette date, n\u2019aura donc pas d\u2019incitant ou de r\u00e9duction sur la partie r\u00e9seau, contrairement \u00e0 la r\u00e9gion Bruxelloise.<\/p>\n\n\n\n<p>Notons quand-m\u00eame qu&rsquo;une r\u00e9duction a \u00e9t\u00e9 planifi\u00e9e dans la m\u00e9thodologie tarifaire 2025-2029. Cette r\u00e9duction s&rsquo;appliquera aux tarifs proportionnels d&rsquo;utilisation du r\u00e9seau et de refacturation des co\u00fbts de transport pour l&rsquo;\u00e9lectricit\u00e9 partag\u00e9e au sein d&rsquo;un m\u00eame b\u00e2timent, et elle atteindra une r\u00e9duction de 80%. R\u00e9duction qui sera applicable d\u00e8s 2025.<\/p>\n\n\n\n<p>En attendant, nous allons donc estimer les gains \u00e9conomiques d\u2019un partage en Wallonie dans la m\u00e9thodologie actuelle (2024), \u00e0 savoir des frais de r\u00e9seaux standards (pas de r\u00e9duction) pour les participants \u00e0 un partage d\u2019\u00e9nergie. Nous pourrons refaire l\u2019exercice en juillet 2024 pour estimer les changements majeurs qu\u2019apportera la future m\u00e9thodologie tant attendue.<\/p>\n\n\n\n<h2 class=\"wp-block-heading\">Des frais suppl\u00e9mentaires appliqu\u00e9s par les fournisseurs d&rsquo;\u00e9nergie<\/h2>\n\n\n\n<p>En Wallonie, comme en Flandre, des frais suppl\u00e9mentaires sont d\u00e9j\u00e0 appliqu\u00e9s par certains fournisseurs d\u2019\u00e9lectricit\u00e9 \u00e0 leurs clients qui souhaiteraient participer \u00e0 une op\u00e9ration de partage d\u2019\u00e9nergie (producteur ou consommateur). Ces frais seraient justifi\u00e9s par les fournisseurs comme \u00e9tant une gestion administrative suppl\u00e9mentaire (traitement manuel des donn\u00e9es du partage, frais d\u2019\u00e9quilibrage, <em>sourcing<\/em>, effet volume). Ces frais n\u2019ont d\u2019ailleurs pas \u00e9t\u00e9 contest\u00e9s par la CREG.<\/p>\n\n\n\n<p>Tous les fournisseurs n\u2019ont pas encore communiqu\u00e9 les frais qu\u2019ils appliqueront sur les participants d\u2019un partage (consommateur et producteur compris). Certains d\u00e9cideront probablement de ne pas impacter leurs clients, c\u2019est ce que l\u2019on peut penser des fournisseurs qui n\u2019ont pas encore int\u00e9gr\u00e9 ces frais dans leurs conditions g\u00e9n\u00e9rales. Dans notre analyse, nous consid\u00e9rerons donc des frais situ\u00e9s entre 0\u20ac et 150\u20ac, pour mieux identifier l\u2019impact que cette mesure peut avoir sur l\u2019\u00e9conomie d\u2019un partage.<\/p>\n\n\n\n<p>Voici une liste exhaustive des frais que l\u2019on peut, pour le moment, trouver dans les conditions g\u00e9n\u00e9rales de certains fournisseurs.<\/p>\n\n\n\n<figure class=\"wp-block-table\"><table><thead><tr><th><strong>Fournisseurs<\/strong><\/th><th><strong>Frais annuels par code EAN<\/strong><\/th><\/tr><\/thead><tbody><tr><td>Luminus<\/td><td>150\u20ac<\/td><\/tr><tr><td>Eneco<\/td><td>60\u20ac<\/td><\/tr><tr><td>Dats 24<\/td><td>75\u20ac<\/td><\/tr><tr><td>Mega<\/td><td>150\u20ac<\/td><\/tr><tr><td>Octa +<\/td><td>108\u20ac<\/td><\/tr><tr><td>Elegant<\/td><td>75\u20ac<\/td><\/tr><tr><td>Ebem<\/td><td>80\u20ac<\/td><\/tr><tr><td>Engie<\/td><td>100\u20ac<\/td><\/tr><tr><td>Total \u00e9nergie<\/td><td>Pas de confirmation<\/td><\/tr><tr><td>Cociter<\/td><td>Pas de confirmation<\/td><\/tr><\/tbody><\/table><\/figure>\n\n\n\n<h2 class=\"wp-block-heading\"><strong>Finalement, est-ce vraiment si int\u00e9ressant&nbsp;pour le producteur et le consommateur Wallon&nbsp;?<\/strong><\/h2>\n\n\n\n<p>Pour r\u00e9pondre \u00e0 cette question, retrouvez-nous dans notre article sur <a href=\"https:\/\/www.renouvelle.be\/fr\/exemples-calculs-de-rentabilite-economique-dun-partage-delectricite-en-wallonie\/\">les exemples de calculs de rentabilit\u00e9 \u00e9conomique d&rsquo;un partage d&rsquo;\u00e9lectricit\u00e9 en Wallonie<\/a>.<\/p>\n\n\n\n<h2 class=\"wp-block-heading\">Des d\u00e9fis \u00e0 relever pour le partage d&rsquo;\u00e9nergie en Wallonie<\/h2>\n\n\n\n<p>Pour d\u00e9velopper le partage d\u2019\u00e9nergie renouvelable en Wallonie, il faudra inciter les consommateurs et producteurs \u00e0 prendre part \u00e0 cette action non sous le seul prisme des gains \u00e9conomiques. M\u00eame s\u2019il est important de reconna\u00eetre ces gains potentiels, la d\u00e9marche devra \u00eatre inscrite dans une \u00e9volution sociale et environnementale, qui soit juste et solidaire pour tous. Cela \u00e9tant dit, quelques d\u00e9fis sont \u00e0 relever.<\/p>\n\n\n\n<p>Il faudra \u00eatre attentif \u00e0 l\u2019inclusion de toute la soci\u00e9t\u00e9, car la redevance pourrait rendre le mod\u00e8le \u00e9conomique wallon caduc, dans certains cas. On pense notamment aux projets de partage d\u2019\u00e9lectricit\u00e9 avec des logements pr\u00e9caris\u00e9s. B\u00e9n\u00e9ficiant, peut-\u00eatre d\u00e9j\u00e0, en partie, d\u2019un tarif social plus bas que le march\u00e9, cela rendrait les \u00e9conomies annuelles, issues de ce partage, moins significatives.<\/p>\n\n\n\n<p>En Wallonie, pour le moment, certains mod\u00e8les \u00e9conomiques d\u2019investissement pour les CER restent impossibles \u00e0 mettre en place. Par exemple, le producteur d\u2019un compteur d\u2019\u00e9lectricit\u00e9 ne peut \u00eatre diff\u00e9rent du consommateur de ce m\u00eame compteur. Cela signifie qu\u2019une CER souhaitant mettre une installation \u00e0 disposition de l\u2019un de ses membres, ne peut revendre l\u2019injection d\u2019\u00e9lectricit\u00e9 non autoconsomm\u00e9 par ce membre, \u00e0 travers un partage d\u2019\u00e9nergie. Les communaut\u00e9s d\u2019\u00e9nergie ne peuvent pas, non plus, proposer un contrat de vente de l\u2019autoconsommation pour ces installations qui seraient plac\u00e9es sur les compteurs de ses membres. N\u2019oublions pas que les acteurs du secteur attendent un tarif incitatif. Mais comme on dit \u00ab tout vient \u00e0 point \u00e0 qui sait attendre \u00bb : une r\u00e9duction de 80% pour les CAAC en Wallonie a d\u00e9j\u00e0 \u00e9t\u00e9 d\u00e9cid\u00e9e<\/p>\n","protected":false},"excerpt":{"rendered":"<p>Il y a quelques semaines nous partagions, avec vous, une analyse sur le gain financier que pourrait procurer le partage d&rsquo;\u00e9lectricit\u00e9 renouvelable, \u00e0 Bruxelles. Dans l&rsquo;article qui suit, nous nous concentrerons, cette fois, sur la Wallonie. Les atouts de l\u2019\u00e9lectricit\u00e9 renouvelable partag\u00e9e L\u2019\u00e9lectricit\u00e9 renouvelable (solaire, \u00e9olienne, \u2026) est aujourd\u2019hui l\u2019une des \u00e9nergies les moins ch\u00e8res \u00e0 produire. Or, de nombreux consommateurs ne peuvent pas profiter, pour des raisons de propri\u00e9t\u00e9 (locataires), des raisons techniques (trop d\u2019ombre) ou \u00e9conomiques (fonds propres insuffisants). Ces consommateurs sont donc enti\u00e8rement d\u00e9pendants de leur fournisseur dont le prix est fix\u00e9 par le march\u00e9, principalement influenc\u00e9 par la sp\u00e9culation et le co\u00fbt des \u00e9nergies fossiles. Le partage d\u2019\u00e9lectricit\u00e9 est donc un moyen pour le consommateur d\u2019acc\u00e9der \u00e0 une \u00e9nergie renouvelable et donc de b\u00e9n\u00e9ficier de son co\u00fbt r\u00e9duit pour une partie de sa consommation, et ce, ind\u00e9pendamment des futures hausses de prix de l\u2019\u00e9nergie. L\u2019\u00e9lectricit\u00e9 partag\u00e9e, \u00e0 quel prix&nbsp;? Petit rappel Avant de r\u00e9pondre \u00e0 cette question, rappelons les diff\u00e9rentes composantes du prix de l\u2019\u00e9nergie. Le prix de l\u2019\u00e9lectricit\u00e9 est la somme du prix de l\u2019\u00e9nergie en tant que telle, des frais obligatoires (taxes, surcharges et cotisations) et des frais de r\u00e9seaux (distribution et transport). Il est exprim\u00e9 en \u20ac par kWh [\u20ac\/kWh]. Si les frais obligatoires (cotisation, accise sp\u00e9ciale) restent identiques, le partage d\u2019\u00e9lectricit\u00e9 peut avoir un impact sur le co\u00fbt de l\u2019\u00e9nergie &#8211; diff\u00e9rent du co\u00fbt propos\u00e9 par le fournisseur et sur les tarifs r\u00e9seaux qui seront fonction de la R\u00e9gion et du p\u00e9rim\u00e8tre du partage. L\u2018analyse qui suit concerne la R\u00e9gion Wallonne. Le partage d\u2019\u00e9nergie en Wallonie En Wallonie, les projets de partage pourront, tr\u00e8s prochainement, d\u00e9marrer gr\u00e2ce \u00e0 la publication des derniers documents indispensables \u00e0 la mise en place d\u2019un tel projet &hellip; <a href=\"https:\/\/www.renouvelle.be\/fr\/partage-delectricite-renouvelable-en-wallonie-un-avantage-economique-pour-les-consommateurs\/\" class=\"more-link\">Continue reading<span class=\"screen-reader-text\"> \u00ab\u00a0L&rsquo;\u00e9lectricit\u00e9 partag\u00e9e en Wallonie : un avantage \u00e9conomique pour les consommateurs ?\u00a0\u00bb<\/span><\/a><\/p>\n","protected":false},"author":27,"featured_media":10686,"comment_status":"closed","ping_status":"closed","sticky":false,"template":"","format":"standard","meta":{"_acf_changed":false,"footnotes":""},"categories":[17],"tags":[],"section":[5,13],"class_list":["post-10648","post","type-post","status-publish","format-standard","has-post-thumbnail","hentry","category-actualite-en-belgique","section-communaute-denergie","section-solaire"],"acf":[],"yoast_head":"<!-- This site is optimized with the Yoast SEO plugin v27.5 - https:\/\/yoast.com\/product\/yoast-seo-wordpress\/ -->\n<title>L&#039;\u00e9lectricit\u00e9 partag\u00e9e en Wallonie : un avantage \u00e9conomique pour les consommateurs ? - Renouvelle<\/title>\n<meta name=\"description\" content=\"L&#039;un des arguments principaux pour le partage de l&#039;\u00e9lectricit\u00e9 renouvelable est l&#039;\u00e9conomie r\u00e9alis\u00e9e par le consommateur participant. Cependant, est-elle vraiment r\u00e9el ?\" \/>\n<meta name=\"robots\" content=\"index, follow, max-snippet:-1, max-image-preview:large, max-video-preview:-1\" \/>\n<link rel=\"canonical\" href=\"https:\/\/www.renouvelle.be\/fr\/partage-delectricite-renouvelable-en-wallonie-un-avantage-economique-pour-les-consommateurs\/\" \/>\n<meta property=\"og:locale\" content=\"fr_FR\" \/>\n<meta property=\"og:type\" content=\"article\" \/>\n<meta property=\"og:title\" content=\"L&#039;\u00e9lectricit\u00e9 partag\u00e9e en Wallonie : un avantage \u00e9conomique pour les consommateurs ? - Renouvelle\" \/>\n<meta property=\"og:description\" content=\"L&#039;un des arguments principaux pour le partage de l&#039;\u00e9lectricit\u00e9 renouvelable est l&#039;\u00e9conomie r\u00e9alis\u00e9e par le consommateur participant. Cependant, est-elle vraiment r\u00e9el ?\" \/>\n<meta property=\"og:url\" content=\"https:\/\/www.renouvelle.be\/fr\/partage-delectricite-renouvelable-en-wallonie-un-avantage-economique-pour-les-consommateurs\/\" \/>\n<meta property=\"og:site_name\" content=\"Renouvelle\" \/>\n<meta property=\"article:published_time\" content=\"2023-10-30T09:10:31+00:00\" \/>\n<meta property=\"article:modified_time\" content=\"2023-12-06T11:36:21+00:00\" \/>\n<meta property=\"og:image\" content=\"https:\/\/www.renouvelle.be\/wp-content\/uploads\/2023\/10\/iStock-1319247252.jpg\" \/>\n\t<meta property=\"og:image:width\" content=\"2212\" \/>\n\t<meta property=\"og:image:height\" content=\"1356\" \/>\n\t<meta property=\"og:image:type\" content=\"image\/jpeg\" \/>\n<meta name=\"author\" content=\"Jean Frippiat\" \/>\n<meta name=\"twitter:card\" content=\"summary_large_image\" \/>\n<script type=\"application\/ld+json\" class=\"yoast-schema-graph\">{\"@context\":\"https:\\\/\\\/schema.org\",\"@graph\":[{\"@type\":\"Article\",\"@id\":\"https:\\\/\\\/www.renouvelle.be\\\/fr\\\/partage-delectricite-renouvelable-en-wallonie-un-avantage-economique-pour-les-consommateurs\\\/#article\",\"isPartOf\":{\"@id\":\"https:\\\/\\\/www.renouvelle.be\\\/fr\\\/partage-delectricite-renouvelable-en-wallonie-un-avantage-economique-pour-les-consommateurs\\\/\"},\"author\":{\"name\":\"Jean Frippiat\",\"@id\":\"https:\\\/\\\/www.renouvelle.be\\\/fr\\\/#\\\/schema\\\/person\\\/2b8afd89c9b7934d06ad7db3417abc38\"},\"headline\":\"L&rsquo;\u00e9lectricit\u00e9 partag\u00e9e en Wallonie : un avantage \u00e9conomique pour les consommateurs ?\",\"datePublished\":\"2023-10-30T09:10:31+00:00\",\"dateModified\":\"2023-12-06T11:36:21+00:00\",\"mainEntityOfPage\":{\"@id\":\"https:\\\/\\\/www.renouvelle.be\\\/fr\\\/partage-delectricite-renouvelable-en-wallonie-un-avantage-economique-pour-les-consommateurs\\\/\"},\"wordCount\":1234,\"image\":{\"@id\":\"https:\\\/\\\/www.renouvelle.be\\\/fr\\\/partage-delectricite-renouvelable-en-wallonie-un-avantage-economique-pour-les-consommateurs\\\/#primaryimage\"},\"thumbnailUrl\":\"https:\\\/\\\/www.renouvelle.be\\\/wp-content\\\/uploads\\\/2023\\\/10\\\/iStock-1319247252.jpg\",\"articleSection\":[\"Actualit\u00e9 en Belgique\"],\"inLanguage\":\"fr-FR\"},{\"@type\":\"WebPage\",\"@id\":\"https:\\\/\\\/www.renouvelle.be\\\/fr\\\/partage-delectricite-renouvelable-en-wallonie-un-avantage-economique-pour-les-consommateurs\\\/\",\"url\":\"https:\\\/\\\/www.renouvelle.be\\\/fr\\\/partage-delectricite-renouvelable-en-wallonie-un-avantage-economique-pour-les-consommateurs\\\/\",\"name\":\"L'\u00e9lectricit\u00e9 partag\u00e9e en Wallonie : un avantage \u00e9conomique pour les consommateurs ? - Renouvelle\",\"isPartOf\":{\"@id\":\"https:\\\/\\\/www.renouvelle.be\\\/fr\\\/#website\"},\"primaryImageOfPage\":{\"@id\":\"https:\\\/\\\/www.renouvelle.be\\\/fr\\\/partage-delectricite-renouvelable-en-wallonie-un-avantage-economique-pour-les-consommateurs\\\/#primaryimage\"},\"image\":{\"@id\":\"https:\\\/\\\/www.renouvelle.be\\\/fr\\\/partage-delectricite-renouvelable-en-wallonie-un-avantage-economique-pour-les-consommateurs\\\/#primaryimage\"},\"thumbnailUrl\":\"https:\\\/\\\/www.renouvelle.be\\\/wp-content\\\/uploads\\\/2023\\\/10\\\/iStock-1319247252.jpg\",\"datePublished\":\"2023-10-30T09:10:31+00:00\",\"dateModified\":\"2023-12-06T11:36:21+00:00\",\"author\":{\"@id\":\"https:\\\/\\\/www.renouvelle.be\\\/fr\\\/#\\\/schema\\\/person\\\/2b8afd89c9b7934d06ad7db3417abc38\"},\"description\":\"L'un des arguments principaux pour le partage de l'\u00e9lectricit\u00e9 renouvelable est l'\u00e9conomie r\u00e9alis\u00e9e par le consommateur participant. Cependant, est-elle vraiment r\u00e9el ?\",\"breadcrumb\":{\"@id\":\"https:\\\/\\\/www.renouvelle.be\\\/fr\\\/partage-delectricite-renouvelable-en-wallonie-un-avantage-economique-pour-les-consommateurs\\\/#breadcrumb\"},\"inLanguage\":\"fr-FR\",\"potentialAction\":[{\"@type\":\"ReadAction\",\"target\":[\"https:\\\/\\\/www.renouvelle.be\\\/fr\\\/partage-delectricite-renouvelable-en-wallonie-un-avantage-economique-pour-les-consommateurs\\\/\"]}]},{\"@type\":\"ImageObject\",\"inLanguage\":\"fr-FR\",\"@id\":\"https:\\\/\\\/www.renouvelle.be\\\/fr\\\/partage-delectricite-renouvelable-en-wallonie-un-avantage-economique-pour-les-consommateurs\\\/#primaryimage\",\"url\":\"https:\\\/\\\/www.renouvelle.be\\\/wp-content\\\/uploads\\\/2023\\\/10\\\/iStock-1319247252.jpg\",\"contentUrl\":\"https:\\\/\\\/www.renouvelle.be\\\/wp-content\\\/uploads\\\/2023\\\/10\\\/iStock-1319247252.jpg\",\"width\":2212,\"height\":1356,\"caption\":\"Coins falling to white piggy saving , Financial and money deposit concept.\"},{\"@type\":\"BreadcrumbList\",\"@id\":\"https:\\\/\\\/www.renouvelle.be\\\/fr\\\/partage-delectricite-renouvelable-en-wallonie-un-avantage-economique-pour-les-consommateurs\\\/#breadcrumb\",\"itemListElement\":[{\"@type\":\"ListItem\",\"position\":1,\"name\":\"Accueil\",\"item\":\"https:\\\/\\\/www.renouvelle.be\\\/fr\\\/\"},{\"@type\":\"ListItem\",\"position\":2,\"name\":\"L&rsquo;\u00e9lectricit\u00e9 partag\u00e9e en Wallonie : un avantage \u00e9conomique pour les consommateurs ?\"}]},{\"@type\":\"WebSite\",\"@id\":\"https:\\\/\\\/www.renouvelle.be\\\/fr\\\/#website\",\"url\":\"https:\\\/\\\/www.renouvelle.be\\\/fr\\\/\",\"name\":\"Renouvelle\",\"description\":\"L&#039;actualit\u00e9 de l&#039;\u00e9nergie durable\",\"potentialAction\":[{\"@type\":\"SearchAction\",\"target\":{\"@type\":\"EntryPoint\",\"urlTemplate\":\"https:\\\/\\\/www.renouvelle.be\\\/fr\\\/?s={search_term_string}\"},\"query-input\":{\"@type\":\"PropertyValueSpecification\",\"valueRequired\":true,\"valueName\":\"search_term_string\"}}],\"inLanguage\":\"fr-FR\"},{\"@type\":\"Person\",\"@id\":\"https:\\\/\\\/www.renouvelle.be\\\/fr\\\/#\\\/schema\\\/person\\\/2b8afd89c9b7934d06ad7db3417abc38\",\"name\":\"Jean Frippiat\",\"url\":\"https:\\\/\\\/www.renouvelle.be\\\/fr\\\/author\\\/jeanfrippiat\\\/\"}]}<\/script>\n<!-- \/ Yoast SEO plugin. -->","yoast_head_json":{"title":"L'\u00e9lectricit\u00e9 partag\u00e9e en Wallonie : un avantage \u00e9conomique pour les consommateurs ? - Renouvelle","description":"L'un des arguments principaux pour le partage de l'\u00e9lectricit\u00e9 renouvelable est l'\u00e9conomie r\u00e9alis\u00e9e par le consommateur participant. Cependant, est-elle vraiment r\u00e9el ?","robots":{"index":"index","follow":"follow","max-snippet":"max-snippet:-1","max-image-preview":"max-image-preview:large","max-video-preview":"max-video-preview:-1"},"canonical":"https:\/\/www.renouvelle.be\/fr\/partage-delectricite-renouvelable-en-wallonie-un-avantage-economique-pour-les-consommateurs\/","og_locale":"fr_FR","og_type":"article","og_title":"L'\u00e9lectricit\u00e9 partag\u00e9e en Wallonie : un avantage \u00e9conomique pour les consommateurs ? - Renouvelle","og_description":"L'un des arguments principaux pour le partage de l'\u00e9lectricit\u00e9 renouvelable est l'\u00e9conomie r\u00e9alis\u00e9e par le consommateur participant. Cependant, est-elle vraiment r\u00e9el ?","og_url":"https:\/\/www.renouvelle.be\/fr\/partage-delectricite-renouvelable-en-wallonie-un-avantage-economique-pour-les-consommateurs\/","og_site_name":"Renouvelle","article_published_time":"2023-10-30T09:10:31+00:00","article_modified_time":"2023-12-06T11:36:21+00:00","og_image":[{"width":2212,"height":1356,"url":"https:\/\/www.renouvelle.be\/wp-content\/uploads\/2023\/10\/iStock-1319247252.jpg","type":"image\/jpeg"}],"author":"Jean Frippiat","twitter_card":"summary_large_image","schema":{"@context":"https:\/\/schema.org","@graph":[{"@type":"Article","@id":"https:\/\/www.renouvelle.be\/fr\/partage-delectricite-renouvelable-en-wallonie-un-avantage-economique-pour-les-consommateurs\/#article","isPartOf":{"@id":"https:\/\/www.renouvelle.be\/fr\/partage-delectricite-renouvelable-en-wallonie-un-avantage-economique-pour-les-consommateurs\/"},"author":{"name":"Jean Frippiat","@id":"https:\/\/www.renouvelle.be\/fr\/#\/schema\/person\/2b8afd89c9b7934d06ad7db3417abc38"},"headline":"L&rsquo;\u00e9lectricit\u00e9 partag\u00e9e en Wallonie : un avantage \u00e9conomique pour les consommateurs ?","datePublished":"2023-10-30T09:10:31+00:00","dateModified":"2023-12-06T11:36:21+00:00","mainEntityOfPage":{"@id":"https:\/\/www.renouvelle.be\/fr\/partage-delectricite-renouvelable-en-wallonie-un-avantage-economique-pour-les-consommateurs\/"},"wordCount":1234,"image":{"@id":"https:\/\/www.renouvelle.be\/fr\/partage-delectricite-renouvelable-en-wallonie-un-avantage-economique-pour-les-consommateurs\/#primaryimage"},"thumbnailUrl":"https:\/\/www.renouvelle.be\/wp-content\/uploads\/2023\/10\/iStock-1319247252.jpg","articleSection":["Actualit\u00e9 en Belgique"],"inLanguage":"fr-FR"},{"@type":"WebPage","@id":"https:\/\/www.renouvelle.be\/fr\/partage-delectricite-renouvelable-en-wallonie-un-avantage-economique-pour-les-consommateurs\/","url":"https:\/\/www.renouvelle.be\/fr\/partage-delectricite-renouvelable-en-wallonie-un-avantage-economique-pour-les-consommateurs\/","name":"L'\u00e9lectricit\u00e9 partag\u00e9e en Wallonie : un avantage \u00e9conomique pour les consommateurs ? - Renouvelle","isPartOf":{"@id":"https:\/\/www.renouvelle.be\/fr\/#website"},"primaryImageOfPage":{"@id":"https:\/\/www.renouvelle.be\/fr\/partage-delectricite-renouvelable-en-wallonie-un-avantage-economique-pour-les-consommateurs\/#primaryimage"},"image":{"@id":"https:\/\/www.renouvelle.be\/fr\/partage-delectricite-renouvelable-en-wallonie-un-avantage-economique-pour-les-consommateurs\/#primaryimage"},"thumbnailUrl":"https:\/\/www.renouvelle.be\/wp-content\/uploads\/2023\/10\/iStock-1319247252.jpg","datePublished":"2023-10-30T09:10:31+00:00","dateModified":"2023-12-06T11:36:21+00:00","author":{"@id":"https:\/\/www.renouvelle.be\/fr\/#\/schema\/person\/2b8afd89c9b7934d06ad7db3417abc38"},"description":"L'un des arguments principaux pour le partage de l'\u00e9lectricit\u00e9 renouvelable est l'\u00e9conomie r\u00e9alis\u00e9e par le consommateur participant. Cependant, est-elle vraiment r\u00e9el ?","breadcrumb":{"@id":"https:\/\/www.renouvelle.be\/fr\/partage-delectricite-renouvelable-en-wallonie-un-avantage-economique-pour-les-consommateurs\/#breadcrumb"},"inLanguage":"fr-FR","potentialAction":[{"@type":"ReadAction","target":["https:\/\/www.renouvelle.be\/fr\/partage-delectricite-renouvelable-en-wallonie-un-avantage-economique-pour-les-consommateurs\/"]}]},{"@type":"ImageObject","inLanguage":"fr-FR","@id":"https:\/\/www.renouvelle.be\/fr\/partage-delectricite-renouvelable-en-wallonie-un-avantage-economique-pour-les-consommateurs\/#primaryimage","url":"https:\/\/www.renouvelle.be\/wp-content\/uploads\/2023\/10\/iStock-1319247252.jpg","contentUrl":"https:\/\/www.renouvelle.be\/wp-content\/uploads\/2023\/10\/iStock-1319247252.jpg","width":2212,"height":1356,"caption":"Coins falling to white piggy saving , Financial and money deposit concept."},{"@type":"BreadcrumbList","@id":"https:\/\/www.renouvelle.be\/fr\/partage-delectricite-renouvelable-en-wallonie-un-avantage-economique-pour-les-consommateurs\/#breadcrumb","itemListElement":[{"@type":"ListItem","position":1,"name":"Accueil","item":"https:\/\/www.renouvelle.be\/fr\/"},{"@type":"ListItem","position":2,"name":"L&rsquo;\u00e9lectricit\u00e9 partag\u00e9e en Wallonie : un avantage \u00e9conomique pour les consommateurs ?"}]},{"@type":"WebSite","@id":"https:\/\/www.renouvelle.be\/fr\/#website","url":"https:\/\/www.renouvelle.be\/fr\/","name":"Renouvelle","description":"L&#039;actualit\u00e9 de l&#039;\u00e9nergie durable","potentialAction":[{"@type":"SearchAction","target":{"@type":"EntryPoint","urlTemplate":"https:\/\/www.renouvelle.be\/fr\/?s={search_term_string}"},"query-input":{"@type":"PropertyValueSpecification","valueRequired":true,"valueName":"search_term_string"}}],"inLanguage":"fr-FR"},{"@type":"Person","@id":"https:\/\/www.renouvelle.be\/fr\/#\/schema\/person\/2b8afd89c9b7934d06ad7db3417abc38","name":"Jean Frippiat","url":"https:\/\/www.renouvelle.be\/fr\/author\/jeanfrippiat\/"}]}},"_links":{"self":[{"href":"https:\/\/www.renouvelle.be\/fr\/wp-json\/wp\/v2\/posts\/10648","targetHints":{"allow":["GET"]}}],"collection":[{"href":"https:\/\/www.renouvelle.be\/fr\/wp-json\/wp\/v2\/posts"}],"about":[{"href":"https:\/\/www.renouvelle.be\/fr\/wp-json\/wp\/v2\/types\/post"}],"author":[{"embeddable":true,"href":"https:\/\/www.renouvelle.be\/fr\/wp-json\/wp\/v2\/users\/27"}],"replies":[{"embeddable":true,"href":"https:\/\/www.renouvelle.be\/fr\/wp-json\/wp\/v2\/comments?post=10648"}],"version-history":[{"count":56,"href":"https:\/\/www.renouvelle.be\/fr\/wp-json\/wp\/v2\/posts\/10648\/revisions"}],"predecessor-version":[{"id":11234,"href":"https:\/\/www.renouvelle.be\/fr\/wp-json\/wp\/v2\/posts\/10648\/revisions\/11234"}],"wp:featuredmedia":[{"embeddable":true,"href":"https:\/\/www.renouvelle.be\/fr\/wp-json\/wp\/v2\/media\/10686"}],"wp:attachment":[{"href":"https:\/\/www.renouvelle.be\/fr\/wp-json\/wp\/v2\/media?parent=10648"}],"wp:term":[{"taxonomy":"category","embeddable":true,"href":"https:\/\/www.renouvelle.be\/fr\/wp-json\/wp\/v2\/categories?post=10648"},{"taxonomy":"post_tag","embeddable":true,"href":"https:\/\/www.renouvelle.be\/fr\/wp-json\/wp\/v2\/tags?post=10648"},{"taxonomy":"section","embeddable":true,"href":"https:\/\/www.renouvelle.be\/fr\/wp-json\/wp\/v2\/section?post=10648"}],"curies":[{"name":"wp","href":"https:\/\/api.w.org\/{rel}","templated":true}]}}