{"id":10393,"date":"2023-09-29T12:38:30","date_gmt":"2023-09-29T10:38:30","guid":{"rendered":"https:\/\/www.renouvelle.be\/?p=10393"},"modified":"2023-10-02T15:29:59","modified_gmt":"2023-10-02T13:29:59","slug":"exemples-calculs-de-rentabilite-economique-dun-partage-delectricite-a-bruxelles","status":"publish","type":"post","link":"https:\/\/www.renouvelle.be\/fr\/exemples-calculs-de-rentabilite-economique-dun-partage-delectricite-a-bruxelles\/","title":{"rendered":"EXEMPLES \u2013 calculs de rentabilit\u00e9 \u00e9conomique d&rsquo;un partage d&rsquo;\u00e9lectricit\u00e9 \u00e0 Bruxelles"},"content":{"rendered":"\n<h3 class=\"wp-block-heading\">Cliquez sur un des trois exemples ci-dessous.<\/h3>\n\n\n\n<figure class=\"wp-block-image size-large\"><img loading=\"lazy\" decoding=\"async\" width=\"1024\" height=\"315\" src=\"https:\/\/www.renouvelle.be\/wp-content\/uploads\/2023\/09\/Image1-2-1024x315.png\" alt=\"\" class=\"wp-image-10398\" srcset=\"https:\/\/www.renouvelle.be\/wp-content\/uploads\/2023\/09\/Image1-2-1024x315.png 1024w, https:\/\/www.renouvelle.be\/wp-content\/uploads\/2023\/09\/Image1-2-300x92.png 300w, https:\/\/www.renouvelle.be\/wp-content\/uploads\/2023\/09\/Image1-2-768x237.png 768w, https:\/\/www.renouvelle.be\/wp-content\/uploads\/2023\/09\/Image1-2.png 1039w\" sizes=\"auto, (max-width: 1024px) 100vw, 1024px\" \/><\/figure>\n\n\n\n<div class=\"wp-block-columns is-layout-flex wp-container-core-columns-is-layout-9d6595d7 wp-block-columns-is-layout-flex\">\n<div class=\"wp-block-column is-layout-flow wp-block-column-is-layout-flow\" style=\"flex-basis:100%\">\n<div class=\"wp-block-group\"><div class=\"wp-block-group__inner-container is-layout-constrained wp-block-group-is-layout-constrained\">\n<figure class=\"wp-block-table is-style-stripes\"><table class=\"has-white-background-color has-text-color has-background has-fixed-layout\" style=\"color:#3e5876\"><tbody><tr><td class=\"has-text-align-center\" data-align=\"center\"><a href=\"#Le-partage-Pair-a-Pair\">Le partage<br>Pair \u00e0 Pair<\/a><\/td><td class=\"has-text-align-center\" data-align=\"center\"><a href=\"#au-sein-dun-meme-batiment\">Partage au sein d&rsquo;un <br>m\u00eame b\u00e2timent <\/a><\/td><td class=\"has-text-align-center\" data-align=\"center\"><a href=\"#communaute-denergie\">Partage <br>au sein d&rsquo;une communaut\u00e9 <br>d&rsquo;\u00e9nergie<\/a><\/td><\/tr><\/tbody><\/table><\/figure>\n<\/div><\/div>\n<\/div>\n<\/div>\n\n\n\n<h2 class=\"wp-block-heading\" id=\"Le-partage-Pair-a-Pair\"><strong>PAIR A PAIR<\/strong><\/h2>\n\n\n<div class=\"wp-block-image\">\n<figure class=\"alignleft size-full is-resized\"><img loading=\"lazy\" decoding=\"async\" src=\"https:\/\/www.renouvelle.be\/wp-content\/uploads\/2023\/09\/Image2.png\" alt=\"\" class=\"wp-image-10405\" style=\"width:270px;height:415px\" width=\"270\" height=\"415\" srcset=\"https:\/\/www.renouvelle.be\/wp-content\/uploads\/2023\/09\/Image2.png 610w, https:\/\/www.renouvelle.be\/wp-content\/uploads\/2023\/09\/Image2-196x300.png 196w\" sizes=\"auto, (max-width: 270px) 100vw, 270px\" \/><\/figure>\n<\/div>\n\n\n<p class=\"has-text-align-left\">L&rsquo;\u00e9change en Pair \u00e0 Pair est le partage d\u2019\u00e9nergie qui semble se d\u00e9velopper le plus rapidement \u00e0 Bruxelles. Nous allons essayer d\u2019expliquer l\u2019int\u00e9r\u00eat \u00e9conomique qui se cache derri\u00e8re ce nouveau mod\u00e8le de partage.<\/p>\n\n\n\n<p class=\"has-text-align-left\">D&rsquo;un c\u00f4t\u00e9, nous avons le premier Pair, qui est <strong>le producteur du partage<\/strong>, poss\u00e9dant une installation photovolta\u00efque d&rsquo;une puissance moyenne de 5 kWc. Cette installation produit de l&rsquo;\u00e9lectricit\u00e9 renouvelable, soit 4500 kWh par an. Une partie de cette production est autoconsomm\u00e9e par le producteur lui-m\u00eame, soit 1500 kWh par an, tandis que le reste est inject\u00e9 dans le r\u00e9seau public. L\u2019injection pourra \u00eatre partag\u00e9e avec l&rsquo;autre Pair, <strong>le consommateur du partage<\/strong>, qui en utilisera 500 kWh\/an. Le surplus non partag\u00e9e est quant \u00e0 lui vendu \u00e0 un fournisseur d&rsquo;\u00e9lectricit\u00e9, soit 2500 kWh.<\/p>\n\n\n\n<p class=\"has-text-align-left\">Dans la plupart des cas, c&rsquo;est le producteur qui d\u00e9termine <strong>le co\u00fbt de l&rsquo;\u00e9nergie partag\u00e9e<\/strong> propos\u00e9e au consommateur, en y incluant les frais de r\u00e9seau qui d\u00e9pendent du p\u00e9rim\u00e8tre du partage (A, B, C ou D) et les frais obligatoires (accises et cotisation \u00e9nergie). Supposons que le producteur et le consommateur conviennent ensemble d&rsquo;un prix situ\u00e9 entre le prix auquel les fournisseurs ach\u00e8tent l&rsquo;injection (0,06 centimes d&rsquo;euro par kWh) et le prix auquel les fournisseurs vendent l&rsquo;\u00e9nergie aux consommateurs (0,20 euro par kWh, hors frais de r\u00e9seau et co\u00fbts obligatoires). Les deux pairs pourraient se mettre d\u2019accord sur un prix moyen de soit 0,13 euro par kWh, histoire de se partager le g\u00e2teau en deux.<\/p>\n\n\n\n<p class=\"has-text-align-left\">En cons\u00e9quence, le consommateur \u00e9conomisera 0,07 euro par kWh partag\u00e9, ce qui repr\u00e9sente une \u00e9conomie annuelle de 52,5 euros (500 kWh x (0,20 \u20ac\/kWh-0,13 \u20ac\/kWh)). De plus, en fonction du p\u00e9rim\u00e8tre du partage (A, B, C ou D), le consommateur pourra \u00e9galement r\u00e9aliser des \u00e9conomies sur les frais de r\u00e9seau (voir tableau ci-dessous) auxquelles il conviendra d\u2019ajouter les frais fixes de comptage de 10,15 euros par an \u00e0 ces \u00e9conomies.<\/p>\n\n\n\n<figure class=\"wp-block-image size-large\"><img loading=\"lazy\" decoding=\"async\" width=\"1024\" height=\"255\" src=\"https:\/\/www.renouvelle.be\/wp-content\/uploads\/2023\/09\/Tab1-1024x255.jpg\" alt=\"\" class=\"wp-image-10426\" srcset=\"https:\/\/www.renouvelle.be\/wp-content\/uploads\/2023\/09\/Tab1-1024x255.jpg 1024w, https:\/\/www.renouvelle.be\/wp-content\/uploads\/2023\/09\/Tab1-300x75.jpg 300w, https:\/\/www.renouvelle.be\/wp-content\/uploads\/2023\/09\/Tab1-768x192.jpg 768w, https:\/\/www.renouvelle.be\/wp-content\/uploads\/2023\/09\/Tab1-1200x299.jpg 1200w, https:\/\/www.renouvelle.be\/wp-content\/uploads\/2023\/09\/Tab1.jpg 1227w\" sizes=\"auto, (max-width: 1024px) 100vw, 1024px\" \/><\/figure>\n\n\n\n<h3 class=\"wp-block-heading\"><strong>Conclusion<\/strong><\/h3>\n\n\n\n<p class=\"has-text-align-left\">L\u2019\u00e9change de pair \u00e0 pair est la configuration de partage d\u2019\u00e9nergie la plus simple \u00e0 construire, mais il limite le partage \u00e0 2 compteurs, il faudra donc une certaine compl\u00e9mentarit\u00e9 des profils pour que chacun y trouve son compte. \u00a0<\/p>\n\n\n\n<p class=\"has-text-align-left\">Les \u00e9conomies estim\u00e9es ci-dessus , bien que modestes pour certains, pourraient augmenter si le prix de l\u2019\u00e9nergie propos\u00e9 par le producteur est n\u00e9goci\u00e9 \u00e0 la baisse, ou bien si le consommateur du partage augmente sa propre autoconsommation d&rsquo;\u00e9lectricit\u00e9 en adaptant son comportement de consommation. En effet l\u2019\u00e9lectricit\u00e9 ne sera partag\u00e9e que lorsque la consommation du consommateur, et l\u2019injection du producteur seront synchrones.<\/p>\n\n\n\n<p class=\"has-text-align-left\">&nbsp;Et enfin, le prix propos\u00e9 pouvant \u00eatre fixe, permet de prot\u00e9ger le consommateur d\u2019une \u00e9ventuelle hausse des prix sur le march\u00e9 de l\u2019\u00e9lectricit\u00e9.<\/p>\n\n\n\n<p class=\"has-text-align-left\">Pour le producteur, le partage apportera une stabilisation sur la valeur de son injection, et donc un retour sur investissement plus s\u00fbr.<\/p>\n\n\n\n<hr class=\"wp-block-separator has-text-color has-alpha-channel-opacity has-background is-style-default\" style=\"background-color:#a6ce39;color:#a6ce39\"\/>\n\n\n\n<h2 class=\"wp-block-heading\" id=\"au-sein-dun-meme-batiment\"><strong>AU SEIN D\u2019UN M\u00caME B\u00c2TIMENT<\/strong><\/h2>\n\n\n\n<p class=\"has-text-align-left\">Prenons l\u2019exemple d\u2019un partage au sein d\u2019une copropri\u00e9t\u00e9 de 10 appartements qui a fait un investissement dans une installation photovolta\u00efque de 15 kWc, raccord\u00e9e au compteur commun.<\/p>\n\n\n\n<p class=\"has-text-align-left\"><em>Pr\u00e9cisons que ce qui suit, sont des gains indicatifs, pouvant varier selon les sp\u00e9cificit\u00e9s du projet (taille de l\u2019installation photovolta\u00efque, nombre d\u2019appartements, habitudes de consommation, \u2026).<\/em><\/p>\n\n\n\n<p><strong>Co\u00fbt de l\u2019investissement&nbsp;: 23 850 \u20ac TTC<\/strong><\/p>\n\n\n<div class=\"wp-block-image\">\n<figure class=\"alignleft size-full is-resized\"><img loading=\"lazy\" decoding=\"async\" src=\"https:\/\/www.renouvelle.be\/wp-content\/uploads\/2023\/09\/Image3.png\" alt=\"\" class=\"wp-image-10407\" style=\"width:235px;height:357px\" width=\"235\" height=\"357\" srcset=\"https:\/\/www.renouvelle.be\/wp-content\/uploads\/2023\/09\/Image3.png 200w, https:\/\/www.renouvelle.be\/wp-content\/uploads\/2023\/09\/Image3-197x300.png 197w\" sizes=\"auto, (max-width: 235px) 100vw, 235px\" \/><\/figure>\n<\/div>\n\n\n<p class=\"has-text-align-left\"><strong><mark style=\"background-color:rgba(0, 0, 0, 0);color:#007a9d\" class=\"has-inline-color\">(1)<\/mark> <\/strong>L\u2019installation photovolta\u00efque produit annuellement 13 500 kWh.<\/p>\n\n\n\n<p class=\"has-text-align-left\"><mark style=\"background-color:rgba(0, 0, 0, 0);color:#007a9d\" class=\"has-inline-color\"><strong>(2)<\/strong><\/mark> Cette \u00e9lectricit\u00e9 alimentera d\u2019abord le compteur sur lequel elle est raccord\u00e9e, souvent un compteur commun d\u2019ascenseur.<\/p>\n\n\n\n<p class=\"has-text-align-left\"><em>Nous estimons une autoconsommation de 850 kWh\/an, soit une <strong>\u00e9conomie de 300 \u20ac\/an<\/strong> (co\u00fbt de l\u2019\u00e9lectricit\u00e9 sur le r\u00e9seau = 0,35 \u20ac\/kWh) sur la facture des communs.<\/em><\/p>\n\n\n\n<p class=\"has-text-align-left\"><mark style=\"background-color:rgba(0, 0, 0, 0);color:#007a9d\" class=\"has-inline-color\"><strong>(3)<\/strong><\/mark> Le surplus non autoconsomm\u00e9 par ce compteur, estim\u00e9 \u00e0 5 000 kWh, sera en partie partag\u00e9 vers les 10 appartements, soit environ 500 kWh par appartement. <\/p>\n\n\n\n<p class=\"has-text-align-left\"><\/p>\n\n\n\n<p class=\"has-text-align-left\">Dans notre exemple, la copropri\u00e9t\u00e9 choisie de vendre cette \u00e9lectricit\u00e9 partag\u00e9e \u00e0 0,06\u20ac\/kWh (hors frais r\u00e9seaux et obligatoires), cela repr\u00e9sente pour la copropri\u00e9t\u00e9 <strong>un gain collectif de 360 \u20ac<\/strong>.<\/p>\n\n\n\n<p class=\"has-text-align-left\">Du c\u00f4t\u00e9 du consommateur (copropri\u00e9taire occupant ou locataire), en tenant compte des frais obligatoires et des frais r\u00e9seaux (type A) qui s\u2019ajoutent au prix de l\u2019\u00e9nergie de la copropri\u00e9t\u00e9, cela repr\u00e9sente une \u00e9conomie annuelle de <strong>105 \u20ac par appartement <\/strong>(70 \u20ac sur l\u2019\u00e9nergie et 35 \u20ac sur les frais de r\u00e9seau). Il convient \u00e9galement d\u2019en d\u00e9duire <strong>les frais fixe de 10,15 \u20ac\/an<\/strong> par consommateur participant.<\/p>\n\n\n\n<p class=\"has-text-align-left\"><strong><mark style=\"background-color:rgba(0, 0, 0, 0)\" class=\"has-inline-color has-black-color\"><strong><mark style=\"background-color:rgba(0, 0, 0, 0);color:#007a9d\" class=\"has-inline-color\">(4)<\/mark><\/strong><\/mark><\/strong> L\u2019injection qui n\u2019aura pas \u00e9t\u00e9 partag\u00e9e dans le b\u00e2timent (7 650 kWh) sera revendue \u00e0 un fournisseur au prix de march\u00e9 de l\u2019injection (+\/- 0,06 \u20ac\/kWh en 2023).<\/p>\n\n\n\n<p class=\"has-text-align-left\">La vente de l\u2019\u00e9lectricit\u00e9 \u00e0 un fournisseur repr\u00e9sente un revenu <strong>de 460 \u20ac\/an pour la copropri\u00e9t\u00e9<\/strong> (7 650 kWh x 0,06 \u20ac\/kWh).<\/p>\n\n\n\n<h3 class=\"wp-block-heading\"><strong>Composition du prix de l\u2019\u00e9lectricit\u00e9<\/strong><\/h3>\n\n\n\n<div class=\"wp-block-columns is-layout-flex wp-container-core-columns-is-layout-9d6595d7 wp-block-columns-is-layout-flex\">\n<div class=\"wp-block-column is-layout-flow wp-block-column-is-layout-flow\" style=\"flex-basis:100%\">\n<figure class=\"wp-block-image size-large\"><img loading=\"lazy\" decoding=\"async\" width=\"1024\" height=\"293\" src=\"https:\/\/www.renouvelle.be\/wp-content\/uploads\/2023\/09\/Prix1-1024x293.jpg\" alt=\"\" class=\"wp-image-10444\" srcset=\"https:\/\/www.renouvelle.be\/wp-content\/uploads\/2023\/09\/Prix1-1024x293.jpg 1024w, https:\/\/www.renouvelle.be\/wp-content\/uploads\/2023\/09\/Prix1-300x86.jpg 300w, https:\/\/www.renouvelle.be\/wp-content\/uploads\/2023\/09\/Prix1-768x220.jpg 768w, https:\/\/www.renouvelle.be\/wp-content\/uploads\/2023\/09\/Prix1-1536x439.jpg 1536w, https:\/\/www.renouvelle.be\/wp-content\/uploads\/2023\/09\/Prix1-1200x343.jpg 1200w, https:\/\/www.renouvelle.be\/wp-content\/uploads\/2023\/09\/Prix1.jpg 1591w\" sizes=\"auto, (max-width: 1024px) 100vw, 1024px\" \/><figcaption class=\"wp-element-caption\">Fournisseur traditionnel (gauche) &gt;&lt; Electricit\u00e9 partag\u00e9e (droite)<\/figcaption><\/figure>\n<\/div>\n<\/div>\n\n\n\n<p class=\"has-text-align-left\">En outre, \u00e0 Bruxelles, selon l\u2019ann\u00e9e d\u2019installation, la cat\u00e9gorie de puissance de celle-ci, et la production annuelle g\u00e9n\u00e9r\u00e9e, la copropri\u00e9t\u00e9 b\u00e9n\u00e9ficiera de certificats verts (CV) durant 10 ans. <\/p>\n\n\n\n<p><strong>Gain des certificats vert&nbsp;: 2 065 \u20ac\/an<\/strong> (pendant 10 ans)<\/p>\n\n\n\n<p class=\"has-text-align-left\">R\u00e9sumons l\u2019ensemble des frais, des \u00e9conomies et des revenus que le partage procurera en fonction de 3 types de participants rencontr\u00e9s dans une copropri\u00e9t\u00e9&nbsp;:<\/p>\n\n\n\n<ul class=\"wp-block-list\">\n<li>le copropri\u00e9taire occupant&nbsp;: investisseur et b\u00e9n\u00e9ficiaire des \u00e9conomies d\u2019\u00e9nergie et des autres revenus (Certificats verts et vente de l\u2019\u00e9lectricit\u00e9)<\/li>\n\n\n\n<li>le copropri\u00e9taire non-occupant&nbsp;: investisseur et b\u00e9n\u00e9ficiaire des autres revenus<\/li>\n\n\n\n<li>le locataire&nbsp;: b\u00e9n\u00e9ficiaire des \u00e9conomies d\u2019\u00e9nergie.<\/li>\n<\/ul>\n\n\n\n<p class=\"has-text-align-left\">Les valeurs indiqu\u00e9es ci-dessous sont individualis\u00e9es, c\u2019est-\u00e0-dire par appartement. Nous faisons l\u2019hypoth\u00e8se que les 10 copropri\u00e9taires participent \u00e0 l\u2019investissement et qu\u2019ils investissent chacun 10 % de la somme. Ils recevront donc 10 % des revenus.<\/p>\n\n\n\n<figure class=\"wp-block-image size-large\"><img loading=\"lazy\" decoding=\"async\" width=\"1024\" height=\"567\" src=\"https:\/\/www.renouvelle.be\/wp-content\/uploads\/2023\/09\/Tab2-1024x567.jpg\" alt=\"\" class=\"wp-image-10428\" srcset=\"https:\/\/www.renouvelle.be\/wp-content\/uploads\/2023\/09\/Tab2-1024x567.jpg 1024w, https:\/\/www.renouvelle.be\/wp-content\/uploads\/2023\/09\/Tab2-300x166.jpg 300w, https:\/\/www.renouvelle.be\/wp-content\/uploads\/2023\/09\/Tab2-768x425.jpg 768w, https:\/\/www.renouvelle.be\/wp-content\/uploads\/2023\/09\/Tab2-1200x664.jpg 1200w, https:\/\/www.renouvelle.be\/wp-content\/uploads\/2023\/09\/Tab2.jpg 1277w\" sizes=\"auto, (max-width: 1024px) 100vw, 1024px\" \/><\/figure>\n\n\n\n<h3 class=\"wp-block-heading\"><strong>Conclusion<\/strong><\/h3>\n\n\n\n<p class=\"has-text-align-left\">\u00c0 Bruxelles, le partage au sein d\u2019un m\u00eame b\u00e2timent g\u00e9n\u00e8re un <strong>gain \u00e9conomique important<\/strong> quel que soit le type de participant.<\/p>\n\n\n\n<p class=\"has-text-align-left\">Les locataires et les copropri\u00e9taires occupants compenseront les frais de comptage et mesurage gr\u00e2ce aux \u00e9conomies des factures communes et individuelles.<\/p>\n\n\n\n<p class=\"has-text-align-left\">Le retour sur investissement sera entre <strong>6-9 ans <\/strong>pour un copropri\u00e9taire, et celui-ci pourra \u00e9galement voir le score PEB de son logement am\u00e9lior\u00e9. En effet, une installation photovolta\u00efque commune am\u00e9liore la PEB des logements privatifs situ\u00e9s dans ce b\u00e2timent, et ce, pour un co\u00fbt moindre \u00e0 celui de plusieurs installations individuelles (r\u00e9duction du nombre d\u2019onduleurs et des frais de raccordement).<\/p>\n\n\n\n<p class=\"has-text-align-left\">Ensuite, les autres compteurs communs n\u2019ayant pas \u00e9t\u00e9 directement raccord\u00e9s \u00e0 l\u2019installation pour r\u00e9duire les frais d\u2019onduleurs, pourront \u00e9galement profiter de l\u2019\u00e9lectricit\u00e9 en tant que consommateur.<\/p>\n\n\n\n<p class=\"has-text-align-left\">Enfin, rappelons que le partage d\u2019\u00e9lectricit\u00e9 pr\u00e9sente \u00e9galement l\u2019avantage de la <strong>stabilit\u00e9 du prix<\/strong> de l\u2019\u00e9lectricit\u00e9 partag\u00e9e, dont la crise \u00e9nerg\u00e9tique a mis en \u00e9vidence toute la plus-value.&nbsp;<\/p>\n\n\n\n<p class=\"has-text-align-left\">La nature renouvelable de l\u2019\u00e9lectricit\u00e9 offre des co\u00fbts de production stables (le soleil et le vent sont gratuits)&nbsp;: l&rsquo;\u00e9lectricit\u00e9 \u00e9tant produite et consomm\u00e9e localement son prix n\u2019est pas soumis \u00e0 la volatilit\u00e9 des prix sur le march\u00e9.&nbsp;<\/p>\n\n\n\n<hr class=\"wp-block-separator has-text-color has-alpha-channel-opacity has-background is-style-default\" style=\"background-color:#a6ce39;color:#a6ce39\"\/>\n\n\n\n<h2 class=\"wp-block-heading\" id=\"communaute-denergie\"><strong>AU SEIN D\u2019UNE COMMUNAUTE D\u2019ENERGIE<\/strong><\/h2>\n\n\n\n<p class=\"has-text-align-left\">Prenons l\u2019exemple d\u2019une communaut\u00e9 d\u2019\u00e9nergie locale (CEL) regroupant des membres consommateurs et producteurs.<\/p>\n\n\n\n<p class=\"has-text-align-left\"><em>Pr\u00e9cisons que ce qui suit, sont des gains indicatifs, pouvant varier selon les sp\u00e9cificit\u00e9s du projet (puissance de l\u2019installation photovolta\u00efque, nombre de participants, habitudes de consommation, \u2026).<\/em><\/p>\n\n\n<div class=\"wp-block-image\">\n<figure class=\"alignleft size-full is-resized\"><img loading=\"lazy\" decoding=\"async\" src=\"https:\/\/www.renouvelle.be\/wp-content\/uploads\/2023\/09\/Image-1.png\" alt=\"\" class=\"wp-image-10403\" style=\"width:248px;height:421px\" width=\"248\" height=\"421\"\/><\/figure>\n<\/div>\n\n\n<p class=\"has-text-align-left\">\u00b7  3 Prosumers (producteur-consommateur) produisent ensemble annuellement <strong>13 500 kWh<\/strong>. Une partie est autoconsomm\u00e9e par les prosumers, et 9 400 kWh est inject\u00e9 sur le r\u00e9seau public.<\/p>\n\n\n\n<p class=\"has-text-align-left\">\u00b7  La communaut\u00e9 ach\u00e8te l\u2019\u00e9lectricit\u00e9 \u00e0 ses 3 membres producteurs &#8211; \u00e0 un prix convenu entre les deux parties &#8211; et la partage \u00e0 ses <strong>6 membres consommateurs<\/strong> en y ajoutant les frais de r\u00e9seau et frais obligatoires, ainsi qu\u2019une petite marge si la communaut\u00e9 le souhaite.<\/p>\n\n\n\n<p class=\"has-text-align-left\">\u00b7  Un membre consommateur ach\u00e8te environ 500 kWh\/an d\u2019\u00e9lectricit\u00e9 partag\u00e9e \u00e0 0,15 \u20ac\/kWh au lieu du prix du fournisseur estim\u00e9 \u00e0 0,20 \u20ac\/kWh (hors frais de r\u00e9seau et obligatoire), soit une \u00e9conomie de 25 \u20ac\/an. Suivant le p\u00e9rim\u00e8tre du partage, il \u00e9conomisera \u00e9galement sur le montant des frais r\u00e9seaux, tout en tenant compte des frais de comptage mesurage appliqu\u00e9 par Sibelga.<\/p>\n\n\n\n<figure class=\"wp-block-image size-large\"><img loading=\"lazy\" decoding=\"async\" width=\"1024\" height=\"233\" src=\"https:\/\/www.renouvelle.be\/wp-content\/uploads\/2023\/09\/Tab3-1024x233.jpg\" alt=\"\" class=\"wp-image-10430\" srcset=\"https:\/\/www.renouvelle.be\/wp-content\/uploads\/2023\/09\/Tab3-1024x233.jpg 1024w, https:\/\/www.renouvelle.be\/wp-content\/uploads\/2023\/09\/Tab3-300x68.jpg 300w, https:\/\/www.renouvelle.be\/wp-content\/uploads\/2023\/09\/Tab3-768x175.jpg 768w, https:\/\/www.renouvelle.be\/wp-content\/uploads\/2023\/09\/Tab3-1200x274.jpg 1200w, https:\/\/www.renouvelle.be\/wp-content\/uploads\/2023\/09\/Tab3.jpg 1237w\" sizes=\"auto, (max-width: 1024px) 100vw, 1024px\" \/><\/figure>\n\n\n\n<p class=\"has-text-align-left\">Au total, pour un partage r\u00e9alis\u00e9 sous une m\u00eame cabine basse tension (Type B) un consommateur \u00e9conomisera 33 \u20ac\/an (25 + 18,41 &#8211; 10,15).<\/p>\n\n\n\n<h3 class=\"wp-block-heading\"><strong>Composition du prix de l\u2019\u00e9lectricit\u00e9<\/strong><\/h3>\n\n\n\n<div class=\"wp-block-columns is-layout-flex wp-container-core-columns-is-layout-9d6595d7 wp-block-columns-is-layout-flex\">\n<div class=\"wp-block-column is-layout-flow wp-block-column-is-layout-flow\" style=\"flex-basis:100%\">\n<figure class=\"wp-block-image size-large\"><img loading=\"lazy\" decoding=\"async\" width=\"1024\" height=\"264\" src=\"https:\/\/www.renouvelle.be\/wp-content\/uploads\/2023\/09\/prix2-1024x264.jpg\" alt=\"\" class=\"wp-image-10446\" srcset=\"https:\/\/www.renouvelle.be\/wp-content\/uploads\/2023\/09\/prix2-1024x264.jpg 1024w, https:\/\/www.renouvelle.be\/wp-content\/uploads\/2023\/09\/prix2-300x77.jpg 300w, https:\/\/www.renouvelle.be\/wp-content\/uploads\/2023\/09\/prix2-768x198.jpg 768w, https:\/\/www.renouvelle.be\/wp-content\/uploads\/2023\/09\/prix2-1536x397.jpg 1536w, https:\/\/www.renouvelle.be\/wp-content\/uploads\/2023\/09\/prix2-1200x310.jpg 1200w, https:\/\/www.renouvelle.be\/wp-content\/uploads\/2023\/09\/prix2.jpg 1557w\" sizes=\"auto, (max-width: 1024px) 100vw, 1024px\" \/><figcaption class=\"wp-element-caption\">Fournisseur traditionnel (gauche) &gt;&lt; Electricit\u00e9 partag\u00e9e dans une communaut\u00e9 d&rsquo;\u00e9nergie (droite)<\/figcaption><\/figure>\n<\/div>\n<\/div>\n\n\n\n<h3 class=\"wp-block-heading\"><strong><em>Lorsque l\u2019installation appartient \u00e0 la Communaut\u00e9 d\u2019\u00e9nergie<\/em><\/strong><\/h3>\n\n\n<div class=\"wp-block-image\">\n<figure class=\"alignleft size-full\"><img loading=\"lazy\" decoding=\"async\" width=\"380\" height=\"614\" src=\"https:\/\/www.renouvelle.be\/wp-content\/uploads\/2023\/09\/Image9.png\" alt=\"\" class=\"wp-image-10419\" srcset=\"https:\/\/www.renouvelle.be\/wp-content\/uploads\/2023\/09\/Image9.png 380w, https:\/\/www.renouvelle.be\/wp-content\/uploads\/2023\/09\/Image9-186x300.png 186w\" sizes=\"auto, (max-width: 380px) 100vw, 380px\" \/><\/figure>\n<\/div>\n\n\n<p class=\"has-text-align-left\">Si l\u2019installation photovolta\u00efque est d\u00e9tenue par la communaut\u00e9 en elle-m\u00eame, le prix de l\u2019\u00e9lectricit\u00e9 partag\u00e9e sera probablement plus faible, car il pourra refl\u00e9ter le co\u00fbt r\u00e9el de l\u2019installation (amortissement de l\u2019installation, co\u00fbt de maintenance, investissement sans but lucratif, \u2026).<\/p>\n\n\n\n<p class=\"has-text-align-left\">Par exemple, en consid\u00e9rant un tarif de 0,08 \u20ac par kWh pour l&rsquo;\u00e9nergie partag\u00e9e (hors frais de r\u00e9seau et co\u00fbts obligatoires), un membre consommateur pourrait r\u00e9aliser des \u00e9conomies annuelles d&rsquo;environ 60 \u20ac sur sa facture \u00e9nerg\u00e9tique, auxquelles s&rsquo;ajoutent d&rsquo;\u00e9ventuelles \u00e9conomies sur les frais de r\u00e9seau en fonction de la port\u00e9e du partage. Avec un tarif de 0,08 \u20ac par kWh, la communaut\u00e9 peut garantir un retour sur investissement en 10 ans sur son projet photovolta\u00efque, en tenant compte des certificats verts que la communaut\u00e9 pourrait obtenir sur une p\u00e9riode de 10 ans.<\/p>\n\n\n\n<p><\/p>\n\n\n\n<p class=\"has-text-align-left\">En outre, moyennant le respect de <a href=\"https:\/\/finances.belgium.be\/fr\/entreprises\/tax-shelter-petites-entreprises\/debutantes-start-up\" target=\"_blank\" rel=\"noreferrer noopener\">certaines conditions<\/a>, les membres citoyens b\u00e9n\u00e9ficieront d\u2019une r\u00e9duction d\u2019imp\u00f4t de 30 % ou 45 % du montant investi dans la communaut\u00e9.<\/p>\n\n\n\n<h3 class=\"wp-block-heading\"><strong>Composition du prix de l\u2019\u00e9lectricit\u00e9<\/strong><\/h3>\n\n\n\n<figure class=\"wp-block-image size-large\"><img loading=\"lazy\" decoding=\"async\" width=\"1024\" height=\"256\" src=\"https:\/\/www.renouvelle.be\/wp-content\/uploads\/2023\/09\/prix3-1024x256.jpg\" alt=\"\" class=\"wp-image-10448\" srcset=\"https:\/\/www.renouvelle.be\/wp-content\/uploads\/2023\/09\/prix3-1024x256.jpg 1024w, https:\/\/www.renouvelle.be\/wp-content\/uploads\/2023\/09\/prix3-300x75.jpg 300w, https:\/\/www.renouvelle.be\/wp-content\/uploads\/2023\/09\/prix3-768x192.jpg 768w, https:\/\/www.renouvelle.be\/wp-content\/uploads\/2023\/09\/prix3-1536x384.jpg 1536w, https:\/\/www.renouvelle.be\/wp-content\/uploads\/2023\/09\/prix3-1200x300.jpg 1200w, https:\/\/www.renouvelle.be\/wp-content\/uploads\/2023\/09\/prix3.jpg 1628w\" sizes=\"auto, (max-width: 1024px) 100vw, 1024px\" \/><figcaption class=\"wp-element-caption\">Fournisseur traditionnel (gauche) &gt;&lt; Electricit\u00e9 partag\u00e9e dans une communaut\u00e9 d&rsquo;\u00e9nergie (droite)<\/figcaption><\/figure>\n\n\n\n<p class=\"has-text-align-left\"><strong>Conclusion<\/strong><\/p>\n\n\n\n<p class=\"has-text-align-left\">La participation des citoyens \u00e0 un partage d&rsquo;\u00e9nergie au sein d&rsquo;une communaut\u00e9 d&rsquo;\u00e9nergie peut prendre diff\u00e9rentes formes. Elle peut se baser sur des <strong>installations collectives<\/strong> poss\u00e9d\u00e9es par l&rsquo;ensemble de la communaut\u00e9, sur des <strong>installations individuelles<\/strong> d\u00e9tenues par certains membres, ou encore sur une <strong>combinaison des deux approches<\/strong>. Plus il y a d&rsquo;installations d\u00e9tenues par des entit\u00e9s \u00e0 but non-lucratif ou d&rsquo;int\u00e9r\u00eat public (comme les autorit\u00e9s publiques, la communaut\u00e9 elle-m\u00eame, d&rsquo;autres associations membres, etc.), plus le tarif local partag\u00e9 se rapprochera des co\u00fbts de production de ces installations, voire m\u00eame de la valeur de l&rsquo;injection d&rsquo;\u00e9nergie. Par cons\u00e9quent, les consommateurs pourront b\u00e9n\u00e9ficier de prix particuli\u00e8rement attractifs.<\/p>\n\n\n\n<p class=\"has-text-align-left\">La communaut\u00e9 d&rsquo;\u00e9nergie a la libert\u00e9 de d\u00e9terminer ses propres tarifs, \u00e0 condition que ces d\u00e9cisions soient prises de mani\u00e8re d\u00e9mocratique. Par exemple, elle peut choisir de vendre de l&rsquo;\u00e9nergie \u00e0 un prix similaire \u00e0 celui du march\u00e9 actuel de l&rsquo;\u00e9nergie ou au tarif social. Cette flexibilit\u00e9 lui permet de r\u00e9aliser des b\u00e9n\u00e9fices plus importants, de couvrir ses co\u00fbts de gestion de mani\u00e8re plus efficace, et surtout, d&rsquo;investir dans d&rsquo;autres projets visant \u00e0 accro\u00eetre la production au sein de la communaut\u00e9.<\/p>\n\n\n\n<p class=\"has-text-align-left\">La participation \u00e9quilibr\u00e9e de consommateurs et de producteurs au sein de cette activit\u00e9 de partage rev\u00eat une grande importance. Elle garantit que chaque membre re\u00e7oit une quantit\u00e9 suffisante d&rsquo;\u00e9lectricit\u00e9 tout en contribuant \u00e0 couvrir les frais fixes suppl\u00e9mentaires, qui s&rsquo;\u00e9l\u00e8vent \u00e0 10,15 \u20ac par an. Il est sugg\u00e9r\u00e9 qu&rsquo;un ratio indicatif soit d&rsquo;un producteur r\u00e9sidentiel pour 2 \u00e0 3 consommateurs r\u00e9sidentiels.<\/p>\n\n\n\n<p class=\"has-text-align-left\">Il est important de noter que la r\u00e9duction des co\u00fbts li\u00e9s au r\u00e9seau \u00e9lectrique est moins avantageuse en dehors du p\u00e9rim\u00e8tre type B (cabine basse tension). Cependant, l&rsquo;int\u00e9r\u00eat demeure pour la commodit\u00e9 offerte par le partage (notamment le prix de l&rsquo;\u00e9nergie au sein de la communaut\u00e9). Parfois, il peut \u00eatre plus avantageux de s&rsquo;\u00e9tendre au-del\u00e0 de ce p\u00e9rim\u00e8tre afin de recruter des membres motiv\u00e9s et pr\u00e9sentant des profils de production\/consommation int\u00e9ressantes.<\/p>\n\n\n\n<p class=\"has-text-align-left\">Il est \u00e9galement essentiel de rappeler que les communaut\u00e9s d&rsquo;\u00e9nergie peuvent s&rsquo;engager dans d&rsquo;autres activit\u00e9s que le simple partage d&rsquo;\u00e9nergie, telles que l&rsquo;investissement collectif. Par exemple, les membres qui ne peuvent pas investir directement dans une installation peuvent autoriser l&rsquo;utilisation de leur toit par la communaut\u00e9 pour y installer une installation partag\u00e9e, tout en profitant de l&rsquo;autoconsommation de l&rsquo;\u00e9nergie ainsi produite (un mod\u00e8le d&rsquo;investissement en tiers).<\/p>\n\n\n\n<p class=\"has-text-align-left\">Enfin, il est judicieux de retenir qu&rsquo;un prix fixe et stable, d\u00e9cid\u00e9 d\u00e9mocratiquement et ind\u00e9pendant des fluctuations du march\u00e9, simplifie la gestion du partage au sein de la communaut\u00e9. De plus, il permet aux consommateurs de mieux comprendre les tarifs locaux et de les comparer facilement \u00e0 ceux de leur fournisseur habituel.<\/p>\n","protected":false},"excerpt":{"rendered":"<p>Cliquez sur un des trois exemples ci-dessous. Le partagePair \u00e0 Pair Partage au sein d&rsquo;un m\u00eame b\u00e2timent Partage au sein d&rsquo;une communaut\u00e9 d&rsquo;\u00e9nergie PAIR A PAIR L&rsquo;\u00e9change en Pair \u00e0 Pair est le partage d\u2019\u00e9nergie qui semble se d\u00e9velopper le plus rapidement \u00e0 Bruxelles. Nous allons essayer d\u2019expliquer l\u2019int\u00e9r\u00eat \u00e9conomique qui se cache derri\u00e8re ce nouveau mod\u00e8le de partage. D&rsquo;un c\u00f4t\u00e9, nous avons le premier Pair, qui est le producteur du partage, poss\u00e9dant une installation photovolta\u00efque d&rsquo;une puissance moyenne de 5 kWc. Cette installation produit de l&rsquo;\u00e9lectricit\u00e9 renouvelable, soit 4500 kWh par an. Une partie de cette production est autoconsomm\u00e9e par le producteur lui-m\u00eame, soit 1500 kWh par an, tandis que le reste est inject\u00e9 dans le r\u00e9seau public. L\u2019injection pourra \u00eatre partag\u00e9e avec l&rsquo;autre Pair, le consommateur du partage, qui en utilisera 500 kWh\/an. Le surplus non partag\u00e9e est quant \u00e0 lui vendu \u00e0 un fournisseur d&rsquo;\u00e9lectricit\u00e9, soit 2500 kWh. Dans la plupart des cas, c&rsquo;est le producteur qui d\u00e9termine le co\u00fbt de l&rsquo;\u00e9nergie partag\u00e9e propos\u00e9e au consommateur, en y incluant les frais de r\u00e9seau qui d\u00e9pendent du p\u00e9rim\u00e8tre du partage (A, B, C ou D) et les frais obligatoires (accises et cotisation \u00e9nergie). Supposons que le producteur et le consommateur conviennent ensemble d&rsquo;un prix situ\u00e9 entre le prix auquel les fournisseurs ach\u00e8tent l&rsquo;injection (0,06 centimes d&rsquo;euro par kWh) et le prix auquel les fournisseurs vendent l&rsquo;\u00e9nergie aux consommateurs (0,20 euro par kWh, hors frais de r\u00e9seau et co\u00fbts obligatoires). Les deux pairs pourraient se mettre d\u2019accord sur un prix moyen de soit 0,13 euro par kWh, histoire de se partager le g\u00e2teau en deux. En cons\u00e9quence, le consommateur \u00e9conomisera 0,07 euro par kWh partag\u00e9, ce qui repr\u00e9sente une \u00e9conomie annuelle de 52,5 euros (500 kWh x (0,20 \u20ac\/kWh-0,13 &hellip; <a href=\"https:\/\/www.renouvelle.be\/fr\/exemples-calculs-de-rentabilite-economique-dun-partage-delectricite-a-bruxelles\/\" class=\"more-link\">Continue reading<span class=\"screen-reader-text\"> \u00ab\u00a0EXEMPLES \u2013 calculs de rentabilit\u00e9 \u00e9conomique d&rsquo;un partage d&rsquo;\u00e9lectricit\u00e9 \u00e0 Bruxelles\u00a0\u00bb<\/span><\/a><\/p>\n","protected":false},"author":27,"featured_media":10394,"comment_status":"closed","ping_status":"closed","sticky":false,"template":"","format":"standard","meta":{"_acf_changed":false,"footnotes":""},"categories":[17],"tags":[],"section":[5,13],"class_list":["post-10393","post","type-post","status-publish","format-standard","has-post-thumbnail","hentry","category-actualite-en-belgique","section-communaute-denergie","section-solaire"],"acf":[],"yoast_head":"<!-- This site is optimized with the Yoast SEO plugin v27.5 - https:\/\/yoast.com\/product\/yoast-seo-wordpress\/ -->\n<title>EXEMPLES \u2013 calculs de rentabilit\u00e9 \u00e9conomique d&#039;un partage d&#039;\u00e9lectricit\u00e9 \u00e0 Bruxelles - Renouvelle<\/title>\n<meta name=\"robots\" content=\"index, follow, max-snippet:-1, max-image-preview:large, max-video-preview:-1\" \/>\n<link rel=\"canonical\" href=\"https:\/\/www.renouvelle.be\/fr\/exemples-calculs-de-rentabilite-economique-dun-partage-delectricite-a-bruxelles\/\" \/>\n<meta property=\"og:locale\" content=\"fr_FR\" \/>\n<meta property=\"og:type\" content=\"article\" \/>\n<meta property=\"og:title\" content=\"EXEMPLES \u2013 calculs de rentabilit\u00e9 \u00e9conomique d&#039;un partage d&#039;\u00e9lectricit\u00e9 \u00e0 Bruxelles - Renouvelle\" \/>\n<meta property=\"og:description\" content=\"Cliquez sur un des trois exemples ci-dessous. Le partagePair \u00e0 Pair Partage au sein d&rsquo;un m\u00eame b\u00e2timent Partage au sein d&rsquo;une communaut\u00e9 d&rsquo;\u00e9nergie PAIR A PAIR L&rsquo;\u00e9change en Pair \u00e0 Pair est le partage d\u2019\u00e9nergie qui semble se d\u00e9velopper le plus rapidement \u00e0 Bruxelles. Nous allons essayer d\u2019expliquer l\u2019int\u00e9r\u00eat \u00e9conomique qui se cache derri\u00e8re ce nouveau mod\u00e8le de partage. D&rsquo;un c\u00f4t\u00e9, nous avons le premier Pair, qui est le producteur du partage, poss\u00e9dant une installation photovolta\u00efque d&rsquo;une puissance moyenne de 5 kWc. Cette installation produit de l&rsquo;\u00e9lectricit\u00e9 renouvelable, soit 4500 kWh par an. Une partie de cette production est autoconsomm\u00e9e par le producteur lui-m\u00eame, soit 1500 kWh par an, tandis que le reste est inject\u00e9 dans le r\u00e9seau public. L\u2019injection pourra \u00eatre partag\u00e9e avec l&rsquo;autre Pair, le consommateur du partage, qui en utilisera 500 kWh\/an. Le surplus non partag\u00e9e est quant \u00e0 lui vendu \u00e0 un fournisseur d&rsquo;\u00e9lectricit\u00e9, soit 2500 kWh. Dans la plupart des cas, c&rsquo;est le producteur qui d\u00e9termine le co\u00fbt de l&rsquo;\u00e9nergie partag\u00e9e propos\u00e9e au consommateur, en y incluant les frais de r\u00e9seau qui d\u00e9pendent du p\u00e9rim\u00e8tre du partage (A, B, C ou D) et les frais obligatoires (accises et cotisation \u00e9nergie). Supposons que le producteur et le consommateur conviennent ensemble d&rsquo;un prix situ\u00e9 entre le prix auquel les fournisseurs ach\u00e8tent l&rsquo;injection (0,06 centimes d&rsquo;euro par kWh) et le prix auquel les fournisseurs vendent l&rsquo;\u00e9nergie aux consommateurs (0,20 euro par kWh, hors frais de r\u00e9seau et co\u00fbts obligatoires). Les deux pairs pourraient se mettre d\u2019accord sur un prix moyen de soit 0,13 euro par kWh, histoire de se partager le g\u00e2teau en deux. En cons\u00e9quence, le consommateur \u00e9conomisera 0,07 euro par kWh partag\u00e9, ce qui repr\u00e9sente une \u00e9conomie annuelle de 52,5 euros (500 kWh x (0,20 \u20ac\/kWh-0,13 &hellip; Continue reading &quot;EXEMPLES \u2013 calculs de rentabilit\u00e9 \u00e9conomique d&rsquo;un partage d&rsquo;\u00e9lectricit\u00e9 \u00e0 Bruxelles&quot;\" \/>\n<meta property=\"og:url\" content=\"https:\/\/www.renouvelle.be\/fr\/exemples-calculs-de-rentabilite-economique-dun-partage-delectricite-a-bruxelles\/\" \/>\n<meta property=\"og:site_name\" content=\"Renouvelle\" \/>\n<meta property=\"article:published_time\" content=\"2023-09-29T10:38:30+00:00\" \/>\n<meta property=\"article:modified_time\" content=\"2023-10-02T13:29:59+00:00\" \/>\n<meta property=\"og:image\" content=\"https:\/\/www.renouvelle.be\/wp-content\/uploads\/2023\/09\/iStock-1485728033-scaled.jpg\" \/>\n\t<meta property=\"og:image:width\" content=\"2560\" \/>\n\t<meta property=\"og:image:height\" content=\"1730\" \/>\n\t<meta property=\"og:image:type\" content=\"image\/jpeg\" \/>\n<meta name=\"author\" content=\"Jean Frippiat\" \/>\n<meta name=\"twitter:card\" content=\"summary_large_image\" \/>\n<script type=\"application\/ld+json\" class=\"yoast-schema-graph\">{\"@context\":\"https:\\\/\\\/schema.org\",\"@graph\":[{\"@type\":\"Article\",\"@id\":\"https:\\\/\\\/www.renouvelle.be\\\/fr\\\/exemples-calculs-de-rentabilite-economique-dun-partage-delectricite-a-bruxelles\\\/#article\",\"isPartOf\":{\"@id\":\"https:\\\/\\\/www.renouvelle.be\\\/fr\\\/exemples-calculs-de-rentabilite-economique-dun-partage-delectricite-a-bruxelles\\\/\"},\"author\":{\"name\":\"Jean Frippiat\",\"@id\":\"https:\\\/\\\/www.renouvelle.be\\\/fr\\\/#\\\/schema\\\/person\\\/2b8afd89c9b7934d06ad7db3417abc38\"},\"headline\":\"EXEMPLES \u2013 calculs de rentabilit\u00e9 \u00e9conomique d&rsquo;un partage d&rsquo;\u00e9lectricit\u00e9 \u00e0 Bruxelles\",\"datePublished\":\"2023-09-29T10:38:30+00:00\",\"dateModified\":\"2023-10-02T13:29:59+00:00\",\"mainEntityOfPage\":{\"@id\":\"https:\\\/\\\/www.renouvelle.be\\\/fr\\\/exemples-calculs-de-rentabilite-economique-dun-partage-delectricite-a-bruxelles\\\/\"},\"wordCount\":2176,\"image\":{\"@id\":\"https:\\\/\\\/www.renouvelle.be\\\/fr\\\/exemples-calculs-de-rentabilite-economique-dun-partage-delectricite-a-bruxelles\\\/#primaryimage\"},\"thumbnailUrl\":\"https:\\\/\\\/www.renouvelle.be\\\/wp-content\\\/uploads\\\/2023\\\/09\\\/iStock-1485728033-scaled.jpg\",\"articleSection\":[\"Actualit\u00e9 en Belgique\"],\"inLanguage\":\"fr-FR\"},{\"@type\":\"WebPage\",\"@id\":\"https:\\\/\\\/www.renouvelle.be\\\/fr\\\/exemples-calculs-de-rentabilite-economique-dun-partage-delectricite-a-bruxelles\\\/\",\"url\":\"https:\\\/\\\/www.renouvelle.be\\\/fr\\\/exemples-calculs-de-rentabilite-economique-dun-partage-delectricite-a-bruxelles\\\/\",\"name\":\"EXEMPLES \u2013 calculs de rentabilit\u00e9 \u00e9conomique d'un partage d'\u00e9lectricit\u00e9 \u00e0 Bruxelles - Renouvelle\",\"isPartOf\":{\"@id\":\"https:\\\/\\\/www.renouvelle.be\\\/fr\\\/#website\"},\"primaryImageOfPage\":{\"@id\":\"https:\\\/\\\/www.renouvelle.be\\\/fr\\\/exemples-calculs-de-rentabilite-economique-dun-partage-delectricite-a-bruxelles\\\/#primaryimage\"},\"image\":{\"@id\":\"https:\\\/\\\/www.renouvelle.be\\\/fr\\\/exemples-calculs-de-rentabilite-economique-dun-partage-delectricite-a-bruxelles\\\/#primaryimage\"},\"thumbnailUrl\":\"https:\\\/\\\/www.renouvelle.be\\\/wp-content\\\/uploads\\\/2023\\\/09\\\/iStock-1485728033-scaled.jpg\",\"datePublished\":\"2023-09-29T10:38:30+00:00\",\"dateModified\":\"2023-10-02T13:29:59+00:00\",\"author\":{\"@id\":\"https:\\\/\\\/www.renouvelle.be\\\/fr\\\/#\\\/schema\\\/person\\\/2b8afd89c9b7934d06ad7db3417abc38\"},\"breadcrumb\":{\"@id\":\"https:\\\/\\\/www.renouvelle.be\\\/fr\\\/exemples-calculs-de-rentabilite-economique-dun-partage-delectricite-a-bruxelles\\\/#breadcrumb\"},\"inLanguage\":\"fr-FR\",\"potentialAction\":[{\"@type\":\"ReadAction\",\"target\":[\"https:\\\/\\\/www.renouvelle.be\\\/fr\\\/exemples-calculs-de-rentabilite-economique-dun-partage-delectricite-a-bruxelles\\\/\"]}]},{\"@type\":\"ImageObject\",\"inLanguage\":\"fr-FR\",\"@id\":\"https:\\\/\\\/www.renouvelle.be\\\/fr\\\/exemples-calculs-de-rentabilite-economique-dun-partage-delectricite-a-bruxelles\\\/#primaryimage\",\"url\":\"https:\\\/\\\/www.renouvelle.be\\\/wp-content\\\/uploads\\\/2023\\\/09\\\/iStock-1485728033-scaled.jpg\",\"contentUrl\":\"https:\\\/\\\/www.renouvelle.be\\\/wp-content\\\/uploads\\\/2023\\\/09\\\/iStock-1485728033-scaled.jpg\",\"width\":2560,\"height\":1730,\"caption\":\"Small model house with coins and solar roof on the desk Photovoltaic systems are a worthwhile investment and are good for our climate\"},{\"@type\":\"BreadcrumbList\",\"@id\":\"https:\\\/\\\/www.renouvelle.be\\\/fr\\\/exemples-calculs-de-rentabilite-economique-dun-partage-delectricite-a-bruxelles\\\/#breadcrumb\",\"itemListElement\":[{\"@type\":\"ListItem\",\"position\":1,\"name\":\"Accueil\",\"item\":\"https:\\\/\\\/www.renouvelle.be\\\/fr\\\/\"},{\"@type\":\"ListItem\",\"position\":2,\"name\":\"EXEMPLES \u2013 calculs de rentabilit\u00e9 \u00e9conomique d&rsquo;un partage d&rsquo;\u00e9lectricit\u00e9 \u00e0 Bruxelles\"}]},{\"@type\":\"WebSite\",\"@id\":\"https:\\\/\\\/www.renouvelle.be\\\/fr\\\/#website\",\"url\":\"https:\\\/\\\/www.renouvelle.be\\\/fr\\\/\",\"name\":\"Renouvelle\",\"description\":\"L&#039;actualit\u00e9 de l&#039;\u00e9nergie durable\",\"potentialAction\":[{\"@type\":\"SearchAction\",\"target\":{\"@type\":\"EntryPoint\",\"urlTemplate\":\"https:\\\/\\\/www.renouvelle.be\\\/fr\\\/?s={search_term_string}\"},\"query-input\":{\"@type\":\"PropertyValueSpecification\",\"valueRequired\":true,\"valueName\":\"search_term_string\"}}],\"inLanguage\":\"fr-FR\"},{\"@type\":\"Person\",\"@id\":\"https:\\\/\\\/www.renouvelle.be\\\/fr\\\/#\\\/schema\\\/person\\\/2b8afd89c9b7934d06ad7db3417abc38\",\"name\":\"Jean Frippiat\",\"url\":\"https:\\\/\\\/www.renouvelle.be\\\/fr\\\/author\\\/jeanfrippiat\\\/\"}]}<\/script>\n<!-- \/ Yoast SEO plugin. -->","yoast_head_json":{"title":"EXEMPLES \u2013 calculs de rentabilit\u00e9 \u00e9conomique d'un partage d'\u00e9lectricit\u00e9 \u00e0 Bruxelles - Renouvelle","robots":{"index":"index","follow":"follow","max-snippet":"max-snippet:-1","max-image-preview":"max-image-preview:large","max-video-preview":"max-video-preview:-1"},"canonical":"https:\/\/www.renouvelle.be\/fr\/exemples-calculs-de-rentabilite-economique-dun-partage-delectricite-a-bruxelles\/","og_locale":"fr_FR","og_type":"article","og_title":"EXEMPLES \u2013 calculs de rentabilit\u00e9 \u00e9conomique d'un partage d'\u00e9lectricit\u00e9 \u00e0 Bruxelles - Renouvelle","og_description":"Cliquez sur un des trois exemples ci-dessous. Le partagePair \u00e0 Pair Partage au sein d&rsquo;un m\u00eame b\u00e2timent Partage au sein d&rsquo;une communaut\u00e9 d&rsquo;\u00e9nergie PAIR A PAIR L&rsquo;\u00e9change en Pair \u00e0 Pair est le partage d\u2019\u00e9nergie qui semble se d\u00e9velopper le plus rapidement \u00e0 Bruxelles. Nous allons essayer d\u2019expliquer l\u2019int\u00e9r\u00eat \u00e9conomique qui se cache derri\u00e8re ce nouveau mod\u00e8le de partage. D&rsquo;un c\u00f4t\u00e9, nous avons le premier Pair, qui est le producteur du partage, poss\u00e9dant une installation photovolta\u00efque d&rsquo;une puissance moyenne de 5 kWc. Cette installation produit de l&rsquo;\u00e9lectricit\u00e9 renouvelable, soit 4500 kWh par an. Une partie de cette production est autoconsomm\u00e9e par le producteur lui-m\u00eame, soit 1500 kWh par an, tandis que le reste est inject\u00e9 dans le r\u00e9seau public. L\u2019injection pourra \u00eatre partag\u00e9e avec l&rsquo;autre Pair, le consommateur du partage, qui en utilisera 500 kWh\/an. Le surplus non partag\u00e9e est quant \u00e0 lui vendu \u00e0 un fournisseur d&rsquo;\u00e9lectricit\u00e9, soit 2500 kWh. Dans la plupart des cas, c&rsquo;est le producteur qui d\u00e9termine le co\u00fbt de l&rsquo;\u00e9nergie partag\u00e9e propos\u00e9e au consommateur, en y incluant les frais de r\u00e9seau qui d\u00e9pendent du p\u00e9rim\u00e8tre du partage (A, B, C ou D) et les frais obligatoires (accises et cotisation \u00e9nergie). Supposons que le producteur et le consommateur conviennent ensemble d&rsquo;un prix situ\u00e9 entre le prix auquel les fournisseurs ach\u00e8tent l&rsquo;injection (0,06 centimes d&rsquo;euro par kWh) et le prix auquel les fournisseurs vendent l&rsquo;\u00e9nergie aux consommateurs (0,20 euro par kWh, hors frais de r\u00e9seau et co\u00fbts obligatoires). Les deux pairs pourraient se mettre d\u2019accord sur un prix moyen de soit 0,13 euro par kWh, histoire de se partager le g\u00e2teau en deux. En cons\u00e9quence, le consommateur \u00e9conomisera 0,07 euro par kWh partag\u00e9, ce qui repr\u00e9sente une \u00e9conomie annuelle de 52,5 euros (500 kWh x (0,20 \u20ac\/kWh-0,13 &hellip; Continue reading \"EXEMPLES \u2013 calculs de rentabilit\u00e9 \u00e9conomique d&rsquo;un partage d&rsquo;\u00e9lectricit\u00e9 \u00e0 Bruxelles\"","og_url":"https:\/\/www.renouvelle.be\/fr\/exemples-calculs-de-rentabilite-economique-dun-partage-delectricite-a-bruxelles\/","og_site_name":"Renouvelle","article_published_time":"2023-09-29T10:38:30+00:00","article_modified_time":"2023-10-02T13:29:59+00:00","og_image":[{"width":2560,"height":1730,"url":"https:\/\/www.renouvelle.be\/wp-content\/uploads\/2023\/09\/iStock-1485728033-scaled.jpg","type":"image\/jpeg"}],"author":"Jean Frippiat","twitter_card":"summary_large_image","schema":{"@context":"https:\/\/schema.org","@graph":[{"@type":"Article","@id":"https:\/\/www.renouvelle.be\/fr\/exemples-calculs-de-rentabilite-economique-dun-partage-delectricite-a-bruxelles\/#article","isPartOf":{"@id":"https:\/\/www.renouvelle.be\/fr\/exemples-calculs-de-rentabilite-economique-dun-partage-delectricite-a-bruxelles\/"},"author":{"name":"Jean Frippiat","@id":"https:\/\/www.renouvelle.be\/fr\/#\/schema\/person\/2b8afd89c9b7934d06ad7db3417abc38"},"headline":"EXEMPLES \u2013 calculs de rentabilit\u00e9 \u00e9conomique d&rsquo;un partage d&rsquo;\u00e9lectricit\u00e9 \u00e0 Bruxelles","datePublished":"2023-09-29T10:38:30+00:00","dateModified":"2023-10-02T13:29:59+00:00","mainEntityOfPage":{"@id":"https:\/\/www.renouvelle.be\/fr\/exemples-calculs-de-rentabilite-economique-dun-partage-delectricite-a-bruxelles\/"},"wordCount":2176,"image":{"@id":"https:\/\/www.renouvelle.be\/fr\/exemples-calculs-de-rentabilite-economique-dun-partage-delectricite-a-bruxelles\/#primaryimage"},"thumbnailUrl":"https:\/\/www.renouvelle.be\/wp-content\/uploads\/2023\/09\/iStock-1485728033-scaled.jpg","articleSection":["Actualit\u00e9 en Belgique"],"inLanguage":"fr-FR"},{"@type":"WebPage","@id":"https:\/\/www.renouvelle.be\/fr\/exemples-calculs-de-rentabilite-economique-dun-partage-delectricite-a-bruxelles\/","url":"https:\/\/www.renouvelle.be\/fr\/exemples-calculs-de-rentabilite-economique-dun-partage-delectricite-a-bruxelles\/","name":"EXEMPLES \u2013 calculs de rentabilit\u00e9 \u00e9conomique d'un partage d'\u00e9lectricit\u00e9 \u00e0 Bruxelles - Renouvelle","isPartOf":{"@id":"https:\/\/www.renouvelle.be\/fr\/#website"},"primaryImageOfPage":{"@id":"https:\/\/www.renouvelle.be\/fr\/exemples-calculs-de-rentabilite-economique-dun-partage-delectricite-a-bruxelles\/#primaryimage"},"image":{"@id":"https:\/\/www.renouvelle.be\/fr\/exemples-calculs-de-rentabilite-economique-dun-partage-delectricite-a-bruxelles\/#primaryimage"},"thumbnailUrl":"https:\/\/www.renouvelle.be\/wp-content\/uploads\/2023\/09\/iStock-1485728033-scaled.jpg","datePublished":"2023-09-29T10:38:30+00:00","dateModified":"2023-10-02T13:29:59+00:00","author":{"@id":"https:\/\/www.renouvelle.be\/fr\/#\/schema\/person\/2b8afd89c9b7934d06ad7db3417abc38"},"breadcrumb":{"@id":"https:\/\/www.renouvelle.be\/fr\/exemples-calculs-de-rentabilite-economique-dun-partage-delectricite-a-bruxelles\/#breadcrumb"},"inLanguage":"fr-FR","potentialAction":[{"@type":"ReadAction","target":["https:\/\/www.renouvelle.be\/fr\/exemples-calculs-de-rentabilite-economique-dun-partage-delectricite-a-bruxelles\/"]}]},{"@type":"ImageObject","inLanguage":"fr-FR","@id":"https:\/\/www.renouvelle.be\/fr\/exemples-calculs-de-rentabilite-economique-dun-partage-delectricite-a-bruxelles\/#primaryimage","url":"https:\/\/www.renouvelle.be\/wp-content\/uploads\/2023\/09\/iStock-1485728033-scaled.jpg","contentUrl":"https:\/\/www.renouvelle.be\/wp-content\/uploads\/2023\/09\/iStock-1485728033-scaled.jpg","width":2560,"height":1730,"caption":"Small model house with coins and solar roof on the desk Photovoltaic systems are a worthwhile investment and are good for our climate"},{"@type":"BreadcrumbList","@id":"https:\/\/www.renouvelle.be\/fr\/exemples-calculs-de-rentabilite-economique-dun-partage-delectricite-a-bruxelles\/#breadcrumb","itemListElement":[{"@type":"ListItem","position":1,"name":"Accueil","item":"https:\/\/www.renouvelle.be\/fr\/"},{"@type":"ListItem","position":2,"name":"EXEMPLES \u2013 calculs de rentabilit\u00e9 \u00e9conomique d&rsquo;un partage d&rsquo;\u00e9lectricit\u00e9 \u00e0 Bruxelles"}]},{"@type":"WebSite","@id":"https:\/\/www.renouvelle.be\/fr\/#website","url":"https:\/\/www.renouvelle.be\/fr\/","name":"Renouvelle","description":"L&#039;actualit\u00e9 de l&#039;\u00e9nergie durable","potentialAction":[{"@type":"SearchAction","target":{"@type":"EntryPoint","urlTemplate":"https:\/\/www.renouvelle.be\/fr\/?s={search_term_string}"},"query-input":{"@type":"PropertyValueSpecification","valueRequired":true,"valueName":"search_term_string"}}],"inLanguage":"fr-FR"},{"@type":"Person","@id":"https:\/\/www.renouvelle.be\/fr\/#\/schema\/person\/2b8afd89c9b7934d06ad7db3417abc38","name":"Jean Frippiat","url":"https:\/\/www.renouvelle.be\/fr\/author\/jeanfrippiat\/"}]}},"_links":{"self":[{"href":"https:\/\/www.renouvelle.be\/fr\/wp-json\/wp\/v2\/posts\/10393","targetHints":{"allow":["GET"]}}],"collection":[{"href":"https:\/\/www.renouvelle.be\/fr\/wp-json\/wp\/v2\/posts"}],"about":[{"href":"https:\/\/www.renouvelle.be\/fr\/wp-json\/wp\/v2\/types\/post"}],"author":[{"embeddable":true,"href":"https:\/\/www.renouvelle.be\/fr\/wp-json\/wp\/v2\/users\/27"}],"replies":[{"embeddable":true,"href":"https:\/\/www.renouvelle.be\/fr\/wp-json\/wp\/v2\/comments?post=10393"}],"version-history":[{"count":17,"href":"https:\/\/www.renouvelle.be\/fr\/wp-json\/wp\/v2\/posts\/10393\/revisions"}],"predecessor-version":[{"id":10489,"href":"https:\/\/www.renouvelle.be\/fr\/wp-json\/wp\/v2\/posts\/10393\/revisions\/10489"}],"wp:featuredmedia":[{"embeddable":true,"href":"https:\/\/www.renouvelle.be\/fr\/wp-json\/wp\/v2\/media\/10394"}],"wp:attachment":[{"href":"https:\/\/www.renouvelle.be\/fr\/wp-json\/wp\/v2\/media?parent=10393"}],"wp:term":[{"taxonomy":"category","embeddable":true,"href":"https:\/\/www.renouvelle.be\/fr\/wp-json\/wp\/v2\/categories?post=10393"},{"taxonomy":"post_tag","embeddable":true,"href":"https:\/\/www.renouvelle.be\/fr\/wp-json\/wp\/v2\/tags?post=10393"},{"taxonomy":"section","embeddable":true,"href":"https:\/\/www.renouvelle.be\/fr\/wp-json\/wp\/v2\/section?post=10393"}],"curies":[{"name":"wp","href":"https:\/\/api.w.org\/{rel}","templated":true}]}}