{"id":10341,"date":"2023-09-21T15:27:36","date_gmt":"2023-09-21T13:27:36","guid":{"rendered":"https:\/\/www.renouvelle.be\/?p=10341"},"modified":"2023-09-29T14:45:06","modified_gmt":"2023-09-29T12:45:06","slug":"la-robustesse-nouvelle-boussole","status":"publish","type":"post","link":"https:\/\/www.renouvelle.be\/fr\/la-robustesse-nouvelle-boussole\/","title":{"rendered":"La robustesse comme nouvelle boussole de nos soci\u00e9t\u00e9s\u00a0? \u00a0"},"content":{"rendered":"\n<p>La r\u00e9silience sociale-\u00e9cologique se base sur une s\u00e9rie de principes directeurs qui se heurtent souvent aux conceptions les plus communes du progr\u00e8s soci\u00e9tal. Renouvelle vous propose d\u2019explorer ces principes pour d\u00e9couvrir en quoi ils peuvent nous aider \u00e0 imaginer et \u00e0 construire le monde de demain. Le premier d\u2019entre eux constitue en lui seul une v\u00e9ritable r\u00e9volution de notre vision du progr\u00e8s humain. Il s\u2019agit de passer d\u2019une conception du progr\u00e8s centr\u00e9e sur la recherche de performance \u00e0 une vision faisant la part belle \u00e0 la robustesse.<\/p>\n\n\n\n<h2 class=\"wp-block-heading\"><strong>D\u00e9construire le dogme de la performance \u00e0 tout prix&nbsp;<\/strong><\/h2>\n\n\n\n<p>Depuis plusieurs d\u00e9cennies, la notion de progr\u00e8s est associ\u00e9e \u00e0 la recherche de performance. Il s\u2019agit d\u2019aller de plus en plus vite, de faire mieux avec moins, d\u2019optimiser, de rationaliser, d\u2019augmenter la productivit\u00e9 et la comp\u00e9titivit\u00e9. Ces termes abondent jour apr\u00e8s jour dans les m\u00e9dias, chez les responsables politiques et les dirigeants d\u2019entreprises. Du sport \u00e0 l\u2019\u00e9conomie. De l\u2019enseignement \u00e0 la sant\u00e9\u2026 Nous \u00e9valuons nos actions et nos outils \u00e0 l\u2019aune de leur niveau de performance, de leur capacit\u00e9 \u00e0 atteindre l\u2019objectif avec le moins de moyens possibles.<\/p>\n\n\n\n<p>M\u00eame lorsqu\u2019on parle de transition \u00e9cologique, c\u2019est encore la performance qui semble constituer la cible ultime. On parle d\u2019augmenter le rendement des panneaux solaires et des \u00e9oliennes, de construire des avions plus l\u00e9gers, d\u2019am\u00e9liorer la performance \u00e9nerg\u00e9tique des \u00e9quipements des b\u00e2timents, etc.<\/p>\n\n\n\n<figure class=\"wp-block-image size-large\"><img loading=\"lazy\" decoding=\"async\" width=\"1024\" height=\"576\" src=\"https:\/\/www.renouvelle.be\/wp-content\/uploads\/2023\/09\/Image5-1024x576.jpg\" alt=\"\" class=\"wp-image-10342\" srcset=\"https:\/\/www.renouvelle.be\/wp-content\/uploads\/2023\/09\/Image5-1024x576.jpg 1024w, https:\/\/www.renouvelle.be\/wp-content\/uploads\/2023\/09\/Image5-300x169.jpg 300w, https:\/\/www.renouvelle.be\/wp-content\/uploads\/2023\/09\/Image5-768x432.jpg 768w, https:\/\/www.renouvelle.be\/wp-content\/uploads\/2023\/09\/Image5-1200x674.jpg 1200w, https:\/\/www.renouvelle.be\/wp-content\/uploads\/2023\/09\/Image5.jpg 1386w\" sizes=\"auto, (max-width: 1024px) 100vw, 1024px\" \/><\/figure>\n\n\n\n<p>Pourtant, aborder le progr\u00e8s soci\u00e9tal avec pour objectif de couvrir les besoins humains sans d\u00e9passer les limites plan\u00e9taires nous pousse \u00e0 remettre ce dogme en cause. &nbsp;<\/p>\n\n\n\n<p>En effet, comme l\u2019explique notamment Olivier Hamant, biologiste fran\u00e7ais et directeur de l\u2019Institut Michel Serre, dans son livre \u00ab&nbsp;La troisi\u00e8me voie du vivant&nbsp;\u00bb, plusieurs arguments plaident largement en d\u00e9faveur de la performance. Pour l\u2019\u00e9couter en parler, nous vous conseillons le podcast <a href=\"https:\/\/auvio.rtbf.be\/media\/declic-le-tournant-2996334\">D\u00e9clic-Le Tournant<\/a> de La Premi\u00e8re.<\/p>\n\n\n\n<p>En premier lieu, la recherche constante d\u2019optimisation comme principal objectif engendre une fragilisation des syst\u00e8mes. Ainsi, par exemple, la r\u00e9duction des stocks dans les entreprises et le fonctionnement en flux de plus en plus tendus rend ces derni\u00e8res plus performantes et comp\u00e9titives, mais en m\u00eame temps extr\u00eamement sensibles \u00e0 la moindre d\u00e9faillance des chaines d\u2019approvisionnement.<\/p>\n\n\n\n<p>Second argument, l\u2019effet rebond, qui montre que, dans l\u2019histoire de l\u2019humanit\u00e9, les \u00e9conomies d\u2019\u00e9nergie ou de ressources initialement pr\u00e9vues gr\u00e2ce \u00e0 une am\u00e9lioration de la performance ont \u00e9t\u00e9 partiellement voire compl\u00e8tement compens\u00e9es par une adaptation du comportement de la soci\u00e9t\u00e9. Ainsi, par exemple, le propri\u00e9taire d\u2019un logement r\u00e9cemment isol\u00e9, aura tendance \u00e0 augmenter la temp\u00e9rature de chauffage pour gagner en confort ou \u00e0 utiliser les \u00e9conomies financi\u00e8res r\u00e9alis\u00e9es gr\u00e2ce aux \u00e9conomies d\u2019\u00e9nergie pour agrandir son logement ou partir en voyage en avion.<\/p>\n\n\n\n<p>Troisi\u00e8mement, la loi de Goodhart, du nom de l&rsquo;\u00e9conomiste Charles Goodhart qui l&rsquo;a formul\u00e9e pour la premi\u00e8re fois en 1975, indique que \u00ab lorsqu&rsquo;une mesure devient un objectif, elle cesse d&rsquo;\u00eatre une bonne mesure \u00bb, car elle devient sujette \u00e0 des manipulations, directes (trucage des chiffres) ou indirectes (travailler uniquement \u00e0 am\u00e9liorer cette mesure) contre productives. Typiquement, dans le sport de comp\u00e9tition, hymne embl\u00e9matique \u00e0 la performance, le but \u00e9tant d\u2019atteindre le haut du podium engendre des ph\u00e9nom\u00e8nes comme la triche, les paris d\u2019argent et le dopage qui n\u2019ont rien \u00e0 voir avec le sport.&nbsp;<\/p>\n\n\n\n<p>Enfin, et peut-\u00eatre surtout, cette recherche constante d\u2019am\u00e9lioration de la performance engendre un \u00e9puisement des \u00e9cosyst\u00e8mes, des ressources et des humains.<\/p>\n\n\n\n<h2 class=\"wp-block-heading\"><strong>Que la robustesse soit&nbsp;!<\/strong><\/h2>\n\n\n\n<p>En contrepoint de cette qu\u00eate perp\u00e9tuelle de performance, la notion de robustesse appara\u00eet bien plus adapt\u00e9e \u00e0 un monde instable et aux p\u00e9nuries de ressources. Une soci\u00e9t\u00e9 plus robuste r\u00e9siste plus longtemps en cas de choc et maintient un niveau plus \u00e9lev\u00e9 de r\u00e9ponse aux besoins humains fondamentaux.<\/p>\n\n\n\n<p>La robustesse privil\u00e9giera les solutions de faible niveau technologique (low-tech), peut-\u00eatre moins performantes, mais beaucoup plus adapt\u00e9es aux potentielles perturbations et r\u00e9parables sans d\u00e9pendre de la disponibilit\u00e9 de pi\u00e8ces hautement technologiques.<\/p>\n\n\n\n<p>La recherche de solutions bas\u00e9es sur la nature est aussi mise en avant. En effet, on trouve dans la nature de nombreux exemples de recherche de robustesse au d\u00e9triment de la performance. Et Olivier Hamant de citer dans son livre l\u2019exemple de la couleur verte pr\u00e9dominante chez les plantes, alors que le noir assurerait une meilleure captation de l\u2019\u00e9nergie lumineuse du soleil. Une <a href=\"https:\/\/www.science.org\/doi\/10.1126\/science.aba6630\">\u00e9tude scientifique r\u00e9cente<\/a> a montr\u00e9 que ce r\u00e9sultat de l\u2019\u00e9volution provient du fait que les essences de plantes qui ont pu se d\u00e9velopper sont celles qui \u00e9taient les mieux adapt\u00e9es aux fluctuations de la lumi\u00e8re, et donc capables d\u2019absorber des chocs importants.<\/p>\n\n\n\n<figure class=\"wp-block-image size-large\"><img loading=\"lazy\" decoding=\"async\" width=\"1024\" height=\"672\" src=\"https:\/\/www.renouvelle.be\/wp-content\/uploads\/2023\/09\/Image7-1024x672.jpg\" alt=\"\" class=\"wp-image-10344\" srcset=\"https:\/\/www.renouvelle.be\/wp-content\/uploads\/2023\/09\/Image7-1024x672.jpg 1024w, https:\/\/www.renouvelle.be\/wp-content\/uploads\/2023\/09\/Image7-300x197.jpg 300w, https:\/\/www.renouvelle.be\/wp-content\/uploads\/2023\/09\/Image7-768x504.jpg 768w, https:\/\/www.renouvelle.be\/wp-content\/uploads\/2023\/09\/Image7-100x65.jpg 100w, https:\/\/www.renouvelle.be\/wp-content\/uploads\/2023\/09\/Image7-1200x787.jpg 1200w, https:\/\/www.renouvelle.be\/wp-content\/uploads\/2023\/09\/Image7.jpg 1338w\" sizes=\"auto, (max-width: 1024px) 100vw, 1024px\" \/><figcaption class=\"wp-element-caption\"><em>La couleur verte des plantes offre un rendement plus faible que le noir en termes de photosynth\u00e8se. Mais elle permet une meilleure gestion des fluctuations de la lumi\u00e8re. Elle offre plus de robustesse.<\/em><\/figcaption><\/figure>\n\n\n\n<p>Autre exemple cit\u00e9 par Olivier Hamant, le corps humain, dont les performances immunitaires sont optimales \u00e0 une temp\u00e9rature de 40\u00b0C, mais qui ne peut fonctionner \u00e0 cette temp\u00e9rature que sur une dur\u00e9e limit\u00e9e. Il se maintient donc la plupart du temps \u00e0 une temp\u00e9rature de 37\u00b0C \u00e0 laquelle il est relativement peu performant. Mais il peut augmenter cette performance ponctuellement pour absorber une attaque virale par exemple.<\/p>\n\n\n\n<p>On retrouve d&rsquo;ailleurs un exemple d&rsquo;application tr\u00e8s concr\u00e8te de ce principe parmi les propositions reprises dans le <a href=\"https:\/\/drive.google.com\/file\/d\/1Khgmtd_NGlKhQ_-XzIcfg6EiAJmjLxmG\/view\">m\u00e9morandum 2023 <\/a>d&rsquo;Energie Commune. On y explique en effet qu&rsquo;il serait pertinent de favoriser les installations solaires photovolta\u00efques orient\u00e9es Est et Ouest, m\u00eame si elles produiraient au total un peu moins que celles orient\u00e9es plein Sud, car cela permettrait de lisser la production sur une p\u00e9riode plus longue au b\u00e9n\u00e9fice du prosumer (une fois la compensation supprim\u00e9e) et d&rsquo;all\u00e9ger la charge du photovolta\u00efque sur les r\u00e9seaux.  <\/p>\n\n\n\n<p>De plus, on constate que la nature privil\u00e9gie dans l\u2019\u00e9norme majorit\u00e9 des situations la coop\u00e9ration (symbiose) entre les \u00eatres vivants plut\u00f4t que la comp\u00e9tition. La robustesse collective l\u2019emporte sur la performance individuelle.<\/p>\n\n\n\n<p>Et pour compl\u00e9ter le tableau des diff\u00e9rences entre une soci\u00e9t\u00e9 performante et une soci\u00e9t\u00e9 robuste, la question de la d\u00e9pendance aux ressources non-renouvelables et aux flux tendus d\u2019approvisionnement doit \u00eatre pos\u00e9e. Pour augmenter la capacit\u00e9 \u00e0 absorber des p\u00e9nuries ou des ruptures d\u2019approvisionnement, on travaillera sur la circularit\u00e9 et la constitution de stocks.<\/p>\n\n\n\n<p><strong>Et concr\u00e8tement, on fait quoi&nbsp;?<\/strong><\/p>\n\n\n\n<p>Une telle r\u00e9volution de nos mani\u00e8res de penser le progr\u00e8s ne s\u2019op\u00e9rera vraisemblablement pas (seulement) \u00e0 l\u2019initiative des Etats ou des grandes organisations internationales. Beaucoup pensent que le mouvement doit venir d\u2019en bas, du local, \u00e0 partir d\u2019initiatives lanc\u00e9es par des entreprises, des citoyens et des communes.<\/p>\n\n\n\n<p>En mati\u00e8re de production agricole, bien entendu, il s\u2019agit de favoriser l\u2019agro\u00e9cologie en se basant sur des solutions de faible niveau technologique (peu d&rsquo;intrants issus de l\u2019industrie chimique, intensification en main d&rsquo;\u0153uvre, etc.), sur la diversit\u00e9 des cultures et les symbioses entre esp\u00e8ces, etc. Souvent moins performante que l\u2019agriculture intensive en termes de rendements, elle s\u2019av\u00e8re plus robuste sur le moyen et le long terme. &nbsp;En r\u00e9g\u00e9n\u00e9rant les sols et les \u00e9cosyst\u00e8mes et en rendant les agriculteurs moins d\u00e9pendants des flux d\u2019approvisionnement internationaux, elle renforce notre capacit\u00e9 \u00e0 garantir une production alimentaire de base malgr\u00e9 l\u2019augmentation de la fr\u00e9quence des al\u00e9as climatiques extr\u00eames et les tensions sur les intrants issus notamment du gaz naturel. Mais rendre l\u2019agriculture plus robuste, c\u2019est aussi d\u00e9velopper des fili\u00e8res locales de recherche, de construction et d&rsquo;entretien de mat\u00e9riel agricole low-tech, comme le fait par exemple <a href=\"https:\/\/www.latelierpaysan.org\/\">L\u2019Atelier Paysan<\/a> en France.<\/p>\n\n\n\n<figure class=\"wp-block-image size-full\"><img loading=\"lazy\" decoding=\"async\" width=\"605\" height=\"181\" src=\"https:\/\/www.renouvelle.be\/wp-content\/uploads\/2023\/09\/Image8.jpg\" alt=\"\" class=\"wp-image-10346\" srcset=\"https:\/\/www.renouvelle.be\/wp-content\/uploads\/2023\/09\/Image8.jpg 605w, https:\/\/www.renouvelle.be\/wp-content\/uploads\/2023\/09\/Image8-300x90.jpg 300w\" sizes=\"auto, (max-width: 605px) 100vw, 605px\" \/><figcaption class=\"wp-element-caption\"><em>La coop\u00e9rative fran\u00e7aise \u00ab&nbsp;L\u2019Atelier Paysan&nbsp;\u00bb accompagne les agriculteurs et agricultrices dans la conception et la fabrication de machines et de b\u00e2timents adapt\u00e9s \u00e0 une agro\u00e9cologie paysanne.<\/em><\/figcaption><\/figure>\n\n\n\n<p>Penser le (re)d\u00e9ploiement \u00e9conomique d\u2019un territoire en visant la robustesse, c\u2019est penser en termes d\u2019\u00e9conomie circulaire. C\u2019est chercher \u00e0 produire localement les biens et services essentiels en valorisant au maximum des ressources locales renouvelables, en pensant en termes de partage, de r\u00e9paration, de r\u00e9emploi et de recyclage. C\u2019est inciter les acteurs \u00e9conomiques \u00e0 travailler davantage en coop\u00e9ration afin de renforcer leurs synergies, en cr\u00e9ant par exemple des centres d\u2019activit\u00e9 et de formation croisant production alimentaire, production de mat\u00e9riaux de construction, production d\u2019\u00e9nergie renouvelable, artisanat manufacturier, et fili\u00e8res de r\u00e9paration et de recyclage. C\u2019est favoriser l\u2019\u00e9conomie sociale et solidaire en soutenant les initiatives associatives et coop\u00e9ratives et en d\u00e9veloppant des partenariats public-priv\u00e9-citoyen dans tous les domaines. &nbsp;<\/p>\n\n\n\n<p>En termes de sant\u00e9, c\u2019est par exemple d\u00e9velopper avec les acteurs locaux de la sant\u00e9 une production locale et des stocks de m\u00e9dicaments essentiels et de mat\u00e9riel m\u00e9dical de base utiles en situation d&rsquo;urgence.<\/p>\n\n\n\n<p>Enfin, un syst\u00e8me de mobilit\u00e9 robuste misera quant \u00e0 lui principalement sur les moyens de d\u00e9placement les plus l\u00e9gers, \u00e9conomes en ressources, simples de fonctionnement et facilement r\u00e9parables\u2026 comme le v\u00e9lo.<\/p>\n\n\n\n<h2 class=\"wp-block-heading\"><strong>Quel r\u00f4le pour les pouvoir publics locaux et supra-locaux&nbsp;?<\/strong><\/h2>\n\n\n\n<p>Loin d\u2019\u00eatre exhaustif, ce petit floril\u00e8ge montre n\u00e9anmoins l\u2019ampleur de l\u2019innovation soci\u00e9tale n\u00e9cessaire. Mais il montre aussi que des solutions existent et qu\u2019elles sont d\u00e9j\u00e0 mises en \u0153uvre par un nombre grandissant d\u2019initiatives publiques, priv\u00e9es, associatives et citoyennes.<\/p>\n\n\n\n<p>Comment d\u00e8s lors faire pour que ces solutions, aujourd\u2019hui souvent marginales, gagnent rapidement du terrain pour devenir la norme&nbsp;?<\/p>\n\n\n\n<p>Soutenues par l\u2019Etat, les communes et les structures supra-locales doivent jouer un r\u00f4le pour initier des dynamiques et faciliter la mise en place d\u2019un cadre institutionnel et culturel permettant de coordonner l\u2019ensemble, de faciliter la mobilisation des ressources, et de r\u00e9soudre les conflits qu\u2019une telle transformation ne manquera pas de g\u00e9n\u00e9rer. C\u2019est ce travail que nous vous proposons d\u2019aborder dans le prochain article de la s\u00e9rie\u2026 \u00ab&nbsp;Gouverner la transition \u00e9cologique : faites place \u00e0 l\u2019auto-organisation&nbsp;\u00bb.<\/p>\n\n\n\n<hr class=\"wp-block-separator has-alpha-channel-opacity\"\/>\n\n\n\n<p><em>Le contenu de cet article est inspir\u00e9 des travaux men\u00e9s par Energie Commune, l\u2019Institut Eco-Conseil, et Espace Environnement dans le cadre du projet \u00ab Favoriser la mont\u00e9e en r\u00e9silience des territoires wallons \u00bb financ\u00e9 par la Wallonie. Plus d\u2019infos&nbsp;: <a href=\"https:\/\/energiecommune.be\/projet\/resilience-territoriale\/\">https:\/\/energiecommune.be\/projet\/resilience-territoriale\/<\/a><\/em><\/p>\n","protected":false},"excerpt":{"rendered":"<p>La r\u00e9silience sociale-\u00e9cologique se base sur une s\u00e9rie de principes directeurs qui se heurtent souvent aux conceptions les plus communes du progr\u00e8s soci\u00e9tal. Renouvelle vous propose d\u2019explorer ces principes pour d\u00e9couvrir en quoi ils peuvent nous aider \u00e0 imaginer et \u00e0 construire le monde de demain. Le premier d\u2019entre eux constitue en lui seul une v\u00e9ritable r\u00e9volution de notre vision du progr\u00e8s humain. Il s\u2019agit de passer d\u2019une conception du progr\u00e8s centr\u00e9e sur la recherche de performance \u00e0 une vision faisant la part belle \u00e0 la robustesse. D\u00e9construire le dogme de la performance \u00e0 tout prix&nbsp; Depuis plusieurs d\u00e9cennies, la notion de progr\u00e8s est associ\u00e9e \u00e0 la recherche de performance. Il s\u2019agit d\u2019aller de plus en plus vite, de faire mieux avec moins, d\u2019optimiser, de rationaliser, d\u2019augmenter la productivit\u00e9 et la comp\u00e9titivit\u00e9. Ces termes abondent jour apr\u00e8s jour dans les m\u00e9dias, chez les responsables politiques et les dirigeants d\u2019entreprises. Du sport \u00e0 l\u2019\u00e9conomie. De l\u2019enseignement \u00e0 la sant\u00e9\u2026 Nous \u00e9valuons nos actions et nos outils \u00e0 l\u2019aune de leur niveau de performance, de leur capacit\u00e9 \u00e0 atteindre l\u2019objectif avec le moins de moyens possibles. M\u00eame lorsqu\u2019on parle de transition \u00e9cologique, c\u2019est encore la performance qui semble constituer la cible ultime. On parle d\u2019augmenter le rendement des panneaux solaires et des \u00e9oliennes, de construire des avions plus l\u00e9gers, d\u2019am\u00e9liorer la performance \u00e9nerg\u00e9tique des \u00e9quipements des b\u00e2timents, etc. Pourtant, aborder le progr\u00e8s soci\u00e9tal avec pour objectif de couvrir les besoins humains sans d\u00e9passer les limites plan\u00e9taires nous pousse \u00e0 remettre ce dogme en cause. &nbsp; En effet, comme l\u2019explique notamment Olivier Hamant, biologiste fran\u00e7ais et directeur de l\u2019Institut Michel Serre, dans son livre \u00ab&nbsp;La troisi\u00e8me voie du vivant&nbsp;\u00bb, plusieurs arguments plaident largement en d\u00e9faveur de la performance. Pour l\u2019\u00e9couter en parler, nous &hellip; <a href=\"https:\/\/www.renouvelle.be\/fr\/la-robustesse-nouvelle-boussole\/\" class=\"more-link\">Continue reading<span class=\"screen-reader-text\"> \u00ab\u00a0La robustesse comme nouvelle boussole de nos soci\u00e9t\u00e9s\u00a0? \u00a0\u00ab\u00a0<\/span><\/a><\/p>\n","protected":false},"author":21,"featured_media":10348,"comment_status":"closed","ping_status":"closed","sticky":false,"template":"","format":"standard","meta":{"_acf_changed":false,"footnotes":""},"categories":[63],"tags":[],"section":[8],"class_list":["post-10341","post","type-post","status-publish","format-standard","has-post-thumbnail","hentry","category-analyses","section-energie-renouvelables"],"acf":[],"yoast_head":"<!-- This site is optimized with the Yoast SEO plugin v27.5 - https:\/\/yoast.com\/product\/yoast-seo-wordpress\/ -->\n<title>La robustesse comme nouvelle boussole de nos soci\u00e9t\u00e9s\u00a0? \u00a0 - Renouvelle<\/title>\n<meta name=\"robots\" content=\"index, follow, max-snippet:-1, max-image-preview:large, max-video-preview:-1\" \/>\n<link rel=\"canonical\" href=\"https:\/\/www.renouvelle.be\/fr\/la-robustesse-nouvelle-boussole\/\" \/>\n<meta property=\"og:locale\" content=\"fr_FR\" \/>\n<meta property=\"og:type\" content=\"article\" \/>\n<meta property=\"og:title\" content=\"La robustesse comme nouvelle boussole de nos soci\u00e9t\u00e9s\u00a0? \u00a0 - Renouvelle\" \/>\n<meta property=\"og:description\" content=\"La r\u00e9silience sociale-\u00e9cologique se base sur une s\u00e9rie de principes directeurs qui se heurtent souvent aux conceptions les plus communes du progr\u00e8s soci\u00e9tal. Renouvelle vous propose d\u2019explorer ces principes pour d\u00e9couvrir en quoi ils peuvent nous aider \u00e0 imaginer et \u00e0 construire le monde de demain. Le premier d\u2019entre eux constitue en lui seul une v\u00e9ritable r\u00e9volution de notre vision du progr\u00e8s humain. Il s\u2019agit de passer d\u2019une conception du progr\u00e8s centr\u00e9e sur la recherche de performance \u00e0 une vision faisant la part belle \u00e0 la robustesse. D\u00e9construire le dogme de la performance \u00e0 tout prix&nbsp; Depuis plusieurs d\u00e9cennies, la notion de progr\u00e8s est associ\u00e9e \u00e0 la recherche de performance. Il s\u2019agit d\u2019aller de plus en plus vite, de faire mieux avec moins, d\u2019optimiser, de rationaliser, d\u2019augmenter la productivit\u00e9 et la comp\u00e9titivit\u00e9. Ces termes abondent jour apr\u00e8s jour dans les m\u00e9dias, chez les responsables politiques et les dirigeants d\u2019entreprises. Du sport \u00e0 l\u2019\u00e9conomie. De l\u2019enseignement \u00e0 la sant\u00e9\u2026 Nous \u00e9valuons nos actions et nos outils \u00e0 l\u2019aune de leur niveau de performance, de leur capacit\u00e9 \u00e0 atteindre l\u2019objectif avec le moins de moyens possibles. M\u00eame lorsqu\u2019on parle de transition \u00e9cologique, c\u2019est encore la performance qui semble constituer la cible ultime. On parle d\u2019augmenter le rendement des panneaux solaires et des \u00e9oliennes, de construire des avions plus l\u00e9gers, d\u2019am\u00e9liorer la performance \u00e9nerg\u00e9tique des \u00e9quipements des b\u00e2timents, etc. Pourtant, aborder le progr\u00e8s soci\u00e9tal avec pour objectif de couvrir les besoins humains sans d\u00e9passer les limites plan\u00e9taires nous pousse \u00e0 remettre ce dogme en cause. &nbsp; En effet, comme l\u2019explique notamment Olivier Hamant, biologiste fran\u00e7ais et directeur de l\u2019Institut Michel Serre, dans son livre \u00ab&nbsp;La troisi\u00e8me voie du vivant&nbsp;\u00bb, plusieurs arguments plaident largement en d\u00e9faveur de la performance. Pour l\u2019\u00e9couter en parler, nous &hellip; Continue reading &quot;La robustesse comme nouvelle boussole de nos soci\u00e9t\u00e9s\u00a0? \u00a0&quot;\" \/>\n<meta property=\"og:url\" content=\"https:\/\/www.renouvelle.be\/fr\/la-robustesse-nouvelle-boussole\/\" \/>\n<meta property=\"og:site_name\" content=\"Renouvelle\" \/>\n<meta property=\"article:published_time\" content=\"2023-09-21T13:27:36+00:00\" \/>\n<meta property=\"article:modified_time\" content=\"2023-09-29T12:45:06+00:00\" \/>\n<meta property=\"og:image\" content=\"https:\/\/www.renouvelle.be\/wp-content\/uploads\/2023\/09\/Image6.png\" \/>\n\t<meta property=\"og:image:width\" content=\"765\" \/>\n\t<meta property=\"og:image:height\" content=\"488\" \/>\n\t<meta property=\"og:image:type\" content=\"image\/png\" \/>\n<meta name=\"author\" content=\"Fr\u00e9d\u00e9ric PRAILLET\" \/>\n<meta name=\"twitter:card\" content=\"summary_large_image\" \/>\n<script type=\"application\/ld+json\" class=\"yoast-schema-graph\">{\"@context\":\"https:\\\/\\\/schema.org\",\"@graph\":[{\"@type\":\"Article\",\"@id\":\"https:\\\/\\\/www.renouvelle.be\\\/fr\\\/la-robustesse-nouvelle-boussole\\\/#article\",\"isPartOf\":{\"@id\":\"https:\\\/\\\/www.renouvelle.be\\\/fr\\\/la-robustesse-nouvelle-boussole\\\/\"},\"author\":{\"name\":\"Fr\u00e9d\u00e9ric PRAILLET\",\"@id\":\"https:\\\/\\\/www.renouvelle.be\\\/fr\\\/#\\\/schema\\\/person\\\/9d3565ca9db7252f965f75c1f3561a53\"},\"headline\":\"La robustesse comme nouvelle boussole de nos soci\u00e9t\u00e9s\u00a0? \u00a0\",\"datePublished\":\"2023-09-21T13:27:36+00:00\",\"dateModified\":\"2023-09-29T12:45:06+00:00\",\"mainEntityOfPage\":{\"@id\":\"https:\\\/\\\/www.renouvelle.be\\\/fr\\\/la-robustesse-nouvelle-boussole\\\/\"},\"wordCount\":1853,\"image\":{\"@id\":\"https:\\\/\\\/www.renouvelle.be\\\/fr\\\/la-robustesse-nouvelle-boussole\\\/#primaryimage\"},\"thumbnailUrl\":\"https:\\\/\\\/www.renouvelle.be\\\/wp-content\\\/uploads\\\/2023\\\/09\\\/Image6.png\",\"articleSection\":[\"Analyses\"],\"inLanguage\":\"fr-FR\"},{\"@type\":\"WebPage\",\"@id\":\"https:\\\/\\\/www.renouvelle.be\\\/fr\\\/la-robustesse-nouvelle-boussole\\\/\",\"url\":\"https:\\\/\\\/www.renouvelle.be\\\/fr\\\/la-robustesse-nouvelle-boussole\\\/\",\"name\":\"La robustesse comme nouvelle boussole de nos soci\u00e9t\u00e9s\u00a0? \u00a0 - Renouvelle\",\"isPartOf\":{\"@id\":\"https:\\\/\\\/www.renouvelle.be\\\/fr\\\/#website\"},\"primaryImageOfPage\":{\"@id\":\"https:\\\/\\\/www.renouvelle.be\\\/fr\\\/la-robustesse-nouvelle-boussole\\\/#primaryimage\"},\"image\":{\"@id\":\"https:\\\/\\\/www.renouvelle.be\\\/fr\\\/la-robustesse-nouvelle-boussole\\\/#primaryimage\"},\"thumbnailUrl\":\"https:\\\/\\\/www.renouvelle.be\\\/wp-content\\\/uploads\\\/2023\\\/09\\\/Image6.png\",\"datePublished\":\"2023-09-21T13:27:36+00:00\",\"dateModified\":\"2023-09-29T12:45:06+00:00\",\"author\":{\"@id\":\"https:\\\/\\\/www.renouvelle.be\\\/fr\\\/#\\\/schema\\\/person\\\/9d3565ca9db7252f965f75c1f3561a53\"},\"breadcrumb\":{\"@id\":\"https:\\\/\\\/www.renouvelle.be\\\/fr\\\/la-robustesse-nouvelle-boussole\\\/#breadcrumb\"},\"inLanguage\":\"fr-FR\",\"potentialAction\":[{\"@type\":\"ReadAction\",\"target\":[\"https:\\\/\\\/www.renouvelle.be\\\/fr\\\/la-robustesse-nouvelle-boussole\\\/\"]}]},{\"@type\":\"ImageObject\",\"inLanguage\":\"fr-FR\",\"@id\":\"https:\\\/\\\/www.renouvelle.be\\\/fr\\\/la-robustesse-nouvelle-boussole\\\/#primaryimage\",\"url\":\"https:\\\/\\\/www.renouvelle.be\\\/wp-content\\\/uploads\\\/2023\\\/09\\\/Image6.png\",\"contentUrl\":\"https:\\\/\\\/www.renouvelle.be\\\/wp-content\\\/uploads\\\/2023\\\/09\\\/Image6.png\",\"width\":765,\"height\":488},{\"@type\":\"BreadcrumbList\",\"@id\":\"https:\\\/\\\/www.renouvelle.be\\\/fr\\\/la-robustesse-nouvelle-boussole\\\/#breadcrumb\",\"itemListElement\":[{\"@type\":\"ListItem\",\"position\":1,\"name\":\"Accueil\",\"item\":\"https:\\\/\\\/www.renouvelle.be\\\/fr\\\/\"},{\"@type\":\"ListItem\",\"position\":2,\"name\":\"La robustesse comme nouvelle boussole de nos soci\u00e9t\u00e9s\u00a0? \u00a0\"}]},{\"@type\":\"WebSite\",\"@id\":\"https:\\\/\\\/www.renouvelle.be\\\/fr\\\/#website\",\"url\":\"https:\\\/\\\/www.renouvelle.be\\\/fr\\\/\",\"name\":\"Renouvelle\",\"description\":\"L&#039;actualit\u00e9 de l&#039;\u00e9nergie durable\",\"potentialAction\":[{\"@type\":\"SearchAction\",\"target\":{\"@type\":\"EntryPoint\",\"urlTemplate\":\"https:\\\/\\\/www.renouvelle.be\\\/fr\\\/?s={search_term_string}\"},\"query-input\":{\"@type\":\"PropertyValueSpecification\",\"valueRequired\":true,\"valueName\":\"search_term_string\"}}],\"inLanguage\":\"fr-FR\"},{\"@type\":\"Person\",\"@id\":\"https:\\\/\\\/www.renouvelle.be\\\/fr\\\/#\\\/schema\\\/person\\\/9d3565ca9db7252f965f75c1f3561a53\",\"name\":\"Fr\u00e9d\u00e9ric PRAILLET\",\"url\":\"https:\\\/\\\/www.renouvelle.be\\\/fr\\\/author\\\/fredericpraillet\\\/\"}]}<\/script>\n<!-- \/ Yoast SEO plugin. -->","yoast_head_json":{"title":"La robustesse comme nouvelle boussole de nos soci\u00e9t\u00e9s\u00a0? \u00a0 - Renouvelle","robots":{"index":"index","follow":"follow","max-snippet":"max-snippet:-1","max-image-preview":"max-image-preview:large","max-video-preview":"max-video-preview:-1"},"canonical":"https:\/\/www.renouvelle.be\/fr\/la-robustesse-nouvelle-boussole\/","og_locale":"fr_FR","og_type":"article","og_title":"La robustesse comme nouvelle boussole de nos soci\u00e9t\u00e9s\u00a0? \u00a0 - Renouvelle","og_description":"La r\u00e9silience sociale-\u00e9cologique se base sur une s\u00e9rie de principes directeurs qui se heurtent souvent aux conceptions les plus communes du progr\u00e8s soci\u00e9tal. Renouvelle vous propose d\u2019explorer ces principes pour d\u00e9couvrir en quoi ils peuvent nous aider \u00e0 imaginer et \u00e0 construire le monde de demain. Le premier d\u2019entre eux constitue en lui seul une v\u00e9ritable r\u00e9volution de notre vision du progr\u00e8s humain. Il s\u2019agit de passer d\u2019une conception du progr\u00e8s centr\u00e9e sur la recherche de performance \u00e0 une vision faisant la part belle \u00e0 la robustesse. D\u00e9construire le dogme de la performance \u00e0 tout prix&nbsp; Depuis plusieurs d\u00e9cennies, la notion de progr\u00e8s est associ\u00e9e \u00e0 la recherche de performance. Il s\u2019agit d\u2019aller de plus en plus vite, de faire mieux avec moins, d\u2019optimiser, de rationaliser, d\u2019augmenter la productivit\u00e9 et la comp\u00e9titivit\u00e9. Ces termes abondent jour apr\u00e8s jour dans les m\u00e9dias, chez les responsables politiques et les dirigeants d\u2019entreprises. Du sport \u00e0 l\u2019\u00e9conomie. De l\u2019enseignement \u00e0 la sant\u00e9\u2026 Nous \u00e9valuons nos actions et nos outils \u00e0 l\u2019aune de leur niveau de performance, de leur capacit\u00e9 \u00e0 atteindre l\u2019objectif avec le moins de moyens possibles. M\u00eame lorsqu\u2019on parle de transition \u00e9cologique, c\u2019est encore la performance qui semble constituer la cible ultime. On parle d\u2019augmenter le rendement des panneaux solaires et des \u00e9oliennes, de construire des avions plus l\u00e9gers, d\u2019am\u00e9liorer la performance \u00e9nerg\u00e9tique des \u00e9quipements des b\u00e2timents, etc. Pourtant, aborder le progr\u00e8s soci\u00e9tal avec pour objectif de couvrir les besoins humains sans d\u00e9passer les limites plan\u00e9taires nous pousse \u00e0 remettre ce dogme en cause. &nbsp; En effet, comme l\u2019explique notamment Olivier Hamant, biologiste fran\u00e7ais et directeur de l\u2019Institut Michel Serre, dans son livre \u00ab&nbsp;La troisi\u00e8me voie du vivant&nbsp;\u00bb, plusieurs arguments plaident largement en d\u00e9faveur de la performance. Pour l\u2019\u00e9couter en parler, nous &hellip; Continue reading \"La robustesse comme nouvelle boussole de nos soci\u00e9t\u00e9s\u00a0? \u00a0\"","og_url":"https:\/\/www.renouvelle.be\/fr\/la-robustesse-nouvelle-boussole\/","og_site_name":"Renouvelle","article_published_time":"2023-09-21T13:27:36+00:00","article_modified_time":"2023-09-29T12:45:06+00:00","og_image":[{"width":765,"height":488,"url":"https:\/\/www.renouvelle.be\/wp-content\/uploads\/2023\/09\/Image6.png","type":"image\/png"}],"author":"Fr\u00e9d\u00e9ric PRAILLET","twitter_card":"summary_large_image","schema":{"@context":"https:\/\/schema.org","@graph":[{"@type":"Article","@id":"https:\/\/www.renouvelle.be\/fr\/la-robustesse-nouvelle-boussole\/#article","isPartOf":{"@id":"https:\/\/www.renouvelle.be\/fr\/la-robustesse-nouvelle-boussole\/"},"author":{"name":"Fr\u00e9d\u00e9ric PRAILLET","@id":"https:\/\/www.renouvelle.be\/fr\/#\/schema\/person\/9d3565ca9db7252f965f75c1f3561a53"},"headline":"La robustesse comme nouvelle boussole de nos soci\u00e9t\u00e9s\u00a0? \u00a0","datePublished":"2023-09-21T13:27:36+00:00","dateModified":"2023-09-29T12:45:06+00:00","mainEntityOfPage":{"@id":"https:\/\/www.renouvelle.be\/fr\/la-robustesse-nouvelle-boussole\/"},"wordCount":1853,"image":{"@id":"https:\/\/www.renouvelle.be\/fr\/la-robustesse-nouvelle-boussole\/#primaryimage"},"thumbnailUrl":"https:\/\/www.renouvelle.be\/wp-content\/uploads\/2023\/09\/Image6.png","articleSection":["Analyses"],"inLanguage":"fr-FR"},{"@type":"WebPage","@id":"https:\/\/www.renouvelle.be\/fr\/la-robustesse-nouvelle-boussole\/","url":"https:\/\/www.renouvelle.be\/fr\/la-robustesse-nouvelle-boussole\/","name":"La robustesse comme nouvelle boussole de nos soci\u00e9t\u00e9s\u00a0? \u00a0 - Renouvelle","isPartOf":{"@id":"https:\/\/www.renouvelle.be\/fr\/#website"},"primaryImageOfPage":{"@id":"https:\/\/www.renouvelle.be\/fr\/la-robustesse-nouvelle-boussole\/#primaryimage"},"image":{"@id":"https:\/\/www.renouvelle.be\/fr\/la-robustesse-nouvelle-boussole\/#primaryimage"},"thumbnailUrl":"https:\/\/www.renouvelle.be\/wp-content\/uploads\/2023\/09\/Image6.png","datePublished":"2023-09-21T13:27:36+00:00","dateModified":"2023-09-29T12:45:06+00:00","author":{"@id":"https:\/\/www.renouvelle.be\/fr\/#\/schema\/person\/9d3565ca9db7252f965f75c1f3561a53"},"breadcrumb":{"@id":"https:\/\/www.renouvelle.be\/fr\/la-robustesse-nouvelle-boussole\/#breadcrumb"},"inLanguage":"fr-FR","potentialAction":[{"@type":"ReadAction","target":["https:\/\/www.renouvelle.be\/fr\/la-robustesse-nouvelle-boussole\/"]}]},{"@type":"ImageObject","inLanguage":"fr-FR","@id":"https:\/\/www.renouvelle.be\/fr\/la-robustesse-nouvelle-boussole\/#primaryimage","url":"https:\/\/www.renouvelle.be\/wp-content\/uploads\/2023\/09\/Image6.png","contentUrl":"https:\/\/www.renouvelle.be\/wp-content\/uploads\/2023\/09\/Image6.png","width":765,"height":488},{"@type":"BreadcrumbList","@id":"https:\/\/www.renouvelle.be\/fr\/la-robustesse-nouvelle-boussole\/#breadcrumb","itemListElement":[{"@type":"ListItem","position":1,"name":"Accueil","item":"https:\/\/www.renouvelle.be\/fr\/"},{"@type":"ListItem","position":2,"name":"La robustesse comme nouvelle boussole de nos soci\u00e9t\u00e9s\u00a0? \u00a0"}]},{"@type":"WebSite","@id":"https:\/\/www.renouvelle.be\/fr\/#website","url":"https:\/\/www.renouvelle.be\/fr\/","name":"Renouvelle","description":"L&#039;actualit\u00e9 de l&#039;\u00e9nergie durable","potentialAction":[{"@type":"SearchAction","target":{"@type":"EntryPoint","urlTemplate":"https:\/\/www.renouvelle.be\/fr\/?s={search_term_string}"},"query-input":{"@type":"PropertyValueSpecification","valueRequired":true,"valueName":"search_term_string"}}],"inLanguage":"fr-FR"},{"@type":"Person","@id":"https:\/\/www.renouvelle.be\/fr\/#\/schema\/person\/9d3565ca9db7252f965f75c1f3561a53","name":"Fr\u00e9d\u00e9ric PRAILLET","url":"https:\/\/www.renouvelle.be\/fr\/author\/fredericpraillet\/"}]}},"_links":{"self":[{"href":"https:\/\/www.renouvelle.be\/fr\/wp-json\/wp\/v2\/posts\/10341","targetHints":{"allow":["GET"]}}],"collection":[{"href":"https:\/\/www.renouvelle.be\/fr\/wp-json\/wp\/v2\/posts"}],"about":[{"href":"https:\/\/www.renouvelle.be\/fr\/wp-json\/wp\/v2\/types\/post"}],"author":[{"embeddable":true,"href":"https:\/\/www.renouvelle.be\/fr\/wp-json\/wp\/v2\/users\/21"}],"replies":[{"embeddable":true,"href":"https:\/\/www.renouvelle.be\/fr\/wp-json\/wp\/v2\/comments?post=10341"}],"version-history":[{"count":7,"href":"https:\/\/www.renouvelle.be\/fr\/wp-json\/wp\/v2\/posts\/10341\/revisions"}],"predecessor-version":[{"id":10460,"href":"https:\/\/www.renouvelle.be\/fr\/wp-json\/wp\/v2\/posts\/10341\/revisions\/10460"}],"wp:featuredmedia":[{"embeddable":true,"href":"https:\/\/www.renouvelle.be\/fr\/wp-json\/wp\/v2\/media\/10348"}],"wp:attachment":[{"href":"https:\/\/www.renouvelle.be\/fr\/wp-json\/wp\/v2\/media?parent=10341"}],"wp:term":[{"taxonomy":"category","embeddable":true,"href":"https:\/\/www.renouvelle.be\/fr\/wp-json\/wp\/v2\/categories?post=10341"},{"taxonomy":"post_tag","embeddable":true,"href":"https:\/\/www.renouvelle.be\/fr\/wp-json\/wp\/v2\/tags?post=10341"},{"taxonomy":"section","embeddable":true,"href":"https:\/\/www.renouvelle.be\/fr\/wp-json\/wp\/v2\/section?post=10341"}],"curies":[{"name":"wp","href":"https:\/\/api.w.org\/{rel}","templated":true}]}}