{"id":10316,"date":"2023-09-29T15:37:15","date_gmt":"2023-09-29T13:37:15","guid":{"rendered":"https:\/\/www.renouvelle.be\/?p=10316"},"modified":"2023-11-07T14:24:18","modified_gmt":"2023-11-07T13:24:18","slug":"le-partage-delectricite-renouvelable-un-gain-financier-pour-le-consommateur-vraiment","status":"publish","type":"post","link":"https:\/\/www.renouvelle.be\/fr\/le-partage-delectricite-renouvelable-un-gain-financier-pour-le-consommateur-vraiment\/","title":{"rendered":"Partager son \u00e9lectricit\u00e9 renouvelable \u00e0 Bruxelles, un gain financier pour tous ?"},"content":{"rendered":"\n<h2 class=\"wp-block-heading\"><strong>Les atouts de l\u2019\u00e9lectricit\u00e9 renouvelable partag\u00e9e<\/strong><\/h2>\n\n\n\n<p>L\u2019\u00e9lectricit\u00e9 renouvelable (solaire, \u00e9olienne, \u2026) est aujourd\u2019hui l\u2019une des <strong>\u00e9nergies les moins ch\u00e8res \u00e0 produire<\/strong>. Or, de nombreux consommateurs ne peuvent pas profiter, pour des raisons de propri\u00e9t\u00e9 (locataires), des raisons techniques (trop d\u2019ombre) ou \u00e9conomiques (fonds propres insuffisants). Ces consommateurs sont donc enti\u00e8rement d\u00e9pendants de leur fournisseur dont le prix est fix\u00e9 par le march\u00e9, principalement influenc\u00e9 par la sp\u00e9culation et le co\u00fbt des \u00e9nergies fossiles.<\/p>\n\n\n\n<p>Le partage d\u2019\u00e9lectricit\u00e9 est donc un moyen pour le consommateur <strong>d\u2019acc\u00e9der \u00e0 une \u00e9nergie renouvelable<\/strong> et donc de b\u00e9n\u00e9ficier de son co\u00fbt r\u00e9duit pour une partie de sa consommation, et ce, ind\u00e9pendamment des futures hausses de prix de l\u2019\u00e9nergie.<\/p>\n\n\n\n<h2 class=\"wp-block-heading\"><strong>L\u2019\u00e9lectricit\u00e9 partag\u00e9e, \u00e0 quel prix&nbsp;?<\/strong><\/h2>\n\n\n\n<p>Avant de r\u00e9pondre \u00e0 cette question, rappelons les diff\u00e9rentes composantes du prix de l\u2019\u00e9nergie.<\/p>\n\n\n<div class=\"wp-block-image\">\n<figure class=\"alignleft size-full\"><img loading=\"lazy\" decoding=\"async\" width=\"179\" height=\"133\" src=\"https:\/\/www.renouvelle.be\/wp-content\/uploads\/2023\/09\/Image5.png\" alt=\"\" class=\"wp-image-10317\"\/><\/figure>\n<\/div>\n\n\n<p>Le prix de l\u2019\u00e9lectricit\u00e9 est la somme du prix de l\u2019\u00e9nergie en tant que telle, des frais obligatoires (taxes, surcharges et cotisations) et des frais de r\u00e9seaux (distribution et transport). Il est exprim\u00e9 en \u20ac par kWh [\u20ac\/kWh].<\/p>\n\n\n\n<p><\/p>\n\n\n\n<p>Si les frais obligatoires (cotisation, accise sp\u00e9ciale) restent identiques, le partage d\u2019\u00e9lectricit\u00e9 peut avoir un impact sur le co\u00fbt de l\u2019\u00e9nergie &#8211; diff\u00e9rent du co\u00fbt propos\u00e9 par le fournisseur et sur les tarifs r\u00e9seaux qui seront fonction de la R\u00e9gion et du p\u00e9rim\u00e8tre du partage.<\/p>\n\n\n\n<p><strong>L\u2018analyse qui suit concerne la R\u00e9gion de Bruxelles-Capitale.<\/strong><\/p>\n\n\n\n<h2 class=\"wp-block-heading\"><strong>Des frais r\u00e9seaux r\u00e9duits \u00e0 Bruxelles<\/strong><\/h2>\n\n\n\n<p>\u00c0 Bruxelles, lorsque le partage est organis\u00e9 entre plusieurs b\u00e2timents, la r\u00e9duction appliqu\u00e9e sur les frais r\u00e9seaux d\u00e9pendra du p\u00e9rim\u00e8tre du partage.<\/p>\n\n\n\n<p>Il existe 4 p\u00e9rim\u00e8tres de partage (tarif mentionn\u00e9 htva):<\/p>\n\n\n\n<ol class=\"wp-block-list\" type=\"A\">\n<li>Au sein d\u2019un m\u00eame b\u00e2timent&nbsp;: 1,94 c\u20ac\/kWh (\u00e9co&nbsp;: 35 \u20ac\/an pour 500 kWh partag\u00e9s)<\/li>\n\n\n\n<li>Au sein d\u2019une m\u00eame cabine basse tension (quelques rues)&nbsp;: &nbsp;5,31 c\u20ac\/kWh (\u00e9co&nbsp;: 18 \u20ac\/an pour 500 kWh partag\u00e9s)<\/li>\n\n\n\n<li>Au sein d\u2019une m\u00eame cabine moyenne et haute tension (un quartier)&nbsp;: 7,89c\u20ac\/kWh (\u00e9co&nbsp;: 5 \u20ac\/an pour 500 kWh partag\u00e9s)<\/li>\n\n\n\n<li>Au-del\u00e0 d\u2019une m\u00eame cabine haute tension&nbsp;: 8,99 c\u20ac\/kWh (aucune \u00e9conomie)<\/li>\n<\/ol>\n\n\n\n<h2 class=\"wp-block-heading\"><strong>Des frais suppl\u00e9mentaires li\u00e9s au partage d\u2019\u00e9lectricit\u00e9<\/strong><\/h2>\n\n\n\n<p>Il n\u2019y a cependant pas que des atouts. En effet, le traitement des donn\u00e9es issues des compteurs intelligents engendre davantage de co\u00fbt de gestion pour Sibelga (gestionnaire du r\u00e9seau bruxellois) qui facturera des frais fixes aux consommateurs du partage&nbsp;: une contribution annuelle de 10,15\u20ac HTVA\/an par consommateur, quel que soit le p\u00e9rim\u00e8tre du partage.<\/p>\n\n\n\n<p>Des frais de gestion du partage pourraient \u00e9ventuellement \u00eatre ajout\u00e9s, si le gestionnaire du partage fait le choix (surtout lorsque les consommateurs sont nombreux) de recourir \u00e0 une aide ext\u00e9rieure (par exemple un software <em>ad hoc<\/em>) pour faciliter certaines t\u00e2ches comme la facturation, l\u2019entr\u00e9e et sortie des participants, la gestion des contrats \u2026<\/p>\n\n\n\n<h2 class=\"wp-block-heading\"><strong>Au final, est-ce vraiment si int\u00e9ressant&nbsp;?<\/strong><\/h2>\n\n\n\n<p>\u00c0 Bruxelles, le partage d\u2019\u00e9lectricit\u00e9 g\u00e9n\u00e8re <strong>un gain \u00e9conomique pour tous, <\/strong>quelle que soit la configuration du partage&nbsp;: de pair \u00e0 pair, au sein d\u2019un m\u00eame b\u00e2timent ou au sein d\u2019une communaut\u00e9.<\/p>\n\n\n\n<p>Dans chaque situation, les frais de comptage et mesurage des participants consommateurs seront compens\u00e9s par les \u00e9conomies sur les factures communes et individuelles. <\/p>\n\n\n\n<p>Lire notre article <a href=\"https:\/\/www.renouvelle.be\/fr\/exemples-calculs-de-rentabilite-economique-dun-partage-delectricite-a-bruxelles\/\">EXEMPLES \u2013 calculs de rentabilit\u00e9 \u00e9conomique d&rsquo;un partage d&rsquo;\u00e9lectricit\u00e9 \u00e0 Bruxelles<\/a><\/p>\n\n\n\n<p>Pour les participants producteurs, leur investissement dans une installation photovolta\u00efque sera \u00e9galement rentabilis\u00e9 entre 5 \u00e0 9 ans selon le mod\u00e8le envisag\u00e9, qu\u2019il jouisse directement des \u00e9conomiques sur sa facture d\u2019\u00e9nergie ou non, il b\u00e9n\u00e9ficiera des certificats verts et de la vente d\u2019\u00e9lectricit\u00e9.<\/p>\n\n\n\n<p>Enfin, rappelons que le partage d\u2019\u00e9lectricit\u00e9 pr\u00e9sente \u00e9galement l\u2019avantage de la <strong>stabilit\u00e9 du prix de l\u2019\u00e9lectricit\u00e9 partag\u00e9e<\/strong>, dont la crise \u00e9nerg\u00e9tique a mis en \u00e9vidence toute la plus-value.&nbsp;<\/p>\n\n\n\n<p>La nature renouvelable de l\u2019\u00e9lectricit\u00e9 offre des co\u00fbts de production stables (le soleil ou le vent sont gratuits)&nbsp;: l\u2018\u00e9lectricit\u00e9 \u00e9tant produite et consomm\u00e9e localement sont prix n\u2019est pas soumis \u00e0 la volatilit\u00e9 des prix sur le march\u00e9.&nbsp;<\/p>\n\n\n\n<p><\/p>\n","protected":false},"excerpt":{"rendered":"<p>Les atouts de l\u2019\u00e9lectricit\u00e9 renouvelable partag\u00e9e L\u2019\u00e9lectricit\u00e9 renouvelable (solaire, \u00e9olienne, \u2026) est aujourd\u2019hui l\u2019une des \u00e9nergies les moins ch\u00e8res \u00e0 produire. Or, de nombreux consommateurs ne peuvent pas profiter, pour des raisons de propri\u00e9t\u00e9 (locataires), des raisons techniques (trop d\u2019ombre) ou \u00e9conomiques (fonds propres insuffisants). Ces consommateurs sont donc enti\u00e8rement d\u00e9pendants de leur fournisseur dont le prix est fix\u00e9 par le march\u00e9, principalement influenc\u00e9 par la sp\u00e9culation et le co\u00fbt des \u00e9nergies fossiles. Le partage d\u2019\u00e9lectricit\u00e9 est donc un moyen pour le consommateur d\u2019acc\u00e9der \u00e0 une \u00e9nergie renouvelable et donc de b\u00e9n\u00e9ficier de son co\u00fbt r\u00e9duit pour une partie de sa consommation, et ce, ind\u00e9pendamment des futures hausses de prix de l\u2019\u00e9nergie. L\u2019\u00e9lectricit\u00e9 partag\u00e9e, \u00e0 quel prix&nbsp;? Avant de r\u00e9pondre \u00e0 cette question, rappelons les diff\u00e9rentes composantes du prix de l\u2019\u00e9nergie. Le prix de l\u2019\u00e9lectricit\u00e9 est la somme du prix de l\u2019\u00e9nergie en tant que telle, des frais obligatoires (taxes, surcharges et cotisations) et des frais de r\u00e9seaux (distribution et transport). Il est exprim\u00e9 en \u20ac par kWh [\u20ac\/kWh]. Si les frais obligatoires (cotisation, accise sp\u00e9ciale) restent identiques, le partage d\u2019\u00e9lectricit\u00e9 peut avoir un impact sur le co\u00fbt de l\u2019\u00e9nergie &#8211; diff\u00e9rent du co\u00fbt propos\u00e9 par le fournisseur et sur les tarifs r\u00e9seaux qui seront fonction de la R\u00e9gion et du p\u00e9rim\u00e8tre du partage. L\u2018analyse qui suit concerne la R\u00e9gion de Bruxelles-Capitale. Des frais r\u00e9seaux r\u00e9duits \u00e0 Bruxelles \u00c0 Bruxelles, lorsque le partage est organis\u00e9 entre plusieurs b\u00e2timents, la r\u00e9duction appliqu\u00e9e sur les frais r\u00e9seaux d\u00e9pendra du p\u00e9rim\u00e8tre du partage. Il existe 4 p\u00e9rim\u00e8tres de partage (tarif mentionn\u00e9 htva): Des frais suppl\u00e9mentaires li\u00e9s au partage d\u2019\u00e9lectricit\u00e9 Il n\u2019y a cependant pas que des atouts. En effet, le traitement des donn\u00e9es issues des compteurs intelligents engendre davantage de co\u00fbt de gestion &hellip; <a href=\"https:\/\/www.renouvelle.be\/fr\/le-partage-delectricite-renouvelable-un-gain-financier-pour-le-consommateur-vraiment\/\" class=\"more-link\">Continue reading<span class=\"screen-reader-text\"> \u00ab\u00a0Partager son \u00e9lectricit\u00e9 renouvelable \u00e0 Bruxelles, un gain financier pour tous ?\u00a0\u00bb<\/span><\/a><\/p>\n","protected":false},"author":27,"featured_media":10389,"comment_status":"closed","ping_status":"closed","sticky":false,"template":"","format":"standard","meta":{"_acf_changed":false,"footnotes":""},"categories":[17],"tags":[],"section":[5,13],"class_list":["post-10316","post","type-post","status-publish","format-standard","has-post-thumbnail","hentry","category-actualite-en-belgique","section-communaute-denergie","section-solaire"],"acf":[],"yoast_head":"<!-- This site is optimized with the Yoast SEO plugin v27.5 - https:\/\/yoast.com\/product\/yoast-seo-wordpress\/ -->\n<title>Partager son \u00e9lectricit\u00e9 renouvelable \u00e0 Bruxelles, un gain financier pour tous ? - Renouvelle<\/title>\n<meta name=\"robots\" content=\"index, follow, max-snippet:-1, max-image-preview:large, max-video-preview:-1\" \/>\n<link rel=\"canonical\" href=\"https:\/\/www.renouvelle.be\/fr\/le-partage-delectricite-renouvelable-un-gain-financier-pour-le-consommateur-vraiment\/\" \/>\n<meta property=\"og:locale\" content=\"fr_FR\" \/>\n<meta property=\"og:type\" content=\"article\" \/>\n<meta property=\"og:title\" content=\"Partager son \u00e9lectricit\u00e9 renouvelable \u00e0 Bruxelles, un gain financier pour tous ? - Renouvelle\" \/>\n<meta property=\"og:description\" content=\"Les atouts de l\u2019\u00e9lectricit\u00e9 renouvelable partag\u00e9e L\u2019\u00e9lectricit\u00e9 renouvelable (solaire, \u00e9olienne, \u2026) est aujourd\u2019hui l\u2019une des \u00e9nergies les moins ch\u00e8res \u00e0 produire. Or, de nombreux consommateurs ne peuvent pas profiter, pour des raisons de propri\u00e9t\u00e9 (locataires), des raisons techniques (trop d\u2019ombre) ou \u00e9conomiques (fonds propres insuffisants). Ces consommateurs sont donc enti\u00e8rement d\u00e9pendants de leur fournisseur dont le prix est fix\u00e9 par le march\u00e9, principalement influenc\u00e9 par la sp\u00e9culation et le co\u00fbt des \u00e9nergies fossiles. Le partage d\u2019\u00e9lectricit\u00e9 est donc un moyen pour le consommateur d\u2019acc\u00e9der \u00e0 une \u00e9nergie renouvelable et donc de b\u00e9n\u00e9ficier de son co\u00fbt r\u00e9duit pour une partie de sa consommation, et ce, ind\u00e9pendamment des futures hausses de prix de l\u2019\u00e9nergie. L\u2019\u00e9lectricit\u00e9 partag\u00e9e, \u00e0 quel prix&nbsp;? Avant de r\u00e9pondre \u00e0 cette question, rappelons les diff\u00e9rentes composantes du prix de l\u2019\u00e9nergie. Le prix de l\u2019\u00e9lectricit\u00e9 est la somme du prix de l\u2019\u00e9nergie en tant que telle, des frais obligatoires (taxes, surcharges et cotisations) et des frais de r\u00e9seaux (distribution et transport). Il est exprim\u00e9 en \u20ac par kWh [\u20ac\/kWh]. Si les frais obligatoires (cotisation, accise sp\u00e9ciale) restent identiques, le partage d\u2019\u00e9lectricit\u00e9 peut avoir un impact sur le co\u00fbt de l\u2019\u00e9nergie &#8211; diff\u00e9rent du co\u00fbt propos\u00e9 par le fournisseur et sur les tarifs r\u00e9seaux qui seront fonction de la R\u00e9gion et du p\u00e9rim\u00e8tre du partage. L\u2018analyse qui suit concerne la R\u00e9gion de Bruxelles-Capitale. Des frais r\u00e9seaux r\u00e9duits \u00e0 Bruxelles \u00c0 Bruxelles, lorsque le partage est organis\u00e9 entre plusieurs b\u00e2timents, la r\u00e9duction appliqu\u00e9e sur les frais r\u00e9seaux d\u00e9pendra du p\u00e9rim\u00e8tre du partage. Il existe 4 p\u00e9rim\u00e8tres de partage (tarif mentionn\u00e9 htva): Des frais suppl\u00e9mentaires li\u00e9s au partage d\u2019\u00e9lectricit\u00e9 Il n\u2019y a cependant pas que des atouts. En effet, le traitement des donn\u00e9es issues des compteurs intelligents engendre davantage de co\u00fbt de gestion &hellip; Continue reading &quot;Partager son \u00e9lectricit\u00e9 renouvelable \u00e0 Bruxelles, un gain financier pour tous ?&quot;\" \/>\n<meta property=\"og:url\" content=\"https:\/\/www.renouvelle.be\/fr\/le-partage-delectricite-renouvelable-un-gain-financier-pour-le-consommateur-vraiment\/\" \/>\n<meta property=\"og:site_name\" content=\"Renouvelle\" \/>\n<meta property=\"article:published_time\" content=\"2023-09-29T13:37:15+00:00\" \/>\n<meta property=\"article:modified_time\" content=\"2023-11-07T13:24:18+00:00\" \/>\n<meta property=\"og:image\" content=\"https:\/\/www.renouvelle.be\/wp-content\/uploads\/2023\/09\/iStock-1362847684-Converti-1-scaled.jpg\" \/>\n\t<meta property=\"og:image:width\" content=\"2560\" \/>\n\t<meta property=\"og:image:height\" content=\"1707\" \/>\n\t<meta property=\"og:image:type\" content=\"image\/jpeg\" \/>\n<meta name=\"author\" content=\"Jean Frippiat\" \/>\n<meta name=\"twitter:card\" content=\"summary_large_image\" \/>\n<script type=\"application\/ld+json\" class=\"yoast-schema-graph\">{\"@context\":\"https:\\\/\\\/schema.org\",\"@graph\":[{\"@type\":\"Article\",\"@id\":\"https:\\\/\\\/www.renouvelle.be\\\/fr\\\/le-partage-delectricite-renouvelable-un-gain-financier-pour-le-consommateur-vraiment\\\/#article\",\"isPartOf\":{\"@id\":\"https:\\\/\\\/www.renouvelle.be\\\/fr\\\/le-partage-delectricite-renouvelable-un-gain-financier-pour-le-consommateur-vraiment\\\/\"},\"author\":{\"name\":\"Jean Frippiat\",\"@id\":\"https:\\\/\\\/www.renouvelle.be\\\/fr\\\/#\\\/schema\\\/person\\\/2b8afd89c9b7934d06ad7db3417abc38\"},\"headline\":\"Partager son \u00e9lectricit\u00e9 renouvelable \u00e0 Bruxelles, un gain financier pour tous ?\",\"datePublished\":\"2023-09-29T13:37:15+00:00\",\"dateModified\":\"2023-11-07T13:24:18+00:00\",\"mainEntityOfPage\":{\"@id\":\"https:\\\/\\\/www.renouvelle.be\\\/fr\\\/le-partage-delectricite-renouvelable-un-gain-financier-pour-le-consommateur-vraiment\\\/\"},\"wordCount\":725,\"image\":{\"@id\":\"https:\\\/\\\/www.renouvelle.be\\\/fr\\\/le-partage-delectricite-renouvelable-un-gain-financier-pour-le-consommateur-vraiment\\\/#primaryimage\"},\"thumbnailUrl\":\"https:\\\/\\\/www.renouvelle.be\\\/wp-content\\\/uploads\\\/2023\\\/09\\\/iStock-1362847684-Converti-1-scaled.jpg\",\"articleSection\":[\"Actualit\u00e9 en Belgique\"],\"inLanguage\":\"fr-FR\"},{\"@type\":\"WebPage\",\"@id\":\"https:\\\/\\\/www.renouvelle.be\\\/fr\\\/le-partage-delectricite-renouvelable-un-gain-financier-pour-le-consommateur-vraiment\\\/\",\"url\":\"https:\\\/\\\/www.renouvelle.be\\\/fr\\\/le-partage-delectricite-renouvelable-un-gain-financier-pour-le-consommateur-vraiment\\\/\",\"name\":\"Partager son \u00e9lectricit\u00e9 renouvelable \u00e0 Bruxelles, un gain financier pour tous ? - Renouvelle\",\"isPartOf\":{\"@id\":\"https:\\\/\\\/www.renouvelle.be\\\/fr\\\/#website\"},\"primaryImageOfPage\":{\"@id\":\"https:\\\/\\\/www.renouvelle.be\\\/fr\\\/le-partage-delectricite-renouvelable-un-gain-financier-pour-le-consommateur-vraiment\\\/#primaryimage\"},\"image\":{\"@id\":\"https:\\\/\\\/www.renouvelle.be\\\/fr\\\/le-partage-delectricite-renouvelable-un-gain-financier-pour-le-consommateur-vraiment\\\/#primaryimage\"},\"thumbnailUrl\":\"https:\\\/\\\/www.renouvelle.be\\\/wp-content\\\/uploads\\\/2023\\\/09\\\/iStock-1362847684-Converti-1-scaled.jpg\",\"datePublished\":\"2023-09-29T13:37:15+00:00\",\"dateModified\":\"2023-11-07T13:24:18+00:00\",\"author\":{\"@id\":\"https:\\\/\\\/www.renouvelle.be\\\/fr\\\/#\\\/schema\\\/person\\\/2b8afd89c9b7934d06ad7db3417abc38\"},\"breadcrumb\":{\"@id\":\"https:\\\/\\\/www.renouvelle.be\\\/fr\\\/le-partage-delectricite-renouvelable-un-gain-financier-pour-le-consommateur-vraiment\\\/#breadcrumb\"},\"inLanguage\":\"fr-FR\",\"potentialAction\":[{\"@type\":\"ReadAction\",\"target\":[\"https:\\\/\\\/www.renouvelle.be\\\/fr\\\/le-partage-delectricite-renouvelable-un-gain-financier-pour-le-consommateur-vraiment\\\/\"]}]},{\"@type\":\"ImageObject\",\"inLanguage\":\"fr-FR\",\"@id\":\"https:\\\/\\\/www.renouvelle.be\\\/fr\\\/le-partage-delectricite-renouvelable-un-gain-financier-pour-le-consommateur-vraiment\\\/#primaryimage\",\"url\":\"https:\\\/\\\/www.renouvelle.be\\\/wp-content\\\/uploads\\\/2023\\\/09\\\/iStock-1362847684-Converti-1-scaled.jpg\",\"contentUrl\":\"https:\\\/\\\/www.renouvelle.be\\\/wp-content\\\/uploads\\\/2023\\\/09\\\/iStock-1362847684-Converti-1-scaled.jpg\",\"width\":2560,\"height\":1707},{\"@type\":\"BreadcrumbList\",\"@id\":\"https:\\\/\\\/www.renouvelle.be\\\/fr\\\/le-partage-delectricite-renouvelable-un-gain-financier-pour-le-consommateur-vraiment\\\/#breadcrumb\",\"itemListElement\":[{\"@type\":\"ListItem\",\"position\":1,\"name\":\"Accueil\",\"item\":\"https:\\\/\\\/www.renouvelle.be\\\/fr\\\/\"},{\"@type\":\"ListItem\",\"position\":2,\"name\":\"Partager son \u00e9lectricit\u00e9 renouvelable \u00e0 Bruxelles, un gain financier pour tous ?\"}]},{\"@type\":\"WebSite\",\"@id\":\"https:\\\/\\\/www.renouvelle.be\\\/fr\\\/#website\",\"url\":\"https:\\\/\\\/www.renouvelle.be\\\/fr\\\/\",\"name\":\"Renouvelle\",\"description\":\"L&#039;actualit\u00e9 de l&#039;\u00e9nergie durable\",\"potentialAction\":[{\"@type\":\"SearchAction\",\"target\":{\"@type\":\"EntryPoint\",\"urlTemplate\":\"https:\\\/\\\/www.renouvelle.be\\\/fr\\\/?s={search_term_string}\"},\"query-input\":{\"@type\":\"PropertyValueSpecification\",\"valueRequired\":true,\"valueName\":\"search_term_string\"}}],\"inLanguage\":\"fr-FR\"},{\"@type\":\"Person\",\"@id\":\"https:\\\/\\\/www.renouvelle.be\\\/fr\\\/#\\\/schema\\\/person\\\/2b8afd89c9b7934d06ad7db3417abc38\",\"name\":\"Jean Frippiat\",\"url\":\"https:\\\/\\\/www.renouvelle.be\\\/fr\\\/author\\\/jeanfrippiat\\\/\"}]}<\/script>\n<!-- \/ Yoast SEO plugin. -->","yoast_head_json":{"title":"Partager son \u00e9lectricit\u00e9 renouvelable \u00e0 Bruxelles, un gain financier pour tous ? - Renouvelle","robots":{"index":"index","follow":"follow","max-snippet":"max-snippet:-1","max-image-preview":"max-image-preview:large","max-video-preview":"max-video-preview:-1"},"canonical":"https:\/\/www.renouvelle.be\/fr\/le-partage-delectricite-renouvelable-un-gain-financier-pour-le-consommateur-vraiment\/","og_locale":"fr_FR","og_type":"article","og_title":"Partager son \u00e9lectricit\u00e9 renouvelable \u00e0 Bruxelles, un gain financier pour tous ? - Renouvelle","og_description":"Les atouts de l\u2019\u00e9lectricit\u00e9 renouvelable partag\u00e9e L\u2019\u00e9lectricit\u00e9 renouvelable (solaire, \u00e9olienne, \u2026) est aujourd\u2019hui l\u2019une des \u00e9nergies les moins ch\u00e8res \u00e0 produire. Or, de nombreux consommateurs ne peuvent pas profiter, pour des raisons de propri\u00e9t\u00e9 (locataires), des raisons techniques (trop d\u2019ombre) ou \u00e9conomiques (fonds propres insuffisants). Ces consommateurs sont donc enti\u00e8rement d\u00e9pendants de leur fournisseur dont le prix est fix\u00e9 par le march\u00e9, principalement influenc\u00e9 par la sp\u00e9culation et le co\u00fbt des \u00e9nergies fossiles. Le partage d\u2019\u00e9lectricit\u00e9 est donc un moyen pour le consommateur d\u2019acc\u00e9der \u00e0 une \u00e9nergie renouvelable et donc de b\u00e9n\u00e9ficier de son co\u00fbt r\u00e9duit pour une partie de sa consommation, et ce, ind\u00e9pendamment des futures hausses de prix de l\u2019\u00e9nergie. L\u2019\u00e9lectricit\u00e9 partag\u00e9e, \u00e0 quel prix&nbsp;? Avant de r\u00e9pondre \u00e0 cette question, rappelons les diff\u00e9rentes composantes du prix de l\u2019\u00e9nergie. Le prix de l\u2019\u00e9lectricit\u00e9 est la somme du prix de l\u2019\u00e9nergie en tant que telle, des frais obligatoires (taxes, surcharges et cotisations) et des frais de r\u00e9seaux (distribution et transport). Il est exprim\u00e9 en \u20ac par kWh [\u20ac\/kWh]. Si les frais obligatoires (cotisation, accise sp\u00e9ciale) restent identiques, le partage d\u2019\u00e9lectricit\u00e9 peut avoir un impact sur le co\u00fbt de l\u2019\u00e9nergie &#8211; diff\u00e9rent du co\u00fbt propos\u00e9 par le fournisseur et sur les tarifs r\u00e9seaux qui seront fonction de la R\u00e9gion et du p\u00e9rim\u00e8tre du partage. L\u2018analyse qui suit concerne la R\u00e9gion de Bruxelles-Capitale. Des frais r\u00e9seaux r\u00e9duits \u00e0 Bruxelles \u00c0 Bruxelles, lorsque le partage est organis\u00e9 entre plusieurs b\u00e2timents, la r\u00e9duction appliqu\u00e9e sur les frais r\u00e9seaux d\u00e9pendra du p\u00e9rim\u00e8tre du partage. Il existe 4 p\u00e9rim\u00e8tres de partage (tarif mentionn\u00e9 htva): Des frais suppl\u00e9mentaires li\u00e9s au partage d\u2019\u00e9lectricit\u00e9 Il n\u2019y a cependant pas que des atouts. En effet, le traitement des donn\u00e9es issues des compteurs intelligents engendre davantage de co\u00fbt de gestion &hellip; Continue reading \"Partager son \u00e9lectricit\u00e9 renouvelable \u00e0 Bruxelles, un gain financier pour tous ?\"","og_url":"https:\/\/www.renouvelle.be\/fr\/le-partage-delectricite-renouvelable-un-gain-financier-pour-le-consommateur-vraiment\/","og_site_name":"Renouvelle","article_published_time":"2023-09-29T13:37:15+00:00","article_modified_time":"2023-11-07T13:24:18+00:00","og_image":[{"width":2560,"height":1707,"url":"https:\/\/www.renouvelle.be\/wp-content\/uploads\/2023\/09\/iStock-1362847684-Converti-1-scaled.jpg","type":"image\/jpeg"}],"author":"Jean Frippiat","twitter_card":"summary_large_image","schema":{"@context":"https:\/\/schema.org","@graph":[{"@type":"Article","@id":"https:\/\/www.renouvelle.be\/fr\/le-partage-delectricite-renouvelable-un-gain-financier-pour-le-consommateur-vraiment\/#article","isPartOf":{"@id":"https:\/\/www.renouvelle.be\/fr\/le-partage-delectricite-renouvelable-un-gain-financier-pour-le-consommateur-vraiment\/"},"author":{"name":"Jean Frippiat","@id":"https:\/\/www.renouvelle.be\/fr\/#\/schema\/person\/2b8afd89c9b7934d06ad7db3417abc38"},"headline":"Partager son \u00e9lectricit\u00e9 renouvelable \u00e0 Bruxelles, un gain financier pour tous ?","datePublished":"2023-09-29T13:37:15+00:00","dateModified":"2023-11-07T13:24:18+00:00","mainEntityOfPage":{"@id":"https:\/\/www.renouvelle.be\/fr\/le-partage-delectricite-renouvelable-un-gain-financier-pour-le-consommateur-vraiment\/"},"wordCount":725,"image":{"@id":"https:\/\/www.renouvelle.be\/fr\/le-partage-delectricite-renouvelable-un-gain-financier-pour-le-consommateur-vraiment\/#primaryimage"},"thumbnailUrl":"https:\/\/www.renouvelle.be\/wp-content\/uploads\/2023\/09\/iStock-1362847684-Converti-1-scaled.jpg","articleSection":["Actualit\u00e9 en Belgique"],"inLanguage":"fr-FR"},{"@type":"WebPage","@id":"https:\/\/www.renouvelle.be\/fr\/le-partage-delectricite-renouvelable-un-gain-financier-pour-le-consommateur-vraiment\/","url":"https:\/\/www.renouvelle.be\/fr\/le-partage-delectricite-renouvelable-un-gain-financier-pour-le-consommateur-vraiment\/","name":"Partager son \u00e9lectricit\u00e9 renouvelable \u00e0 Bruxelles, un gain financier pour tous ? - Renouvelle","isPartOf":{"@id":"https:\/\/www.renouvelle.be\/fr\/#website"},"primaryImageOfPage":{"@id":"https:\/\/www.renouvelle.be\/fr\/le-partage-delectricite-renouvelable-un-gain-financier-pour-le-consommateur-vraiment\/#primaryimage"},"image":{"@id":"https:\/\/www.renouvelle.be\/fr\/le-partage-delectricite-renouvelable-un-gain-financier-pour-le-consommateur-vraiment\/#primaryimage"},"thumbnailUrl":"https:\/\/www.renouvelle.be\/wp-content\/uploads\/2023\/09\/iStock-1362847684-Converti-1-scaled.jpg","datePublished":"2023-09-29T13:37:15+00:00","dateModified":"2023-11-07T13:24:18+00:00","author":{"@id":"https:\/\/www.renouvelle.be\/fr\/#\/schema\/person\/2b8afd89c9b7934d06ad7db3417abc38"},"breadcrumb":{"@id":"https:\/\/www.renouvelle.be\/fr\/le-partage-delectricite-renouvelable-un-gain-financier-pour-le-consommateur-vraiment\/#breadcrumb"},"inLanguage":"fr-FR","potentialAction":[{"@type":"ReadAction","target":["https:\/\/www.renouvelle.be\/fr\/le-partage-delectricite-renouvelable-un-gain-financier-pour-le-consommateur-vraiment\/"]}]},{"@type":"ImageObject","inLanguage":"fr-FR","@id":"https:\/\/www.renouvelle.be\/fr\/le-partage-delectricite-renouvelable-un-gain-financier-pour-le-consommateur-vraiment\/#primaryimage","url":"https:\/\/www.renouvelle.be\/wp-content\/uploads\/2023\/09\/iStock-1362847684-Converti-1-scaled.jpg","contentUrl":"https:\/\/www.renouvelle.be\/wp-content\/uploads\/2023\/09\/iStock-1362847684-Converti-1-scaled.jpg","width":2560,"height":1707},{"@type":"BreadcrumbList","@id":"https:\/\/www.renouvelle.be\/fr\/le-partage-delectricite-renouvelable-un-gain-financier-pour-le-consommateur-vraiment\/#breadcrumb","itemListElement":[{"@type":"ListItem","position":1,"name":"Accueil","item":"https:\/\/www.renouvelle.be\/fr\/"},{"@type":"ListItem","position":2,"name":"Partager son \u00e9lectricit\u00e9 renouvelable \u00e0 Bruxelles, un gain financier pour tous ?"}]},{"@type":"WebSite","@id":"https:\/\/www.renouvelle.be\/fr\/#website","url":"https:\/\/www.renouvelle.be\/fr\/","name":"Renouvelle","description":"L&#039;actualit\u00e9 de l&#039;\u00e9nergie durable","potentialAction":[{"@type":"SearchAction","target":{"@type":"EntryPoint","urlTemplate":"https:\/\/www.renouvelle.be\/fr\/?s={search_term_string}"},"query-input":{"@type":"PropertyValueSpecification","valueRequired":true,"valueName":"search_term_string"}}],"inLanguage":"fr-FR"},{"@type":"Person","@id":"https:\/\/www.renouvelle.be\/fr\/#\/schema\/person\/2b8afd89c9b7934d06ad7db3417abc38","name":"Jean Frippiat","url":"https:\/\/www.renouvelle.be\/fr\/author\/jeanfrippiat\/"}]}},"_links":{"self":[{"href":"https:\/\/www.renouvelle.be\/fr\/wp-json\/wp\/v2\/posts\/10316","targetHints":{"allow":["GET"]}}],"collection":[{"href":"https:\/\/www.renouvelle.be\/fr\/wp-json\/wp\/v2\/posts"}],"about":[{"href":"https:\/\/www.renouvelle.be\/fr\/wp-json\/wp\/v2\/types\/post"}],"author":[{"embeddable":true,"href":"https:\/\/www.renouvelle.be\/fr\/wp-json\/wp\/v2\/users\/27"}],"replies":[{"embeddable":true,"href":"https:\/\/www.renouvelle.be\/fr\/wp-json\/wp\/v2\/comments?post=10316"}],"version-history":[{"count":9,"href":"https:\/\/www.renouvelle.be\/fr\/wp-json\/wp\/v2\/posts\/10316\/revisions"}],"predecessor-version":[{"id":10846,"href":"https:\/\/www.renouvelle.be\/fr\/wp-json\/wp\/v2\/posts\/10316\/revisions\/10846"}],"wp:featuredmedia":[{"embeddable":true,"href":"https:\/\/www.renouvelle.be\/fr\/wp-json\/wp\/v2\/media\/10389"}],"wp:attachment":[{"href":"https:\/\/www.renouvelle.be\/fr\/wp-json\/wp\/v2\/media?parent=10316"}],"wp:term":[{"taxonomy":"category","embeddable":true,"href":"https:\/\/www.renouvelle.be\/fr\/wp-json\/wp\/v2\/categories?post=10316"},{"taxonomy":"post_tag","embeddable":true,"href":"https:\/\/www.renouvelle.be\/fr\/wp-json\/wp\/v2\/tags?post=10316"},{"taxonomy":"section","embeddable":true,"href":"https:\/\/www.renouvelle.be\/fr\/wp-json\/wp\/v2\/section?post=10316"}],"curies":[{"name":"wp","href":"https:\/\/api.w.org\/{rel}","templated":true}]}}